{"id":155931,"date":"2020-08-18T23:59:09","date_gmt":"2020-08-18T21:59:09","guid":{"rendered":"https:\/\/www.radiopiu.net\/wordpress\/?p=155931"},"modified":"2020-08-19T05:50:01","modified_gmt":"2020-08-19T03:50:01","slug":"festa-per-mille-anni-tra-due-chiese-di-renato-bona","status":"publish","type":"post","link":"https:\/\/www.radiopiu.net\/wordpress\/festa-per-mille-anni-tra-due-chiese-di-renato-bona\/","title":{"rendered":"FESTA PER MILLE ANNI TRA DUE CHIESE di RENATO BONA"},"content":{"rendered":"<div class=\"_3_bl\">\n<div class=\"_5w1r _3_om _5wdf\">\n<div class=\"_4gx_\">\n<div class=\"_1aa6\">\n<div class=\"\"><span class=\"_5yl5\"><strong>BELLUNO\u00a0<\/strong> A Cortina lasciano il 30 i frati francescani che hanno operato dal 1941 nel Santuario Madonna della Difesa Sotto il titolo \u201cMille anni tra due chiese\u201d, il sito della diocesi di Belluno-Feltre richiama le due solenni cerimonie \u201cdi particolare rilevanza per la comunit\u00e0 cristiana e civile\u201d per il cinquecentesimo anniversario della parrocchiale di Aune e della chiesa di San Rocco, nella frazione Servo, sempre a Sovramonte, in occasione delle ricorrenze liturgiche di San Lorenzo e di San Rocco. Storicamente, si ricorda, i due edifici sacri furono consacrati ad un giorno di distanza, da Michele Jorba, vescovo di Arcusa e suffraganeo del cardinale Lorenzo Campeggi, vescovo di Feltre, rispettivamente il 10 e l\u201911 luglio 1520. Nella parrocchiale di Aune, intitolata ai santi Pietro e Lorenzo si \u00e8 tenuta luned\u00ec 10 agosto la solenne concelebrazione presieduta dal vescovo monsignor Renato Marangoni, presenti i sacerdoti della zona e quanti in passato hanno prestato il loro ministero di parroci. Una sottolineatura: \u201cNonostante negli ultimi decenni si sia sempre pi\u00f9 ridotta, la comunit\u00e0 ha saputo rispondere dignitosamente all\u2019impegno richiesto in questa occasione, preparando a festa la chiesa e il sagrato\u201d. Domenica 16, ricorrenza di San Rocco, le comunit\u00e0 di Servo, Sorriva e Zorzoi si sono a loro volta ritrovate sul sagrato della chiesa che \u201cstoricamente \u00e8 sempre stata punto di riferimento in comune per le rispettive parrocchie\u201d. Conclusa la celebrazione eucaristica. Il prof. Gianmario Dal Molin ha illustrato la storia del sacello che risale al XVI secolo. Leggiamo dal sito chiesabellunofeltre: \u201cAl fine di essere preservata dalla peste, che allora dilagava nel mondo, la popolazione eresse questo tempio come voto; ci\u00f2 effettivamente si verific\u00f2 e la comunit\u00e0 rimase legata all\u2019impegno della celebrazione di una santa messa votiva in questa chiesa ogni primo venerd\u00ec del mese. Con il tempo questa pratica \u00e8 venuta meno, ma la chiesa rimane luogo significativo di incontro per le tre comunit\u00e0 ancor oggi, come ne \u00e8 stata prova questa celebrazione unitaria. Mai come quest\u2019anno, poi, la devozione a san Rocco assume una luce tutta particolare: mentre la pandemia che si \u00e8 scatenata in questi mesi non si pu\u00f2 ancora dire risolta, guardare a questo Santo \u00e8 segno di speranza e affidamento a Dio\u201d. Ultima annotazione: per entrambe le occasioni sono state preparate litografie di Fabio Vettori \u201cperch\u00e9 potessero rimanere ai parrocchiani come ricordo di questa festa. E\u2019 stata inoltre affissa una targa in entrambe le chiese a perenne memoria della ricorrenza celebrata quest\u2019anno\u201d. Rimaniamo sul sito della Diocesi Belluno-Feltre perch\u00e9 vi \u00e8 riportato l\u2019annuncio che \u201cI frati minori lasciano Cortina\u201d, concludendo (col prossimo 30 agosto \u2013 ndr.) una presenza francescana iniziata nel 1941\u201d. Una comunicazione in tal senso \u00e8 pervenuta al vescovo Renato Marangoni dal Ministro provinciale della Provincia di Santa Maria degli Angeli dell\u2019Ordine dei frati minori, con sede a Cracovia in Polonia, secondo la quale il Congresso postcapitolare del luglio scorso aveva confermato le decisioni del Capitolo provinciale circa la chiusura a causa della mancanza di personale dei Frati. Il Provinciale ha ringraziato il Vescovo per la fiducia goduta in questi anni, ed il parroco don Ivano Brambilla per la gentilezza mostrata. Nel sito viene precisato che \u201cOra la parrocchia, insieme alla diocesi, garantir\u00e0 l\u2019apertura del santuario della Madonna della Difesa per favorire questo luogo di culto cos\u00ec caro a tutta la popolazione locale e di quanti tra i villeggianti amano frequentarlo\u201d. Resta da dire che il quotidiano bellunese Il Corriere delle Alpi ha annunciato che il parroco di Cortina ha riunito il consiglio pastorale per decidere con il presule come garantire le iniziative pastorali al santuario che ospitava tra l\u2019altro le confessioni, la recita quotidiana del rosario e le messe domenicali. Don Brambilla ha quindi ricordato che il \u201cprimo intervento miracoloso della Madonna fu quello del 572, periodo dell\u2019invasione longobarda: la Vergine, armata di spada, confuse gli assalitori avvolgendoli in una densa nube al punto che si uccisero fra loro e gli ampezzani furono risparmiati\u201d. <\/span><\/div>\n<div>\n\n\t\t\t<style type='text\/css'>\n\t\t\t\t#gallery-1 {\n\t\t\t\t\tmargin: auto;\n\t\t\t\t}\n\t\t\t\t#gallery-1 .gallery-item {\n\t\t\t\t\tfloat: left;\n\t\t\t\t\tmargin-top: 10px;\n\t\t\t\t\ttext-align: center;\n\t\t\t\t\twidth: 20%;\n\t\t\t\t}\n\t\t\t\t#gallery-1 img {\n\t\t\t\t\tborder: 2px solid #cfcfcf;\n\t\t\t\t}\n\t\t\t\t#gallery-1 .gallery-caption {\n\t\t\t\t\tmargin-left: 0;\n\t\t\t\t}\n\t\t\t\t\/* see gallery_shortcode() in wp-includes\/media.php *\/\n\t\t\t<\/style>\n\t\t<div id='gallery-1' class='dt-gallery-container gallery galleryid-155931 gallery-columns-5 gallery-size-thumbnail'><dl class='gallery-item'>\n\t\t\t\t<dt class='gallery-icon landscape'>\n\t\t\t\t\t<a class=\"rollover rollover-zoom dt-pswp-item\" title=\"117964367_622056948716518_7169072961066616528_n\" data-dt-img-description=\"\" data-large_image_width=\"150\" data-large_image_height=\"150\"href='https:\/\/www.radiopiu.net\/wordpress\/wp-content\/uploads\/2020\/08\/117964367_622056948716518_7169072961066616528_n.jpg'><img loading=\"lazy\" decoding=\"async\" width=\"150\" height=\"150\" src=\"https:\/\/www.radiopiu.net\/wordpress\/wp-content\/uploads\/2020\/08\/117964367_622056948716518_7169072961066616528_n-150x150.jpg\" class=\"attachment-thumbnail size-thumbnail\" alt=\"\" \/><\/a>\n\t\t\t\t<\/dt><\/dl><dl class='gallery-item'>\n\t\t\t\t<dt class='gallery-icon landscape'>\n\t\t\t\t\t<a class=\"rollover rollover-zoom dt-pswp-item\" title=\"117983489_325074261948528_1194083243909199378_n\" data-dt-img-description=\"\" data-large_image_width=\"150\" data-large_image_height=\"150\"href='https:\/\/www.radiopiu.net\/wordpress\/wp-content\/uploads\/2020\/08\/117983489_325074261948528_1194083243909199378_n.jpg'><img loading=\"lazy\" decoding=\"async\" width=\"150\" height=\"150\" src=\"https:\/\/www.radiopiu.net\/wordpress\/wp-content\/uploads\/2020\/08\/117983489_325074261948528_1194083243909199378_n-150x150.jpg\" class=\"attachment-thumbnail size-thumbnail\" alt=\"\" \/><\/a>\n\t\t\t\t<\/dt><\/dl><dl class='gallery-item'>\n\t\t\t\t<dt class='gallery-icon landscape'>\n\t\t\t\t\t<a class=\"rollover rollover-zoom dt-pswp-item\" title=\"117951099_352122455787935_8752595547790081948_n\" data-dt-img-description=\"\" data-large_image_width=\"150\" data-large_image_height=\"150\"href='https:\/\/www.radiopiu.net\/wordpress\/wp-content\/uploads\/2020\/08\/117951099_352122455787935_8752595547790081948_n.jpg'><img loading=\"lazy\" decoding=\"async\" width=\"150\" height=\"150\" src=\"https:\/\/www.radiopiu.net\/wordpress\/wp-content\/uploads\/2020\/08\/117951099_352122455787935_8752595547790081948_n-150x150.jpg\" class=\"attachment-thumbnail size-thumbnail\" alt=\"\" \/><\/a>\n\t\t\t\t<\/dt><\/dl><dl class='gallery-item'>\n\t\t\t\t<dt class='gallery-icon portrait'>\n\t\t\t\t\t<a class=\"rollover rollover-zoom dt-pswp-item\" title=\"118208715_585024352173700_975803130894080794_n\" data-dt-img-description=\"\" data-large_image_width=\"429\" data-large_image_height=\"446\"href='https:\/\/www.radiopiu.net\/wordpress\/wp-content\/uploads\/2020\/08\/118208715_585024352173700_975803130894080794_n.png'><img loading=\"lazy\" decoding=\"async\" width=\"150\" height=\"150\" src=\"https:\/\/www.radiopiu.net\/wordpress\/wp-content\/uploads\/2020\/08\/118208715_585024352173700_975803130894080794_n-150x150.png\" class=\"attachment-thumbnail size-thumbnail\" alt=\"\" \/><\/a>\n\t\t\t\t<\/dt><\/dl><dl class='gallery-item'>\n\t\t\t\t<dt class='gallery-icon landscape'>\n\t\t\t\t\t<a class=\"rollover rollover-zoom dt-pswp-item\" title=\"117888906_2759077271006699_2745855329527131954_n\" data-dt-img-description=\"\" data-large_image_width=\"768\" data-large_image_height=\"444\"href='https:\/\/www.radiopiu.net\/wordpress\/wp-content\/uploads\/2020\/08\/117888906_2759077271006699_2745855329527131954_n.jpg'><img loading=\"lazy\" decoding=\"async\" width=\"150\" height=\"150\" src=\"https:\/\/www.radiopiu.net\/wordpress\/wp-content\/uploads\/2020\/08\/117888906_2759077271006699_2745855329527131954_n-150x150.jpg\" class=\"attachment-thumbnail size-thumbnail\" alt=\"\" \/><\/a>\n\t\t\t\t<\/dt><\/dl><br style=\"clear: both\" \/><dl class='gallery-item'>\n\t\t\t\t<dt class='gallery-icon portrait'>\n\t\t\t\t\t<a class=\"rollover rollover-zoom dt-pswp-item\" title=\"117978472_1269269123422249_3354303531530386597_n\" data-dt-img-description=\"\" data-large_image_width=\"400\" data-large_image_height=\"475\"href='https:\/\/www.radiopiu.net\/wordpress\/wp-content\/uploads\/2020\/08\/117978472_1269269123422249_3354303531530386597_n.jpg'><img loading=\"lazy\" decoding=\"async\" width=\"150\" height=\"150\" src=\"https:\/\/www.radiopiu.net\/wordpress\/wp-content\/uploads\/2020\/08\/117978472_1269269123422249_3354303531530386597_n-150x150.jpg\" class=\"attachment-thumbnail size-thumbnail\" alt=\"\" \/><\/a>\n\t\t\t\t<\/dt><\/dl><dl class='gallery-item'>\n\t\t\t\t<dt class='gallery-icon portrait'>\n\t\t\t\t\t<a class=\"rollover rollover-zoom dt-pswp-item\" title=\"118156374_3204537012998524_699934935295689014_n\" data-dt-img-description=\"\" data-large_image_width=\"1200\" data-large_image_height=\"1502\"href='https:\/\/www.radiopiu.net\/wordpress\/wp-content\/uploads\/2020\/08\/118156374_3204537012998524_699934935295689014_n.jpg'><img loading=\"lazy\" decoding=\"async\" width=\"150\" height=\"150\" src=\"https:\/\/www.radiopiu.net\/wordpress\/wp-content\/uploads\/2020\/08\/118156374_3204537012998524_699934935295689014_n-150x150.jpg\" class=\"attachment-thumbnail size-thumbnail\" alt=\"\" \/><\/a>\n\t\t\t\t<\/dt><\/dl><dl class='gallery-item'>\n\t\t\t\t<dt class='gallery-icon landscape'>\n\t\t\t\t\t<a class=\"rollover rollover-zoom dt-pswp-item\" title=\"118004007_470536600496194_5107170057411480347_n\" data-dt-img-description=\"\" data-large_image_width=\"150\" data-large_image_height=\"150\"href='https:\/\/www.radiopiu.net\/wordpress\/wp-content\/uploads\/2020\/08\/118004007_470536600496194_5107170057411480347_n.jpg'><img loading=\"lazy\" decoding=\"async\" width=\"150\" height=\"150\" src=\"https:\/\/www.radiopiu.net\/wordpress\/wp-content\/uploads\/2020\/08\/118004007_470536600496194_5107170057411480347_n-150x150.jpg\" class=\"attachment-thumbnail size-thumbnail\" alt=\"\" \/><\/a>\n\t\t\t\t<\/dt><\/dl><dl class='gallery-item'>\n\t\t\t\t<dt class='gallery-icon landscape'>\n\t\t\t\t\t<a class=\"rollover rollover-zoom dt-pswp-item\" title=\"117947168_341873500539699_3816889879145868967_n\" data-dt-img-description=\"\" data-large_image_width=\"209\" data-large_image_height=\"166\"href='https:\/\/www.radiopiu.net\/wordpress\/wp-content\/uploads\/2020\/08\/117947168_341873500539699_3816889879145868967_n.jpg'><img loading=\"lazy\" decoding=\"async\" width=\"150\" height=\"150\" src=\"https:\/\/www.radiopiu.net\/wordpress\/wp-content\/uploads\/2020\/08\/117947168_341873500539699_3816889879145868967_n-150x150.jpg\" class=\"attachment-thumbnail size-thumbnail\" alt=\"\" \/><\/a>\n\t\t\t\t<\/dt><\/dl><dl class='gallery-item'>\n\t\t\t\t<dt class='gallery-icon landscape'>\n\t\t\t\t\t<a class=\"rollover rollover-zoom dt-pswp-item\" title=\"118010821_3075575535898450_7993306875154181621_n\" data-dt-img-description=\"\" data-large_image_width=\"795\" data-large_image_height=\"627\"href='https:\/\/www.radiopiu.net\/wordpress\/wp-content\/uploads\/2020\/08\/118010821_3075575535898450_7993306875154181621_n.png'><img loading=\"lazy\" decoding=\"async\" width=\"150\" height=\"150\" src=\"https:\/\/www.radiopiu.net\/wordpress\/wp-content\/uploads\/2020\/08\/118010821_3075575535898450_7993306875154181621_n-150x150.png\" class=\"attachment-thumbnail size-thumbnail\" alt=\"\" \/><\/a>\n\t\t\t\t<\/dt><\/dl><br style=\"clear: both\" \/>\n\t\t\t<\/div>\n\n<\/div>\n<div><\/div>\n<div class=\"\"><span class=\"_5yl5\">NELLE FOTO (Wikipedia, sito chiesabellunofeltre, Corriere delle Alpi): momenti della cerimonia di Aune presieduta dal vescovo di Belluno-Feltre; mons. Renato Marangoni; la chiesa dei santi Pietro e Lorenzo; quella di San Rocco; l\u2019artista Fabio Vettori; il santuario della Madonna della Difesa di Cortina; il parroco don Ivano Brambilla.<\/span><\/div>\n<\/div>\n<\/div>\n<\/div>\n<\/div>\n","protected":false},"excerpt":{"rendered":"<p>BELLUNO\u00a0 A Cortina lasciano il 30 i frati francescani che hanno operato dal 1941 nel Santuario Madonna della Difesa Sotto il titolo \u201cMille anni tra due chiese\u201d, il sito della diocesi di Belluno-Feltre richiama le due solenni cerimonie \u201cdi particolare rilevanza per la comunit\u00e0 cristiana e civile\u201d per il cinquecentesimo anniversario della parrocchiale di Aune&hellip;<\/p>\n","protected":false},"author":1,"featured_media":155941,"comment_status":"closed","ping_status":"closed","sticky":false,"template":"","format":"standard","meta":{"_monsterinsights_skip_tracking":false,"_monsterinsights_sitenote_active":false,"_monsterinsights_sitenote_note":"","_monsterinsights_sitenote_category":0,"footnotes":""},"categories":[49],"tags":[],"class_list":["post-155931","post","type-post","status-publish","format-standard","has-post-thumbnail","hentry","category-news-18","category-49","description-off"],"img_url":"https:\/\/www.radiopiu.net\/wordpress\/wp-content\/uploads\/2020\/08\/118010821_3075575535898450_7993306875154181621_n.png","_links":{"self":[{"href":"https:\/\/www.radiopiu.net\/wordpress\/wp-json\/wp\/v2\/posts\/155931","targetHints":{"allow":["GET"]}}],"collection":[{"href":"https:\/\/www.radiopiu.net\/wordpress\/wp-json\/wp\/v2\/posts"}],"about":[{"href":"https:\/\/www.radiopiu.net\/wordpress\/wp-json\/wp\/v2\/types\/post"}],"author":[{"embeddable":true,"href":"https:\/\/www.radiopiu.net\/wordpress\/wp-json\/wp\/v2\/users\/1"}],"replies":[{"embeddable":true,"href":"https:\/\/www.radiopiu.net\/wordpress\/wp-json\/wp\/v2\/comments?post=155931"}],"version-history":[{"count":0,"href":"https:\/\/www.radiopiu.net\/wordpress\/wp-json\/wp\/v2\/posts\/155931\/revisions"}],"wp:featuredmedia":[{"embeddable":true,"href":"https:\/\/www.radiopiu.net\/wordpress\/wp-json\/wp\/v2\/media\/155941"}],"wp:attachment":[{"href":"https:\/\/www.radiopiu.net\/wordpress\/wp-json\/wp\/v2\/media?parent=155931"}],"wp:term":[{"taxonomy":"category","embeddable":true,"href":"https:\/\/www.radiopiu.net\/wordpress\/wp-json\/wp\/v2\/categories?post=155931"},{"taxonomy":"post_tag","embeddable":true,"href":"https:\/\/www.radiopiu.net\/wordpress\/wp-json\/wp\/v2\/tags?post=155931"}],"curies":[{"name":"wp","href":"https:\/\/api.w.org\/{rel}","templated":true}]}}