{"id":155943,"date":"2020-08-19T05:50:45","date_gmt":"2020-08-19T03:50:45","guid":{"rendered":"https:\/\/www.radiopiu.net\/wordpress\/?p=155943"},"modified":"2020-08-19T05:50:50","modified_gmt":"2020-08-19T03:50:50","slug":"dopo-il-morso-della-vipera-il-peggio-e-passato","status":"publish","type":"post","link":"https:\/\/www.radiopiu.net\/wordpress\/dopo-il-morso-della-vipera-il-peggio-e-passato\/","title":{"rendered":"DOPO IL MORSO DELLA VIPERA IL PEGGIO E&#8217; PASSATO"},"content":{"rendered":"<p><strong><a class=\"dt-pswp-item\" href=\"https:\/\/www.radiopiu.net\/wordpress\/wp-content\/uploads\/2020\/08\/ebbfadd7-ef58-4176-9b17-a8bba91ef5c3.jpg\" data-dt-img-description=\"\" data-large_image_width=\"1599\" data-large_image_height=\"799\"><img loading=\"lazy\" decoding=\"async\" class=\" wp-image-155911 alignleft\" src=\"https:\/\/www.radiopiu.net\/wordpress\/wp-content\/uploads\/2020\/08\/ebbfadd7-ef58-4176-9b17-a8bba91ef5c3-300x150.jpg\" alt=\"\" width=\"202\" height=\"101\" srcset=\"https:\/\/www.radiopiu.net\/wordpress\/wp-content\/uploads\/2020\/08\/ebbfadd7-ef58-4176-9b17-a8bba91ef5c3-300x150.jpg 300w, https:\/\/www.radiopiu.net\/wordpress\/wp-content\/uploads\/2020\/08\/ebbfadd7-ef58-4176-9b17-a8bba91ef5c3-1024x512.jpg 1024w, https:\/\/www.radiopiu.net\/wordpress\/wp-content\/uploads\/2020\/08\/ebbfadd7-ef58-4176-9b17-a8bba91ef5c3-768x384.jpg 768w, https:\/\/www.radiopiu.net\/wordpress\/wp-content\/uploads\/2020\/08\/ebbfadd7-ef58-4176-9b17-a8bba91ef5c3-1536x768.jpg 1536w, https:\/\/www.radiopiu.net\/wordpress\/wp-content\/uploads\/2020\/08\/ebbfadd7-ef58-4176-9b17-a8bba91ef5c3.jpg 1599w\" sizes=\"auto, (max-width: 202px) 100vw, 202px\" \/><\/a>BELLUNO<\/strong> E. sta bene, fuori dalla rianimazione, parla sorride \u00e8 pronto alla battuta, il peggio \u00e8 superato. Mai come in questo caso la frase <em>&#8220;Ci vediamo all&#8217;inferno&#8221; <\/em>trova aderenza nella realt\u00e0 perch\u00e9 il 60enne di Voltago s&#8217;\u00e8 ritrovato in un &#8220;inferno&#8221; tra il dolore, la perdita dei sensi,\u00a0 la paura, il trasferimento in emergenza all&#8217;ospedale di Belluno e quindi le luci del reparto di rianimazione. Tutto per il morso al piede\u00a0 si presume di una vipera, comunque di un rettile veleonoso lungo la ciclabile di Agordo tra la rotonda di Brugnach e il PalaLuxottica luogo frequentatissimo da ciclisti, podisti, bambini, mamme in passeggiata con i propri figli e spesso l&#8217;erba da tagliare.<\/p>\n<p>&nbsp;<\/p>\n","protected":false},"excerpt":{"rendered":"<p>BELLUNO E. sta bene, fuori dalla rianimazione, parla sorride \u00e8 pronto alla battuta, il peggio \u00e8 superato. Mai come in questo caso la frase &#8220;Ci vediamo all&#8217;inferno&#8221; trova aderenza nella realt\u00e0 perch\u00e9 il 60enne di Voltago s&#8217;\u00e8 ritrovato in un &#8220;inferno&#8221; tra il dolore, la perdita dei sensi,\u00a0 la paura, il trasferimento in emergenza all&#8217;ospedale&hellip;<\/p>\n","protected":false},"author":1,"featured_media":155911,"comment_status":"closed","ping_status":"closed","sticky":false,"template":"","format":"standard","meta":{"_monsterinsights_skip_tracking":false,"_monsterinsights_sitenote_active":false,"_monsterinsights_sitenote_note":"","_monsterinsights_sitenote_category":0,"footnotes":""},"categories":[51,49],"tags":[],"class_list":["post-155943","post","type-post","status-publish","format-standard","has-post-thumbnail","hentry","category-evidenza-top","category-news-18","category-51","category-49","description-off"],"img_url":"https:\/\/www.radiopiu.net\/wordpress\/wp-content\/uploads\/2020\/08\/ebbfadd7-ef58-4176-9b17-a8bba91ef5c3.jpg","_links":{"self":[{"href":"https:\/\/www.radiopiu.net\/wordpress\/wp-json\/wp\/v2\/posts\/155943","targetHints":{"allow":["GET"]}}],"collection":[{"href":"https:\/\/www.radiopiu.net\/wordpress\/wp-json\/wp\/v2\/posts"}],"about":[{"href":"https:\/\/www.radiopiu.net\/wordpress\/wp-json\/wp\/v2\/types\/post"}],"author":[{"embeddable":true,"href":"https:\/\/www.radiopiu.net\/wordpress\/wp-json\/wp\/v2\/users\/1"}],"replies":[{"embeddable":true,"href":"https:\/\/www.radiopiu.net\/wordpress\/wp-json\/wp\/v2\/comments?post=155943"}],"version-history":[{"count":0,"href":"https:\/\/www.radiopiu.net\/wordpress\/wp-json\/wp\/v2\/posts\/155943\/revisions"}],"wp:featuredmedia":[{"embeddable":true,"href":"https:\/\/www.radiopiu.net\/wordpress\/wp-json\/wp\/v2\/media\/155911"}],"wp:attachment":[{"href":"https:\/\/www.radiopiu.net\/wordpress\/wp-json\/wp\/v2\/media?parent=155943"}],"wp:term":[{"taxonomy":"category","embeddable":true,"href":"https:\/\/www.radiopiu.net\/wordpress\/wp-json\/wp\/v2\/categories?post=155943"},{"taxonomy":"post_tag","embeddable":true,"href":"https:\/\/www.radiopiu.net\/wordpress\/wp-json\/wp\/v2\/tags?post=155943"}],"curies":[{"name":"wp","href":"https:\/\/api.w.org\/{rel}","templated":true}]}}