{"id":156019,"date":"2020-08-20T06:01:13","date_gmt":"2020-08-20T04:01:13","guid":{"rendered":"https:\/\/www.radiopiu.net\/wordpress\/?p=156019"},"modified":"2020-08-20T10:37:27","modified_gmt":"2020-08-20T08:37:27","slug":"giornale-radiopiu-20-agosto-2020-direttore-mirko-mezzacasa","status":"publish","type":"post","link":"https:\/\/www.radiopiu.net\/wordpress\/giornale-radiopiu-20-agosto-2020-direttore-mirko-mezzacasa\/","title":{"rendered":"GIORNALE RADIOPIU 20 AGOSTO 2020 DIRETTORE MIRKO MEZZACASA"},"content":{"rendered":"<h3><strong>PER RICEVERE QUESTO NOTIZIARIO DIRETTAMENTE SUL TUO CELLULARE ISCRIVITI AL CANALE TELEGRAM\u00a0<\/strong><strong>\u201cRADIO PIU\u00a0 INFORMAZIONE<\/strong><\/h3>\n<p><em>ATTENZIONE: LA NUOVA APP PER IOS-IPHONE<\/em><\/p>\n<div>\n<div><a href=\"https:\/\/apps.apple.com\/it\/app\/radio-pi%C3%B9-emittente-agordina\/id1515939845\">https:\/\/apps.apple.com\/it\/app\/radio-pi%C3%B9-emittente-agordina\/id1515939845<\/a><\/div>\n<\/div>\n<div><\/div>\n<div>\n<div dir=\"auto\"><em>ATTENZIONE: LA NUOVA APP RADIO\u00a0 PER ANDROID<\/em><\/div>\n<\/div>\n<p><a href=\"https:\/\/play.google.com\/store\/apps\/details?id=net.radiopiu.iniko\" target=\"_blank\" rel=\"noopener noreferrer\">https:\/\/play.google.com\/store\/apps\/details?id=net.radiopiu.iniko \u00a0\u00a0\u00a0\u00a0<\/a><\/p>\n<hr \/>\n<div class=\"page-title title-left solid-bg breadcrumbs-mobile-off page-title-responsive-enabled\">\n<div class=\"wf-wrap\">\n<div class=\"page-title-head hgroup\">\n<h1 class=\"entry-title\"><\/h1>\n<h1 class=\"entry-title\"><\/h1>\n<h1 class=\"entry-title\">SOSPESE LE RICERCHE A SAN PIETRO, SUSANNA CASANOVA DE MARCO E&#8217; STATA RITROVATA MORTA<\/h1>\n<\/div>\n<\/div>\n<\/div>\n<div id=\"main\" class=\"sidebar-right sidebar-divider-vertical\">\n<div class=\"wf-wrap\">\n<div class=\"wf-container-main\">\n<div id=\"content\" class=\"content\" role=\"main\">\n<article id=\"post-156145\" class=\"post-156145 post type-post status-publish format-standard has-post-thumbnail category-evidenza-top category-news-18 category-51 category-49 description-off\">\n<div class=\"entry-content\">\n<p><strong><img loading=\"lazy\" decoding=\"async\" class=\"alignleft\" src=\"https:\/\/www.radiopiu.net\/wordpress\/wp-content\/uploads\/2016\/08\/carabinieri-6-2.jpg\" width=\"98\" height=\"67\" \/><\/strong><strong>SAN PIETRO<\/strong>\u00a0 Un brutto inizio di giornata per il Cadore, stamane \u00e8 stata ritrovata purtroppo senza vita Susanna Casanova De Marco\u00a0 \u00a061 anni residente a Monselice (Padova). La donna ieri era in escursione nella zona di Costalta in compagnia di alcuni parenti con l&#8217;obiettivo di andar per funghi. Rispetto al gruppo \u00e8 rimasta indietro, poi si sono perse le tracce. La donna \u00e9 stata ritrovata\u00a0 stamattina lungo il torrente in localit\u00e0 Lasiega\/Cercena\u00a0 dalla squadra del\u00a0 Soccorso Alpino della Guardia di Finanza.<\/p>\n<\/div>\n<\/article>\n<\/div>\n<\/div>\n<\/div>\n<\/div>\n<p>&nbsp;<\/p>\n<p>&nbsp;<\/p>\n<hr \/>\n<p>&nbsp;<\/p>\n<blockquote>\n<h3><a class=\"dt-pswp-item\" href=\"https:\/\/www.radiopiu.net\/wordpress\/wp-content\/uploads\/2020\/08\/AAAAA.jpg\" data-dt-img-description=\"\" data-large_image_width=\"720\" data-large_image_height=\"1440\"><img loading=\"lazy\" decoding=\"async\" class=\" wp-image-156175 alignleft\" src=\"https:\/\/www.radiopiu.net\/wordpress\/wp-content\/uploads\/2020\/08\/AAAAA-150x300.jpg\" alt=\"\" width=\"96\" height=\"192\" srcset=\"https:\/\/www.radiopiu.net\/wordpress\/wp-content\/uploads\/2020\/08\/AAAAA-150x300.jpg 150w, https:\/\/www.radiopiu.net\/wordpress\/wp-content\/uploads\/2020\/08\/AAAAA-512x1024.jpg 512w, https:\/\/www.radiopiu.net\/wordpress\/wp-content\/uploads\/2020\/08\/AAAAA.jpg 720w\" sizes=\"auto, (max-width: 96px) 100vw, 96px\" \/><\/a>RADDOPPIANO LE SANZIONI, AUTOVELOX IN FUNZIONE ANCHE PER CHI SALE<\/h3>\n<\/blockquote>\n<p><em>Il limite di velocit\u00e0, diversamente da altre postazioni (ad esempio Morbiach a Cencenighe) \u00e8 ben segnalato con il cartello dei 90 ed evita frenate brusche di chi non conoscendo il codice della strada (che non \u00e8 una giustificazione) inchioda fino ai 50<\/em><\/p>\n<p><strong>SEDICO<\/strong> A giugno lo avevamo pre annunciato in concomitanza con l&#8217;inizio dei lavori, da ieri la postazione di rilevamento lungo il rettilineo anche per chi sale da Belluno verso Agordo \u00e8 attiva. Limite di velocit\u00e0 90 chilometri orari ben segnalati con un grande cartello in entrambe le direzioni. Intervento da 10 mila euro.<\/p>\n<p>&nbsp;<\/p>\n<h2><span style=\"color: #ff0000;\">DAL NOTIZIARIO DEL 1 GIUGNO<\/span><\/h2>\n<blockquote class=\"wp-embedded-content\" data-secret=\"cGEsiN6a1a\"><p><a href=\"https:\/\/www.radiopiu.net\/wordpress\/il-comune-di-sedico-verso-il-raddoppio-delle-sanzioni-a-candatenni-a-candate\/\">&#8220;STANGANTEN&#8221;: IL COMUNE DI SEDICO VERSO IL &#8220;RADDOPPIO&#8221; DELLE SANZIONI<\/a><\/p><\/blockquote>\n<p><iframe loading=\"lazy\" class=\"wp-embedded-content\" sandbox=\"allow-scripts\" security=\"restricted\" style=\"position: absolute; clip: rect(1px, 1px, 1px, 1px);\" title=\"&#8220;&#8220;STANGANTEN&#8221;: IL COMUNE DI SEDICO VERSO IL &#8220;RADDOPPIO&#8221; DELLE SANZIONI&#8221; &#8212; Radio Pi\u00f9\" src=\"https:\/\/www.radiopiu.net\/wordpress\/il-comune-di-sedico-verso-il-raddoppio-delle-sanzioni-a-candatenni-a-candate\/embed\/#?secret=cGEsiN6a1a\" data-secret=\"cGEsiN6a1a\" width=\"600\" height=\"338\" frameborder=\"0\" marginwidth=\"0\" marginheight=\"0\" scrolling=\"no\"><\/iframe><\/p>\n<p>&nbsp;<\/p>\n<hr \/>\n<p>&nbsp;<\/p>\n<p><strong>LA FOTO DEL GIORNO, DALLA PAGINA FACEBOOK POMPIERI CAPRILE\u00a0 Il \u00a0pittore\/pompiere Matteo Dagai ha dipinto\u00a0 lo stemma\u00a0 sulla facciata interna della Caserma di Laste di Rocca Pietore<\/strong><\/p>\n<p><a class=\"dt-pswp-item\" href=\"https:\/\/www.radiopiu.net\/wordpress\/wp-content\/uploads\/2020\/08\/118083410_976145549480193_7247020405530831490_n.jpg\" data-dt-img-description=\"\" data-large_image_width=\"960\" data-large_image_height=\"720\"><img loading=\"lazy\" decoding=\"async\" class=\"alignnone size-medium wp-image-156097\" src=\"https:\/\/www.radiopiu.net\/wordpress\/wp-content\/uploads\/2020\/08\/118083410_976145549480193_7247020405530831490_n-300x225.jpg\" alt=\"\" width=\"300\" height=\"225\" srcset=\"https:\/\/www.radiopiu.net\/wordpress\/wp-content\/uploads\/2020\/08\/118083410_976145549480193_7247020405530831490_n-300x225.jpg 300w, https:\/\/www.radiopiu.net\/wordpress\/wp-content\/uploads\/2020\/08\/118083410_976145549480193_7247020405530831490_n-768x576.jpg 768w, https:\/\/www.radiopiu.net\/wordpress\/wp-content\/uploads\/2020\/08\/118083410_976145549480193_7247020405530831490_n.jpg 960w\" sizes=\"auto, (max-width: 300px) 100vw, 300px\" \/><\/a><a class=\"dt-pswp-item\" href=\"https:\/\/www.radiopiu.net\/wordpress\/wp-content\/uploads\/2020\/08\/118189029_976145609480187_7701419354445093504_n.jpg\" data-dt-img-description=\"\" data-large_image_width=\"960\" data-large_image_height=\"720\"><img loading=\"lazy\" decoding=\"async\" class=\"alignnone size-medium wp-image-156096\" src=\"https:\/\/www.radiopiu.net\/wordpress\/wp-content\/uploads\/2020\/08\/118189029_976145609480187_7701419354445093504_n-300x225.jpg\" alt=\"\" width=\"300\" height=\"225\" srcset=\"https:\/\/www.radiopiu.net\/wordpress\/wp-content\/uploads\/2020\/08\/118189029_976145609480187_7701419354445093504_n-300x225.jpg 300w, https:\/\/www.radiopiu.net\/wordpress\/wp-content\/uploads\/2020\/08\/118189029_976145609480187_7701419354445093504_n-768x576.jpg 768w, https:\/\/www.radiopiu.net\/wordpress\/wp-content\/uploads\/2020\/08\/118189029_976145609480187_7701419354445093504_n.jpg 960w\" sizes=\"auto, (max-width: 300px) 100vw, 300px\" \/><\/a><\/p>\n<p>&nbsp;<\/p>\n<hr \/>\n<p>&nbsp;<\/p>\n<blockquote>\n<h3>ESTATE DA RICORDARE<\/h3>\n<\/blockquote>\n<p><a class=\"dt-pswp-item\" href=\"https:\/\/www.radiopiu.net\/wordpress\/wp-content\/uploads\/2020\/08\/db84b083-dd0f-4cfc-82f0-3de60743d157.jpg\" data-dt-img-description=\"\" data-large_image_width=\"961\" data-large_image_height=\"1600\"><img loading=\"lazy\" decoding=\"async\" class=\"size-medium wp-image-156167 alignleft\" src=\"https:\/\/www.radiopiu.net\/wordpress\/wp-content\/uploads\/2020\/08\/db84b083-dd0f-4cfc-82f0-3de60743d157-180x300.jpg\" alt=\"\" width=\"180\" height=\"300\" srcset=\"https:\/\/www.radiopiu.net\/wordpress\/wp-content\/uploads\/2020\/08\/db84b083-dd0f-4cfc-82f0-3de60743d157-180x300.jpg 180w, https:\/\/www.radiopiu.net\/wordpress\/wp-content\/uploads\/2020\/08\/db84b083-dd0f-4cfc-82f0-3de60743d157-615x1024.jpg 615w, https:\/\/www.radiopiu.net\/wordpress\/wp-content\/uploads\/2020\/08\/db84b083-dd0f-4cfc-82f0-3de60743d157-768x1279.jpg 768w, https:\/\/www.radiopiu.net\/wordpress\/wp-content\/uploads\/2020\/08\/db84b083-dd0f-4cfc-82f0-3de60743d157-923x1536.jpg 923w, https:\/\/www.radiopiu.net\/wordpress\/wp-content\/uploads\/2020\/08\/db84b083-dd0f-4cfc-82f0-3de60743d157.jpg 961w\" sizes=\"auto, (max-width: 180px) 100vw, 180px\" \/><\/a>Ci sono tanti motivi che ci porteranno a ricordare l&#8217;estate 2020, l&#8217;assenza del turista straniero, da quello delle due ruote a primavera al turista da escursionismo con i calzini nei sandali. La massiccia presenza di turisti italiani, tanti pendolari in arrivo al mattino e di ritorno gi\u00e0 in serata. Gli assembramenti sui sentieri delle Dolomiti. L&#8217;esercito dei\u00a0 turisti a rischio sanzione con i gonfiabili al lago del Sorapis o in tuffo non appena si pari\u00a0 davanti il rinfrescante specchio d&#8217;acqua. Ricorderemo le code, non solo sulla 51 di Alemagna verso il Cadore e Cortina, sopratutto lungo la regionale 203 agordina che una volta in pi\u00f9 ha fatto capire come la tangenziale di Agordo abbia risolto un solo problema: togliere il traffico da piazza Libert\u00e0, per il resto ha solo spostato il problema due chilometri pi\u00f9 a monte perch\u00e9 il bivio di Cencenighe era e rimane il problema con o senza vigile. Anche il centro di Alleghe ieri pomeriggio \u00e8 entrato in &#8220;crisi&#8221; con lunghe code da Avoscan (salendo al mattino) e da Caprile (la sera in discesa). Sar\u00e0 cos\u00ec per tutta la settimana probabilmente ma di positivo c&#8217;\u00e8 l&#8217;importante boccata di ossigeno per chi opera nel commercio. (MM)<\/p>\n<p>A commento della foto di Cristian Jigen Demma per &#8220;Esperienze Dolomitiche&#8221; l&#8217;opinione di Claudio Pra, pagina facebook <strong>&#8220;La montagna nel cuore 360 gradi di passione ad alta quota&#8221;<\/strong><em> Quando si saranno stufati dei nostri luoghi per situazioni come questa poi rimpiangere quelli che poteva essere e non \u00e8 stato. Di post cos\u00ec ne trovi a decine ormai. Chi apprezza la vera montagna si stufer\u00e0. Era l&#8217;occasione per distinguersi dall&#8217;alto Adige e il Trentino, ormai irrimediabilmente trasformati in salotti per cittadini. Da noi c&#8217;\u00e8 l&#8217;altra montagna, ma durer\u00e0 poco perch\u00e9 anzich\u00e9 distinguersi vogliamo copiare i vicini.<\/em><\/p>\n<p>&nbsp;<\/p>\n<hr \/>\n<p>&nbsp;<\/p>\n<h3 style=\"text-align: left;\"><span style=\"color: #000000;\"><span style=\"caret-color: #ff0000;\"><i>CHIUSURA NOTTURNA DELLA GALLERIA DI COL CAVALIER A BELLUNO PER MANUTENZIONE AGLI IMPIANTI TECNOLOGICI. LA CHIUSURA AVVERRA&#8217; DALLE 22 ALLE 6 DAL 24 AL 27 AGOSTO. IL TRAFFICO VERRA&#8217; DEVIATO LUNGO PONTE DOLOMITI, VIA SARAJEVO, PONTE DELL&#8217;ANTA, GALLERIA BELLUNO, PONTE LAMBIOI, VIA MONTE GRAPPA, VIA VISOME E VECCHIO TRACCIATO DELLA S.P. 1<\/i><\/span><span style=\"caret-color: #ff0000;\"><i>\u00a0<\/i><\/span><\/span><\/h3>\n<p>&nbsp;<\/p>\n<hr \/>\n<p>&nbsp;<\/p>\n<p><strong class=\"photoswipe-wrapper\"><a class=\"dt-pswp-item pspw-wrap-ready\" href=\"https:\/\/i2.wp.com\/www.radiopiu.net\/wordpress\/wp-content\/uploads\/2018\/08\/ACQUA.jpeg?ssl=1\" data-dt-img-description=\"\" data-large_image_width=\"1280\" data-large_image_height=\"768\"><img loading=\"lazy\" decoding=\"async\" class=\"wp-image-57052 alignleft\" src=\"https:\/\/i2.wp.com\/www.radiopiu.net\/wordpress\/wp-content\/uploads\/2018\/08\/ACQUA.jpeg?resize=198%2C119&amp;ssl=1\" sizes=\"auto, (max-width: 198px) 100vw, 198px\" srcset=\"https:\/\/i2.wp.com\/www.radiopiu.net\/wordpress\/wp-content\/uploads\/2018\/08\/ACQUA.jpeg?resize=300%2C180&amp;ssl=1 300w, https:\/\/i2.wp.com\/www.radiopiu.net\/wordpress\/wp-content\/uploads\/2018\/08\/ACQUA.jpeg?resize=768%2C461&amp;ssl=1 768w, https:\/\/i2.wp.com\/www.radiopiu.net\/wordpress\/wp-content\/uploads\/2018\/08\/ACQUA.jpeg?resize=1024%2C614&amp;ssl=1 1024w, https:\/\/i2.wp.com\/www.radiopiu.net\/wordpress\/wp-content\/uploads\/2018\/08\/ACQUA.jpeg?w=1280&amp;ssl=1 1280w\" alt=\"\" width=\"198\" height=\"119\" data-recalc-dims=\"1\" \/><\/a><\/strong><strong>SAN TOMASO AGORDINO<\/strong> nelle LOCALITA\u2019 ROI E PIANEZZE l\u2019acqua erogata dall\u2019acquedotto non \u00e8 potabile e non pu\u00f2 essere usata per scopi alimentari. Verr\u00e0 effettuato servizio sostitutivo con autobotte.<\/p>\n<p>Gestione Servizi Pubblici informa che, per lavori alla rete idrica comunale, oggi dalle 8.30 a FINE LAVORI, verr\u00e0 sospesa l\u2019erogazione dell\u2019acqua a ROCCA PIETORE in LOCALITA&#8217; SAVINER DI CALLONEGHE. Il personale addetto operer\u00e0 per limitare il pi\u00f9 possibile i disagi alla popolazione.<\/p>\n<p>&nbsp;<\/p>\n<hr \/>\n<p>&nbsp;<\/p>\n<blockquote>\n<h3>DUE VENTENNI SOCCORSE IN MARMOLADA IN SEGUITO AD UNO SCIVOLONE<\/h3>\n<\/blockquote>\n<p><strong><img loading=\"lazy\" decoding=\"async\" class=\"alignleft\" src=\"https:\/\/www.radiopiu.net\/wordpress\/wp-content\/uploads\/2020\/08\/salt_20200810_173518_037_resized.jpg\" width=\"158\" height=\"211\" \/>ROCCA PIETORE\u00a0<\/strong> L&#8217;elicottero del Suem di Pieve di Cadore \u00e8 decollato in direzione della Marmolada. Dalle prime informazioni doveva trattarsi di un trauma alla caviglia su un sentiero, in realt\u00e0, quando l&#8217;equipaggio ha iniziato a sorvolare la zona, anche con le indicazioni del gestore del Rifugio Falier, \u00e8 poi emerso che si trattava di un incidente diverso accaduto alla base della parete sud. Due alpiniste francesi di 21 e 22 anni stavano infatti preparandosi ad attaccare una via, quando sono scivolate sullo zoccolo roccioso. Una ruzzolata per una ventina di metri, riportando una probabile frattura alla gamba e traumi al polso e alla schiena;\u00a0 la compagna invece aveva una sospetta distorsione al piede. Non appena \u00e8 stato calato con un verricello di 25 metri, il tecnico di elisoccorso ha chiesto subito il supporto del medico, sbarcato con le stesse modalit\u00e0. Sul posto un dottore che faceva parte di un&#8217;altra cordata aveva garantito la prima assistenza alla ragazza. Entrambe le rocciatrici sono state recuperate e trasportate all&#8217;ospedale di Belluno.<\/p>\n<p>&nbsp;<\/p>\n<blockquote>\n<h3>MALORE AD AURONZO, CAVIGLIA SLOGATA AL RIFUGIO TISSI, RECUPERATA UNA COPPIA IN TOFANA<\/h3>\n<\/blockquote>\n<div><strong>AURONZO<\/strong>\u00a0 Tra il Col de Varda e il Rifugio Citt\u00e0 di Carpi alcuni passanti si sono imbattuti in un uomo colto da malore e hanno lanciato l&#8217;allarme. Sbarcati con un verricello di una ventina di metri, tecnico di elisoccorso ed equipe medica <img loading=\"lazy\" decoding=\"async\" class=\"alignleft\" src=\"https:\/\/www.radiopiu.net\/wordpress\/wp-content\/uploads\/2019\/08\/IMG-20190820-WA0004.jpg\" width=\"225\" height=\"126\" \/>hanno prestato le prime cure a R.B., 79 anni, di Bologna, poi imbarellato e portato al San Martino per le verifiche del caso.<\/div>\n<div><strong>ALLEGHE<\/strong> Sotto il Rifugio Tissi, Alleghe un&#8217;escursionista, gi\u00e0 assistita dal rifugista, L.R., 61 anni, di Padova (in compagnia del marito e della figlia ( si \u00e8 infortunata sotto la rampa che sale al Rifugio,\u00a0 probabile trauma alla caviglia, \u00e8 stata presa in carico da personale medico e tecnico di elisoccorso atterrati nelle vicinanze e trasportata ad Agordo, al rendez vous con l&#8217;ambulanza.<\/div>\n<p><strong>CORTINA\u00a0<\/strong> Una coppia di escursionisti spagnoli si \u00e8 trovata\u00a0 in difficolt\u00e0 mentre scendeva verso il Rifugio Dibona. A quota 2.930 infatti la donna, un trentaquattrenne, era stata colta da una crisi di panico. Individuati all&#8217;eliambulanza, entrambi sono stati recuperati in due rotazioni con un verricello di 5 metri e trasportati al Dibona.<\/p>\n<p>&nbsp;<\/p>\n<p>&nbsp;<\/p>\n<hr \/>\n<blockquote>\n<h3><a class=\"dt-pswp-item\" href=\"https:\/\/www.radiopiu.net\/wordpress\/wp-content\/uploads\/2020\/08\/95b7a0a1-c632-445f-ab5b-8b4c8c5c32d1.jpg\" data-dt-img-description=\"\" data-large_image_width=\"720\" data-large_image_height=\"1440\"><img loading=\"lazy\" decoding=\"async\" class=\" wp-image-156172 alignleft\" src=\"https:\/\/www.radiopiu.net\/wordpress\/wp-content\/uploads\/2020\/08\/95b7a0a1-c632-445f-ab5b-8b4c8c5c32d1-150x300.jpg\" alt=\"\" width=\"126\" height=\"252\" srcset=\"https:\/\/www.radiopiu.net\/wordpress\/wp-content\/uploads\/2020\/08\/95b7a0a1-c632-445f-ab5b-8b4c8c5c32d1-150x300.jpg 150w, https:\/\/www.radiopiu.net\/wordpress\/wp-content\/uploads\/2020\/08\/95b7a0a1-c632-445f-ab5b-8b4c8c5c32d1-512x1024.jpg 512w, https:\/\/www.radiopiu.net\/wordpress\/wp-content\/uploads\/2020\/08\/95b7a0a1-c632-445f-ab5b-8b4c8c5c32d1.jpg 720w\" sizes=\"auto, (max-width: 126px) 100vw, 126px\" \/><\/a>QUATTRO FERITI NELL&#8217;INCIDENTE DI PEDAVENA CHE HA PARALIZZATO IL TRAFFICO<\/h3>\n<\/blockquote>\n<p><strong>PEDAVENA<\/strong> L&#8217;incidente nel primo pomeriggio di ieri ha mandato in tilt il traffico lungo viale Pedavena in via Cassie. In ospedale una famiglia di padovani a bordo di un Toyota. Marito (al volante) moglie, figlie e due persone anziane.\u00a0 Stavano percorrendo la strada in direzione di Pedavena quando l&#8217;auto ha piegato verso destra centrando un palo della luce e soprattutto un albero.L&#8217;uomo alla guida \u00e8 l&#8217;unico a non avere riportato ferite, gli altri quattro occupanti sono stati portati con l&#8217;ambulanza al pronto soccorso per accertamenti. Nessuno con ferite di rilievo.<\/p>\n<p>FOTO CORRIERE DELLE ALPI<\/p>\n<p>&nbsp;<\/p>\n<hr \/>\n<blockquote>\n<h3><\/h3>\n<h3>LE STRANE COLORAZIONI DEL CORDEVOLE IN PROSSIMITA&#8217; DEL DEPURATORE<\/h3>\n<\/blockquote>\n<p><strong><a class=\"dt-pswp-item\" href=\"https:\/\/www.radiopiu.net\/wordpress\/wp-content\/uploads\/2020\/08\/1c49259a-557b-40d8-a631-ad2fdb0dd247.jpg\" data-dt-img-description=\"\" data-large_image_width=\"768\" data-large_image_height=\"1024\"><img loading=\"lazy\" decoding=\"async\" class=\" wp-image-156113 alignleft\" src=\"https:\/\/www.radiopiu.net\/wordpress\/wp-content\/uploads\/2020\/08\/1c49259a-557b-40d8-a631-ad2fdb0dd247-225x300.jpg\" alt=\"\" width=\"168\" height=\"224\" srcset=\"https:\/\/www.radiopiu.net\/wordpress\/wp-content\/uploads\/2020\/08\/1c49259a-557b-40d8-a631-ad2fdb0dd247-225x300.jpg 225w, https:\/\/www.radiopiu.net\/wordpress\/wp-content\/uploads\/2020\/08\/1c49259a-557b-40d8-a631-ad2fdb0dd247.jpg 768w\" sizes=\"auto, (max-width: 168px) 100vw, 168px\" \/><\/a>LIVINALLONGO<\/strong> Le foto sono state scattate ieri a Renaz in prossimit\u00e0 del depuratore ma anche dove sono in corso dei lavori sul greto del torrente.Il sindaco Leandro Grones informato della situazione \u00e8 stato verso Alfauro (foto a sinsitra) documentando lo stato di un cantiere di lavoro dove pare abbia origine la colorazione marroncina del torrente. Pare quindi di poter concludere che non c&#8217;\u00e8 di che preoccuparsi purch\u00e9 tra qualche giorno, terminati i lavori l&#8217;acqua ritorni limpida come alla sorgente e soprattutto che tale rimanga anche nei periodi di massimo afflusso stagionale, estate ed inverno per la tranquillit\u00e0 di chi abita in zona.<\/p>\n<p><strong>IL SINDACO LEANDRO GRONES<\/strong><\/p>\n<audio class=\"wp-audio-shortcode\" id=\"audio-156019-1\" preload=\"none\" style=\"width: 100%;\" controls=\"controls\"><source type=\"audio\/mpeg\" src=\"https:\/\/www.radiopiu.net\/wordpress\/wp-content\/uploads\/2020\/08\/leandro.mp3?_=1\" \/><a href=\"https:\/\/www.radiopiu.net\/wordpress\/wp-content\/uploads\/2020\/08\/leandro.mp3\">https:\/\/www.radiopiu.net\/wordpress\/wp-content\/uploads\/2020\/08\/leandro.mp3<\/a><\/audio>\n<p>&nbsp;<\/p>\n<p><a class=\"dt-pswp-item\" href=\"https:\/\/www.radiopiu.net\/wordpress\/wp-content\/uploads\/2020\/08\/118076817_675922039674259_3081386637818595270_n.jpg\" data-dt-img-description=\"\" data-large_image_width=\"744\" data-large_image_height=\"558\"><img loading=\"lazy\" decoding=\"async\" class=\"alignnone size-medium wp-image-156069\" src=\"https:\/\/www.radiopiu.net\/wordpress\/wp-content\/uploads\/2020\/08\/118076817_675922039674259_3081386637818595270_n-300x225.jpg\" alt=\"\" width=\"300\" height=\"225\" srcset=\"https:\/\/www.radiopiu.net\/wordpress\/wp-content\/uploads\/2020\/08\/118076817_675922039674259_3081386637818595270_n-300x225.jpg 300w, https:\/\/www.radiopiu.net\/wordpress\/wp-content\/uploads\/2020\/08\/118076817_675922039674259_3081386637818595270_n.jpg 744w\" sizes=\"auto, (max-width: 300px) 100vw, 300px\" \/><\/a><a class=\"dt-pswp-item\" href=\"https:\/\/www.radiopiu.net\/wordpress\/wp-content\/uploads\/2020\/08\/117947823_300399214396682_6221903540578598642_n.jpg\" data-dt-img-description=\"\" data-large_image_width=\"744\" data-large_image_height=\"558\"><img loading=\"lazy\" decoding=\"async\" class=\"alignnone size-medium wp-image-156068\" src=\"https:\/\/www.radiopiu.net\/wordpress\/wp-content\/uploads\/2020\/08\/117947823_300399214396682_6221903540578598642_n-300x225.jpg\" alt=\"\" width=\"300\" height=\"225\" srcset=\"https:\/\/www.radiopiu.net\/wordpress\/wp-content\/uploads\/2020\/08\/117947823_300399214396682_6221903540578598642_n-300x225.jpg 300w, https:\/\/www.radiopiu.net\/wordpress\/wp-content\/uploads\/2020\/08\/117947823_300399214396682_6221903540578598642_n.jpg 744w\" sizes=\"auto, (max-width: 300px) 100vw, 300px\" \/><\/a><\/p>\n<p>&nbsp;<\/p>\n<hr \/>\n<p>&nbsp;<\/p>\n<blockquote>\n<h3>ALLE CASCATE DI FANES I SOPRALLUOGHI DEI TECNICI DEI VIGILI DEL FUOCO<\/h3>\n<\/blockquote>\n<p><strong>CORTINA<\/strong> Sono iniziate ieri alle cascate di Fanes di Cortina d\u2019Ampezzo, i sopralluoghi tecnici operativi presieduti dal responsabile designato dalla prefettura ingegner Fabio Calore, vice comandante dei vigili del fuoco di Belluno, dei lavori di costruzione di un dissipatore da posizionare nel catino per l\u2019ispezione e il recupero del disperso. Questa mattina, il direttore interregionale dei Vigili del fuoco Loris Munaro, l\u2019ingegner Calore e i rappresentanti di tutti i soccorritori delle forze di polizia e degli enti interessati, hanno partecipato sul posto alle operazioni tecnico valutative. Sar\u00e0 assemblato uno specifico contenitore, che sar\u00e0 immerso nella pozza al fine di frazionare la forza del getto della cascata. Questo permetter\u00e0 agli operatori speleo subacquei dei vigili del fuoco di effettuare un\u2019ispezione accurata e in sicurezza del fondo della cascata.<\/p>\n<p><a class=\"dt-pswp-item\" href=\"https:\/\/www.radiopiu.net\/wordpress\/wp-content\/uploads\/2020\/08\/eadb4f9c-1455-498e-b276-61c43931d967.jpg\" data-dt-img-description=\"\" data-large_image_width=\"1200\" data-large_image_height=\"1600\"><img loading=\"lazy\" decoding=\"async\" class=\"alignnone wp-image-156130\" src=\"https:\/\/www.radiopiu.net\/wordpress\/wp-content\/uploads\/2020\/08\/eadb4f9c-1455-498e-b276-61c43931d967-225x300.jpg\" alt=\"\" width=\"174\" height=\"234\" \/><\/a><a class=\"dt-pswp-item\" href=\"https:\/\/www.radiopiu.net\/wordpress\/wp-content\/uploads\/2020\/08\/0146aa50-ce0f-447b-8f6f-6f39277149f2.jpg\" data-dt-img-description=\"\" data-large_image_width=\"1200\" data-large_image_height=\"917\"><img loading=\"lazy\" decoding=\"async\" class=\"alignnone size-medium wp-image-156131\" src=\"https:\/\/www.radiopiu.net\/wordpress\/wp-content\/uploads\/2020\/08\/0146aa50-ce0f-447b-8f6f-6f39277149f2-300x229.jpg\" alt=\"\" width=\"300\" height=\"229\" srcset=\"https:\/\/www.radiopiu.net\/wordpress\/wp-content\/uploads\/2020\/08\/0146aa50-ce0f-447b-8f6f-6f39277149f2-300x229.jpg 300w, https:\/\/www.radiopiu.net\/wordpress\/wp-content\/uploads\/2020\/08\/0146aa50-ce0f-447b-8f6f-6f39277149f2-1024x783.jpg 1024w, https:\/\/www.radiopiu.net\/wordpress\/wp-content\/uploads\/2020\/08\/0146aa50-ce0f-447b-8f6f-6f39277149f2-768x587.jpg 768w, https:\/\/www.radiopiu.net\/wordpress\/wp-content\/uploads\/2020\/08\/0146aa50-ce0f-447b-8f6f-6f39277149f2.jpg 1200w\" sizes=\"auto, (max-width: 300px) 100vw, 300px\" \/><\/a><\/p>\n<p>&nbsp;<\/p>\n<p>&nbsp;<\/p>\n<hr \/>\n<div class=\"page-title-head hgroup\">\n<blockquote>\n<h3 class=\"entry-title\">VAIA 2018: 150MILA EURO A DISPOSIZIONE DEI PRIVATI<\/h3>\n<\/blockquote>\n<\/div>\n<p><img loading=\"lazy\" decoding=\"async\" class=\"wp-image-69396 alignleft jetpack-lazy-image jetpack-lazy-image--handled\" src=\"https:\/\/i2.wp.com\/www.radiopiu.net\/wordpress\/wp-content\/uploads\/2018\/12\/rocca.jpg?resize=167%2C125&amp;ssl=1\" sizes=\"auto, (max-width: 167px) 100vw, 167px\" srcset=\"https:\/\/i2.wp.com\/www.radiopiu.net\/wordpress\/wp-content\/uploads\/2018\/12\/rocca.jpg?resize=300%2C225&amp;ssl=1 300w, https:\/\/i2.wp.com\/www.radiopiu.net\/wordpress\/wp-content\/uploads\/2018\/12\/rocca.jpg?resize=768%2C576&amp;ssl=1 768w, https:\/\/i2.wp.com\/www.radiopiu.net\/wordpress\/wp-content\/uploads\/2018\/12\/rocca.jpg?w=1024&amp;ssl=1 1024w\" alt=\"\" width=\"167\" height=\"125\" data-recalc-dims=\"1\" data-lazy-loaded=\"1\" \/><strong>ROCCA PIETORE<\/strong>\u00a0 Il Comune di Rocca Pietore ha comunicato la cifra a disposizione per ristorare i privati che hanno subito danni tra il 27 ottobre e il 5 novembre 2018. Si tratta di una somma complessiva di 150mila euro provenienti da donazioni di privati o associazioni. I beneficiari sono i proprietari di immobili residenti ell\u2019intero territorio comunale. Il termine della presentazione delle domande \u00e8 stato fissato al 15 ottobre. Le domande vanno presentate all\u2019ufficio protocollo del Comune, oppure per posta con raccomandata o tramite posta certificata.\u00a0 Tutta la documentazione per il bando \u00e8 disponibili sulla home Page del Comune di Rocca Pietore e nella Sezione Amministrazione Trasparente\/ Bandi di gara e contratti\/del sito del Comune di Rocca Pietore https:\/\/www.comune.roccapietore.bl.it\/<\/p>\n<p>&nbsp;<\/p>\n<hr \/>\n<p>&nbsp;<\/p>\n<blockquote>\n<h3>RESTITUITO IL SEGNALE TELEFONICO A LUIGINA DI ANDRAZ<\/h3>\n<\/blockquote>\n<p><strong>LIVINALLONGO<\/strong> Dopo una settimana di passione la bella notizia: il segnale telefonico \u00e8 stato ripristinato ad Andraz di Livinallongo ma anche questa volta \u00e8 stato necessario scomodare i mezzi di informazione, soprattutto le istituzioni ad iniziare dal sindaco Leandro Grones che comunica: <em>&#8220;Risolto il problema alla linea Telecom di Luigina Casaril. Della questione si \u00e8 finanche interessato il Ministro D\u2019Inc\u00e0&#8221;<\/em><\/p>\n<blockquote class=\"wp-embedded-content\" data-secret=\"g7fi3wR46j\"><p><a href=\"https:\/\/www.radiopiu.net\/wordpress\/cercasi-tecnico-della-telecom-era-atteso-ad-andraz-una-settimana-fa\/\">CERCASI TECNICO DELLA TELECOM, ERA ATTESO AD ANDRAZ UNA SETTIMANA FA<\/a><\/p><\/blockquote>\n<p><iframe loading=\"lazy\" class=\"wp-embedded-content\" sandbox=\"allow-scripts\" security=\"restricted\" style=\"position: absolute; clip: rect(1px, 1px, 1px, 1px);\" title=\"&#8220;CERCASI TECNICO DELLA TELECOM, ERA ATTESO AD ANDRAZ UNA SETTIMANA FA&#8221; &#8212; Radio Pi\u00f9\" src=\"https:\/\/www.radiopiu.net\/wordpress\/cercasi-tecnico-della-telecom-era-atteso-ad-andraz-una-settimana-fa\/embed\/#?secret=g7fi3wR46j\" data-secret=\"g7fi3wR46j\" width=\"600\" height=\"338\" frameborder=\"0\" marginwidth=\"0\" marginheight=\"0\" scrolling=\"no\"><\/iframe><\/p>\n<p>&nbsp;<\/p>\n<hr \/>\n<p>&nbsp;<\/p>\n<blockquote>\n<h3>&#8220;I MAGAZZINI COMUNALI SI FACCIANO ALTROVE NON A CONGIUO&#8221; LO CHIEDE IL CONSIGLIERE DIANA IRACI BORGIA. LA RISPOSTA DEL SINDACO.<\/h3>\n<\/blockquote>\n<p><strong><a class=\"dt-pswp-item\" href=\"https:\/\/www.radiopiu.net\/wordpress\/wp-content\/uploads\/2020\/08\/WhatsApp-Image-2020-08-18-at-08.41.53.jpeg\" data-dt-img-description=\"\" data-large_image_width=\"1600\" data-large_image_height=\"1200\"><img loading=\"lazy\" decoding=\"async\" class=\"wp-image-155845 alignleft\" src=\"https:\/\/www.radiopiu.net\/wordpress\/wp-content\/uploads\/2020\/08\/WhatsApp-Image-2020-08-18-at-08.41.53-300x225.jpeg\" alt=\"\" width=\"159\" height=\"119\" srcset=\"https:\/\/www.radiopiu.net\/wordpress\/wp-content\/uploads\/2020\/08\/WhatsApp-Image-2020-08-18-at-08.41.53-300x225.jpeg 300w, https:\/\/www.radiopiu.net\/wordpress\/wp-content\/uploads\/2020\/08\/WhatsApp-Image-2020-08-18-at-08.41.53-1024x768.jpeg 1024w, https:\/\/www.radiopiu.net\/wordpress\/wp-content\/uploads\/2020\/08\/WhatsApp-Image-2020-08-18-at-08.41.53-768x576.jpeg 768w, https:\/\/www.radiopiu.net\/wordpress\/wp-content\/uploads\/2020\/08\/WhatsApp-Image-2020-08-18-at-08.41.53-1536x1152.jpeg 1536w, https:\/\/www.radiopiu.net\/wordpress\/wp-content\/uploads\/2020\/08\/WhatsApp-Image-2020-08-18-at-08.41.53.jpeg 1600w\" sizes=\"auto, (max-width: 159px) 100vw, 159px\" \/><\/a>ROCCA PIETORE<\/strong> Il consigliere comunale Diana Iraci Borgia torna sull&#8217;argomento magazzini comunali di Congiuo con delle precisazioni a seguito delle dichiarazioni di ieri del primo cittadino Andrea De Bernardin:<\/p>\n<p>A seguito delle ultime dichiarazioni del Sindaco Andrea De Bernardin si rendono necessarie alcune precisazioni. 1. Consultare la popolazione \u00e8 sempre utile e lo \u00e8 ancora di pi\u00f9 PRIMA che sia stato fatto il progetto di un&#8217;opera pubblica.2. La costruzione di opere pubbliche deve avvenire nel rispetto del territorio, che \u00e8 l&#8217;unica ricchezza che abbiamo e che l&#8217;amministrazione dovrebbe tutelare in via prioritaria. 3. La realizzazione della struttura non \u00e8 cos\u00ec astratta come vuole fare credere il Sindaco: anche se non c&#8217;\u00e8 il progetto definitivo, c&#8217;\u00e8 un progetto preliminare\/studio di fattibilit\u00e0 del 2011 (il progetto &#8220;abbozzato&#8221; o lo &#8220;schizzo&#8221; di cui si nega l&#8217;esistenza) e soprattutto sono stati di recente adottati due provvedimenti che hanno stanziato somme per tale finalit\u00e0: la delibera consiliare di approvazione del bilancio del marzo 2020, ove 535.000 euro provenienti dalle donazioni post Vaia sono stati destinati alla costruzione dell&#8217;elisoccorso e la delibera di giunta del luglio 2020 con cui l&#8217;annualit\u00e0 2020 dei fondi di confine viene destinata alla realizzazione dei magazzini comunali. 4. \u00c8 il Sindaco stesso a non coinvolgere i consiglieri di minoranza nelle decisioni di competenza della Giunta e l&#8217;ultimo consiglio comunale risale a pi\u00f9 di due mesi fa.<\/p>\n<p><strong>DAL NOTIZIARIO DELLE 12.30 DIANA IRACI BORGIA<\/strong><\/p>\n<audio class=\"wp-audio-shortcode\" id=\"audio-156019-2\" preload=\"none\" style=\"width: 100%;\" controls=\"controls\"><source type=\"audio\/mpeg\" src=\"https:\/\/www.radiopiu.net\/wordpress\/wp-content\/uploads\/2020\/08\/DIANA-1.mp3?_=2\" \/><a href=\"https:\/\/www.radiopiu.net\/wordpress\/wp-content\/uploads\/2020\/08\/DIANA-1.mp3\">https:\/\/www.radiopiu.net\/wordpress\/wp-content\/uploads\/2020\/08\/DIANA-1.mp3<\/a><\/audio>\n<p><strong>IERI IL SINDACO ANDREA DE BERNARDIN<\/strong><\/p>\n<audio class=\"wp-audio-shortcode\" id=\"audio-156019-3\" preload=\"none\" style=\"width: 100%;\" controls=\"controls\"><source type=\"audio\/mpeg\" src=\"https:\/\/www.radiopiu.net\/wordpress\/wp-content\/uploads\/2020\/08\/ANDREA-1.mp3?_=3\" \/><a href=\"https:\/\/www.radiopiu.net\/wordpress\/wp-content\/uploads\/2020\/08\/ANDREA-1.mp3\">https:\/\/www.radiopiu.net\/wordpress\/wp-content\/uploads\/2020\/08\/ANDREA-1.mp3<\/a><\/audio>\n<p>&nbsp;<\/p>\n<p>&nbsp;<\/p>\n<p>&nbsp;<\/p>\n<p>&nbsp;<\/p>\n<hr \/>\n<blockquote>\n<h3>12 POSITIVI AL COVID, INTERESSATE ANCHE DUE FAMIGLIE DAL KOSOVO E BOSNIA<\/h3>\n<\/blockquote>\n<p><img loading=\"lazy\" decoding=\"async\" class=\"alignleft\" src=\"https:\/\/www.radiopiu.net\/wordpress\/wp-content\/uploads\/2020\/03\/covid-ulss.jpg\" width=\"231\" height=\"173\" \/><strong>BELLUNO<\/strong> Nei laboratori della Ulss1 gi\u00e0 martedi sera\u00a0 sono state\u00a0<span style=\"font-family: Calibri, sans-serif;\"> evidenziate 7 positivit\u00e0, <\/span><span style=\"font-family: Calibri, sans-serif;\">5 a carico di una famiglia di bosniaci rientrati alcuni giorni fa dal proprio Paese; <\/span><span style=\"font-family: Calibri, sans-serif;\">2 a carico di una famiglia di kossovari anch\u2019essi in rientro dal Paese di origine. <\/span><span style=\"font-family: Calibri, sans-serif;\">Tutti questi soggetti erano gi\u00e0 quarantenati al loro domicilio in quanto provenienti da nazioni non Schengen. Il tampone a queste persone, di fatto sostanzialmente asintomatiche, era stato eseguito in ottemperanza alle disposizioni normative. <\/span><span style=\"font-family: Calibri, sans-serif;\">Nella mattinata di ieri\u00a0 il Laboratorio ha refertato ulteriori 5 positivit\u00e0: <\/span><span style=\"font-family: Calibri, sans-serif;\">2 amiche rientrate da una vacanza in Romagna, entrambe gi\u00e0 isolate per sintomatologia; <\/span><span style=\"font-family: Calibri, sans-serif;\">1 soggetto rientrato dalla Croazia (identificato nell\u2019ambito dei controlli di routine) <\/span><span style=\"font-family: Calibri, sans-serif;\">1 soggetto contatto stretto di caso noto, (riconosciuto positivo al tampone di controllo) <\/span><span style=\"font-family: Calibri, sans-serif;\">1 soggetto rientrato dal Kossovo gi\u00e0 isolato come da protocollo. <\/span><span style=\"font-family: Calibri, sans-serif;\">Il Dipartimento di Prevenzione ha condotto accurate indaginI di contact tracing disponendo la quarantena per una trentina di persone identificate come contatti stretti dei casi positivi. <\/span><span style=\"font-family: Calibri, sans-serif;\">Alcuni di questi casi hanno riportato contatti stretti extra-provinciali che hanno, come da protocollo, determinato l\u2019attivazione delle aziende sanitarie territorialmente competenti. <\/span><span style=\"font-family: Calibri, sans-serif;\">Con regolarit\u00e0, anche ieri, in continuit\u00e0 con le giornate precedenti sono stati eseguiti 120 tamponi presso il drive-in di Feltre (109 Croazia, 7 Spagna, 4 Grecia).\u00a0<\/span><\/p>\n<p>&nbsp;<\/p>\n<hr \/>\n<p>&nbsp;<\/p>\n<blockquote>\n<h3>ANCORA UN DECESSO, CALANO I RICOVERATI MA AUMENTANO I POSITIVI +73 E GLI ATTUALMENTE POSITIVI +31<\/h3>\n<\/blockquote>\n<p><strong>di Mirko Mezzacasa\u00a0<\/strong><br \/>\nNuova impennata dei contagi, non succedeva da due mesi. In Veneto +73, in Italia 642, in provincia 12. Era dal 23 maggio che non si contavano cosi&#8217; tanti infetti nell&#8217;arco delle 24 ore. Va anche detto che \u00e8 imponente il numero di tamponi effettuati giornalmente e questo \u00e8 correlato con l&#8217;aumento dei contagi. Sono 1691 gli attualmente positivi in Veneto, 25 in provincia di Belluno con un aumento di 10 nell&#8217;ultimo giorno. La tragica conta dei morti arrotonda a 2100 in Regione, stabili da settimane a Belluno: 113 dal 21 febbraio.<\/p>\n<p><strong>ISOLAMENTI DOMICILIARI<\/strong><strong>:<\/strong> VENETO 6444 (+496 &#8211; 175\u00a0CON SINTOMI), PADOVA 1145 (-47 &#8211; 10), BELLUNO 261 (+27 &#8211; 21), ROVIGO 367 (+42 &#8211; 25), TREVISO 1346 (+108 &#8211; 19), VENEZIA 757 (-1 &#8211; 10), VERONA 1935 (+305 &#8211; 65), VICENZA 618 (+62 &#8211; 19)<\/p>\n<p><strong>I NUMERI\u00a0 IN VENETO:<\/strong> TOTALE POSITIVI\u00a0 21415\u00a0 (+73)\u00a0 ATTUALMENTE POSITIVI 1691 (+31)\u00a0 DECESSI 2100 (+1) NEGATIVIZZATI\u00a0 17624\u00a0 (+59)\u00a0 RICOVERATI\u00a0 118 (-5 \u2013 38 POSITIVI 80 NEGATIVIZZATI), NEGLI OSPEDALI DI COMUNITA\u2019 RICOVERATI 15\u00a0 (+1 \u2013 6 POSITIVI,\u00a0 9 NEGATIVIZZATI), IN TERAPIA INTENSIVA 7\u00a0 (+1 \u2013 5 POSITIVI, \u00a01 NEGATIVIZZATI). DIMESSI 3804 (+6) NEGLI OSPEDALI AREA NON CRITICA 332 (+1) \u00a0<strong>I NUMERI IN PROVINCIA:<\/strong> TOTALE CONTAGI 1232 (+12) , ATTUALMENTE POSITIVI 25 (+10) , DECEDUTI 113 (0), NEGATIVIZZATI 1094\u00a0 (+1) RICOVERATI IN OSPEDALE AL SAN MARTINO 0<\/p>\n<p>I GRAFICI DI TIZIANO DE COL E DAL SOLE 24 ORE LA NUOVA TABELLA DEGLI INCREMENTI DELL&#8217;INDICE Rt (soglia d&#8217;allarme 1)<\/p>\n<p><a class=\"dt-pswp-item\" href=\"https:\/\/www.radiopiu.net\/wordpress\/wp-content\/uploads\/2020\/08\/46510d4a-092d-4638-aad6-17e18a037fd1.jpg\" data-dt-img-description=\"\" data-large_image_width=\"631\" data-large_image_height=\"674\"><img loading=\"lazy\" decoding=\"async\" class=\"alignnone wp-image-156138\" src=\"https:\/\/www.radiopiu.net\/wordpress\/wp-content\/uploads\/2020\/08\/46510d4a-092d-4638-aad6-17e18a037fd1-281x300.jpg\" alt=\"\" width=\"196\" height=\"210\" srcset=\"https:\/\/www.radiopiu.net\/wordpress\/wp-content\/uploads\/2020\/08\/46510d4a-092d-4638-aad6-17e18a037fd1-281x300.jpg 281w, https:\/\/www.radiopiu.net\/wordpress\/wp-content\/uploads\/2020\/08\/46510d4a-092d-4638-aad6-17e18a037fd1.jpg 631w\" sizes=\"auto, (max-width: 196px) 100vw, 196px\" \/><\/a><a class=\"dt-pswp-item\" href=\"https:\/\/www.radiopiu.net\/wordpress\/wp-content\/uploads\/2020\/08\/f4d94d76-8186-41f5-aa28-c34fd2323670.jpg\" data-dt-img-description=\"\" data-large_image_width=\"480\" data-large_image_height=\"333\"><img loading=\"lazy\" decoding=\"async\" class=\"alignnone size-medium wp-image-156140\" src=\"https:\/\/www.radiopiu.net\/wordpress\/wp-content\/uploads\/2020\/08\/f4d94d76-8186-41f5-aa28-c34fd2323670-300x208.jpg\" alt=\"\" width=\"300\" height=\"208\" srcset=\"https:\/\/www.radiopiu.net\/wordpress\/wp-content\/uploads\/2020\/08\/f4d94d76-8186-41f5-aa28-c34fd2323670-300x208.jpg 300w, https:\/\/www.radiopiu.net\/wordpress\/wp-content\/uploads\/2020\/08\/f4d94d76-8186-41f5-aa28-c34fd2323670.jpg 480w\" sizes=\"auto, (max-width: 300px) 100vw, 300px\" \/><\/a><a class=\"dt-pswp-item\" href=\"https:\/\/www.radiopiu.net\/wordpress\/wp-content\/uploads\/2020\/08\/7ecf2e63-8a3b-4275-a604-9cb6e5d3002a.jpg\" data-dt-img-description=\"\" data-large_image_width=\"1338\" data-large_image_height=\"904\"><img loading=\"lazy\" decoding=\"async\" class=\"alignnone wp-image-156139\" src=\"https:\/\/www.radiopiu.net\/wordpress\/wp-content\/uploads\/2020\/08\/7ecf2e63-8a3b-4275-a604-9cb6e5d3002a-300x203.jpg\" alt=\"\" width=\"303\" height=\"205\" srcset=\"https:\/\/www.radiopiu.net\/wordpress\/wp-content\/uploads\/2020\/08\/7ecf2e63-8a3b-4275-a604-9cb6e5d3002a-300x203.jpg 300w, https:\/\/www.radiopiu.net\/wordpress\/wp-content\/uploads\/2020\/08\/7ecf2e63-8a3b-4275-a604-9cb6e5d3002a-1024x692.jpg 1024w, https:\/\/www.radiopiu.net\/wordpress\/wp-content\/uploads\/2020\/08\/7ecf2e63-8a3b-4275-a604-9cb6e5d3002a-768x519.jpg 768w, https:\/\/www.radiopiu.net\/wordpress\/wp-content\/uploads\/2020\/08\/7ecf2e63-8a3b-4275-a604-9cb6e5d3002a.jpg 1338w\" sizes=\"auto, (max-width: 303px) 100vw, 303px\" \/><\/a><\/p>\n<hr \/>\n<p>&nbsp;<\/p>\n<p>&nbsp;<\/p>\n<blockquote class=\"wp-embedded-content\" data-secret=\"TqOuWTtBYZ\"><p><a href=\"https:\/\/www.radiopiu.net\/wordpress\/https-wp-me-s63lo7-agg18ago\/\">CORONAVIRUS: AGGIORNAMENTO NAZIONALE 18 AGOSTO<\/a><\/p><\/blockquote>\n<p><iframe loading=\"lazy\" class=\"wp-embedded-content\" sandbox=\"allow-scripts\" security=\"restricted\" style=\"position: absolute; clip: rect(1px, 1px, 1px, 1px);\" title=\"&#8220;CORONAVIRUS: AGGIORNAMENTO NAZIONALE 18 AGOSTO&#8221; &#8212; Radio Pi\u00f9\" src=\"https:\/\/www.radiopiu.net\/wordpress\/https-wp-me-s63lo7-agg18ago\/embed\/#?secret=TqOuWTtBYZ\" data-secret=\"TqOuWTtBYZ\" width=\"600\" height=\"338\" frameborder=\"0\" marginwidth=\"0\" marginheight=\"0\" scrolling=\"no\"><\/iframe><\/p>\n<p>&nbsp;<\/p>\n<p>&nbsp;<\/p>\n<hr \/>\n<blockquote class=\"wp-embedded-content\" data-secret=\"6nftcp5YAC\"><p><a href=\"https:\/\/www.radiopiu.net\/wordpress\/https-wp-me-p63lo7-erd\/\">ANCORA UN DECESSO, CALANO I RICOVERATI MA AUMENTANO I POSITIVI +73 E GLI ATTUALMENTE POSITIVI +31<\/a><\/p><\/blockquote>\n<p><iframe loading=\"lazy\" class=\"wp-embedded-content\" sandbox=\"allow-scripts\" security=\"restricted\" style=\"position: absolute; clip: rect(1px, 1px, 1px, 1px);\" title=\"&#8220;ANCORA UN DECESSO, CALANO I RICOVERATI MA AUMENTANO I POSITIVI +73 E GLI ATTUALMENTE POSITIVI +31&#8221; &#8212; Radio Pi\u00f9\" src=\"https:\/\/www.radiopiu.net\/wordpress\/https-wp-me-p63lo7-erd\/embed\/#?secret=6nftcp5YAC\" data-secret=\"6nftcp5YAC\" width=\"600\" height=\"338\" frameborder=\"0\" marginwidth=\"0\" marginheight=\"0\" scrolling=\"no\"><\/iframe><\/p>\n<p>&nbsp;<\/p>\n<hr \/>\n<p>&nbsp;<\/p>\n<blockquote>\n<h3>A SETTEMBRE SI VOTA IN TRE COMUNI DELL&#8217;AGORDINO<\/h3>\n<\/blockquote>\n<p>Paolo Frena si ricandida a Colle Santa Lucia, Giocondo Dalle Feste a Gosaldo, Alessandro Lazzarini un anno fa bocciato dal quorum a Voltago pare non intenda ripresentarsi, forse una lista porter\u00e0 la firma del gi\u00e0 vice sindaco Gianbattista Soppelsa. In tutti i tre Comuni il vero avversario sar\u00e0 il quorum, ancora una volta, purch\u00e9 non vengano presentate altre liste, ad esempio &#8220;civetta&#8221; come gi\u00e0 successo a Gosaldo 5 anni fa, utili per evitare il commissariamento del Comune.<\/p>\n<p>&nbsp;<\/p>\n<p>&nbsp;<\/p>\n<hr \/>\n<blockquote>\n<h3>STEFANO MURER RICONFERMATO ALLA GUIDA DELLA CROCE VERDE VAL BIOIS<\/h3>\n<\/blockquote>\n<p><strong>FALCADE<\/strong> Stefano Murer \u00e8 stato riconfermato alla presidente del fondamentale e indispensabile sodalizio della Valle del Biois. Sar\u00e0 coadiuvato da un gruppo di volontari preparati: Maria Grazia Scardanzan vice presidente (entrambi si occuperanno della segreteria e dei turni); tesoriere Eddy Gaspari, Revisori dei conti Nicola Serafini, Annarita Comina e Paolo Nardi; responsabile mezzi Moreno Cadorin con Elia De Pellegrini; Collegio probiviri Isabel Ganz, Gianluigi Della Giacoma, Sabrina Tomasini Malatesta; responsabile tesseramenti Celeste De Pra con Daniele Scola; corsi <img decoding=\"async\" class=\"alignleft\" src=\"https:\/\/www.radiopiu.net\/wordpress\/wp-content\/uploads\/2020\/06\/download-36.jpg\" \/>aggiornamento Maria Grazia Scardanzan e Sabrina Malatesta Tomasini;\u00a0 responsabile assistenza gare Stefano Murer che inoltre rappresenter\u00e0 il sodalizio nel coordinamento agordino zoldano volontari ambulanze e nel comitato d&#8217;intesa tra le associazioni di volontariato: responsabile corsi aggiornamento Maria Grazia Scardanza con Sabrina Tomasini Malatesta;\u00a0 viaggi organizzati Stefano Murer; responsabile parafarmacia Roberta Strim con Giovanni Ferrini; resposabile sanitario Dottor RIccardo Mentasti; responsabile abbigliamento Maria Grazia Scardanzan con Sabrina Tomasini Malatesta.<\/p>\n<blockquote><p><strong><em>IL CONSIGLIO DI AMMINISTRAZIONE COMPOSTO DA N\u00b0 9 MEMBRI E\u2019IL SEGUENTE 01 MURER STEFANO 04 DE PELLLEGRINI ELIA 07 SCOLA DANIELE 02 SCARDANZAN MARIAGRAZIA 05 FERRINI GIOVANNI 08 STRIM ROBERTA 03 GASPARI EDDY 06 CADORIN MORENO 09 DE PRA CELESTE<\/em><\/strong><\/p><\/blockquote>\n<p>&nbsp;<\/p>\n<hr \/>\n<h2><span style=\"color: #ff0000;\">\u00a0<\/span><\/h2>\n<h2><span style=\"color: #ff0000;\">IERI ALLA RADIO<\/span><\/h2>\n<blockquote>\n<h3>VIGLIACCATA NOTTURNA, I VASI DI FIORI GETTATI NEL TORRENTE ROVA<\/h3>\n<\/blockquote>\n<p><strong>AGORDO<\/strong> Un gesto vigliacco contro la comunit\u00e0, un gesto deplorevole verso coloro che volontariamente si impegnano per rendere pi\u00f9 bella la citt\u00e0, dal Comune con i suoi consiglieri e operai ai volontari che curano le piante per tutta l&#8217;estate. Il fatto questa notte nell&#8217;oscurit\u00e0 del ponte che da via 5 Maggio porta alla piscina comprensoriale. Ne abbiamo parlato con l&#8217;assessore Chiara Fontanive nel giornale radio delle 9.30. <strong>Con l&#8217;occasione abbiamo anche chiesto all&#8217;assessore come \u00e8 andata con la prima serata di Cinema in Villa a Palazzo De Manzoni, evento sold out, questas sera il secondo appuntamento con Roger Rabbit, prenotazioni presso Ufficio Turistico di via 27 aprile.<\/strong><\/p>\n<p>&nbsp;<\/p>\n\n\t\t\t<style type='text\/css'>\n\t\t\t\t#gallery-1 {\n\t\t\t\t\tmargin: auto;\n\t\t\t\t}\n\t\t\t\t#gallery-1 .gallery-item {\n\t\t\t\t\tfloat: left;\n\t\t\t\t\tmargin-top: 10px;\n\t\t\t\t\ttext-align: center;\n\t\t\t\t\twidth: 33%;\n\t\t\t\t}\n\t\t\t\t#gallery-1 img {\n\t\t\t\t\tborder: 2px solid #cfcfcf;\n\t\t\t\t}\n\t\t\t\t#gallery-1 .gallery-caption {\n\t\t\t\t\tmargin-left: 0;\n\t\t\t\t}\n\t\t\t\t\/* see gallery_shortcode() in wp-includes\/media.php *\/\n\t\t\t<\/style>\n\t\t<div id='gallery-1' class='dt-gallery-container gallery galleryid-156019 gallery-columns-3 gallery-size-thumbnail'><dl class='gallery-item'>\n\t\t\t\t<dt class='gallery-icon portrait'>\n\t\t\t\t\t<a class=\"rollover rollover-zoom dt-pswp-item\" title=\"WhatsApp Image 2020-08-19 at 08.39.12\" data-dt-img-description=\"\" data-large_image_width=\"1200\" data-large_image_height=\"1600\"href='https:\/\/www.radiopiu.net\/wordpress\/wp-content\/uploads\/2020\/08\/WhatsApp-Image-2020-08-19-at-08.39.12.jpeg'><img loading=\"lazy\" decoding=\"async\" width=\"150\" height=\"150\" src=\"https:\/\/www.radiopiu.net\/wordpress\/wp-content\/uploads\/2020\/08\/WhatsApp-Image-2020-08-19-at-08.39.12-150x150.jpeg\" class=\"attachment-thumbnail size-thumbnail\" alt=\"\" \/><\/a>\n\t\t\t\t<\/dt><\/dl><dl class='gallery-item'>\n\t\t\t\t<dt class='gallery-icon portrait'>\n\t\t\t\t\t<a class=\"rollover rollover-zoom dt-pswp-item\" title=\"WhatsApp Image 2020-08-19 at 08.39.12 (1)\" data-dt-img-description=\"\" data-large_image_width=\"1200\" data-large_image_height=\"1600\"href='https:\/\/www.radiopiu.net\/wordpress\/wp-content\/uploads\/2020\/08\/WhatsApp-Image-2020-08-19-at-08.39.12-1.jpeg'><img loading=\"lazy\" decoding=\"async\" width=\"150\" height=\"150\" src=\"https:\/\/www.radiopiu.net\/wordpress\/wp-content\/uploads\/2020\/08\/WhatsApp-Image-2020-08-19-at-08.39.12-1-150x150.jpeg\" class=\"attachment-thumbnail size-thumbnail\" alt=\"\" \/><\/a>\n\t\t\t\t<\/dt><\/dl><dl class='gallery-item'>\n\t\t\t\t<dt class='gallery-icon portrait'>\n\t\t\t\t\t<a class=\"rollover rollover-zoom dt-pswp-item\" title=\"WhatsApp Image 2020-08-19 at 08.39.02\" data-dt-img-description=\"\" data-large_image_width=\"1200\" data-large_image_height=\"1600\"href='https:\/\/www.radiopiu.net\/wordpress\/wp-content\/uploads\/2020\/08\/WhatsApp-Image-2020-08-19-at-08.39.02.jpeg'><img loading=\"lazy\" decoding=\"async\" width=\"150\" height=\"150\" src=\"https:\/\/www.radiopiu.net\/wordpress\/wp-content\/uploads\/2020\/08\/WhatsApp-Image-2020-08-19-at-08.39.02-150x150.jpeg\" class=\"attachment-thumbnail size-thumbnail\" alt=\"\" \/><\/a>\n\t\t\t\t<\/dt><\/dl><br style=\"clear: both\" \/>\n\t\t\t<\/div>\n\n<p><strong>L&#8217;INTERVENTO NEL NOTIZIARIO DELL&#8217;ASSESSORE CHIARA FONTANIVE<\/strong><\/p>\n<audio class=\"wp-audio-shortcode\" id=\"audio-156019-4\" preload=\"none\" style=\"width: 100%;\" controls=\"controls\"><source type=\"audio\/mpeg\" src=\"https:\/\/www.radiopiu.net\/wordpress\/wp-content\/uploads\/2020\/08\/CHIARA.mp3?_=4\" \/><a href=\"https:\/\/www.radiopiu.net\/wordpress\/wp-content\/uploads\/2020\/08\/CHIARA.mp3\">https:\/\/www.radiopiu.net\/wordpress\/wp-content\/uploads\/2020\/08\/CHIARA.mp3<\/a><\/audio>\n<p>&nbsp;<\/p>\n<hr \/>\n<p>&nbsp;<\/p>\n<blockquote>\n<h3>TUTTO PRONTO PER L&#8217;INIZIO DEL NUOVO ANNO SCOLASTICO, POTENZIATO INTERNET<\/h3>\n<\/blockquote>\n<p><strong> <a class=\"dt-pswp-item\" href=\"https:\/\/www.radiopiu.net\/wordpress\/wp-content\/uploads\/2020\/08\/unnamed-1.jpg\" data-dt-img-description=\"\" data-large_image_width=\"300\" data-large_image_height=\"199\"><img loading=\"lazy\" decoding=\"async\" class=\"wp-image-156164 alignleft\" src=\"https:\/\/www.radiopiu.net\/wordpress\/wp-content\/uploads\/2020\/08\/unnamed-1.jpg\" alt=\"\" width=\"146\" height=\"97\" \/><\/a>LIMANA<\/strong><\/p>\n<p><strong>DI DAMIANO TORMEN<\/strong><\/p>\n<audio class=\"wp-audio-shortcode\" id=\"audio-156019-5\" preload=\"none\" style=\"width: 100%;\" controls=\"controls\"><source type=\"audio\/mpeg\" src=\"https:\/\/www.radiopiu.net\/wordpress\/wp-content\/uploads\/2020\/08\/DAMIANO-NORME.mp3?_=5\" \/><a href=\"https:\/\/www.radiopiu.net\/wordpress\/wp-content\/uploads\/2020\/08\/DAMIANO-NORME.mp3\">https:\/\/www.radiopiu.net\/wordpress\/wp-content\/uploads\/2020\/08\/DAMIANO-NORME.mp3<\/a><\/audio>\n<p>&nbsp;<\/p>\n<hr \/>\n<blockquote>\n<h3>DISOCCUPATI, OCCUPATI, DIPLOMATI: L\u2019OFFERTA FORMATIVA DI CERTOTTICA RIPARTE A 360\u00b0<\/h3>\n<\/blockquote>\n<p><strong><a class=\"dt-pswp-item\" href=\"https:\/\/www.radiopiu.net\/wordpress\/wp-content\/uploads\/2020\/08\/CERTOTTICA.jpg\" data-dt-img-description=\"\" data-large_image_width=\"1500\" data-large_image_height=\"1000\"><img loading=\"lazy\" decoding=\"async\" class=\"size-medium wp-image-156059 alignleft\" src=\"https:\/\/www.radiopiu.net\/wordpress\/wp-content\/uploads\/2020\/08\/CERTOTTICA-300x200.jpg\" alt=\"\" width=\"300\" height=\"200\" srcset=\"https:\/\/www.radiopiu.net\/wordpress\/wp-content\/uploads\/2020\/08\/CERTOTTICA-300x200.jpg 300w, https:\/\/www.radiopiu.net\/wordpress\/wp-content\/uploads\/2020\/08\/CERTOTTICA-1024x683.jpg 1024w, https:\/\/www.radiopiu.net\/wordpress\/wp-content\/uploads\/2020\/08\/CERTOTTICA-768x512.jpg 768w, https:\/\/www.radiopiu.net\/wordpress\/wp-content\/uploads\/2020\/08\/CERTOTTICA.jpg 1500w\" sizes=\"auto, (max-width: 300px) 100vw, 300px\" \/><\/a>LONGARONE\u00a0<\/strong>Aziende, occupati, dipomati:<span class=\"Apple-converted-space\">\u00a0 <\/span>a settembre l\u2019offerta formativa di Certottica riparte a 360\u00b0 coinvolgendo tutto il mondo dell\u2019occhialeria e non solo.\u00a0Il primo appuntamento \u00e8 l\u201911 settembre con il corso \u201cInnovazione Sostenibile per l\u2019Industria dell\u2019Occhiale, del Sistema Moda e dello Sport\u201d, realizzato in stretta sinergia con il Dipartimento di Ingegneria Industriale dell&#8217;Universit\u00e0 degli Studi di Padova. L\u2019iter formativo, strutturato in 12 moduli divisi tra didattica frontale e attivit\u00e0 di laboratorio, per un totale di 120 ore, \u00e8 destinato a 20 responsabili di funzione o consulenti per adeguare le competenze di tali figure allo sviluppo creativo ed innovativo nella produzione ecosostenibile.\u00a0Per i diplomati in cerca di una specializzazione creativa che li immetta nel mondo del lavoro, invece, sono aperte le iscrizioni alla selezione (fissata al 22 settembre) per la 7\u00b0 edizione del corso ITS ACADEMY per EYEWEAR PRODUCT MANAGER.\u00a0Il biennio formativo mescola 1200 ore di formazione a 800 ore di tirocinio ed \u00e8 tarato sulle esigenze delle aziende: a dimostrarlo il dato che vede l\u201985% degli allievi occupati entro i 6 mesi dal raggiungimento del diploma. Il corso, in capo alla Fondazione Fashion Academy ITS COSMO \u00e8 finanziato dalla Regione del Veneto e dal MIUR nel solco del Fondo Sociale Europeo.\u00a0Workshop di aggiornamento tecnico normativo per le aziende, invece, il 16 ottobre: \u201cIl nuovo regolamento europeo per i Dispositivi Medici 2017\/745\u201d sar\u00e0 il titolo dell\u2019evento che si svilupper\u00e0 in una prima parte incentrata sugli \u201cAspetti generali e la nuova funzione di Persona Responsabile del rispetto della normativa\u201d a cura dell\u2019 Avv. Silvia Stefanelli dello Studio Legale Stefanelli, e la seconda relativa a \u201cIl sistema di identificazione unica del dispositivo: \u00absistema UDI\u00bb<b>\u201d <\/b>tenuta dalla dott.ssa Giada Necci di GS1 Italy. Per adeguare il numero dei partecipanti alle normative per il contenimento del Covid19, Certottica propone una sessione alle 9.00 e una alle 14.00: l\u2019iscrizione \u00e8 chiaramente obbligatoria.\u00a0L\u2019appuntamento, di interesse pregnante per le realt\u00e0 produttive, sar\u00e0 gratuito in quanto finanziato dal protocollo d\u2019intesa siglato da Anfao e dalla Regione del Veneto nel solco del Fondo Sociale Europeo.\u00a0Questo \u00e8 solo un assaggio delle proposte che l\u2019area ha in cantiere e che vedranno la formazione protagonista di tutto l\u2019autunno: per ogni ulteriore informazione e per rimanere aggiornati, vi invitiamo a seguirci su tutti i canali social (FB, LinkedIn e Instagram) e a contattare l\u2019Area Formazione allo 0437\/573157 o, via mail, a <a href=\"mailto:formazione@certottica.it\">formazione@certottica.it<\/a>.<\/p>\n<p>&nbsp;<\/p>\n<p>&nbsp;<\/p>\n<hr \/>\n<p>&nbsp;<\/p>\n<blockquote>\n<h3>L&#8217;ASSEMBLEA DEL CIRCOLO CULTURALE AGORDINO<\/h3>\n<\/blockquote>\n<p><strong>AGORDO<\/strong> Sabato alle 11 nella sala riunioni della Biblioteca di via 27 aprile assemblea ordinaria dei soci del circolo Culturale Agordino. Ordine del giorno: relazione attivit\u00e0 svolte della presidente Maria Teresa Cirronis, programma 2020, rendiconto e consuntivo 2019, bilancio preventivo 2020.<\/p>\n<p>&nbsp;<\/p>\n<p>&nbsp;<\/p>\n<hr \/>\n<p>&nbsp;<\/p>\n<blockquote>\n<h3>76\u00b0 ANNIVERSARIO DEL 20 AGOSTO 1944 IN VALLE DEL BIOIS<\/h3>\n<\/blockquote>\n<p><strong>VALLE DEL BIOIS<\/strong> 47 morti, 314 persone senza casa, cittadini deportati e la distruzione di 54 abitazioni e 39 stalle e fienili. Era il 20 e 21 agosto del 1944 quando la guerra in Valle del Biois provoc\u00f2 questi orrori. Oggi \u00e8 il 76\u00b0 anniversario di questa tragedia. A Vallada Agordina, alle 16:45, la deposizione della corona d&#8217;alloro da parte del sindaco Fabio Lucchetta presso il cippo in ricordo del Senatore Attilio Tissi. A Canale D&#8217;Agordo sar\u00e0 il sindaco Flavio Colcergnan a ricordare i caduti nel cimitero del paese. A seguire la deposizione della corona al cippo dei fucilati sulla piana di Falcade e la deposizione di un mazzo di fiori al monumento del Maggiore Tilman in localit\u00e0 Molino. La giornata si conclude a Caviola dove alle 18:20 ci sar\u00e0 l&#8217;alzabandiera e la deposizione di un mazzo di fiori al monumento in piazza Sandro Pertini. La cerimonia si chiude alle 18:30 con la Santa Messa nella chiesa San Pio X di Caviola, deposizione di una corona presso la lapide in piazza XX Agosto e saluto del sindaco di Falcade Michele Costa<\/p>\n<p>&nbsp;<\/p>\n<p>&nbsp;<\/p>\n<hr \/>\n<p>&nbsp;<\/p>\n<div class=\"page\" title=\"Page 1\">\n<div class=\"layoutArea\">\n<div class=\"column\">\n<blockquote>\n<h3>TORNA LA MUSICA NEI BOSCHI DEL COMELICO SABATO CONCERTO NELLA \u201cVIZA\u201d DI VALGRANDE<\/h3>\n<\/blockquote>\n<p><strong><a class=\"dt-pswp-item\" href=\"https:\/\/www.radiopiu.net\/wordpress\/wp-content\/uploads\/2020\/08\/Concerto-VIZArt-2019.jpg\" data-dt-img-description=\"\" data-large_image_width=\"1920\" data-large_image_height=\"1080\"><img loading=\"lazy\" decoding=\"async\" class=\"size-medium wp-image-156062 alignleft\" src=\"https:\/\/www.radiopiu.net\/wordpress\/wp-content\/uploads\/2020\/08\/Concerto-VIZArt-2019-300x169.jpg\" alt=\"\" width=\"300\" height=\"169\" srcset=\"https:\/\/www.radiopiu.net\/wordpress\/wp-content\/uploads\/2020\/08\/Concerto-VIZArt-2019-300x169.jpg 300w, https:\/\/www.radiopiu.net\/wordpress\/wp-content\/uploads\/2020\/08\/Concerto-VIZArt-2019-1024x576.jpg 1024w, https:\/\/www.radiopiu.net\/wordpress\/wp-content\/uploads\/2020\/08\/Concerto-VIZArt-2019-768x432.jpg 768w, https:\/\/www.radiopiu.net\/wordpress\/wp-content\/uploads\/2020\/08\/Concerto-VIZArt-2019-1536x864.jpg 1536w, https:\/\/www.radiopiu.net\/wordpress\/wp-content\/uploads\/2020\/08\/Concerto-VIZArt-2019.jpg 1920w\" sizes=\"auto, (max-width: 300px) 100vw, 300px\" \/><\/a>COMELICO SUPERIORE<\/strong> La \u201cviza da fabrica\u201d di Valgrande di Comelico Superiore torna protagonista dell&#8217;estate culturale comeliana. Sabato 22 sar\u00e0 infatti il bosco della Regola di Dosoledo, gi\u00e0 teatro nel 2019 della realizzazione di opere di land-art realizzate con gli alberi schiantati dalla tempesta Vaia, ad ospitare \u201cRisonanze nel bosco di VIZArt\u201d, il concerto che vedr\u00e0 protagonista il Trio Dafne (Luigi Sella, sax soprano; Marco Crestani, sax baritono; Lorenzo Tonon, pianoforte). L&#8217;iniziativa rientra nell\u2019ambito degli eventi culturali, laboratori didattici e visite animate inseriti nel progetto \u201cItinerari in rete: per lo sviluppo di un turismo culturale in Cadore\u201d promosso dalla Magnifica Comunit\u00e0 di Cadore e dalla Fondazione Museo dell\u2019Occhiale con il contributo di Fondazione Cariverona. Il concerto \u2013 che si terr\u00e0 nell&#8217;anfiteatro naturale che gi\u00e0 lo scorso anno ospit\u00f2 l&#8217;evento finale di VIZArt \u2013 \u00e8 proposto in collaborazione con il Museo Algudnei, di cui VIZArt rappresenta una sezione all&#8217;aperto, e la Regola di Dosoledo ed avr\u00e0 inizio alle 16.00; il ritrovo \u00e8 fissato alle 15.00 al parcheggio del Soggiorno Alpino Don Bosco di Valgrande di Padola di Comelico Superiore. Nel rispetto delle normative anti-Covid, \u00e8 vietata la partecipazione alle persone che presentano sintomi influenzali e\/o con temperatura superiore ai 37.5\u00b0. \u00c8 raccomandato l&#8217;uso di mascherina e gel idroalcolico, oltre al mantenimento della distanza di almeno un metro tra gli spettatori; \u00e8 consigliata la prenotazione al 347\/5794496. In caso di maltempo, il concerto si terr\u00e0 nella sala polifunzionale della scuola elementare di Dosoledo. Il progetto biennale \u201cRI-ambientiamoci\u201d \u00e8 nato dalla collaborazione tra Lass\u00f9 &#8211; Societ\u00e0 Cooperativa, il CAAF CGIL Nordest, la FLAI CGIL, la Regola di Dosoledo, la Regola di Casada e il Gruppo di Ricerche Culturali Algudnei. \u201cRI-Ambientiamoci\u201d gode anche del patrocinio della Fondazione Dolomiti Unesco, dell&#8217;Unione Montana Comelico e del Comune di Comelico Superiore.<\/p>\n<p>&nbsp;<\/p>\n<hr \/>\n<p>&nbsp;<\/p>\n<p>&nbsp;<\/p>\n<h2><span style=\"color: #ff0000;\">IERI ALLA RADIO<\/span><\/h2>\n<h2><strong><a class=\"dt-pswp-item\" href=\"https:\/\/www.radiopiu.net\/wordpress\/wp-content\/uploads\/2020\/08\/PIAN-LONGHI.jpg\" data-dt-img-description=\"\" data-large_image_width=\"1630\" data-large_image_height=\"910\"><img loading=\"lazy\" decoding=\"async\" class=\" wp-image-155200 alignleft\" src=\"https:\/\/www.radiopiu.net\/wordpress\/wp-content\/uploads\/2020\/08\/PIAN-LONGHI-300x167.jpg\" alt=\"\" width=\"210\" height=\"117\" srcset=\"https:\/\/www.radiopiu.net\/wordpress\/wp-content\/uploads\/2020\/08\/PIAN-LONGHI-300x167.jpg 300w, https:\/\/www.radiopiu.net\/wordpress\/wp-content\/uploads\/2020\/08\/PIAN-LONGHI-1024x572.jpg 1024w, https:\/\/www.radiopiu.net\/wordpress\/wp-content\/uploads\/2020\/08\/PIAN-LONGHI-768x429.jpg 768w, https:\/\/www.radiopiu.net\/wordpress\/wp-content\/uploads\/2020\/08\/PIAN-LONGHI-1536x858.jpg 1536w, https:\/\/www.radiopiu.net\/wordpress\/wp-content\/uploads\/2020\/08\/PIAN-LONGHI.jpg 1630w\" sizes=\"auto, (max-width: 210px) 100vw, 210px\" \/><\/a><span style=\"color: #000000;\">TUTTO OK A\u00a0 PIAN LONGHI SUL NEVEGAL<\/span><\/strong><\/h2>\n<p><strong>BELLUNO<\/strong> Come va a Pian Longhi? <em>&#8220;E&#8217; tutto aperto nonostante le tante voci false di questi giorni dopo i titoloni dei giornali. Siamo consapevoli di quanto stiamo facendo, non mancano i controlli degli organi competenti. Siamo tranquilli ed anche il ragazzo tornato positivo al covid dalla Spagna sta bene. Siamo adottando tutte le precauzioni anti covid&#8221;\u00a0<\/em>Ai microfoni di RADIO PIU Enrico De Bona.<\/p>\n<p><strong>di Claudio Fontanive<\/strong><\/p>\n<audio class=\"wp-audio-shortcode\" id=\"audio-156019-6\" preload=\"none\" style=\"width: 100%;\" controls=\"controls\"><source type=\"audio\/mpeg\" src=\"https:\/\/www.radiopiu.net\/wordpress\/wp-content\/uploads\/2020\/08\/enrico-de-bona.mp3?_=6\" \/><a href=\"https:\/\/www.radiopiu.net\/wordpress\/wp-content\/uploads\/2020\/08\/enrico-de-bona.mp3\">https:\/\/www.radiopiu.net\/wordpress\/wp-content\/uploads\/2020\/08\/enrico-de-bona.mp3<\/a><\/audio>\n<p>&nbsp;<\/p>\n<p>&nbsp;<\/p>\n<p>&nbsp;<\/p>\n<hr \/>\n<p>&nbsp;<\/p>\n<blockquote>\n<h3>LUIGI RIVIS E LA CHIESETTA DI DIGOM\u00c0N \u201cPRIMA CHE I RICORDI IMPALLIDISCANO\u201d di RENATO BONA<\/h3>\n<\/blockquote>\n<p><strong>VOLTAGO\u00a0<\/strong> \u201cPrima che i ricordi impallidiscano\u201d. E\u2019 il titolo di un bel libro di Luigi Rivis (collaborazioni al testo di Dino Bridda, alle ricerche d\u00ec\u2019archivio di Gina Pedrech) che nel luglio 2000 \u00e8 stato stampato dalla bellunese tipografia Piave, dedicato alla chiesetta della Beata Vergine di Lourdes a Digom\u00e0n, per \u201ccent\u2019anni di devozione popolare con cenni storici sul paese\u201d. In copertina ( Gabriele Riva) un acquerello di Massimo Facchin, datato giugno 2000, in quarta di copertina statua lignea policroma della Madonna di Lourdes, opera del gardenie Josef Anton Mussner (1900), composizione ed impaginazione elettronica di Loris Santomaso e Toni Pampanin. Rivis, precisando che il ricavato dalla vendita del libro veniva devoluto alla chiesetta di Digoman di Voltago Agordino in provincia di Belluno dedicava il suo lavoro alla madre Germana e alle donne di Digoman che \u201cper un secolo hanno amorevolmente custodito questa chiesa\u201d. Nella prefazione, l\u2019allora arcidiacono di Agordo, monsignor Lino Mottes, scrive fra l\u2019altro che \u201cIl lavoro di ricerca della memoria storica \u00e8 un\u2019opera benemerita perch\u00e9 la chiesetta di Digom\u00e0n \u00e8 un \u2018simbolo\u2019, una \u2018tenda\u2019 nella quale hanno trovato e trovano ristoro le persone di un intero paese, indistintamente, nello scorrere della vita e nella multiforme sofferenza umana\u201d. C\u2019\u00e8, nel libro, anche un contributo di don Stefano Gorzegno, all\u2019epoca amministratore parrocchiale di Voltago e di Frassen\u00e8 Agordino (scomparso tragicamente alcuni lustri or sono dopo aver salvato un gruppo di ragazzi che rischiavano di annegare &#8211; ndr.) il quale sottolineava in particolare il fatto che \u201calla tenacia ed al sacrificio di quella gente dobbiamo un primato di cui Digoman pu\u00f2 andar fiera: aver edificato la prima Chiesa della Diocesi di Belluno-Feltre dedicata alla Madonna di Lourdes\u201d. In conclusione della premessa, Rivis, Gina Pedrech e Renza Scussel scrivevano che \u201cLa grande storia nasce da tante microstorie particolari che vanno a comporre il complesso mosaico delle vicende dell\u2019umanit\u00e0: la piccola storia della chiesetta di Digom\u00e0n \u00e8 l\u2019esemplificazione che \u2018dal basso\u2019 la storia trova forza e radice per comprendere nelle sue pagine gli uomini e le donne che ne sono gli autentici, anche se spesso sconosciuti, protagonisti\u201d. Nel capitolo \u201cUna chiesa per volont\u00e0 popolare\u201d si evidenzia il fatto che \u201cUna comunit\u00e0 senza chiesa \u00e8 mancante soprattutto di un luogo sacro, quale necessario punto di riferimento per la comunit\u00e0 stessa: un luogo idoneo, coperto e raccolto ove i credenti possano testimoniare la loro fede e condividere l\u2019esperienza della vita quotidiana\u201d e quindi si ricorda che \u201cChi rimaneva, in prevalenza donne, bambini ed anziani, ormai da tempo lamentava che, ad esempio, per recitare il rosario alla sera ci si radunava nella piazzetta davanti alla casa dei Bastiani. Era questo un luogo consuetudinario \u2013 ma anche ritenuto in qualche modo \u2018sacro\u2019 perch\u00e9 sulla facciata rivolta verso la piazzetta c\u2019erano e ci sono tutt\u2019ora, immagini e simboli religiosi che ispirano alla devozione: un grande crocifisso in legno e la raffigurazione di vari santi fra i quali san Cristoforo. Si racconta che vigeva l\u2019usanza di passare per le strade del paese con un campanello, il cui suono chiamava a raccolta la gente per le serali pratiche religiose\u201d. E quindi si richiama il dono del terreno su cui costruire finalmente una chiesetta, da parte della benemerita Giovanna Casera, sorella di Giuseppina. Alla sua scomparsa il bollettino parrocchiale le dedic\u00f2 queste righe: \u201cIl 18 dicembre 1938 \u00e8 morta a 97 anni Giovanna Casera. Donna di elette virt\u00f9, pass\u00f2 la sua lunga esistenza nel lavoro e facendo del bene. Va ricordata in modo particolare perch\u00e9 impieg\u00f2 buona parte del suo nella costruzione della chiesetta di Digom\u00e0n, dedicata alla B.V. di Lourdes, chiesetta che rimarr\u00e0 quale testimonianza della sua piet\u00e0 e della sua devozione verso la Madonna\u201d. Compiuto il primo passo, il via ai lavori di costruzione, con tutta la comunit\u00e0 coinvolta nell\u2019operazione: \u201ced a ciascuno &#8211; uomini e donne &#8211; venne assegnato un compito. Ai primi tocc\u00f2 il lavoro di preparazione dei materiali e la costruzione del manufatto, alle seconde l\u2019incombenza del trasporto dei materiali, in ci\u00f2 aiutate anche dai pi\u00f9 giovani\u2026\u201d. Sul finire dell\u2019estate del 1900 il via alle pratiche per l\u2019ufficializzazione della chiesa e il 29 ottobre il verbale che il parroco don Giovanni Marcon invi\u00f2 alla Curia vescovile di Belluno in cui si legge: \u201cIl sottoscritto parroco, quale delegato vescovile, come da lettera curiale in data 17 ottobre 1900 n. 1123, benedisse, giusto il rito prescritto dal Rituale romano cap. 27, la nuova chiesetta di Digom\u00e0n di Voltago in onore della B.V. di Lourdes\u2026\u201d. Gli altri capitoli del libro sono dedicati a \u201cUn secolo di vita e di opere religiose\u201d (La cura per gli arredi; I lavori di manutenzione; Le funzioni ed i riti officiati; Funerali, matrimoni e norme canoniche; Custodi e catechiste; I festeggiamenti di febbraio e di luglio in onore della Madonna; La vicenda delle campane; Un \u2018Palladio\u2019 carico di memorie) e a \u201cCenni storici su Digom\u00e0n\u201d (Tra i \u201csiver\u201d e i \u201ct\u00f2goi\u201d; Una posizione appartata; Le tracce del passato: da Roma alla Serenissima; C\u2019\u00e8 anche un passato regoliero; Un po\u2019 di onomastica; Immagini e vicende del paese; La latteria sociale: una conquista; La costruzione della strada Voltago-Le Miotte); infine ai Personaggi di una lunga storia\u201d (L\u2019eresia del suonatore; Il turbolento mansionario degli Agonizzanti; Il soldato \u2018per cambio\u2019 con Napoleone in Russia; Quasi sessant\u2019anni in Curia).<\/p>\n<p>&nbsp;<\/p>\n\n\t\t\t<style type='text\/css'>\n\t\t\t\t#gallery-2 {\n\t\t\t\t\tmargin: auto;\n\t\t\t\t}\n\t\t\t\t#gallery-2 .gallery-item {\n\t\t\t\t\tfloat: left;\n\t\t\t\t\tmargin-top: 10px;\n\t\t\t\t\ttext-align: center;\n\t\t\t\t\twidth: 16%;\n\t\t\t\t}\n\t\t\t\t#gallery-2 img {\n\t\t\t\t\tborder: 2px solid #cfcfcf;\n\t\t\t\t}\n\t\t\t\t#gallery-2 .gallery-caption {\n\t\t\t\t\tmargin-left: 0;\n\t\t\t\t}\n\t\t\t\t\/* see gallery_shortcode() in wp-includes\/media.php *\/\n\t\t\t<\/style>\n\t\t<div id='gallery-2' class='dt-gallery-container gallery galleryid-156019 gallery-columns-6 gallery-size-thumbnail'><dl class='gallery-item'>\n\t\t\t\t<dt class='gallery-icon landscape'>\n\t\t\t\t\t<a class=\"rollover rollover-zoom dt-pswp-item\" title=\"118084063_592665651374327_4407930410915436194_n\" data-dt-img-description=\"\" data-large_image_width=\"960\" data-large_image_height=\"953\"href='https:\/\/www.radiopiu.net\/wordpress\/wp-content\/uploads\/2020\/08\/118084063_592665651374327_4407930410915436194_n.jpg'><img loading=\"lazy\" decoding=\"async\" width=\"150\" height=\"150\" src=\"https:\/\/www.radiopiu.net\/wordpress\/wp-content\/uploads\/2020\/08\/118084063_592665651374327_4407930410915436194_n-150x150.jpg\" class=\"attachment-thumbnail size-thumbnail\" alt=\"\" srcset=\"https:\/\/www.radiopiu.net\/wordpress\/wp-content\/uploads\/2020\/08\/118084063_592665651374327_4407930410915436194_n-150x150.jpg 150w, https:\/\/www.radiopiu.net\/wordpress\/wp-content\/uploads\/2020\/08\/118084063_592665651374327_4407930410915436194_n-300x298.jpg 300w, https:\/\/www.radiopiu.net\/wordpress\/wp-content\/uploads\/2020\/08\/118084063_592665651374327_4407930410915436194_n-768x762.jpg 768w, https:\/\/www.radiopiu.net\/wordpress\/wp-content\/uploads\/2020\/08\/118084063_592665651374327_4407930410915436194_n.jpg 960w\" sizes=\"auto, (max-width: 150px) 100vw, 150px\" \/><\/a>\n\t\t\t\t<\/dt><\/dl><dl class='gallery-item'>\n\t\t\t\t<dt class='gallery-icon landscape'>\n\t\t\t\t\t<a class=\"rollover rollover-zoom dt-pswp-item\" title=\"118057335_657572298181227_2305112717575081983_n\" data-dt-img-description=\"\" data-large_image_width=\"2048\" data-large_image_height=\"1536\"href='https:\/\/www.radiopiu.net\/wordpress\/wp-content\/uploads\/2020\/08\/118057335_657572298181227_2305112717575081983_n.jpg'><img loading=\"lazy\" decoding=\"async\" width=\"150\" height=\"150\" src=\"https:\/\/www.radiopiu.net\/wordpress\/wp-content\/uploads\/2020\/08\/118057335_657572298181227_2305112717575081983_n-150x150.jpg\" class=\"attachment-thumbnail size-thumbnail\" alt=\"\" \/><\/a>\n\t\t\t\t<\/dt><\/dl><dl class='gallery-item'>\n\t\t\t\t<dt class='gallery-icon portrait'>\n\t\t\t\t\t<a class=\"rollover rollover-zoom dt-pswp-item\" title=\"117901259_314249610018760_3860709046522150967_n\" data-dt-img-description=\"\" data-large_image_width=\"643\" data-large_image_height=\"960\"href='https:\/\/www.radiopiu.net\/wordpress\/wp-content\/uploads\/2020\/08\/117901259_314249610018760_3860709046522150967_n.jpg'><img loading=\"lazy\" decoding=\"async\" width=\"150\" height=\"150\" src=\"https:\/\/www.radiopiu.net\/wordpress\/wp-content\/uploads\/2020\/08\/117901259_314249610018760_3860709046522150967_n-150x150.jpg\" class=\"attachment-thumbnail size-thumbnail\" alt=\"\" \/><\/a>\n\t\t\t\t<\/dt><\/dl><dl class='gallery-item'>\n\t\t\t\t<dt class='gallery-icon portrait'>\n\t\t\t\t\t<a class=\"rollover rollover-zoom dt-pswp-item\" title=\"118008428_3204043816369929_7482279642880919036_n\" data-dt-img-description=\"\" data-large_image_width=\"716\" data-large_image_height=\"960\"href='https:\/\/www.radiopiu.net\/wordpress\/wp-content\/uploads\/2020\/08\/118008428_3204043816369929_7482279642880919036_n.jpg'><img loading=\"lazy\" decoding=\"async\" width=\"150\" height=\"150\" src=\"https:\/\/www.radiopiu.net\/wordpress\/wp-content\/uploads\/2020\/08\/118008428_3204043816369929_7482279642880919036_n-150x150.jpg\" class=\"attachment-thumbnail size-thumbnail\" alt=\"\" \/><\/a>\n\t\t\t\t<\/dt><\/dl><dl class='gallery-item'>\n\t\t\t\t<dt class='gallery-icon landscape'>\n\t\t\t\t\t<a class=\"rollover rollover-zoom dt-pswp-item\" title=\"118122731_1540537249667646_1688536632239402604_n\" data-dt-img-description=\"\" data-large_image_width=\"2048\" data-large_image_height=\"1473\"href='https:\/\/www.radiopiu.net\/wordpress\/wp-content\/uploads\/2020\/08\/118122731_1540537249667646_1688536632239402604_n.jpg'><img loading=\"lazy\" decoding=\"async\" width=\"150\" height=\"150\" src=\"https:\/\/www.radiopiu.net\/wordpress\/wp-content\/uploads\/2020\/08\/118122731_1540537249667646_1688536632239402604_n-150x150.jpg\" class=\"attachment-thumbnail size-thumbnail\" alt=\"\" \/><\/a>\n\t\t\t\t<\/dt><\/dl><dl class='gallery-item'>\n\t\t\t\t<dt class='gallery-icon landscape'>\n\t\t\t\t\t<a class=\"rollover rollover-zoom dt-pswp-item\" title=\"118112574_1863777233764326_1821951210571537606_n\" data-dt-img-description=\"\" data-large_image_width=\"2048\" data-large_image_height=\"1367\"href='https:\/\/www.radiopiu.net\/wordpress\/wp-content\/uploads\/2020\/08\/118112574_1863777233764326_1821951210571537606_n.jpg'><img loading=\"lazy\" decoding=\"async\" width=\"150\" height=\"150\" src=\"https:\/\/www.radiopiu.net\/wordpress\/wp-content\/uploads\/2020\/08\/118112574_1863777233764326_1821951210571537606_n-150x150.jpg\" class=\"attachment-thumbnail size-thumbnail\" alt=\"\" \/><\/a>\n\t\t\t\t<\/dt><\/dl><br style=\"clear: both\" \/><dl class='gallery-item'>\n\t\t\t\t<dt class='gallery-icon portrait'>\n\t\t\t\t\t<a class=\"rollover rollover-zoom dt-pswp-item\" title=\"117987275_758634278249177_5069418628525466833_n\" data-dt-img-description=\"\" data-large_image_width=\"544\" data-large_image_height=\"960\"href='https:\/\/www.radiopiu.net\/wordpress\/wp-content\/uploads\/2020\/08\/117987275_758634278249177_5069418628525466833_n.jpg'><img loading=\"lazy\" decoding=\"async\" width=\"150\" height=\"150\" src=\"https:\/\/www.radiopiu.net\/wordpress\/wp-content\/uploads\/2020\/08\/117987275_758634278249177_5069418628525466833_n-150x150.jpg\" class=\"attachment-thumbnail size-thumbnail\" alt=\"\" \/><\/a>\n\t\t\t\t<\/dt><\/dl><dl class='gallery-item'>\n\t\t\t\t<dt class='gallery-icon portrait'>\n\t\t\t\t\t<a class=\"rollover rollover-zoom dt-pswp-item\" title=\"117960872_636410400618591_2463442941943835013_n\" data-dt-img-description=\"\" data-large_image_width=\"536\" data-large_image_height=\"960\"href='https:\/\/www.radiopiu.net\/wordpress\/wp-content\/uploads\/2020\/08\/117960872_636410400618591_2463442941943835013_n.jpg'><img loading=\"lazy\" decoding=\"async\" width=\"150\" height=\"150\" src=\"https:\/\/www.radiopiu.net\/wordpress\/wp-content\/uploads\/2020\/08\/117960872_636410400618591_2463442941943835013_n-150x150.jpg\" class=\"attachment-thumbnail size-thumbnail\" alt=\"\" \/><\/a>\n\t\t\t\t<\/dt><\/dl><dl class='gallery-item'>\n\t\t\t\t<dt class='gallery-icon portrait'>\n\t\t\t\t\t<a class=\"rollover rollover-zoom dt-pswp-item\" title=\"118008424_699012690682102_8891535900517345549_n\" data-dt-img-description=\"\" data-large_image_width=\"897\" data-large_image_height=\"960\"href='https:\/\/www.radiopiu.net\/wordpress\/wp-content\/uploads\/2020\/08\/118008424_699012690682102_8891535900517345549_n.jpg'><img loading=\"lazy\" decoding=\"async\" width=\"150\" height=\"150\" src=\"https:\/\/www.radiopiu.net\/wordpress\/wp-content\/uploads\/2020\/08\/118008424_699012690682102_8891535900517345549_n-150x150.jpg\" class=\"attachment-thumbnail size-thumbnail\" alt=\"\" \/><\/a>\n\t\t\t\t<\/dt><\/dl><dl class='gallery-item'>\n\t\t\t\t<dt class='gallery-icon portrait'>\n\t\t\t\t\t<a class=\"rollover rollover-zoom dt-pswp-item\" title=\"118003499_760912978060297_3073355488400188955_n\" data-dt-img-description=\"\" data-large_image_width=\"727\" data-large_image_height=\"960\"href='https:\/\/www.radiopiu.net\/wordpress\/wp-content\/uploads\/2020\/08\/118003499_760912978060297_3073355488400188955_n.jpg'><img loading=\"lazy\" decoding=\"async\" width=\"150\" height=\"150\" src=\"https:\/\/www.radiopiu.net\/wordpress\/wp-content\/uploads\/2020\/08\/118003499_760912978060297_3073355488400188955_n-150x150.jpg\" class=\"attachment-thumbnail size-thumbnail\" alt=\"\" \/><\/a>\n\t\t\t\t<\/dt><\/dl><dl class='gallery-item'>\n\t\t\t\t<dt class='gallery-icon portrait'>\n\t\t\t\t\t<a class=\"rollover rollover-zoom dt-pswp-item\" title=\"118242564_300554451393628_9151785316298376229_n\" data-dt-img-description=\"\" data-large_image_width=\"707\" data-large_image_height=\"960\"href='https:\/\/www.radiopiu.net\/wordpress\/wp-content\/uploads\/2020\/08\/118242564_300554451393628_9151785316298376229_n.jpg'><img loading=\"lazy\" decoding=\"async\" width=\"150\" height=\"150\" src=\"https:\/\/www.radiopiu.net\/wordpress\/wp-content\/uploads\/2020\/08\/118242564_300554451393628_9151785316298376229_n-150x150.jpg\" class=\"attachment-thumbnail size-thumbnail\" alt=\"\" \/><\/a>\n\t\t\t\t<\/dt><\/dl><dl class='gallery-item'>\n\t\t\t\t<dt class='gallery-icon landscape'>\n\t\t\t\t\t<a class=\"rollover rollover-zoom dt-pswp-item\" title=\"118037604_1514527168730384_5957191324712443316_n\" data-dt-img-description=\"\" data-large_image_width=\"642\" data-large_image_height=\"300\"href='https:\/\/www.radiopiu.net\/wordpress\/wp-content\/uploads\/2020\/08\/118037604_1514527168730384_5957191324712443316_n.jpg'><img loading=\"lazy\" decoding=\"async\" width=\"150\" height=\"150\" src=\"https:\/\/www.radiopiu.net\/wordpress\/wp-content\/uploads\/2020\/08\/118037604_1514527168730384_5957191324712443316_n-150x150.jpg\" class=\"attachment-thumbnail size-thumbnail\" alt=\"\" \/><\/a>\n\t\t\t\t<\/dt><\/dl><br style=\"clear: both\" \/>\n\t\t\t<\/div>\n\n<p>NELLE FOTO (riproduzioni dal libri \u201cPrima che i ricordi impallidiscano. La chiesetta della Beata Vergine di Lourdes a Digoman): l\u2019autore del libro, Luigi Rivis (perito elettrotecnico, ha lavorato prima per la Sade quindi per l\u2019Ene, \u00e8 autore, fra l\u2019altro, di \u201cLa storia idraulica del Grande Vajont\u201d e di \u201cBelluno 1905-2005: un secolo dell\u2019Istituto tecnico industriale\u201d, il \u201cSegato\u201d di Belluno); copertina del libro; la chiesetta di Digom\u00e0n con sullo sfondo la Croda Granda, ripresa da Livio Comina; interno dell\u2019edificio sacro; l\u2019acquerello di Massimo Facchin; La \u201ccasa dei Bastiani\u201d; particolare della raffigurazione di San Cristoforo; statuina in porcellana portata a Digom\u00e0n da Lourdes alla fine del 1800; l\u2019autore, lo scultore Mussner; Luigia Digoman che port\u00f2 a spalle da Ortisei con Emilia Pollazzon (ripresa col nipote Maurizio PensoI) le statue della Vergine e di Bernardette; una ricostruzione a carboncino di Facchin del faticoso trasporto; panoramica del 1990 di Digom\u00e0n.<\/p>\n<div class=\"page\" title=\"Page 1\">\n<div class=\"layoutArea\">\n<div class=\"column\">\n<p>&nbsp;<\/p>\n<p>&nbsp;<\/p>\n<hr \/>\n<p>&nbsp;<\/p>\n<\/div>\n<\/div>\n<\/div>\n<\/div>\n<\/div>\n<\/div>\n<p><a class=\"dt-pswp-item\" href=\"https:\/\/www.radiopiu.net\/wordpress\/wp-content\/uploads\/2018\/09\/appuntamenti.jpeg\" data-dt-img-description=\"\" data-large_image_width=\"800\" data-large_image_height=\"100\"><img loading=\"lazy\" decoding=\"async\" class=\"aligncenter wp-image-61958 size-full\" src=\"https:\/\/www.radiopiu.net\/wordpress\/wp-content\/uploads\/2018\/09\/appuntamenti.jpeg\" alt=\"\" width=\"800\" height=\"100\" srcset=\"https:\/\/www.radiopiu.net\/wordpress\/wp-content\/uploads\/2018\/09\/appuntamenti.jpeg 800w, https:\/\/www.radiopiu.net\/wordpress\/wp-content\/uploads\/2018\/09\/appuntamenti-300x38.jpeg 300w, https:\/\/www.radiopiu.net\/wordpress\/wp-content\/uploads\/2018\/09\/appuntamenti-768x96.jpeg 768w\" sizes=\"auto, (max-width: 800px) 100vw, 800px\" \/><\/a><\/p>\n<p>&nbsp;<\/p>\n<p>&nbsp;<\/p>\n<blockquote>\n<h3>SGAMBATE PER\u00a0 CANI, SABATO S&#8217;INAUGURA<\/h3>\n<\/blockquote>\n<p><strong>CANALE D&#8217;AGORDO<\/strong> Un&#8217;area sicura in cui i proprietari potranno lasciare cani di grossa e di piccola taglia liberi di muoversi senza collare e museruola nel rispetto della legge e dei diritti dei cittadini.L&#8217;iniziativa porta la firma dell&#8217;educatrice cinofila Barbara Pra e dell&#8217;associazione &#8220;Tana&#8230; liberi tutti&#8221;. Sabato, dalle 10, si terr\u00e0 l&#8217;inaugurazione della struttura.Per accedere all&#8217;area e lasciar correre spensieratamente il cane serve l&#8217;iscrizione all&#8217;associazione ma sar\u00e0 possibile anche usufruire di una entrata giornaliera<\/p>\n<p>&nbsp;<\/p>\n<p>&nbsp;<\/p>\n<blockquote>\n<h3><a class=\"dt-pswp-item\" href=\"https:\/\/www.radiopiu.net\/wordpress\/wp-content\/uploads\/2020\/08\/117883841_2693645427514542_2115247652689136373_n.jpg\" data-dt-img-description=\"\" data-large_image_width=\"682\" data-large_image_height=\"960\"><img loading=\"lazy\" decoding=\"async\" class=\"size-medium wp-image-156013 alignleft\" src=\"https:\/\/www.radiopiu.net\/wordpress\/wp-content\/uploads\/2020\/08\/117883841_2693645427514542_2115247652689136373_n-213x300.jpg\" alt=\"\" width=\"213\" height=\"300\" srcset=\"https:\/\/www.radiopiu.net\/wordpress\/wp-content\/uploads\/2020\/08\/117883841_2693645427514542_2115247652689136373_n-213x300.jpg 213w, https:\/\/www.radiopiu.net\/wordpress\/wp-content\/uploads\/2020\/08\/117883841_2693645427514542_2115247652689136373_n.jpg 682w\" sizes=\"auto, (max-width: 213px) 100vw, 213px\" \/><\/a>DOMENICA A FORCELLA AURINE CON UNA GRANDE FISARMONICISTA!!! BRAVA E SIMPATICA!!!<\/h3>\n<h3>Domenica \u00e8 il momento del FOLK e dei canti popolari.Un po di tempo da trascorrere tranquilli accompagnati dalla musica e racconti di FRANCESCA GALLO e dai LADIN DEL POI che per l\u2019occasione si esibiranno in nuovi balli \u201cadattati\u2019\u201d al particolare momento che stiamo vivendo .L\u2019evento sI terr\u00e1 come sempre all\u2019aperto e sar\u00e0 annullato in caso di maltempo .<\/h3>\n<h3><\/h3>\n<\/blockquote>\n<p>&nbsp;<\/p>\n<p>&nbsp;<\/p>\n<p>&nbsp;<\/p>\n<p>&nbsp;<\/p>\n<hr \/>\n<blockquote>\n<h3><\/h3>\n<h3>CASTELLO DI ANDRAZ: FINO AL 13 SETTEMBRE &#8220;FUGACI PRESENZE NELLE DOLOMITI&#8221;, FOTOGRAFIE DI GIACOMO DE DONA&#8217;<\/h3>\n<\/blockquote>\n<p>&nbsp;<\/p>\n<hr \/>\n<h3><\/h3>\n<div class=\"page\" title=\"Page 1\">\n<div class=\"section\">\n<div class=\"layoutArea\">\n<div class=\"column\">\n<blockquote>\n<h3>\u201cQUANDO SENTIVO L&#8217;ORGANO SUONARE A PIENE CANNE&#8230;\u201d A CANALE D&#8217;AGORDO<\/h3>\n<\/blockquote>\n<p><strong><a class=\"dt-pswp-item\" href=\"https:\/\/www.radiopiu.net\/wordpress\/wp-content\/uploads\/2020\/08\/d8e57390-1dcb-4523-9959-40f111366824.jpg\" data-dt-img-description=\"\" data-large_image_width=\"1024\" data-large_image_height=\"1024\"><img loading=\"lazy\" decoding=\"async\" class=\"wp-image-155886 alignleft\" src=\"https:\/\/www.radiopiu.net\/wordpress\/wp-content\/uploads\/2020\/08\/d8e57390-1dcb-4523-9959-40f111366824-300x300.jpg\" alt=\"\" width=\"155\" height=\"155\" srcset=\"https:\/\/www.radiopiu.net\/wordpress\/wp-content\/uploads\/2020\/08\/d8e57390-1dcb-4523-9959-40f111366824-300x300.jpg 300w, https:\/\/www.radiopiu.net\/wordpress\/wp-content\/uploads\/2020\/08\/d8e57390-1dcb-4523-9959-40f111366824.jpg 1024w, https:\/\/www.radiopiu.net\/wordpress\/wp-content\/uploads\/2020\/08\/d8e57390-1dcb-4523-9959-40f111366824-150x150.jpg 150w, https:\/\/www.radiopiu.net\/wordpress\/wp-content\/uploads\/2020\/08\/d8e57390-1dcb-4523-9959-40f111366824-768x768.jpg 768w\" sizes=\"auto, (max-width: 155px) 100vw, 155px\" \/><\/a>CANALE D&#8217;AGORDO\u00a0<\/strong>Nuovo appuntamento per la 42a edizione della rassegna Appuntamento estivo con papa Luciani, serie di incontri, mostre e concerti che ricordano papa Giovanni Paolo I nel suo paese natale, Canale d&#8217;Agordo. Protagonista oggi sar\u00e0 la musica: alle ore 21.00, presso la chiesa arcipretale di Canale d&#8217;Agordo, si terr\u00e0 infatti il concerto in onore di papa Luciani dal titolo Quando sentivo l&#8217;organo suonare a piene canne&#8230; A deliziare i presenti saranno gli organisti Ai Yoshida e Loris Serafini e la mezzosoprano Oda Hochscheid.<\/p>\n<div class=\"page\" title=\"Page 1\">\n<div class=\"section\">\n<div class=\"layoutArea\">\n<div class=\"column\">\n<p>&nbsp;<\/p>\n<p>&nbsp;<\/p>\n<hr \/>\n<p>&nbsp;<\/p>\n<\/div>\n<\/div>\n<\/div>\n<\/div>\n<\/div>\n<\/div>\n<\/div>\n<\/div>\n<blockquote>\n<h3>DOMENICA 23 AGOSTO A CANALE D&#8217;AGORDO DUE APPUNTAMENTI, ANNULLATI I BALLI<\/h3>\n<\/blockquote>\n<p><strong>CANALE D&#8217;AGORDO <\/strong>Domenica\u00a0 a Canale D&#8217;Agordo. \u201cMusei delle dolomiti: un&#8217;opportunit\u00e0 per cultura e spiritualit\u00e0\u201d tavola rotonda con Alberto Ferrari, Stefano Perale, Corona Perer e Giovanna Rech. Presso la Sala agli Emigranti in via Lotta a Canale d&#8217;Agordo alle 17:30.<\/p>\n<div>In ottemperanza alle recenti nuove disposizioni in materia di sicurezza Covid-19 l&#8217;evento\u00a0 <b><i>&#8220;Balli in piazza&#8221; <\/i><\/b>con il gruppo di ballo amatoriale BalliAmo previsto <i><b>domenica 23 agosto<\/b> <\/i>\u00a0\u00e8 <b>ANNULLATO<\/b>.<\/div>\n<div><\/div>\n<div><\/div>\n<div>\n<hr \/>\n<\/div>\n<div>\n<blockquote>\n<h3>&#8220;Letture d&#8217;estate&#8221;, organizzata in collaborazione con le Biblioteche della Valle del Biois:<\/h3>\n<\/blockquote>\n<div><strong>VALLE DEL BIOIS<\/strong>. \u201cLetture d\u2019estate\u201d \u00e8 l\u2019iniziativa proposta anche quest\u2019anno dalle biblioteche della Valle del Bi\u00f3is e dalla Pro Loco di Canale d\u2019Agordo, attraverso quattro incontri all&#8217;insegna della cultura e della riflessione su temi e argomenti di largo respiro. Il programma prevede la presentazione &#8211; sempre in sala degli Emigranti di via Lotta a Canale d\u2019Agordo e a ingresso libero &#8211; di altrettante opere letterarie che hanno a che fare con il mondo della montagna e non solo. Si inizia domani (venerd\u00ec 21 agosto), alle 20.45, con \u201cDalla baita al ciliegio. La montagna nella narrativa di Mario Rigoni Stern\u201d di Sara Luchetta che dialogher\u00e0 con Gianni Santomaso che condurr\u00e0 la serata. Il secondo appuntamento sar\u00e0 gioved\u00ec 27 agosto, ore 17.30, con alla ribalta Erminio Mazzucco e il suo libro \u201cIl volto artistico del potere\u201d. Presenter\u00e0 l\u2019incontro e dialogher\u00e0 con l\u2019autore Loris Serafini.<br \/>\nVenerd\u00ec 4 settembre, alle 20,45, sar\u00e0 quindi la volta di \u201cEster delle montagne\u201d di Diego Baroni che in questo caso sar\u00e0 presentato e dialogher\u00e0 con Marilisa Luchetta. Chiusura della rassegna sabato 12 settembre, alle 20,45, con \u201cNaufragi di un\u2019illusione\u201d di Nicola Scodro che proporr\u00e0 la lettura di alcuni brani del libro, e con l\u2019intervento di Althea Ronzani.<br \/>\nSi ricorda che \u00e8 obbligatorio l\u2019uso della mascherina e il rispetto del distanziamento sociale.<\/div>\n<div><\/div>\n<div><\/div>\n<\/div>\n<hr \/>\n<p>&nbsp;<\/p>\n<blockquote>\n<h3>I NOS CROT CON IL G.A.M.P.<\/h3>\n<\/blockquote>\n<p><strong><a class=\"dt-pswp-item\" href=\"https:\/\/www.radiopiu.net\/wordpress\/wp-content\/uploads\/2020\/08\/120853d3-1aa3-4da2-a0f7-a3793d5b0fd8.jpg\" data-dt-img-description=\"\" data-large_image_width=\"520\" data-large_image_height=\"382\"><img loading=\"lazy\" decoding=\"async\" class=\" wp-image-155087 alignleft\" src=\"https:\/\/www.radiopiu.net\/wordpress\/wp-content\/uploads\/2020\/08\/120853d3-1aa3-4da2-a0f7-a3793d5b0fd8-300x220.jpg\" alt=\"\" width=\"175\" height=\"128\" srcset=\"https:\/\/www.radiopiu.net\/wordpress\/wp-content\/uploads\/2020\/08\/120853d3-1aa3-4da2-a0f7-a3793d5b0fd8-300x220.jpg 300w, https:\/\/www.radiopiu.net\/wordpress\/wp-content\/uploads\/2020\/08\/120853d3-1aa3-4da2-a0f7-a3793d5b0fd8.jpg 520w\" sizes=\"auto, (max-width: 175px) 100vw, 175px\" \/><\/a>AGORDO<\/strong> I Nos Crot, \u00e8 l&#8217;iniziativa estiva del Gruppo Agordino Mineralogico e Paleontologico, ovvero escursioni geoturistiche nelle Dolomiti Agordine. Ultimo appuntamento: domani alle miniere di Vallalta (pomeriggio). Iscrizioni all&#8217;ufficio turistico di Agordo.<\/p>\n<p>&nbsp;<\/p>\n<p>&nbsp;<\/p>\n<p>&nbsp;<\/p>\n<p>&nbsp;<\/p>\n<hr \/>\n<p>&nbsp;<\/p>\n<blockquote>\n<h3>OTTAVIO ROSSI PROPHETA IN PATRIA<\/h3>\n<\/blockquote>\n<p><strong>SAN TOMASO<\/strong> Ottavio esporr\u00e0 le sue opera nel suo Agordino, a San Tomaso, omaggio pi\u00f9 che meritato. \u201cEn giro per Zelat\u201d proporr\u00e0 riproduzioni artistiche tra le architetture di montagna. Le tappe con partenza ed arrivo a Celat: C\u00e8sa dei Rait, C\u00e8sa dei Mon\u00e9k, El Vaticano, Tabi\u00e0 dei Mar\u00f2te, Tabi\u00e0 dei Mon\u00e9k, Tabi\u00e0 dei Pan\u00e8le, Tabi\u00e0 dei St\u00e8fen, Tabi\u00e0 de la Gila, Tabi\u00e0 dei P\u00f9ce e C\u00e8sa de Martin Mas\u00e8la. Per chi ama camminare un po\u2019 di pi\u00f9 \u00e8 l\u2019occasione ideale per una visita a Dolomites rock Miniatures, ovvero le Dolomiti in miniatura scolpite nella roccia da artisti che hanno soggiornato sotto al Sasso Bianco tra uno spuntino alla Pizzeria Offline e una discesa con la Zip Line. Organizzazione della Pro Loco di San Tomaso con il contributo della Cassa Rurale Dolomiti di Fassa Primiero e Belluno.<\/p>\n<p>&nbsp;<\/p>\n<p>&nbsp;<\/p>\n<hr \/>\n<p>&nbsp;<\/p>\n<blockquote>\n<h3>MASSIMILIANO OSSINI AD AURONZO DI CADORE<\/h3>\n<\/blockquote>\n<p><strong><a class=\"dt-pswp-item\" href=\"https:\/\/www.radiopiu.net\/wordpress\/wp-content\/uploads\/2020\/08\/b7fd5c55-e70a-464d-8f8d-90b349b257df.jpg\" data-dt-img-description=\"\" data-large_image_width=\"658\" data-large_image_height=\"960\"><img loading=\"lazy\" decoding=\"async\" class=\" wp-image-155513 alignleft\" src=\"https:\/\/www.radiopiu.net\/wordpress\/wp-content\/uploads\/2020\/08\/b7fd5c55-e70a-464d-8f8d-90b349b257df-206x300.jpg\" alt=\"\" width=\"141\" height=\"205\" srcset=\"https:\/\/www.radiopiu.net\/wordpress\/wp-content\/uploads\/2020\/08\/b7fd5c55-e70a-464d-8f8d-90b349b257df-206x300.jpg 206w, https:\/\/www.radiopiu.net\/wordpress\/wp-content\/uploads\/2020\/08\/b7fd5c55-e70a-464d-8f8d-90b349b257df.jpg 658w\" sizes=\"auto, (max-width: 141px) 100vw, 141px\" \/><\/a>AURONZO DI CADORE<\/strong> Nell\u2019estate post Covid della Val D\u2019Ansiei non puo\u2019 mancare un appuntamento con il conduttore di Linea Bianca-RAI1 Massimiliano Ossini, che il 21 agosto incontrer\u00e0 il pubblico di Auronzo e Misurina al Teatro Kursaal.\u00a0La serata vede la partecipazione di Andrea Vidotti, manager sportivo e affezionato ospite del Cadore, in veste di conduttore e moderatore dell\u2019incontro.\u00a0Dopo la consegna nell\u2019estate scorsa del \u201cPremio Auronzo\u201d 2019 da parte dell\u2019Amministrazione Comunale di Auronzo di Cadore a Massimiliano Ossini, il legame con la Val D\u2019Ansiei \u00e8 divenuto sempre pi\u00f9 saldo, tanto che a gennaio Ossini ha espresso il desiderio di iscriversi al Club Alpino Italiano, prediligendo la storica sezione del CAI auronzana, e in una recente intervista proprio di Vidotti ha definito il Paese delle Tre Cime di Lavaredo \u201cla mia seconda casa\u201d.<\/p>\n<p>&nbsp;<\/p>\n<p>&nbsp;<\/p>\n<hr \/>\n<p>&nbsp;<\/p>\n<blockquote>\n<div><\/div>\n<\/blockquote>\n<blockquote>\n<h3>IL CIRCO PATUF PRONTO A CONQUISTARE FELTRE<\/h3>\n<\/blockquote>\n<p><strong>AGORDO<\/strong>\u00a0Un successo il circo Patuf sul Broi di Agordo, tanti pomeriggi e serata da tutto esaurito. Ora la carovana si sposta a Feltre dove proporr\u00e0 gli spettacoli nei giorni di ferragosto e fino al 23, quindi trasferimento a Cesiomaggiore. Gli spettacoli alle 21.15, la domenica anche alle 18.30<\/p>\n<p>&nbsp;<\/p>\n<hr \/>\n<blockquote>\n<h3><\/h3>\n<\/blockquote>\n<blockquote>\n<h3>EL CANAL DE AGORDO<\/h3>\n<\/blockquote>\n<p><strong>AGORDO<\/strong> Scavare nel passato, storia ed archeologia da San Gottardo a Pont del Cristo. La mostra \u00e8 allestita al Museo mineralogico e paleontologico di via 5 maggio con ingresso libero. Fino al 6 settembre il venerdi, sabato e domenica dalle 10 alle 12.30 e dalle 16 alle 19. Info: archeoagordo.arca@gmail.com<\/p>\n<p>&nbsp;<\/p>\n<hr \/>\n<blockquote>\n<h3><\/h3>\n<h3>DOMANI ICE DISCO DANCE AD ALLEGHE<\/h3>\n<\/blockquote>\n<p><strong>ALLEGHE<\/strong> Domani Palaghiaccio Alvise De Toni aperto con la seconda serata di \u00a0Ice Disco Dance l\u2019evento rimane confermato ma visto il nuovo Decreto non ci sar\u00e0 la presenza del DJ<\/p>\n<p>&nbsp;<\/p>\n<hr \/>\n<p>&nbsp;<\/p>\n<blockquote>\n<h2 class=\"tw-data-text tw-text-large XcVN5d tw-ta\" dir=\"ltr\" data-placeholder=\"Traduzione\"><span lang=\"en\">appointments recommended by radio pi\u00f9<\/span><\/h2>\n<\/blockquote>\n\n\t\t\t<style type='text\/css'>\n\t\t\t\t#gallery-3 {\n\t\t\t\t\tmargin: auto;\n\t\t\t\t}\n\t\t\t\t#gallery-3 .gallery-item {\n\t\t\t\t\tfloat: left;\n\t\t\t\t\tmargin-top: 10px;\n\t\t\t\t\ttext-align: center;\n\t\t\t\t\twidth: 14%;\n\t\t\t\t}\n\t\t\t\t#gallery-3 img {\n\t\t\t\t\tborder: 2px solid #cfcfcf;\n\t\t\t\t}\n\t\t\t\t#gallery-3 .gallery-caption {\n\t\t\t\t\tmargin-left: 0;\n\t\t\t\t}\n\t\t\t\t\/* see gallery_shortcode() in wp-includes\/media.php *\/\n\t\t\t<\/style>\n\t\t<div id='gallery-3' class='dt-gallery-container gallery galleryid-156019 gallery-columns-7 gallery-size-thumbnail'><dl class='gallery-item'>\n\t\t\t\t<dt class='gallery-icon portrait'>\n\t\t\t\t\t<a class=\"rollover rollover-zoom dt-pswp-item\" title=\"117883841_2693645427514542_2115247652689136373_n\" data-dt-img-description=\"\" data-large_image_width=\"682\" data-large_image_height=\"960\"href='https:\/\/www.radiopiu.net\/wordpress\/wp-content\/uploads\/2020\/08\/117883841_2693645427514542_2115247652689136373_n.jpg'><img loading=\"lazy\" decoding=\"async\" width=\"150\" height=\"150\" src=\"https:\/\/www.radiopiu.net\/wordpress\/wp-content\/uploads\/2020\/08\/117883841_2693645427514542_2115247652689136373_n-150x150.jpg\" class=\"attachment-thumbnail size-thumbnail\" alt=\"\" \/><\/a>\n\t\t\t\t<\/dt><\/dl><dl class='gallery-item'>\n\t\t\t\t<dt class='gallery-icon portrait'>\n\t\t\t\t\t<a class=\"rollover rollover-zoom dt-pswp-item\" title=\"cce2de5d-0e50-4461-9ff7-ebbd7509ab70\" data-dt-img-description=\"\" data-large_image_width=\"1240\" data-large_image_height=\"1550\"href='https:\/\/www.radiopiu.net\/wordpress\/wp-content\/uploads\/2020\/08\/cce2de5d-0e50-4461-9ff7-ebbd7509ab70.jpg'><img loading=\"lazy\" decoding=\"async\" width=\"150\" height=\"150\" src=\"https:\/\/www.radiopiu.net\/wordpress\/wp-content\/uploads\/2020\/08\/cce2de5d-0e50-4461-9ff7-ebbd7509ab70-150x150.jpg\" class=\"attachment-thumbnail size-thumbnail\" alt=\"\" \/><\/a>\n\t\t\t\t<\/dt><\/dl><dl class='gallery-item'>\n\t\t\t\t<dt class='gallery-icon portrait'>\n\t\t\t\t\t<a class=\"rollover rollover-zoom dt-pswp-item\" title=\"2748ffeb-1a97-4edd-87da-2b5db1eb6670\" data-dt-img-description=\"\" data-large_image_width=\"1131\" data-large_image_height=\"1600\"href='https:\/\/www.radiopiu.net\/wordpress\/wp-content\/uploads\/2020\/08\/2748ffeb-1a97-4edd-87da-2b5db1eb6670-1.jpg'><img loading=\"lazy\" decoding=\"async\" width=\"150\" height=\"150\" src=\"https:\/\/www.radiopiu.net\/wordpress\/wp-content\/uploads\/2020\/08\/2748ffeb-1a97-4edd-87da-2b5db1eb6670-1-150x150.jpg\" class=\"attachment-thumbnail size-thumbnail\" alt=\"\" \/><\/a>\n\t\t\t\t<\/dt><\/dl><dl class='gallery-item'>\n\t\t\t\t<dt class='gallery-icon portrait'>\n\t\t\t\t\t<a class=\"rollover rollover-zoom dt-pswp-item\" title=\"yogaandraz\" data-dt-img-description=\"\" data-large_image_width=\"905\" data-large_image_height=\"1280\"href='https:\/\/www.radiopiu.net\/wordpress\/wp-content\/uploads\/2020\/07\/yogaandraz.jpg'><img loading=\"lazy\" decoding=\"async\" width=\"150\" height=\"150\" src=\"https:\/\/www.radiopiu.net\/wordpress\/wp-content\/uploads\/2020\/07\/yogaandraz-150x150.jpg\" class=\"attachment-thumbnail size-thumbnail\" alt=\"\" \/><\/a>\n\t\t\t\t<\/dt><\/dl><dl class='gallery-item'>\n\t\t\t\t<dt class='gallery-icon portrait'>\n\t\t\t\t\t<a class=\"rollover rollover-zoom dt-pswp-item\" title=\"82799889_285851282792527_7947034300049837793_n\" data-dt-img-description=\"\" data-large_image_width=\"678\" data-large_image_height=\"960\"href='https:\/\/www.radiopiu.net\/wordpress\/wp-content\/uploads\/2020\/07\/82799889_285851282792527_7947034300049837793_n.jpg'><img loading=\"lazy\" decoding=\"async\" width=\"150\" height=\"150\" src=\"https:\/\/www.radiopiu.net\/wordpress\/wp-content\/uploads\/2020\/07\/82799889_285851282792527_7947034300049837793_n-150x150.jpg\" class=\"attachment-thumbnail size-thumbnail\" alt=\"\" \/><\/a>\n\t\t\t\t<\/dt><\/dl><dl class='gallery-item'>\n\t\t\t\t<dt class='gallery-icon portrait'>\n\t\t\t\t\t<a class=\"rollover rollover-zoom dt-pswp-item\" title=\"fb0f2285-210f-4bba-8573-b8ff07a91fa8\" data-dt-img-description=\"\" data-large_image_width=\"726\" data-large_image_height=\"1024\"href='https:\/\/www.radiopiu.net\/wordpress\/wp-content\/uploads\/2020\/07\/fb0f2285-210f-4bba-8573-b8ff07a91fa8.jpg'><img loading=\"lazy\" decoding=\"async\" width=\"150\" height=\"150\" src=\"https:\/\/www.radiopiu.net\/wordpress\/wp-content\/uploads\/2020\/07\/fb0f2285-210f-4bba-8573-b8ff07a91fa8-150x150.jpg\" class=\"attachment-thumbnail size-thumbnail\" alt=\"\" \/><\/a>\n\t\t\t\t<\/dt><\/dl><dl class='gallery-item'>\n\t\t\t\t<dt class='gallery-icon portrait'>\n\t\t\t\t\t<a class=\"rollover rollover-zoom dt-pswp-item\" title=\"446199a0-ccb6-4daa-88f9-ee34f5a4944a\" data-dt-img-description=\"\" data-large_image_width=\"1080\" data-large_image_height=\"1350\"href='https:\/\/www.radiopiu.net\/wordpress\/wp-content\/uploads\/2020\/07\/446199a0-ccb6-4daa-88f9-ee34f5a4944a.jpg'><img loading=\"lazy\" decoding=\"async\" width=\"150\" height=\"150\" src=\"https:\/\/www.radiopiu.net\/wordpress\/wp-content\/uploads\/2020\/07\/446199a0-ccb6-4daa-88f9-ee34f5a4944a-150x150.jpg\" class=\"attachment-thumbnail size-thumbnail\" alt=\"\" \/><\/a>\n\t\t\t\t<\/dt><\/dl><br style=\"clear: both\" \/><dl class='gallery-item'>\n\t\t\t\t<dt class='gallery-icon portrait'>\n\t\t\t\t\t<a class=\"rollover rollover-zoom dt-pswp-item\" title=\"LOCANDINA MOSTRA ARCA 2019 Patrocinio\" data-dt-img-description=\"\" data-large_image_width=\"1810\" data-large_image_height=\"2560\"href='https:\/\/www.radiopiu.net\/wordpress\/wp-content\/uploads\/2020\/07\/LOCANDINA-MOSTRA-ARCA-2020-scaled.jpg'><img loading=\"lazy\" decoding=\"async\" width=\"150\" height=\"150\" src=\"https:\/\/www.radiopiu.net\/wordpress\/wp-content\/uploads\/2020\/07\/LOCANDINA-MOSTRA-ARCA-2020-150x150.jpg\" class=\"attachment-thumbnail size-thumbnail\" alt=\"\" \/><\/a>\n\t\t\t\t<\/dt><\/dl><dl class='gallery-item'>\n\t\t\t\t<dt class='gallery-icon portrait'>\n\t\t\t\t\t<a class=\"rollover rollover-zoom dt-pswp-item\" title=\"0995c87e-41e6-46f0-81e9-380485c41502\" data-dt-img-description=\"\" data-large_image_width=\"1447\" data-large_image_height=\"2048\"href='https:\/\/www.radiopiu.net\/wordpress\/wp-content\/uploads\/2020\/07\/0995c87e-41e6-46f0-81e9-380485c41502.jpg'><img loading=\"lazy\" decoding=\"async\" width=\"150\" height=\"150\" src=\"https:\/\/www.radiopiu.net\/wordpress\/wp-content\/uploads\/2020\/07\/0995c87e-41e6-46f0-81e9-380485c41502-150x150.jpg\" class=\"attachment-thumbnail size-thumbnail\" alt=\"\" \/><\/a>\n\t\t\t\t<\/dt><\/dl><dl class='gallery-item'>\n\t\t\t\t<dt class='gallery-icon portrait'>\n\t\t\t\t\t<a class=\"rollover rollover-zoom dt-pswp-item\" title=\"4dd872a2-f52d-4a12-9746-816401dfe394\" data-dt-img-description=\"\" data-large_image_width=\"1131\" data-large_image_height=\"1600\"href='https:\/\/www.radiopiu.net\/wordpress\/wp-content\/uploads\/2020\/07\/4dd872a2-f52d-4a12-9746-816401dfe394.jpg'><img loading=\"lazy\" decoding=\"async\" width=\"150\" height=\"150\" src=\"https:\/\/www.radiopiu.net\/wordpress\/wp-content\/uploads\/2020\/07\/4dd872a2-f52d-4a12-9746-816401dfe394-150x150.jpg\" class=\"attachment-thumbnail size-thumbnail\" alt=\"\" \/><\/a>\n\t\t\t\t<\/dt><\/dl><dl class='gallery-item'>\n\t\t\t\t<dt class='gallery-icon portrait'>\n\t\t\t\t\t<a class=\"rollover rollover-zoom dt-pswp-item\" title=\"ALLA SCOPERTA DI CANALE\" data-dt-img-description=\"\" data-large_image_width=\"620\" data-large_image_height=\"873\"href='https:\/\/www.radiopiu.net\/wordpress\/wp-content\/uploads\/2020\/07\/ALLA-SCOPERTA-DI-CANALE-.jpg'><img loading=\"lazy\" decoding=\"async\" width=\"150\" height=\"150\" src=\"https:\/\/www.radiopiu.net\/wordpress\/wp-content\/uploads\/2020\/07\/ALLA-SCOPERTA-DI-CANALE--150x150.jpg\" class=\"attachment-thumbnail size-thumbnail\" alt=\"\" \/><\/a>\n\t\t\t\t<\/dt><\/dl><dl class='gallery-item'>\n\t\t\t\t<dt class='gallery-icon portrait'>\n\t\t\t\t\t<a class=\"rollover rollover-zoom dt-pswp-item\" title=\"newsletter Week 4 Kids Summer\" data-dt-img-description=\"\" data-large_image_width=\"1280\" data-large_image_height=\"2560\"href='https:\/\/www.radiopiu.net\/wordpress\/wp-content\/uploads\/2020\/07\/newsletter-Week-4-Kids-Summer-scaled.jpg'><img loading=\"lazy\" decoding=\"async\" width=\"150\" height=\"150\" src=\"https:\/\/www.radiopiu.net\/wordpress\/wp-content\/uploads\/2020\/07\/newsletter-Week-4-Kids-Summer-150x150.jpg\" class=\"attachment-thumbnail size-thumbnail\" alt=\"\" \/><\/a>\n\t\t\t\t<\/dt><\/dl><dl class='gallery-item'>\n\t\t\t\t<dt class='gallery-icon landscape'>\n\t\t\t\t\t<a class=\"rollover rollover-zoom dt-pswp-item\" title=\"12f1d505-5668-42b8-8ad2-5336c07a910e\" data-dt-img-description=\"\" data-large_image_width=\"1352\" data-large_image_height=\"1040\"href='https:\/\/www.radiopiu.net\/wordpress\/wp-content\/uploads\/2020\/08\/12f1d505-5668-42b8-8ad2-5336c07a910e.jpg'><img loading=\"lazy\" decoding=\"async\" width=\"150\" height=\"150\" src=\"https:\/\/www.radiopiu.net\/wordpress\/wp-content\/uploads\/2020\/08\/12f1d505-5668-42b8-8ad2-5336c07a910e-150x150.jpg\" class=\"attachment-thumbnail size-thumbnail\" alt=\"\" \/><\/a>\n\t\t\t\t<\/dt><\/dl><dl class='gallery-item'>\n\t\t\t\t<dt class='gallery-icon portrait'>\n\t\t\t\t\t<a class=\"rollover rollover-zoom dt-pswp-item\" title=\"lettura BASSA\" data-dt-img-description=\"\" data-large_image_width=\"1240\" data-large_image_height=\"1754\"href='https:\/\/www.radiopiu.net\/wordpress\/wp-content\/uploads\/2020\/08\/lettura-BASSA.jpg'><img loading=\"lazy\" decoding=\"async\" width=\"150\" height=\"150\" src=\"https:\/\/www.radiopiu.net\/wordpress\/wp-content\/uploads\/2020\/08\/lettura-BASSA-150x150.jpg\" class=\"attachment-thumbnail size-thumbnail\" alt=\"\" \/><\/a>\n\t\t\t\t<\/dt><\/dl><br style=\"clear: both\" \/><dl class='gallery-item'>\n\t\t\t\t<dt class='gallery-icon portrait'>\n\t\t\t\t\t<a class=\"rollover rollover-zoom dt-pswp-item\" title=\"LOCANDINA_MOSTRA andraz\" data-dt-img-description=\"\" data-large_image_width=\"1753\" data-large_image_height=\"2480\"href='https:\/\/www.radiopiu.net\/wordpress\/wp-content\/uploads\/2020\/08\/LOCANDINA_MOSTRA-andraz.jpg'><img loading=\"lazy\" decoding=\"async\" width=\"150\" height=\"150\" src=\"https:\/\/www.radiopiu.net\/wordpress\/wp-content\/uploads\/2020\/08\/LOCANDINA_MOSTRA-andraz-150x150.jpg\" class=\"attachment-thumbnail size-thumbnail\" alt=\"\" \/><\/a>\n\t\t\t\t<\/dt><\/dl><dl class='gallery-item'>\n\t\t\t\t<dt class='gallery-icon portrait'>\n\t\t\t\t\t<a class=\"rollover rollover-zoom dt-pswp-item\" title=\"b91edf01-0080-4c00-97cc-7b476428c004\" data-dt-img-description=\"\" data-large_image_width=\"800\" data-large_image_height=\"1600\"href='https:\/\/www.radiopiu.net\/wordpress\/wp-content\/uploads\/2020\/08\/b91edf01-0080-4c00-97cc-7b476428c004.jpg'><img loading=\"lazy\" decoding=\"async\" width=\"150\" height=\"150\" src=\"https:\/\/www.radiopiu.net\/wordpress\/wp-content\/uploads\/2020\/08\/b91edf01-0080-4c00-97cc-7b476428c004-150x150.jpg\" class=\"attachment-thumbnail size-thumbnail\" alt=\"\" \/><\/a>\n\t\t\t\t<\/dt><\/dl><dl class='gallery-item'>\n\t\t\t\t<dt class='gallery-icon portrait'>\n\t\t\t\t\t<a class=\"rollover rollover-zoom dt-pswp-item\" title=\"4e4fdd52-fede-4957-a5dc-061367a3dbac\" data-dt-img-description=\"\" data-large_image_width=\"1151\" data-large_image_height=\"1600\"href='https:\/\/www.radiopiu.net\/wordpress\/wp-content\/uploads\/2020\/08\/4e4fdd52-fede-4957-a5dc-061367a3dbac.jpg'><img loading=\"lazy\" decoding=\"async\" width=\"150\" height=\"150\" src=\"https:\/\/www.radiopiu.net\/wordpress\/wp-content\/uploads\/2020\/08\/4e4fdd52-fede-4957-a5dc-061367a3dbac-150x150.jpg\" class=\"attachment-thumbnail size-thumbnail\" alt=\"\" \/><\/a>\n\t\t\t\t<\/dt><\/dl><dl class='gallery-item'>\n\t\t\t\t<dt class='gallery-icon portrait'>\n\t\t\t\t\t<a class=\"rollover rollover-zoom dt-pswp-item\" title=\"OTTAVIO ROSSI MOSTRA\" data-dt-img-description=\"\" data-large_image_width=\"1131\" data-large_image_height=\"1600\"href='https:\/\/www.radiopiu.net\/wordpress\/wp-content\/uploads\/2020\/08\/OTTAVIO-ROSSI-MOSTRA.jpg'><img loading=\"lazy\" decoding=\"async\" width=\"150\" height=\"150\" src=\"https:\/\/www.radiopiu.net\/wordpress\/wp-content\/uploads\/2020\/08\/OTTAVIO-ROSSI-MOSTRA-150x150.jpg\" class=\"attachment-thumbnail size-thumbnail\" alt=\"\" \/><\/a>\n\t\t\t\t<\/dt><\/dl><dl class='gallery-item'>\n\t\t\t\t<dt class='gallery-icon portrait'>\n\t\t\t\t\t<a class=\"rollover rollover-zoom dt-pswp-item\" title=\"b7fd5c55-e70a-464d-8f8d-90b349b257df\" data-dt-img-description=\"\" data-large_image_width=\"658\" data-large_image_height=\"960\"href='https:\/\/www.radiopiu.net\/wordpress\/wp-content\/uploads\/2020\/08\/b7fd5c55-e70a-464d-8f8d-90b349b257df.jpg'><img loading=\"lazy\" decoding=\"async\" width=\"150\" height=\"150\" src=\"https:\/\/www.radiopiu.net\/wordpress\/wp-content\/uploads\/2020\/08\/b7fd5c55-e70a-464d-8f8d-90b349b257df-150x150.jpg\" class=\"attachment-thumbnail size-thumbnail\" alt=\"\" \/><\/a>\n\t\t\t\t<\/dt><\/dl><dl class='gallery-item'>\n\t\t\t\t<dt class='gallery-icon portrait'>\n\t\t\t\t\t<a class=\"rollover rollover-zoom dt-pswp-item\" title=\"GIOCANDO SI IMPARA\" data-dt-img-description=\"\" data-large_image_width=\"678\" data-large_image_height=\"960\"href='https:\/\/www.radiopiu.net\/wordpress\/wp-content\/uploads\/2020\/08\/GIOCANDO-SI-IMPARA.jpg'><img loading=\"lazy\" decoding=\"async\" width=\"150\" height=\"150\" src=\"https:\/\/www.radiopiu.net\/wordpress\/wp-content\/uploads\/2020\/08\/GIOCANDO-SI-IMPARA-150x150.jpg\" class=\"attachment-thumbnail size-thumbnail\" alt=\"\" \/><\/a>\n\t\t\t\t<\/dt><\/dl><dl class='gallery-item'>\n\t\t\t\t<dt class='gallery-icon landscape'>\n\t\t\t\t\t<a class=\"rollover rollover-zoom dt-pswp-item\" title=\"I NOS CROT\" data-dt-img-description=\"\" data-large_image_width=\"1600\" data-large_image_height=\"1084\"href='https:\/\/www.radiopiu.net\/wordpress\/wp-content\/uploads\/2020\/08\/I-NOS-CROT.jpg'><img loading=\"lazy\" decoding=\"async\" width=\"150\" height=\"150\" src=\"https:\/\/www.radiopiu.net\/wordpress\/wp-content\/uploads\/2020\/08\/I-NOS-CROT-150x150.jpg\" class=\"attachment-thumbnail size-thumbnail\" alt=\"\" \/><\/a>\n\t\t\t\t<\/dt><\/dl><br style=\"clear: both\" \/>\n\t\t\t<\/div>\n\n<p>&nbsp;<\/p>\n<hr \/>\n<p>&nbsp;<\/p>\n<h2>IERI ALLA RADIO<\/h2>\n<h2 class=\"photoswipe-wrapper\"><a class=\"dt-pswp-item\" href=\"https:\/\/www.radiopiu.net\/wordpress\/wp-content\/uploads\/2020\/08\/69547583_1517421531733026_5567070784406421504_o.jpg\" data-dt-img-description=\"\" data-large_image_width=\"1651\" data-large_image_height=\"1101\"><img loading=\"lazy\" decoding=\"async\" class=\"size-medium wp-image-156043 alignleft\" src=\"https:\/\/www.radiopiu.net\/wordpress\/wp-content\/uploads\/2020\/08\/69547583_1517421531733026_5567070784406421504_o-300x200.jpg\" alt=\"\" width=\"300\" height=\"200\" srcset=\"https:\/\/www.radiopiu.net\/wordpress\/wp-content\/uploads\/2020\/08\/69547583_1517421531733026_5567070784406421504_o-300x200.jpg 300w, https:\/\/www.radiopiu.net\/wordpress\/wp-content\/uploads\/2020\/08\/69547583_1517421531733026_5567070784406421504_o-1024x683.jpg 1024w, https:\/\/www.radiopiu.net\/wordpress\/wp-content\/uploads\/2020\/08\/69547583_1517421531733026_5567070784406421504_o-768x512.jpg 768w, https:\/\/www.radiopiu.net\/wordpress\/wp-content\/uploads\/2020\/08\/69547583_1517421531733026_5567070784406421504_o-1536x1024.jpg 1536w, https:\/\/www.radiopiu.net\/wordpress\/wp-content\/uploads\/2020\/08\/69547583_1517421531733026_5567070784406421504_o.jpg 1651w\" sizes=\"auto, (max-width: 300px) 100vw, 300px\" \/><\/a><span style=\"color: #ff6600;\"><strong>IL COMITATO PALIO DI AGORDO E L&#8217;ANNULLAMENTO DELLA 38\u00b0 EDIZIONE<\/strong><\/span><\/h2>\n<p class=\"photoswipe-wrapper\"><strong>di Claudio Fontanive<\/strong><\/p>\n<h3><span style=\"color: #ff6600;\">In collaborazione con Dersut Giornale&amp;Caff\u00e8 a Taibon Agordino<\/span><\/h3>\n<audio class=\"wp-audio-shortcode\" id=\"audio-156019-7\" preload=\"none\" style=\"width: 100%;\" controls=\"controls\"><source type=\"audio\/mpeg\" src=\"https:\/\/www.radiopiu.net\/wordpress\/wp-content\/uploads\/2020\/08\/palio-19-agosto.mp3?_=7\" \/><a href=\"https:\/\/www.radiopiu.net\/wordpress\/wp-content\/uploads\/2020\/08\/palio-19-agosto.mp3\">https:\/\/www.radiopiu.net\/wordpress\/wp-content\/uploads\/2020\/08\/palio-19-agosto.mp3<\/a><\/audio>\n<p>&nbsp;<\/p>\n<p>&nbsp;<\/p>\n<hr \/>\n<p>&nbsp;<\/p>\n<h2><span style=\"color: #ff0000;\">DUE MINUTI UN LIBRO<\/span><\/h2>\n<blockquote class=\"wp-embedded-content\" data-secret=\"0t5zd5pWyf\"><p><a href=\"https:\/\/www.radiopiu.net\/wordpress\/nemici-miei-2\/\">NEMICI MIEI<\/a><\/p><\/blockquote>\n<p><iframe loading=\"lazy\" class=\"wp-embedded-content\" sandbox=\"allow-scripts\" security=\"restricted\" style=\"position: absolute; clip: rect(1px, 1px, 1px, 1px);\" title=\"&#8220;NEMICI MIEI&#8221; &#8212; Radio Pi\u00f9\" src=\"https:\/\/www.radiopiu.net\/wordpress\/nemici-miei-2\/embed\/#?secret=0t5zd5pWyf\" data-secret=\"0t5zd5pWyf\" width=\"600\" height=\"338\" frameborder=\"0\" marginwidth=\"0\" marginheight=\"0\" scrolling=\"no\"><\/iframe><\/p>\n<p><strong>LE ALTRE PUNTATE<\/strong><\/p>\n<blockquote class=\"wp-embedded-content\" data-secret=\"lTNjFHUNV9\"><p><a href=\"https:\/\/www.radiopiu.net\/wordpress\/due-minuti-un-libro\/\">Due minuti un libro<\/a><\/p><\/blockquote>\n<p><iframe loading=\"lazy\" class=\"wp-embedded-content\" sandbox=\"allow-scripts\" security=\"restricted\" style=\"position: absolute; clip: rect(1px, 1px, 1px, 1px);\" title=\"&#8220;Due minuti un libro&#8221; &#8212; Radio Pi\u00f9\" src=\"https:\/\/www.radiopiu.net\/wordpress\/due-minuti-un-libro\/embed\/#?secret=lTNjFHUNV9\" data-secret=\"lTNjFHUNV9\" width=\"600\" height=\"338\" frameborder=\"0\" marginwidth=\"0\" marginheight=\"0\" scrolling=\"no\"><\/iframe><\/p>\n<hr \/>\n<p>&nbsp;<\/p>\n<div>\n<h2><span style=\"color: #800080;\">DON CESARE, IL PENSIERO DEL GIORNO. ALLA RADIO ALLE 7 DEL MATTINO E ALLE 19.30 DELLA SERA.<\/span><\/h2>\n<audio class=\"wp-audio-shortcode\" id=\"audio-156019-8\" preload=\"none\" style=\"width: 100%;\" controls=\"controls\"><source type=\"audio\/mpeg\" src=\"https:\/\/www.radiopiu.net\/wordpress\/wp-content\/uploads\/2020\/08\/CESARE-9.mp3?_=8\" \/><a href=\"https:\/\/www.radiopiu.net\/wordpress\/wp-content\/uploads\/2020\/08\/CESARE-9.mp3\">https:\/\/www.radiopiu.net\/wordpress\/wp-content\/uploads\/2020\/08\/CESARE-9.mp3<\/a><\/audio>\n<p>&nbsp;<\/p>\n<hr \/>\n<p>&nbsp;<\/p>\n<h2><span style=\"color: #008000;\">AGORDINOMERON&#8230;LA RACCOLTA<\/span><\/h2>\n<blockquote class=\"wp-embedded-content\" data-secret=\"C2zrdBTCsv\"><p><a href=\"https:\/\/www.radiopiu.net\/wordpress\/agordinomeron\/\">AGORDINOMERON, IL TERRITORIO SI RACCONTA Da un&#8217;idea di Gianni Santomaso<\/a><\/p><\/blockquote>\n<p><iframe loading=\"lazy\" class=\"wp-embedded-content\" sandbox=\"allow-scripts\" security=\"restricted\" style=\"position: absolute; clip: rect(1px, 1px, 1px, 1px);\" title=\"&#8220;AGORDINOMERON, IL TERRITORIO SI RACCONTA Da un&#8217;idea di Gianni Santomaso&#8221; &#8212; Radio Pi\u00f9\" src=\"https:\/\/www.radiopiu.net\/wordpress\/agordinomeron\/embed\/#?secret=C2zrdBTCsv\" data-secret=\"C2zrdBTCsv\" width=\"600\" height=\"338\" frameborder=\"0\" marginwidth=\"0\" marginheight=\"0\" scrolling=\"no\"><\/iframe><\/p>\n<p>&nbsp;<\/p>\n<hr \/>\n<p>&nbsp;<\/p>\n<p>&nbsp;<\/p>\n<h2><span style=\"color: #ff00ff;\">ZAINO DA VIAGGIO AL FEMMINILE DI PAOLA LANCIATO\u00a0<\/span>L&#8217;INTERA RACCOLTA<\/h2>\n<blockquote class=\"wp-embedded-content\" data-secret=\"3ivmtgkpcp\"><p><a href=\"https:\/\/www.radiopiu.net\/wordpress\/zaino-femminile-lanciato\/\">Zaino da viaggio al femminile<\/a><\/p><\/blockquote>\n<p><iframe loading=\"lazy\" class=\"wp-embedded-content\" sandbox=\"allow-scripts\" security=\"restricted\" style=\"position: absolute; clip: rect(1px, 1px, 1px, 1px);\" title=\"&#8220;Zaino da viaggio al femminile&#8221; &#8212; Radio Pi\u00f9\" src=\"https:\/\/www.radiopiu.net\/wordpress\/zaino-femminile-lanciato\/embed\/#?secret=3ivmtgkpcp\" data-secret=\"3ivmtgkpcp\" width=\"600\" height=\"338\" frameborder=\"0\" marginwidth=\"0\" marginheight=\"0\" scrolling=\"no\"><\/iframe><\/p>\n<hr \/>\n<p>&nbsp;<\/p>\n<h2><span style=\"color: #3366ff;\">I RACCONTI DI PAOLO SOPPELSA LA RACCOLTA<\/span><\/h2>\n<blockquote class=\"wp-embedded-content\" data-secret=\"YmVuGos86k\"><p><a href=\"https:\/\/www.radiopiu.net\/wordpress\/i-racconti-di-paolo-soppelsa\/\">I racconti di Paolo Soppelsa<\/a><\/p><\/blockquote>\n<p><iframe loading=\"lazy\" class=\"wp-embedded-content\" sandbox=\"allow-scripts\" security=\"restricted\" style=\"position: absolute; clip: rect(1px, 1px, 1px, 1px);\" title=\"&#8220;I racconti di Paolo Soppelsa&#8221; &#8212; Radio Pi\u00f9\" src=\"https:\/\/www.radiopiu.net\/wordpress\/i-racconti-di-paolo-soppelsa\/embed\/#?secret=YmVuGos86k\" data-secret=\"YmVuGos86k\" width=\"600\" height=\"338\" frameborder=\"0\" marginwidth=\"0\" marginheight=\"0\" scrolling=\"no\"><\/iframe><\/p>\n<p>&nbsp;<\/p>\n<hr \/>\n<p>&nbsp;<\/p>\n<p>&nbsp;<\/p>\n<h2><span style=\"color: #99cc00;\">SUL SITO DI RADIO PIU&#8217; LA VIDEO GALLERY<\/span><\/h2>\n<blockquote class=\"wp-embedded-content\" data-secret=\"BRpfzKYgKh\"><p><a href=\"https:\/\/www.radiopiu.net\/wordpress\/ep-center-video-gallery\/\">EP CENTER video gallery<\/a><\/p><\/blockquote>\n<p><iframe loading=\"lazy\" class=\"wp-embedded-content\" sandbox=\"allow-scripts\" security=\"restricted\" style=\"position: absolute; clip: rect(1px, 1px, 1px, 1px);\" title=\"&#8220;EP CENTER video gallery&#8221; &#8212; Radio Pi\u00f9\" src=\"https:\/\/www.radiopiu.net\/wordpress\/ep-center-video-gallery\/embed\/#?secret=BRpfzKYgKh\" data-secret=\"BRpfzKYgKh\" width=\"600\" height=\"338\" frameborder=\"0\" marginwidth=\"0\" marginheight=\"0\" scrolling=\"no\"><\/iframe><\/p>\n<p>&nbsp;<\/p>\n<hr \/>\n<p>&nbsp;<\/p>\n<p><a class=\"dt-pswp-item\" href=\"https:\/\/www.radiopiu.net\/wordpress\/wp-content\/uploads\/2018\/09\/viabilita.jpeg\" data-dt-img-description=\"\" data-large_image_width=\"800\" data-large_image_height=\"100\"><img loading=\"lazy\" decoding=\"async\" class=\"aligncenter wp-image-61954 size-full\" src=\"https:\/\/www.radiopiu.net\/wordpress\/wp-content\/uploads\/2018\/09\/viabilita.jpeg\" alt=\"\" width=\"800\" height=\"100\" srcset=\"https:\/\/www.radiopiu.net\/wordpress\/wp-content\/uploads\/2018\/09\/viabilita.jpeg 800w, https:\/\/www.radiopiu.net\/wordpress\/wp-content\/uploads\/2018\/09\/viabilita-300x38.jpeg 300w, https:\/\/www.radiopiu.net\/wordpress\/wp-content\/uploads\/2018\/09\/viabilita-768x96.jpeg 768w\" sizes=\"auto, (max-width: 800px) 100vw, 800px\" \/><\/a><\/p>\n<p>&nbsp;<\/p>\n<p><span style=\"color: #000000;\"><span style=\"caret-color: #ff0000;\">CHIUSURA NOTTURNA DELLA GALLERIA DI COL CAVALIER A BELLUNO PER MANUTENZIONE AGLI IMPIANTI TECNOLOGICI. LA CHIUSURA AVVERRA&#8217; DALLE 22 ALLE 6 DAL 24 AL 27 AGOSTO. IL TRAFFICO VERRA&#8217; DEVIATO LUNGO PONTE DOLOMITI, VIA SARAJEVO, PONTE DELL&#8217;ANTA, GALLERIA BELLUNO, PONTE LAMBIOI, VIA MONTE GRAPPA, VIA VISOME E VECCHIO TRACCIATO DELLA S.P. 1<\/span><span style=\"caret-color: #ff0000;\">\u00a0<\/span><\/span><\/p>\n<p>STRADA PROVINCIALE 7 DI ZOPPE&#8217; DI CADORE, SENSO UNICO ALTERNATO REGOLATO DA MOVIERI CON BREVI INTERRUZIONI DI MASSIMO 10 MINUTI DAL 24 AGOSTO AL 18 SETTEMBRE, DALLE 7:30 ALLE 17:30 ESCLUSI SABATI, DOMENICHE E FESTIVI INFRASETTIMANALI, PER MESSA IN SICUREZZA DELLA SEDE STRADALE<\/p>\n<p>STRADA PROVINCIALE 40, COMUNE DI LAMON. DAL 24 AGOSTO A L&#8217;11 SETTEMBRE, ESCLUSI SABATO E DOMENICA, POSSIBILI INTERRUZIONI AL TRAFFICO DELLA DURATA MASSIMA DI 30 MINUTI DALLE 8 ALLE 12 E DALLE 13 ALLE 17 PER REALIZZAZIONE NUOVA TOMBINATURA. NEGLI ALTRI ORARI ISTITUZIONE DI SENSO UNICO ALTERNATO REGOLATO DA IMPIANTO SEMAFORICO O MOVIERI<\/p>\n<p>&nbsp;<\/p>\n<p>&nbsp;<\/p>\n<hr \/>\n<p>&nbsp;<\/p>\n<p class=\"photoswipe-wrapper\"><a class=\"dt-pswp-item pspw-wrap-ready\" href=\"https:\/\/i0.wp.com\/www.radiopiu.net\/wordpress\/wp-content\/uploads\/2018\/09\/WhatsApp-Image-2018-09-20-at-16.04.06.jpeg?ssl=1\" data-dt-img-description=\"\" data-large_image_width=\"800\" data-large_image_height=\"100\"><img loading=\"lazy\" decoding=\"async\" class=\"aligncenter wp-image-61378 size-full jetpack-lazy-image jetpack-lazy-image--handled\" src=\"https:\/\/i0.wp.com\/www.radiopiu.net\/wordpress\/wp-content\/uploads\/2018\/09\/WhatsApp-Image-2018-09-20-at-16.04.06.jpeg?resize=800%2C100&amp;ssl=1\" sizes=\"auto, (max-width: 800px) 100vw, 800px\" srcset=\"https:\/\/i0.wp.com\/www.radiopiu.net\/wordpress\/wp-content\/uploads\/2018\/09\/WhatsApp-Image-2018-09-20-at-16.04.06.jpeg?w=800&amp;ssl=1 800w, https:\/\/i0.wp.com\/www.radiopiu.net\/wordpress\/wp-content\/uploads\/2018\/09\/WhatsApp-Image-2018-09-20-at-16.04.06.jpeg?resize=300%2C38&amp;ssl=1 300w, https:\/\/i0.wp.com\/www.radiopiu.net\/wordpress\/wp-content\/uploads\/2018\/09\/WhatsApp-Image-2018-09-20-at-16.04.06.jpeg?resize=768%2C96&amp;ssl=1 768w\" alt=\"\" width=\"800\" height=\"100\" data-lazy-loaded=\"1\" \/><\/a><\/p>\n<p>&nbsp;<\/p>\n<div>\n<div><center><b>Giovedi 20<\/b><\/center><b>Tempo atteso:\u00a0<\/b>Tempo ben soleggiato e pi\u00f9 caldo di giorno, con cielo sereno al mattino, al pi\u00f9 sereno o poco nuvoloso al pomeriggio per modesta attivit\u00e0 cumuliforme a ridosso dei rilievi, solo localmente moderata su alcuni settori, ma saranno eccezioni.<br \/>\n<b>Precipitazioni:\u00a0<\/b>Assenti (0%).<br \/>\n<b>Temperature:\u00a0<\/b>In generale aumento, in maniera pi\u00f9 sensibile nelle valli grazie al buon soleggiamento. Sono previste punte di 29\/30\u00b0C nei fondovalle prealpini e di 24\/26\u00b0C a 1000\/1200 m. Su Prealpi a 1500 m min 14\u00b0C max 20\u00b0C, a 2000 m min 12\u00b0C max 17\u00b0C. Su Dolomiti a 2000 m min 11\u00b0C max 18\u00b0C, a 3000 m min 7\u00b0C max 9\u00b0C.<br \/>\n<b>Venti:\u00a0<\/b>Nelle valli perlopi\u00f9 deboli a regime di brezza, localmente e a tratti moderati; in quota deboli da nord-ovest, a tratti moderati sulle vette pi\u00f9 alte, a 5-10 km\/h a 2000 m, 10-20 km\/h a 3000 m.<\/div>\n<\/div>\n<\/div>\n<hr \/>\n<p><center><b>Venerdi 21<\/b><\/center><b>Tempo atteso:\u00a0<\/b>Tempo ben soleggiato in quanto il cielo dovrebbe rimanere sereno fino al primo pomeriggio, poi poco nuvoloso per modesta attivit\u00e0 in grado di ridurre leggermente il soleggiamento durante le ore pi\u00f9 calde. Clima sempre pi\u00f9 caldo con rialzo termico pi\u00f9 marcato nelle valli dolomitiche e in alta quota per atmosfera assai secca, assieme ad un&#8217;avvezione d&#8217;aria particolarmente calda (zero termico a 4800 m a fine pomeriggio).<br \/>\n<b>Precipitazioni:\u00a0<\/b>Assenti (0%)<br \/>\n<b>Temperature:\u00a0<\/b>In ulteriore aumento con valori 4\/5\u00b0C sopra la norma. Sono previste punte di 30\/32\u00b0C nei fondovalle prealpini e di 26\/28\u00b0C a 1000\/1200 m. Su Prealpi a 1500 m min 16\u00b0C max 22\u00b0C, a 2000 m min 14\u00b0C max 19\u00b0C. Su Dolomiti a 2000 m min 13\u00b0C max 20\u00b0C, a 3000 m min 9\u00b0C max 11\u00b0C.<br \/>\n<b>Venti:\u00a0<\/b>Nelle valli perlopi\u00f9 deboli a regime di brezza, localmente e a tratti moderati; in quota deboli in prevalenza da sud-ovest, a tratti da ovest, a 5-10 km\/h a 2000 m, 10-15 km\/h a 3000 m.<\/p>\n<hr \/>\n<p><center><b>Sabato 22<\/b><\/center>Tempo ben soleggiato e assai caldo fino al primo pomeriggio. In seguito crescente attivit\u00e0 cumuliforme pomeridiana, localmente intensa sulle Dolomiti confinanti con il Trentino e l&#8217;Alto Adige, dove potrebbero innescarsi locali focolai temporaleschi nel tardo pomeriggio\/sera. Non escluso qualche sporadico fenomeno in trasferimento verso le Prealpi in tarda serata. Temperature minime in rialzo, massime in leggera flessione in quota e stazionarie nei fondovalle. Nelle valli venti a regime di brezza; in quota deboli\/moderati da nord-est al mattino, disponendosi da sud-ovest al pomeriggio, primo di orientarsi da nord alla sera.<\/p>\n<hr \/>\n<p><center><b>Domenica 23<\/b><\/center>Solo in parte soleggiato per nuvolosit\u00e0 cumuliforme irregolare, assai pi\u00f9 presente rispetto ai giorni precedenti. In questo contesto pi\u00f9 umido ed ancora caldo l&#8217;insidia temporalesca aumenter\u00e0, specie nelle ore pomeridiane e serali. Temperature in generale lieve calo, eccetto stazionariet\u00e0 delle minime nelle valli. Venti perlopi\u00f9 deboli di direzione variabile, anche per brezze nelle valli, deboli\/moderati dai quadranti occidentali in quota. Previsore: R.L.Th.<\/p>\n<p>&nbsp;<\/p>\n<p>&nbsp;<\/p>\n<hr \/>\n<p>&nbsp;<\/p>\n<p><iframe loading=\"lazy\" title=\"Spot Buttalibene TV\" width=\"1200\" height=\"675\" src=\"https:\/\/www.youtube.com\/embed\/fjHWpfyAevE?feature=oembed\" frameborder=\"0\" allow=\"accelerometer; autoplay; clipboard-write; encrypted-media; gyroscope; picture-in-picture\" allowfullscreen><\/iframe><\/p>\n<hr \/>\n<p>&nbsp;<\/p>\n<p>&nbsp;<\/p>\n<p><a class=\"dt-pswp-item\" href=\"https:\/\/www.radiopiu.net\/wordpress\/wp-content\/uploads\/2018\/09\/sport.jpg\" data-dt-img-description=\"\" data-large_image_width=\"800\" data-large_image_height=\"100\"><img loading=\"lazy\" decoding=\"async\" class=\"aligncenter wp-image-60761 size-full\" src=\"https:\/\/www.radiopiu.net\/wordpress\/wp-content\/uploads\/2018\/09\/sport.jpg\" alt=\"\" width=\"800\" height=\"100\" srcset=\"https:\/\/www.radiopiu.net\/wordpress\/wp-content\/uploads\/2018\/09\/sport.jpg 800w, https:\/\/www.radiopiu.net\/wordpress\/wp-content\/uploads\/2018\/09\/sport-300x38.jpg 300w, https:\/\/www.radiopiu.net\/wordpress\/wp-content\/uploads\/2018\/09\/sport-768x96.jpg 768w\" sizes=\"auto, (max-width: 800px) 100vw, 800px\" \/><\/a><\/p>\n<p>&nbsp;<\/p>\n<blockquote>\n<h3>ALLEGHE HOCKEY: CONFERMATI MANUEL DA TOS, NICOLA SOPPELSA E DAVID MALAJ<\/h3>\n<\/blockquote>\n<p><strong><a class=\"dt-pswp-item\" href=\"https:\/\/www.radiopiu.net\/wordpress\/wp-content\/uploads\/2020\/08\/ALLEGHE-HOCKEY-GRUPPO-scaled.jpg\" data-dt-img-description=\"\" data-large_image_width=\"2560\" data-large_image_height=\"1703\"><img loading=\"lazy\" decoding=\"async\" class=\"size-medium wp-image-156065 alignleft\" src=\"https:\/\/www.radiopiu.net\/wordpress\/wp-content\/uploads\/2020\/08\/ALLEGHE-HOCKEY-GRUPPO-300x200.jpg\" alt=\"\" width=\"300\" height=\"200\" srcset=\"https:\/\/www.radiopiu.net\/wordpress\/wp-content\/uploads\/2020\/08\/ALLEGHE-HOCKEY-GRUPPO-300x200.jpg 300w, https:\/\/www.radiopiu.net\/wordpress\/wp-content\/uploads\/2020\/08\/ALLEGHE-HOCKEY-GRUPPO-1024x681.jpg 1024w, https:\/\/www.radiopiu.net\/wordpress\/wp-content\/uploads\/2020\/08\/ALLEGHE-HOCKEY-GRUPPO-768x511.jpg 768w, https:\/\/www.radiopiu.net\/wordpress\/wp-content\/uploads\/2020\/08\/ALLEGHE-HOCKEY-GRUPPO-1536x1022.jpg 1536w, https:\/\/www.radiopiu.net\/wordpress\/wp-content\/uploads\/2020\/08\/ALLEGHE-HOCKEY-GRUPPO-2048x1363.jpg 2048w\" sizes=\"auto, (max-width: 300px) 100vw, 300px\" \/><\/a>ALLEGHE<\/strong> Tempo di conferme in casa Alleghe, e lo zoccolo duro dei giocatori locali ha risposto presente alla chiamata della societ\u00e0 di via Lungolago. Manuel Da Tos, uno dei veterani della squadra, pu\u00f2 essere definito un attaccante prestato alla difesa, a dimostrazione dell\u2019eccellente duttilit\u00e0 tattica dell\u2019esperto giocatore nato ad Agordo, classe 1983. Per lui esperienza ventennale sul ghiaccio e un totale di 721 partite giocate con 87 marcature + 149 assist. Fatta eccezione per un anno con la maglia dello Zoldo ad inizio carriera e due con quella del Fassa, ha sempre indossato la casacca biancorossa.\u00a0L\u2019esordito in serie A risale alla stagione 2000\/2001, dove ha collezionato 487 partite, impreziosite da 25 gol + 59 assist. Nell\u2019ultimo campionato di IHL, per lo pi\u00f9 nel ruolo di terzino, ha giocato 30 partite con 5 gol + 11 assist. Nicola Soppelsa \u00e8 uno dei pi\u00f9 promettenti giovani usciti dal vivaio alleghese negli ultimi anni. Il quasi ventenne difensore nato a Feltre, \u00e8 un importante colonna della retroguardia biancorossa, dove ha esordito in prima squadra nel campionato di IHL 2016\/2017, registrando ad oggi 86 presenze con 6 gol + 13 assist. Nell\u2019ultimo campionato ha disputato 25 gare e 5 reti + 6 assist.\u00a0David Malaj, il quasi diciottenne nativo di Belluno, \u00e8 il pi\u00f9 giovane difensore della nostra prima squadra. Dopo tutta la trafila nelle giovanili biancorosse ha esordito in IHL nella stagione 2018\/2019 collezionando fino ad ora 26 presenze e un assist, dimostrando di poter dare una valida mano alla causa biancorossa, con indubbie potenzialit\u00e0 di crescita. Societ\u00e0 e tifosi accolgono con piacere la conferma in maglia biancorossa di Manuel, Nicola e David.<\/p>\n<p><em><strong>(dal sito alleghehockey.com)<\/strong><\/em><\/p>\n<p>&nbsp;<\/p>\n<p>&nbsp;<\/p>\n<hr \/>\n<p>&nbsp;<\/p>\n<blockquote>\n<h3>LA LEGA NAZIONALE DILETTANTI DEL VENETO HA UFFICIALIZZATO I GIRONI DELLA SECONDA CATEGORIA, AGORDINA NEL GIRONE R<\/h3>\n<\/blockquote>\n<p><strong><a class=\"dt-pswp-item\" href=\"https:\/\/www.radiopiu.net\/wordpress\/wp-content\/uploads\/2020\/08\/seconda-gir.-r-20-21.jpg\" data-dt-img-description=\"\" data-large_image_width=\"658\" data-large_image_height=\"788\"><img loading=\"lazy\" decoding=\"async\" class=\"size-medium wp-image-156151 alignleft\" src=\"https:\/\/www.radiopiu.net\/wordpress\/wp-content\/uploads\/2020\/08\/seconda-gir.-r-20-21-251x300.jpg\" alt=\"\" width=\"251\" height=\"300\" srcset=\"https:\/\/www.radiopiu.net\/wordpress\/wp-content\/uploads\/2020\/08\/seconda-gir.-r-20-21-251x300.jpg 251w, https:\/\/www.radiopiu.net\/wordpress\/wp-content\/uploads\/2020\/08\/seconda-gir.-r-20-21.jpg 658w\" sizes=\"auto, (max-width: 251px) 100vw, 251px\" \/><\/a>VENEZIA<\/strong> Sar\u00e0 un girone al 90% bellunese quello in cui \u00e8 stata inserita l\u2019Agordina nel campionato di Seconda Categoria. 16 squadre, 32 partite e inizio della stagione programmata per il 27 settembre. La squadra di Marco Lorenzi \u00e8 pronta per ritornare a giocare un campionato di livello regionale e sembra voler fare le cose sul serio dopo gli ultimi ingaggi. A fare compagnia all\u2019Agordina nel girone R ci saranno Arsi\u00e8, Arten, Ponte Nelle Alpi, Sarmede, Castion, Fregona, Fulgor Farra, Gemelle, Itlas Santa Giustina, Juventina, Lentiai, Sospirolese, Tambre, Tarzo Revine Lago e Vittsangiacomo. Ora la squadra del presidente Cosmo Forcella aspetter\u00e0 con ansia la pubblicazione del calendario ufficiale per sapere contro chi sar\u00e0 la partita inaugurale della stagione 2020\/21.<\/p>\n<p>&nbsp;<\/p>\n<p>&nbsp;<\/p>\n<p>&nbsp;<\/p>\n<p>&nbsp;<\/p>\n<p>&nbsp;<\/p>\n<p>&nbsp;<\/p>\n<hr \/>\n<p>&nbsp;<\/p>\n<blockquote>\n<h3><strong>CAMPIONATI DI CALCIO CSI BELLUNO, LE NUOVE DATE<\/strong><\/h3>\n<\/blockquote>\n<p><strong>\u00a0BELLUNO <\/strong>La Commissione tecnica calcio del Comitato di Belluno del Centro sportivo italiano comunica che l\u2019inizio dei campionati \u00e8 posticipato rispetto agli anni passati e rispetto anche a quanto ipotizzato nei citati incontri. Sia per quanto riguarda la categoria Open sia per quanto riguarda la categoria Over, la data di inizio \u00e8 fissata per la giornata di sabato 3 ottobre. Il termine ultimo per le iscrizioni, sia al campionato Open sia al campionato Over, \u00e8 fissato per il 12 settembre. Prima dell\u2019inizio dei campionati verranno svolte due riunioni con le societ\u00e0, riunioni volte a definire nel dettaglio le modalit\u00e0 di ripresa che necessariamente dovranno contemperare le prescrizioni degli enti preposti (stato e regione)\u00a0 con quelle dei regolamenti tecnico-sportivi del Centro sportivo italiano. Le date fissate per le riunioni sono luned\u00ec 14 e marted\u00ec 15 settembre, in orario e localit\u00e0 da definire.<\/p>\n<p>&nbsp;<\/p>\n<hr \/>\n<p>&nbsp;<\/p>\n<h2><span style=\"color: #ff0000;\">IERI ALLA RADIO\u00a0<\/span><\/h2>\n<blockquote class=\"wp-embedded-content\" data-secret=\"UttygBgREs\"><p><a href=\"https:\/\/www.radiopiu.net\/wordpress\/bomberine-pronte-per-il-ritiro-e-per-la-festa\/\">BOMBERINE PRONTE PER IL RITIRO&#8230;E PER LA FESTA<\/a><\/p><\/blockquote>\n<p><iframe loading=\"lazy\" class=\"wp-embedded-content\" sandbox=\"allow-scripts\" security=\"restricted\" style=\"position: absolute; clip: rect(1px, 1px, 1px, 1px);\" title=\"&#8220;BOMBERINE PRONTE PER IL RITIRO&#8230;E PER LA FESTA&#8221; &#8212; Radio Pi\u00f9\" src=\"https:\/\/www.radiopiu.net\/wordpress\/bomberine-pronte-per-il-ritiro-e-per-la-festa\/embed\/#?secret=UttygBgREs\" data-secret=\"UttygBgREs\" width=\"600\" height=\"338\" frameborder=\"0\" marginwidth=\"0\" marginheight=\"0\" scrolling=\"no\"><\/iframe><\/p>\n<p>&nbsp;<\/p>\n<hr \/>\n<p>&nbsp;<\/p>\n<blockquote>\n<h3>L\u2019ALLEGHE HOCKEY ORGANIZZA CORSI GRATUITI PER BAMBINI DAI 5 AI 10 ANNI<\/h3>\n<\/blockquote>\n<p><strong><a class=\"dt-pswp-item\" href=\"https:\/\/www.radiopiu.net\/wordpress\/wp-content\/uploads\/2019\/08\/logo-alleghe-hockey.png\" data-dt-img-description=\"\" data-large_image_width=\"547\" data-large_image_height=\"512\"><img loading=\"lazy\" decoding=\"async\" class=\" wp-image-95699 alignleft\" src=\"https:\/\/www.radiopiu.net\/wordpress\/wp-content\/uploads\/2019\/08\/logo-alleghe-hockey-300x281.png\" alt=\"\" width=\"122\" height=\"114\" srcset=\"https:\/\/www.radiopiu.net\/wordpress\/wp-content\/uploads\/2019\/08\/logo-alleghe-hockey-300x281.png 300w, https:\/\/www.radiopiu.net\/wordpress\/wp-content\/uploads\/2019\/08\/logo-alleghe-hockey.png 547w\" sizes=\"auto, (max-width: 122px) 100vw, 122px\" \/><\/a>ALLEGHE<\/strong> La dirigenza dell\u2019Alleghe Hockey ha studiato un modo per avvicinare i bambini a praticare l\u2019hockey su ghiaccio e il tutto gratuitamente. Nessuna spesa perch\u00e9 tutta l\u2019attrezzatura verr\u00e0 messa a disposizione della societ\u00e0. Le lezioni inizieranno sabato 5 settembre e tutti i bambini dai 5 ai 10 anni sono invitati alla prova. Allenamenti gratuiti, Attrezzatura gratuita, team di allenatori e giocatori che seguiranno ogni singolo bambino e rispetto delle norme anti Covid. Gli allenamenti saranno effettuati tutti i marted\u00ec e venerd\u00ec di settembre dalle 18 alle 19. Per info basta chiamare il 338 1866668.<\/p>\n<p>&nbsp;<\/p>\n","protected":false},"excerpt":{"rendered":"<p>PER RICEVERE QUESTO NOTIZIARIO DIRETTAMENTE SUL TUO CELLULARE ISCRIVITI AL CANALE TELEGRAM\u00a0\u201cRADIO PIU\u00a0 INFORMAZIONE ATTENZIONE: LA NUOVA APP PER IOS-IPHONE https:\/\/apps.apple.com\/it\/app\/radio-pi%C3%B9-emittente-agordina\/id1515939845 ATTENZIONE: LA NUOVA APP RADIO\u00a0 PER ANDROID https:\/\/play.google.com\/store\/apps\/details?id=net.radiopiu.iniko \u00a0\u00a0\u00a0\u00a0 SOSPESE LE RICERCHE A SAN PIETRO, SUSANNA CASANOVA DE MARCO E&#8217; STATA RITROVATA MORTA SAN PIETRO\u00a0 Un brutto inizio di giornata per il Cadore, stamane&hellip;<\/p>\n","protected":false},"author":4,"featured_media":156173,"comment_status":"closed","ping_status":"closed","sticky":false,"template":"","format":"standard","meta":{"_monsterinsights_skip_tracking":false,"_monsterinsights_sitenote_active":false,"_monsterinsights_sitenote_note":"","_monsterinsights_sitenote_category":0,"footnotes":""},"categories":[1,86,49],"tags":[],"class_list":["post-156019","post","type-post","status-publish","format-standard","has-post-thumbnail","hentry","category-senza-categoria","category-gr","category-news-18","category-1","category-86","category-49","description-off"],"img_url":"https:\/\/www.radiopiu.net\/wordpress\/wp-content\/uploads\/2020\/08\/015445ec-d3b1-4b74-8085-32a8b4188529.jpg","_links":{"self":[{"href":"https:\/\/www.radiopiu.net\/wordpress\/wp-json\/wp\/v2\/posts\/156019","targetHints":{"allow":["GET"]}}],"collection":[{"href":"https:\/\/www.radiopiu.net\/wordpress\/wp-json\/wp\/v2\/posts"}],"about":[{"href":"https:\/\/www.radiopiu.net\/wordpress\/wp-json\/wp\/v2\/types\/post"}],"author":[{"embeddable":true,"href":"https:\/\/www.radiopiu.net\/wordpress\/wp-json\/wp\/v2\/users\/4"}],"replies":[{"embeddable":true,"href":"https:\/\/www.radiopiu.net\/wordpress\/wp-json\/wp\/v2\/comments?post=156019"}],"version-history":[{"count":0,"href":"https:\/\/www.radiopiu.net\/wordpress\/wp-json\/wp\/v2\/posts\/156019\/revisions"}],"wp:featuredmedia":[{"embeddable":true,"href":"https:\/\/www.radiopiu.net\/wordpress\/wp-json\/wp\/v2\/media\/156173"}],"wp:attachment":[{"href":"https:\/\/www.radiopiu.net\/wordpress\/wp-json\/wp\/v2\/media?parent=156019"}],"wp:term":[{"taxonomy":"category","embeddable":true,"href":"https:\/\/www.radiopiu.net\/wordpress\/wp-json\/wp\/v2\/categories?post=156019"},{"taxonomy":"post_tag","embeddable":true,"href":"https:\/\/www.radiopiu.net\/wordpress\/wp-json\/wp\/v2\/tags?post=156019"}],"curies":[{"name":"wp","href":"https:\/\/api.w.org\/{rel}","templated":true}]}}