{"id":156118,"date":"2021-05-19T05:59:37","date_gmt":"2021-05-19T03:59:37","guid":{"rendered":"https:\/\/www.radiopiu.net\/wordpress\/?p=156118"},"modified":"2021-05-19T06:27:04","modified_gmt":"2021-05-19T04:27:04","slug":"restituito-il-segnale-telefonico-a-luigina-di-andraz","status":"publish","type":"post","link":"https:\/\/www.radiopiu.net\/wordpress\/restituito-il-segnale-telefonico-a-luigina-di-andraz\/","title":{"rendered":"MARGHERITA E&#8217; SEMPRE SENZA TELEFONO  E MINACCIA DI CHIUDERE L&#8217;ATTIVITA&#8217;"},"content":{"rendered":"<p>&nbsp;<\/p>\n<p><strong>LIVINALLONGO<\/strong> Margherita \u00e8 sempre senza telefono, la linea gli \u00e8 stata disattivata in modo involontario per un cambio di gestore non voluto. La Telecom? Nonostante le diverse promesse fatte dai suoi operatori, continua a rinviare e rimpallarsi con il nuovo gestore la soluzione del problema.\u00a0 La linea internet le \u00e8 indispensabile per il collegamento con l&#8217;Agenzia delle Entrate.\u00a0 <em>&#8220;Sono amareggiata\u00a0 &#8211; dice-\u00a0 Nessuno, lo Stato per primo ci tutela da queste truffe. Sto pensando seriamente di ritirarmi&#8221;<\/em><\/p>\n<p><strong>L&#8217;INTERVISTA ALLA RADIO 10 maggio 2021<\/strong><\/p>\n<p><strong><a class=\"dt-pswp-item\" href=\"https:\/\/www.radiopiu.net\/wordpress\/wp-content\/uploads\/2021\/05\/download.jpg\" data-dt-img-description=\"\" data-large_image_width=\"328\" data-large_image_height=\"154\"><img loading=\"lazy\" decoding=\"async\" class=\" wp-image-208781 alignleft\" src=\"https:\/\/www.radiopiu.net\/wordpress\/wp-content\/uploads\/2021\/05\/download-300x141.jpg\" alt=\"\" width=\"200\" height=\"94\" srcset=\"https:\/\/www.radiopiu.net\/wordpress\/wp-content\/uploads\/2021\/05\/download-300x141.jpg 300w, https:\/\/www.radiopiu.net\/wordpress\/wp-content\/uploads\/2021\/05\/download.jpg 328w\" sizes=\"auto, (max-width: 200px) 100vw, 200px\" \/><\/a>LIVINALLONGO<\/strong> Margherita Casaril, settant&#8217;anni ma ancora attiva con il suo punto vendita ad Andraz di Livinallongo, un servizio, una missione per il paese quel piccolo negozio di alimentari. Margherita \u00e8 stata abbindolata dal gestore &#8220;fantasma&#8221;. Ignorato il diritto di recesso e ora \u00e8\u00a0 costretta a ricorrere ad un legale. Non bastasse, la linea internet non c&#8217;\u00e8 pi\u00f9 e i problemi si sormontano,\u00a0 ad esempio nel comunicare i dati all&#8217;Agenzia delle Entrate<\/p>\n<p><strong>LA NOSTRA INTERVISTA A MARGHERITA<\/strong><\/p>\n<audio class=\"wp-audio-shortcode\" id=\"audio-156118-1\" preload=\"none\" style=\"width: 100%;\" controls=\"controls\"><source type=\"audio\/mpeg\" src=\"https:\/\/www.radiopiu.net\/wordpress\/wp-content\/uploads\/2021\/05\/margherita.mp3?_=1\" \/><a href=\"https:\/\/www.radiopiu.net\/wordpress\/wp-content\/uploads\/2021\/05\/margherita.mp3\">https:\/\/www.radiopiu.net\/wordpress\/wp-content\/uploads\/2021\/05\/margherita.mp3<\/a><\/audio>\n<p>&nbsp;<\/p>\n<p>&nbsp;<\/p>\n<p>&nbsp;<\/p>\n<p>&nbsp;<\/p>\n<hr \/>\n<p>&nbsp;<\/p>\n<blockquote><p><span style=\"color: #ff0000;\">I PRECEDENTI&#8230;. AGOSTO 2020, LA STESSA STORIA, LO STESSO COPIONE, LA STESSA POCA EDUCAZIONE VERSO IL CLIENTE CHE DIVERSAMENTE DALLE COMPAGNIE TELEFONICHE NON PUO&#8217; &#8220;TAGLIARE&#8221; I CAVI E AFFIDARE LA PRATICA AGLI UOMINI DELLA RISCOSSIONE&#8230;<\/span><\/p><\/blockquote>\n<p>&nbsp;<\/p>\n<p><strong>LIVINALLONGO<\/strong> Dopo una settimana di passione la bella notizia: il segnale telefonico \u00e8 stato ripristinato ad Andraz di Livinallongo ma anche questa volta \u00e8 stato necessario scomodare i mezzi di informazione, soprattutto le istituzioni ad iniziare dal sindaco Leandro Grones che comunica: <em>&#8220;Risolto il problema alla linea Telecom\u00a0 di Margherita Casaril. Della questione si \u00e8 finanche interessato il Ministro D\u2019Inc\u00e0&#8221;<\/em><\/p>\n<h2><span style=\"color: #ff0000;\">L&#8217;ARTICOLO ALLA RADIO<\/span><\/h2>\n<p class=\"page-title-breadcrumbs\"><strong><img loading=\"lazy\" decoding=\"async\" class=\"size-medium wp-image-155880 alignleft jetpack-lazy-image jetpack-lazy-image--handled\" src=\"https:\/\/i0.wp.com\/www.radiopiu.net\/wordpress\/wp-content\/uploads\/2020\/08\/img-1380.jpg?resize=300%2C141&amp;ssl=1\" sizes=\"auto, (max-width: 300px) 100vw, 300px\" srcset=\"https:\/\/i0.wp.com\/www.radiopiu.net\/wordpress\/wp-content\/uploads\/2020\/08\/img-1380.jpg?resize=300%2C141&amp;ssl=1 300w, https:\/\/i0.wp.com\/www.radiopiu.net\/wordpress\/wp-content\/uploads\/2020\/08\/img-1380.jpg?resize=1024%2C480&amp;ssl=1 1024w, https:\/\/i0.wp.com\/www.radiopiu.net\/wordpress\/wp-content\/uploads\/2020\/08\/img-1380.jpg?resize=768%2C360&amp;ssl=1 768w, https:\/\/i0.wp.com\/www.radiopiu.net\/wordpress\/wp-content\/uploads\/2020\/08\/img-1380.jpg?resize=1536%2C720&amp;ssl=1 1536w, https:\/\/i0.wp.com\/www.radiopiu.net\/wordpress\/wp-content\/uploads\/2020\/08\/img-1380.jpg?w=1920&amp;ssl=1 1920w\" alt=\"\" width=\"300\" height=\"141\" data-recalc-dims=\"1\" data-lazy-loaded=\"1\" \/>LIVINALLONGO <em>The neverending story, <\/em>una gran canzone degli anni ottanta che accompagnava anche una tra le pellicole meglio valutate sul grande schermo. Una colonna sonora ancora attuale per le compagnie telefoniche in quanto a<em> una storia infinita.<\/em> Poche settimane fa segnalavamo il disservizio che durava da 15 giorni a Digonera, frazione di Rocca Pietore rimasta senza telefono fisso (quindi anche internet) in seguito ad un temporale e poco importa se tra i clienti della quotata societ\u00e0 (in borsa s\u2019intende) c\u2019erano albergatori, esercenti di attivit\u00e0, valligiani e turisti. L\u2019altra settimana ci siamo occupati di Wind-Tre che ha fatto arrabbiare un intero paese, Rivamonte per quel traliccio marroncino da 24 metri che i tecnici vogliono installare in barba alle bellezze ambientali e alle vicine abitazioni. Oggi si torna a parlare di disservizi ad Andraz di Livinallongo. <em>Margherita<\/em> Casaril gestisce un negozio di alimentari e generi vari in una frazione dove le comodit\u00e0 sono un\u2019altra cosa, ma il telefono ed internet aiutano quando c\u2019\u00e8 il servizio. <em>\u201cSono disperata \u2013 ci racconta di buon\u2019ora chiamando da un telefono cellulare \u2013 dall\u201911 agosto il telefono \u00e8 muto, nemmeno un respiro. Ho necessit\u00e0 del collegamento per la mia attivit\u00e0, per il contatto con l\u2019Agenzia delle Entrate, per spedire gli F24, ma questo non \u00e8 possibile, il servizio \u00e8 assente\u201d.<\/em> Ovviamente il solito guasto e la solita presa in giro del call center.<em> \u201cHo chiamato il giorno dopo la compagnia telefonica dove la centralinista mi assicurava che l\u2019intervento del tecnico era calendarizzato per il giorno successivo dalle 13 alle 18. Non mi sono mossa di casa ma nessun tecnico \u00e8 salito ad Andraz di Livinallongo. Ho richiamato e mi hanno anticipato che il tecnico sarebbe comunque arrivato a breve e sono passati sette giorni. Telefono tutti i giorni e tutti i giorni la stessa risposta, ma nessuna soluzione. Sono davvero stufa, ma soprattutto questo sta mettendo in crisi la mia attivit\u00e0\u201d <\/em>conclude <em>Margherita<\/em> Casaril che chiede aiuto anche\u00a0 alle attivit\u00e0 istituzionali non sapendo pi\u00f9 a che santo votarsi.<br \/>\n<\/strong><\/p>\n<p><strong>IL SINDACO DI LIVINALLONGO LEANDRO GRONES<\/strong><\/p>\n<audio class=\"wp-audio-shortcode\" id=\"audio-156118-2\" preload=\"none\" style=\"width: 100%;\" controls=\"controls\"><source type=\"audio\/mpeg\" src=\"https:\/\/www.radiopiu.net\/wordpress\/wp-content\/uploads\/2020\/08\/GRONES-TELECOM.mp3?_=2\" \/><a href=\"https:\/\/www.radiopiu.net\/wordpress\/wp-content\/uploads\/2020\/08\/GRONES-TELECOM.mp3\">https:\/\/www.radiopiu.net\/wordpress\/wp-content\/uploads\/2020\/08\/GRONES-TELECOM.mp3<\/a><\/audio>\n<p>&nbsp;<\/p>\n<p>&nbsp;<\/p>\n","protected":false},"excerpt":{"rendered":"<p>&nbsp; LIVINALLONGO Margherita \u00e8 sempre senza telefono, la linea gli \u00e8 stata disattivata in modo involontario per un cambio di gestore non voluto. La Telecom? Nonostante le diverse promesse fatte dai suoi operatori, continua a rinviare e rimpallarsi con il nuovo gestore la soluzione del problema.\u00a0 La linea internet le \u00e8 indispensabile per il collegamento&hellip;<\/p>\n","protected":false},"author":1,"featured_media":155880,"comment_status":"closed","ping_status":"closed","sticky":false,"template":"","format":"standard","meta":{"_monsterinsights_skip_tracking":false,"_monsterinsights_sitenote_active":false,"_monsterinsights_sitenote_note":"","_monsterinsights_sitenote_category":0,"footnotes":""},"categories":[51,49],"tags":[],"class_list":["post-156118","post","type-post","status-publish","format-standard","has-post-thumbnail","hentry","category-evidenza-top","category-news-18","category-51","category-49","description-off"],"img_url":"https:\/\/www.radiopiu.net\/wordpress\/wp-content\/uploads\/2020\/08\/img-1380.jpg","_links":{"self":[{"href":"https:\/\/www.radiopiu.net\/wordpress\/wp-json\/wp\/v2\/posts\/156118","targetHints":{"allow":["GET"]}}],"collection":[{"href":"https:\/\/www.radiopiu.net\/wordpress\/wp-json\/wp\/v2\/posts"}],"about":[{"href":"https:\/\/www.radiopiu.net\/wordpress\/wp-json\/wp\/v2\/types\/post"}],"author":[{"embeddable":true,"href":"https:\/\/www.radiopiu.net\/wordpress\/wp-json\/wp\/v2\/users\/1"}],"replies":[{"embeddable":true,"href":"https:\/\/www.radiopiu.net\/wordpress\/wp-json\/wp\/v2\/comments?post=156118"}],"version-history":[{"count":0,"href":"https:\/\/www.radiopiu.net\/wordpress\/wp-json\/wp\/v2\/posts\/156118\/revisions"}],"wp:featuredmedia":[{"embeddable":true,"href":"https:\/\/www.radiopiu.net\/wordpress\/wp-json\/wp\/v2\/media\/155880"}],"wp:attachment":[{"href":"https:\/\/www.radiopiu.net\/wordpress\/wp-json\/wp\/v2\/media?parent=156118"}],"wp:term":[{"taxonomy":"category","embeddable":true,"href":"https:\/\/www.radiopiu.net\/wordpress\/wp-json\/wp\/v2\/categories?post=156118"},{"taxonomy":"post_tag","embeddable":true,"href":"https:\/\/www.radiopiu.net\/wordpress\/wp-json\/wp\/v2\/tags?post=156118"}],"curies":[{"name":"wp","href":"https:\/\/api.w.org\/{rel}","templated":true}]}}