{"id":156133,"date":"2020-08-20T06:21:49","date_gmt":"2020-08-20T04:21:49","guid":{"rendered":"https:\/\/www.radiopiu.net\/wordpress\/?p=156133"},"modified":"2020-08-20T06:25:15","modified_gmt":"2020-08-20T04:25:15","slug":"magazzini-comunali-a-congiuo-e-il-sindaco-che-non-coinvolge-i-consiglieri-di-minoranza","status":"publish","type":"post","link":"https:\/\/www.radiopiu.net\/wordpress\/magazzini-comunali-a-congiuo-e-il-sindaco-che-non-coinvolge-i-consiglieri-di-minoranza\/","title":{"rendered":"MAGAZZINI COMUNALI A CONGIUO &#8220;E&#8217; IL SINDACO CHE NON COINVOLGE I CONSIGLIERI DI MINORANZA&#8221;"},"content":{"rendered":"<p><strong><a class=\"dt-pswp-item\" href=\"https:\/\/www.radiopiu.net\/wordpress\/wp-content\/uploads\/2020\/08\/WhatsApp-Image-2020-08-18-at-08.41.53.jpeg\" data-dt-img-description=\"\" data-large_image_width=\"1600\" data-large_image_height=\"1200\"><img loading=\"lazy\" decoding=\"async\" class=\"wp-image-155845 alignleft\" src=\"https:\/\/www.radiopiu.net\/wordpress\/wp-content\/uploads\/2020\/08\/WhatsApp-Image-2020-08-18-at-08.41.53-300x225.jpeg\" alt=\"\" width=\"159\" height=\"119\" srcset=\"https:\/\/www.radiopiu.net\/wordpress\/wp-content\/uploads\/2020\/08\/WhatsApp-Image-2020-08-18-at-08.41.53-300x225.jpeg 300w, https:\/\/www.radiopiu.net\/wordpress\/wp-content\/uploads\/2020\/08\/WhatsApp-Image-2020-08-18-at-08.41.53-1024x768.jpeg 1024w, https:\/\/www.radiopiu.net\/wordpress\/wp-content\/uploads\/2020\/08\/WhatsApp-Image-2020-08-18-at-08.41.53-768x576.jpeg 768w, https:\/\/www.radiopiu.net\/wordpress\/wp-content\/uploads\/2020\/08\/WhatsApp-Image-2020-08-18-at-08.41.53-1536x1152.jpeg 1536w, https:\/\/www.radiopiu.net\/wordpress\/wp-content\/uploads\/2020\/08\/WhatsApp-Image-2020-08-18-at-08.41.53.jpeg 1600w\" sizes=\"auto, (max-width: 159px) 100vw, 159px\" \/><\/a>ROCCA PIETORE<\/strong> Il consigliere comunale Diana Iraci Borgia torna sull&#8217;argomento magazzini comunali di Congiuo con delle precisazioni a seguito delle dichiarazioni di ieri del primo cittadino Andrea De Bernardin:<\/p>\n<p>A seguito delle ultime dichiarazioni del Sindaco Andrea De Bernardin si rendono necessarie alcune precisazioni. 1. Consultare la popolazione \u00e8 sempre utile e lo \u00e8 ancora di pi\u00f9 PRIMA che sia stato fatto il progetto di un&#8217;opera pubblica.<br \/>\n2. La costruzione di opere pubbliche deve avvenire nel rispetto del territorio, che \u00e8 l&#8217;unica ricchezza che abbiamo e che l&#8217;amministrazione dovrebbe tutelare in via prioritaria. 3. La realizzazione della struttura non \u00e8 cos\u00ec astratta come vuole fare credere il Sindaco: anche se non c&#8217;\u00e8 il progetto definitivo, c&#8217;\u00e8 un progetto preliminare\/studio di fattibilit\u00e0 del 2011 (il progetto &#8220;abbozzato&#8221; o lo &#8220;schizzo&#8221; di cui si nega l&#8217;esistenza) e soprattutto sono stati di recente adottati due provvedimenti che hanno stanziato somme per tale finalit\u00e0: la delibera consiliare di approvazione del bilancio del marzo 2020, ove 535.000 euro provenienti dalle donazioni post Vaia sono stati destinati alla costruzione dell&#8217;elisoccorso e la delibera di giunta del luglio 2020 con cui l&#8217;annualit\u00e0 2020 dei fondi di confine viene destinata alla realizzazione dei magazzini comunali. 4. \u00c8 il Sindaco stesso a non coinvolgere i consiglieri di minoranza nelle decisioni di competenza della Giunta e l&#8217;ultimo consiglio comunale risale a pi\u00f9 di due mesi fa.<\/p>\n<p>&nbsp;<\/p>\n<p><strong>DAL NOTIZIARIO DELLE 12.30<\/strong><\/p>\n<audio class=\"wp-audio-shortcode\" id=\"audio-156133-1\" preload=\"none\" style=\"width: 100%;\" controls=\"controls\"><source type=\"audio\/mpeg\" src=\"https:\/\/www.radiopiu.net\/wordpress\/wp-content\/uploads\/2020\/08\/DIANA-1.mp3?_=1\" \/><a href=\"https:\/\/www.radiopiu.net\/wordpress\/wp-content\/uploads\/2020\/08\/DIANA-1.mp3\">https:\/\/www.radiopiu.net\/wordpress\/wp-content\/uploads\/2020\/08\/DIANA-1.mp3<\/a><\/audio>\n<p><strong>IERI IL SINDACO ANDREA DE BERNARDIN<\/strong><\/p>\n<p>&nbsp;<\/p>\n<audio class=\"wp-audio-shortcode\" id=\"audio-156133-2\" preload=\"none\" style=\"width: 100%;\" controls=\"controls\"><source type=\"audio\/mpeg\" src=\"https:\/\/www.radiopiu.net\/wordpress\/wp-content\/uploads\/2020\/08\/ANDREA-1.mp3?_=2\" \/><a href=\"https:\/\/www.radiopiu.net\/wordpress\/wp-content\/uploads\/2020\/08\/ANDREA-1.mp3\">https:\/\/www.radiopiu.net\/wordpress\/wp-content\/uploads\/2020\/08\/ANDREA-1.mp3<\/a><\/audio>\n<p>&nbsp;<\/p>\n<p>&nbsp;<\/p>\n<p>&nbsp;<\/p>\n","protected":false},"excerpt":{"rendered":"<p>ROCCA PIETORE Il consigliere comunale Diana Iraci Borgia torna sull&#8217;argomento magazzini comunali di Congiuo con delle precisazioni a seguito delle dichiarazioni di ieri del primo cittadino Andrea De Bernardin: A seguito delle ultime dichiarazioni del Sindaco Andrea De Bernardin si rendono necessarie alcune precisazioni. 1. Consultare la popolazione \u00e8 sempre utile e lo \u00e8 ancora&hellip;<\/p>\n","protected":false},"author":1,"featured_media":92227,"comment_status":"closed","ping_status":"closed","sticky":false,"template":"","format":"standard","meta":{"_monsterinsights_skip_tracking":false,"_monsterinsights_sitenote_active":false,"_monsterinsights_sitenote_note":"","_monsterinsights_sitenote_category":0,"footnotes":""},"categories":[49],"tags":[],"class_list":["post-156133","post","type-post","status-publish","format-standard","has-post-thumbnail","hentry","category-news-18","category-49","description-off"],"img_url":"https:\/\/www.radiopiu.net\/wordpress\/wp-content\/uploads\/2019\/07\/consiglio-rocca-4.jpeg","_links":{"self":[{"href":"https:\/\/www.radiopiu.net\/wordpress\/wp-json\/wp\/v2\/posts\/156133","targetHints":{"allow":["GET"]}}],"collection":[{"href":"https:\/\/www.radiopiu.net\/wordpress\/wp-json\/wp\/v2\/posts"}],"about":[{"href":"https:\/\/www.radiopiu.net\/wordpress\/wp-json\/wp\/v2\/types\/post"}],"author":[{"embeddable":true,"href":"https:\/\/www.radiopiu.net\/wordpress\/wp-json\/wp\/v2\/users\/1"}],"replies":[{"embeddable":true,"href":"https:\/\/www.radiopiu.net\/wordpress\/wp-json\/wp\/v2\/comments?post=156133"}],"version-history":[{"count":0,"href":"https:\/\/www.radiopiu.net\/wordpress\/wp-json\/wp\/v2\/posts\/156133\/revisions"}],"wp:featuredmedia":[{"embeddable":true,"href":"https:\/\/www.radiopiu.net\/wordpress\/wp-json\/wp\/v2\/media\/92227"}],"wp:attachment":[{"href":"https:\/\/www.radiopiu.net\/wordpress\/wp-json\/wp\/v2\/media?parent=156133"}],"wp:term":[{"taxonomy":"category","embeddable":true,"href":"https:\/\/www.radiopiu.net\/wordpress\/wp-json\/wp\/v2\/categories?post=156133"},{"taxonomy":"post_tag","embeddable":true,"href":"https:\/\/www.radiopiu.net\/wordpress\/wp-json\/wp\/v2\/tags?post=156133"}],"curies":[{"name":"wp","href":"https:\/\/api.w.org\/{rel}","templated":true}]}}