{"id":156169,"date":"2020-08-20T05:37:09","date_gmt":"2020-08-20T03:37:09","guid":{"rendered":"https:\/\/www.radiopiu.net\/wordpress\/?p=156169"},"modified":"2020-08-20T05:37:09","modified_gmt":"2020-08-20T03:37:09","slug":"estate-di-code-attese-parcheggi-esauriti-e-affollamento-alla-partenza-degli-impianti-di-risalita","status":"publish","type":"post","link":"https:\/\/www.radiopiu.net\/wordpress\/estate-di-code-attese-parcheggi-esauriti-e-affollamento-alla-partenza-degli-impianti-di-risalita\/","title":{"rendered":"ESTATE DI CODE, ATTESE, PARCHEGGI ESAURITI E AFFOLLAMENTO ALLA PARTENZA DEGLI IMPIANTI DI RISALITA"},"content":{"rendered":"<blockquote>\n<h3>ESTATE DA RICORDARE<\/h3>\n<\/blockquote>\n<p><a class=\"dt-pswp-item\" href=\"https:\/\/www.radiopiu.net\/wordpress\/wp-content\/uploads\/2020\/08\/db84b083-dd0f-4cfc-82f0-3de60743d157.jpg\" data-dt-img-description=\"\" data-large_image_width=\"961\" data-large_image_height=\"1600\"><img loading=\"lazy\" decoding=\"async\" class=\"size-medium wp-image-156167 alignleft\" src=\"https:\/\/www.radiopiu.net\/wordpress\/wp-content\/uploads\/2020\/08\/db84b083-dd0f-4cfc-82f0-3de60743d157-180x300.jpg\" alt=\"\" width=\"180\" height=\"300\" srcset=\"https:\/\/www.radiopiu.net\/wordpress\/wp-content\/uploads\/2020\/08\/db84b083-dd0f-4cfc-82f0-3de60743d157-180x300.jpg 180w, https:\/\/www.radiopiu.net\/wordpress\/wp-content\/uploads\/2020\/08\/db84b083-dd0f-4cfc-82f0-3de60743d157-615x1024.jpg 615w, https:\/\/www.radiopiu.net\/wordpress\/wp-content\/uploads\/2020\/08\/db84b083-dd0f-4cfc-82f0-3de60743d157-768x1279.jpg 768w, https:\/\/www.radiopiu.net\/wordpress\/wp-content\/uploads\/2020\/08\/db84b083-dd0f-4cfc-82f0-3de60743d157-923x1536.jpg 923w, https:\/\/www.radiopiu.net\/wordpress\/wp-content\/uploads\/2020\/08\/db84b083-dd0f-4cfc-82f0-3de60743d157.jpg 961w\" sizes=\"auto, (max-width: 180px) 100vw, 180px\" \/><\/a>Ci sono tanti motivi che ci porteranno a ricordare l&#8217;estate 2020, l&#8217;assenza del turista straniero, da quello delle due ruote a primavera al turista da escursionismo con i calzini nei sandali. La massiccia presenza di turisti italiani, tanti pendolari in arrivo al mattino e di ritorno gi\u00e0 in serata. Gli assembramenti sui sentieri delle Dolomiti. L&#8217;esercito dei\u00a0 turisti a rischio sanzione con i gonfiabili al lago del Sorapis o in tuffo non appena si pari\u00a0 davanti il rinfrescante specchio d&#8217;acqua. Ricorderemo le code, non solo sulla 51 di Alemagna verso il Cadore e Cortina, sopratutto lungo la regionale 203 agordina che una volta in pi\u00f9 ha fatto capire come la tangenziale di Agordo abbia risolto un solo problema: togliere il traffico da piazza Libert\u00e0, per il resto ha solo spostato il problema due chilometri pi\u00f9 a monte perch\u00e9 il bivio di Cencenighe era e rimane il problema con o senza vigile. Anche il centro di Alleghe ieri pomeriggio \u00e8 entrato in &#8220;crisi&#8221; con lunghe code da Avoscan (salendo al mattino) e da Caprile (la sera in discesa). Sar\u00e0 cos\u00ec per tutta la settimana probabilmente ma di positivo c&#8217;\u00e8 l&#8217;importante boccata di ossigeno per chi opera nel commercio. (MM)<\/p>\n<p>A commento della foto di Cristian Jigen Demma per &#8220;Esperienze Dolomitiche&#8221; l&#8217;opinione di Claudio Pra, pagina facebook <strong>&#8220;La montagna nel cuore 360 gradi di passione ad alta quota&#8221;<\/strong><em> Quando si saranno stufati dei nostri luoghi per situazioni come questa poi rimpiangere quelli che poteva essere e non \u00e8 stato. Di post cos\u00ec ne trovi a decine ormai. Chi apprezza la vera montagna si stufer\u00e0. Era l&#8217;occasione per distinguersi dall&#8217;alto Adige e il Trentino, ormai irrimediabilmente trasformati in salotti per cittadini. Da noi c&#8217;\u00e8 l&#8217;altra montagna, ma durer\u00e0 poco perch\u00e9 anzich\u00e9 distinguersi vogliamo copiare i vicini.<\/em><\/p>\n<p>&nbsp;<\/p>\n","protected":false},"excerpt":{"rendered":"<p>ESTATE DA RICORDARE Ci sono tanti motivi che ci porteranno a ricordare l&#8217;estate 2020, l&#8217;assenza del turista straniero, da quello delle due ruote a primavera al turista da escursionismo con i calzini nei sandali. La massiccia presenza di turisti italiani, tanti pendolari in arrivo al mattino e di ritorno gi\u00e0 in serata. Gli assembramenti sui&hellip;<\/p>\n","protected":false},"author":4,"featured_media":156170,"comment_status":"closed","ping_status":"closed","sticky":false,"template":"","format":"standard","meta":{"_monsterinsights_skip_tracking":false,"_monsterinsights_sitenote_active":false,"_monsterinsights_sitenote_note":"","_monsterinsights_sitenote_category":0,"footnotes":""},"categories":[51,49],"tags":[],"class_list":["post-156169","post","type-post","status-publish","format-standard","has-post-thumbnail","hentry","category-evidenza-top","category-news-18","category-51","category-49","description-off"],"img_url":"https:\/\/www.radiopiu.net\/wordpress\/wp-content\/uploads\/2020\/08\/image-1.jpg","_links":{"self":[{"href":"https:\/\/www.radiopiu.net\/wordpress\/wp-json\/wp\/v2\/posts\/156169","targetHints":{"allow":["GET"]}}],"collection":[{"href":"https:\/\/www.radiopiu.net\/wordpress\/wp-json\/wp\/v2\/posts"}],"about":[{"href":"https:\/\/www.radiopiu.net\/wordpress\/wp-json\/wp\/v2\/types\/post"}],"author":[{"embeddable":true,"href":"https:\/\/www.radiopiu.net\/wordpress\/wp-json\/wp\/v2\/users\/4"}],"replies":[{"embeddable":true,"href":"https:\/\/www.radiopiu.net\/wordpress\/wp-json\/wp\/v2\/comments?post=156169"}],"version-history":[{"count":0,"href":"https:\/\/www.radiopiu.net\/wordpress\/wp-json\/wp\/v2\/posts\/156169\/revisions"}],"wp:featuredmedia":[{"embeddable":true,"href":"https:\/\/www.radiopiu.net\/wordpress\/wp-json\/wp\/v2\/media\/156170"}],"wp:attachment":[{"href":"https:\/\/www.radiopiu.net\/wordpress\/wp-json\/wp\/v2\/media?parent=156169"}],"wp:term":[{"taxonomy":"category","embeddable":true,"href":"https:\/\/www.radiopiu.net\/wordpress\/wp-json\/wp\/v2\/categories?post=156169"},{"taxonomy":"post_tag","embeddable":true,"href":"https:\/\/www.radiopiu.net\/wordpress\/wp-json\/wp\/v2\/tags?post=156169"}],"curies":[{"name":"wp","href":"https:\/\/api.w.org\/{rel}","templated":true}]}}