{"id":156174,"date":"2020-08-20T05:53:43","date_gmt":"2020-08-20T03:53:43","guid":{"rendered":"https:\/\/www.radiopiu.net\/wordpress\/?p=156174"},"modified":"2020-08-20T05:53:43","modified_gmt":"2020-08-20T03:53:43","slug":"stangaten-parte-2-lautovelox-raddoppia","status":"publish","type":"post","link":"https:\/\/www.radiopiu.net\/wordpress\/stangaten-parte-2-lautovelox-raddoppia\/","title":{"rendered":"&#8220;STANGATEN&#8221; PARTE 2, L&#8217;AUTOVELOX RADDOPPIA"},"content":{"rendered":"<p>&nbsp;<\/p>\n<blockquote>\n<h3><a class=\"dt-pswp-item\" href=\"https:\/\/www.radiopiu.net\/wordpress\/wp-content\/uploads\/2020\/08\/AAAAA.jpg\" data-dt-img-description=\"\" data-large_image_width=\"720\" data-large_image_height=\"1440\"><img loading=\"lazy\" decoding=\"async\" class=\" wp-image-156175 alignleft\" src=\"https:\/\/www.radiopiu.net\/wordpress\/wp-content\/uploads\/2020\/08\/AAAAA-150x300.jpg\" alt=\"\" width=\"85\" height=\"170\" srcset=\"https:\/\/www.radiopiu.net\/wordpress\/wp-content\/uploads\/2020\/08\/AAAAA-150x300.jpg 150w, https:\/\/www.radiopiu.net\/wordpress\/wp-content\/uploads\/2020\/08\/AAAAA-512x1024.jpg 512w, https:\/\/www.radiopiu.net\/wordpress\/wp-content\/uploads\/2020\/08\/AAAAA.jpg 720w\" sizes=\"auto, (max-width: 85px) 100vw, 85px\" \/><\/a>RADDOPPIANO LE SANZIONI, AUTOVELOX IN FUNZIONE ANCHE PER CHI SALE<\/h3>\n<\/blockquote>\n<p><em>Il limite di velocit\u00e0, diversamente da altre postazioni (ad esempio Morbiach a Cencenighe) \u00e8 ben segnalato con il cartello dei 90 ed evita frenate brusche di chi non conoscendo il codice della strada (che non \u00e8 una giustificazione) inchioda fino ai 50<\/em><\/p>\n<p><strong>SEDICO<\/strong> A giugno lo avevamo pre annunciato in concomitanza con l&#8217;inizio dei lavori, da ieri la postazione di rilevamento lungo il rettilineo anche per chi sale da Belluno verso Agordo \u00e8 attiva. Limite di velocit\u00e0 90 chilometri orari ben segnalati con un grande cartello in entrambe le direzioni. Intervento da 10 mila euro.<\/p>\n<p>&nbsp;<\/p>\n<h2><span style=\"color: #ff0000;\">DAL NOTIZIARIO DEL 1 GIUGNO<\/span><\/h2>\n<blockquote class=\"wp-embedded-content\" data-secret=\"A8Arwmiaxj\"><p><a href=\"https:\/\/www.radiopiu.net\/wordpress\/il-comune-di-sedico-verso-il-raddoppio-delle-sanzioni-a-candatenni-a-candate\/\">&#8220;STANGANTEN&#8221;: IL COMUNE DI SEDICO VERSO IL &#8220;RADDOPPIO&#8221; DELLE SANZIONI<\/a><\/p><\/blockquote>\n<p><iframe loading=\"lazy\" class=\"wp-embedded-content\" sandbox=\"allow-scripts\" security=\"restricted\" style=\"position: absolute; clip: rect(1px, 1px, 1px, 1px);\" title=\"&#8220;&#8220;STANGANTEN&#8221;: IL COMUNE DI SEDICO VERSO IL &#8220;RADDOPPIO&#8221; DELLE SANZIONI&#8221; &#8212; Radio Pi\u00f9\" src=\"https:\/\/www.radiopiu.net\/wordpress\/il-comune-di-sedico-verso-il-raddoppio-delle-sanzioni-a-candatenni-a-candate\/embed\/#?secret=A8Arwmiaxj\" data-secret=\"A8Arwmiaxj\" width=\"600\" height=\"338\" frameborder=\"0\" marginwidth=\"0\" marginheight=\"0\" scrolling=\"no\"><\/iframe><\/p>\n<p>&nbsp;<\/p>\n","protected":false},"excerpt":{"rendered":"<p>&nbsp; RADDOPPIANO LE SANZIONI, AUTOVELOX IN FUNZIONE ANCHE PER CHI SALE Il limite di velocit\u00e0, diversamente da altre postazioni (ad esempio Morbiach a Cencenighe) \u00e8 ben segnalato con il cartello dei 90 ed evita frenate brusche di chi non conoscendo il codice della strada (che non \u00e8 una giustificazione) inchioda fino ai 50 SEDICO A&hellip;<\/p>\n","protected":false},"author":4,"featured_media":156175,"comment_status":"closed","ping_status":"closed","sticky":false,"template":"","format":"standard","meta":{"_monsterinsights_skip_tracking":false,"_monsterinsights_sitenote_active":false,"_monsterinsights_sitenote_note":"","_monsterinsights_sitenote_category":0,"footnotes":""},"categories":[51,49],"tags":[],"class_list":["post-156174","post","type-post","status-publish","format-standard","has-post-thumbnail","hentry","category-evidenza-top","category-news-18","category-51","category-49","description-off"],"img_url":"https:\/\/www.radiopiu.net\/wordpress\/wp-content\/uploads\/2020\/08\/AAAAA.jpg","_links":{"self":[{"href":"https:\/\/www.radiopiu.net\/wordpress\/wp-json\/wp\/v2\/posts\/156174","targetHints":{"allow":["GET"]}}],"collection":[{"href":"https:\/\/www.radiopiu.net\/wordpress\/wp-json\/wp\/v2\/posts"}],"about":[{"href":"https:\/\/www.radiopiu.net\/wordpress\/wp-json\/wp\/v2\/types\/post"}],"author":[{"embeddable":true,"href":"https:\/\/www.radiopiu.net\/wordpress\/wp-json\/wp\/v2\/users\/4"}],"replies":[{"embeddable":true,"href":"https:\/\/www.radiopiu.net\/wordpress\/wp-json\/wp\/v2\/comments?post=156174"}],"version-history":[{"count":0,"href":"https:\/\/www.radiopiu.net\/wordpress\/wp-json\/wp\/v2\/posts\/156174\/revisions"}],"wp:featuredmedia":[{"embeddable":true,"href":"https:\/\/www.radiopiu.net\/wordpress\/wp-json\/wp\/v2\/media\/156175"}],"wp:attachment":[{"href":"https:\/\/www.radiopiu.net\/wordpress\/wp-json\/wp\/v2\/media?parent=156174"}],"wp:term":[{"taxonomy":"category","embeddable":true,"href":"https:\/\/www.radiopiu.net\/wordpress\/wp-json\/wp\/v2\/categories?post=156174"},{"taxonomy":"post_tag","embeddable":true,"href":"https:\/\/www.radiopiu.net\/wordpress\/wp-json\/wp\/v2\/tags?post=156174"}],"curies":[{"name":"wp","href":"https:\/\/api.w.org\/{rel}","templated":true}]}}