{"id":156186,"date":"2020-08-20T06:47:39","date_gmt":"2020-08-20T04:47:39","guid":{"rendered":"https:\/\/www.radiopiu.net\/wordpress\/?p=156186"},"modified":"2020-08-20T10:27:02","modified_gmt":"2020-08-20T08:27:02","slug":"https-wp-me-p63lo7-ed8","status":"publish","type":"post","link":"https:\/\/www.radiopiu.net\/wordpress\/https-wp-me-p63lo7-ed8\/","title":{"rendered":"NUOVA APERTURA IN PIAZZA LIBERTA&#8217; AD AGORDO"},"content":{"rendered":"<p><strong>AGORDO<\/strong> Nuova apertura oggi alle 17 ad Agordo, Gabriele Rossoni inizia una nuova attivit\u00e0 <strong>&#8220;Barbanera<\/strong> <strong>Beers&#8221;<\/strong> la birreria in piazza Libert\u00e0. Ed \u00e8 una notizia soprattutto in questo periodo dove ad Agordo si sono abbassate, per non rialzarsi pi\u00f9, tante serrande. L&#8217;isola pedonale \u00e8 tristemente &#8220;spenta&#8221; con una serie di chiusure come testimonia il &#8220;monumento alle attivit\u00e0 cadute&#8221; di Piazza Libert\u00e0 che ostinatamente riporta ancora molti marchi di negozi che sono solo un lontano ricordo.<br \/>\nIn bocca al lupo a Gabriele, e buon lavoro.<\/p>\n<p><a class=\"dt-pswp-item\" href=\"https:\/\/www.radiopiu.net\/wordpress\/wp-content\/uploads\/2020\/08\/ac6d3b37-0d8d-453a-8fde-bcdb60169bf4.jpg\" data-dt-img-description=\"\" data-large_image_width=\"1600\" data-large_image_height=\"1200\"><img loading=\"lazy\" decoding=\"async\" class=\"alignnone wp-image-156184 size-large\" src=\"https:\/\/www.radiopiu.net\/wordpress\/wp-content\/uploads\/2020\/08\/ac6d3b37-0d8d-453a-8fde-bcdb60169bf4-1024x768.jpg\" alt=\"\" width=\"1024\" height=\"768\" srcset=\"https:\/\/www.radiopiu.net\/wordpress\/wp-content\/uploads\/2020\/08\/ac6d3b37-0d8d-453a-8fde-bcdb60169bf4-1024x768.jpg 1024w, https:\/\/www.radiopiu.net\/wordpress\/wp-content\/uploads\/2020\/08\/ac6d3b37-0d8d-453a-8fde-bcdb60169bf4-300x225.jpg 300w, https:\/\/www.radiopiu.net\/wordpress\/wp-content\/uploads\/2020\/08\/ac6d3b37-0d8d-453a-8fde-bcdb60169bf4-768x576.jpg 768w, https:\/\/www.radiopiu.net\/wordpress\/wp-content\/uploads\/2020\/08\/ac6d3b37-0d8d-453a-8fde-bcdb60169bf4-1536x1152.jpg 1536w, https:\/\/www.radiopiu.net\/wordpress\/wp-content\/uploads\/2020\/08\/ac6d3b37-0d8d-453a-8fde-bcdb60169bf4.jpg 1600w\" sizes=\"auto, (max-width: 1024px) 100vw, 1024px\" \/><\/a><\/p>\n","protected":false},"excerpt":{"rendered":"<p>AGORDO Nuova apertura oggi alle 17 ad Agordo, Gabriele Rossoni inizia una nuova attivit\u00e0 &#8220;Barbanera Beers&#8221; la birreria in piazza Libert\u00e0. Ed \u00e8 una notizia soprattutto in questo periodo dove ad Agordo si sono abbassate, per non rialzarsi pi\u00f9, tante serrande. L&#8217;isola pedonale \u00e8 tristemente &#8220;spenta&#8221; con una serie di chiusure come testimonia il &#8220;monumento&hellip;<\/p>\n","protected":false},"author":4,"featured_media":156187,"comment_status":"closed","ping_status":"closed","sticky":false,"template":"","format":"standard","meta":{"_monsterinsights_skip_tracking":false,"_monsterinsights_sitenote_active":false,"_monsterinsights_sitenote_note":"","_monsterinsights_sitenote_category":0,"footnotes":""},"categories":[49],"tags":[],"class_list":["post-156186","post","type-post","status-publish","format-standard","has-post-thumbnail","hentry","category-news-18","category-49","description-off"],"img_url":"https:\/\/www.radiopiu.net\/wordpress\/wp-content\/uploads\/2020\/08\/ac6d3b37-0d8d-453a-8fde-bcdb60169bf4-1.jpg","_links":{"self":[{"href":"https:\/\/www.radiopiu.net\/wordpress\/wp-json\/wp\/v2\/posts\/156186","targetHints":{"allow":["GET"]}}],"collection":[{"href":"https:\/\/www.radiopiu.net\/wordpress\/wp-json\/wp\/v2\/posts"}],"about":[{"href":"https:\/\/www.radiopiu.net\/wordpress\/wp-json\/wp\/v2\/types\/post"}],"author":[{"embeddable":true,"href":"https:\/\/www.radiopiu.net\/wordpress\/wp-json\/wp\/v2\/users\/4"}],"replies":[{"embeddable":true,"href":"https:\/\/www.radiopiu.net\/wordpress\/wp-json\/wp\/v2\/comments?post=156186"}],"version-history":[{"count":0,"href":"https:\/\/www.radiopiu.net\/wordpress\/wp-json\/wp\/v2\/posts\/156186\/revisions"}],"wp:featuredmedia":[{"embeddable":true,"href":"https:\/\/www.radiopiu.net\/wordpress\/wp-json\/wp\/v2\/media\/156187"}],"wp:attachment":[{"href":"https:\/\/www.radiopiu.net\/wordpress\/wp-json\/wp\/v2\/media?parent=156186"}],"wp:term":[{"taxonomy":"category","embeddable":true,"href":"https:\/\/www.radiopiu.net\/wordpress\/wp-json\/wp\/v2\/categories?post=156186"},{"taxonomy":"post_tag","embeddable":true,"href":"https:\/\/www.radiopiu.net\/wordpress\/wp-json\/wp\/v2\/tags?post=156186"}],"curies":[{"name":"wp","href":"https:\/\/api.w.org\/{rel}","templated":true}]}}