{"id":156224,"date":"2020-08-21T06:21:18","date_gmt":"2020-08-21T04:21:18","guid":{"rendered":"https:\/\/www.radiopiu.net\/wordpress\/?p=156224"},"modified":"2020-08-21T06:22:44","modified_gmt":"2020-08-21T04:22:44","slug":"ritrovata-senza-vita-la-donna-di-domegge-di-cadore","status":"publish","type":"post","link":"https:\/\/www.radiopiu.net\/wordpress\/ritrovata-senza-vita-la-donna-di-domegge-di-cadore\/","title":{"rendered":"RITROVATO IL CORPO SENZA VITA DELLA CERCATRICE DI FUNGHI, A 10 METRI DAL SENTIERO SUL GRETO DI UN RUSCELLO"},"content":{"rendered":"<p><b><a class=\"dt-pswp-item\" href=\"https:\/\/www.radiopiu.net\/wordpress\/wp-content\/uploads\/2020\/08\/29694668_490432301411736_5060990288629611033_n.jpg\" data-dt-img-description=\"\" data-large_image_width=\"639\" data-large_image_height=\"639\"><img loading=\"lazy\" decoding=\"async\" class=\" wp-image-156379 alignleft\" src=\"https:\/\/www.radiopiu.net\/wordpress\/wp-content\/uploads\/2020\/08\/29694668_490432301411736_5060990288629611033_n-300x300.jpg\" alt=\"\" width=\"208\" height=\"208\" srcset=\"https:\/\/www.radiopiu.net\/wordpress\/wp-content\/uploads\/2020\/08\/29694668_490432301411736_5060990288629611033_n-300x300.jpg 300w, https:\/\/www.radiopiu.net\/wordpress\/wp-content\/uploads\/2020\/08\/29694668_490432301411736_5060990288629611033_n-150x150.jpg 150w, https:\/\/www.radiopiu.net\/wordpress\/wp-content\/uploads\/2020\/08\/29694668_490432301411736_5060990288629611033_n.jpg 639w\" sizes=\"auto, (max-width: 208px) 100vw, 208px\" \/><\/a>SAN PIETRO DI CADORE <\/b>\u00c8 stata purtroppo ritrovata questa mattina senza vita la cercatrice di funghi, per il cui mancato rientro era scattato l&#8217;allarme ieri verso le 18. Accompagnata dalla cognata in localit\u00e0 Cercen\u00e0 assieme alla madre, Susanna Casanova De Marco, 61 anni, di Domegge di Cadore (BL), si era poi separata dalla mamma. Quando la cognata era tornata, si era presentata solo la madre della donna. Contatta al cellulare l&#8217;ultima volta attorno alle 16.30, aveva detto di trovarsi sopra un dirupo e che sentiva acqua scorrere pi\u00f9 sotto. Dopo averle detto di non muoversi, le parenti hanno iniziato a cercarla per poi chiedere aiuto. Subito sono scattate le ricerche con il Soccorso alpino della Val Comelico, Centro Cadore, Pieve di Cadore, Auronzo e il Centro mobile di coordinamento, i soccorritori del Sagf, i Vigili del fuoco e i Carabinieri. Sono state perlustrare le zone principali, alcune battute al tappeto e all&#8217;alba le squadre sono tornate a rastrellare le aree ritenute primarie. In una di queste, dieci metri sotto un sentiero \u00e8 stato trovato il cellulare e venti metri pi\u00f9 in basso sul greto di un ruscello \u00e8 stato rinvenuto il corpo senza vita della donna. Ottenuto il nulla osta dalla magistratura per la rimozione, la salma \u00e8 stata imbarellata e trasportata sul versante opposto fino alla strada di Cercen\u00e0 per essere poi affidata al carro funebre.<\/p>\n","protected":false},"excerpt":{"rendered":"<p>SAN PIETRO DI CADORE \u00c8 stata purtroppo ritrovata questa mattina senza vita la cercatrice di funghi, per il cui mancato rientro era scattato l&#8217;allarme ieri verso le 18. Accompagnata dalla cognata in localit\u00e0 Cercen\u00e0 assieme alla madre, Susanna Casanova De Marco, 61 anni, di Domegge di Cadore (BL), si era poi separata dalla mamma. Quando&hellip;<\/p>\n","protected":false},"author":4,"featured_media":156379,"comment_status":"closed","ping_status":"closed","sticky":false,"template":"","format":"standard","meta":{"_monsterinsights_skip_tracking":false,"_monsterinsights_sitenote_active":false,"_monsterinsights_sitenote_note":"","_monsterinsights_sitenote_category":0,"footnotes":""},"categories":[49],"tags":[],"class_list":["post-156224","post","type-post","status-publish","format-standard","has-post-thumbnail","hentry","category-news-18","category-49","description-off"],"img_url":"https:\/\/www.radiopiu.net\/wordpress\/wp-content\/uploads\/2020\/08\/29694668_490432301411736_5060990288629611033_n.jpg","_links":{"self":[{"href":"https:\/\/www.radiopiu.net\/wordpress\/wp-json\/wp\/v2\/posts\/156224","targetHints":{"allow":["GET"]}}],"collection":[{"href":"https:\/\/www.radiopiu.net\/wordpress\/wp-json\/wp\/v2\/posts"}],"about":[{"href":"https:\/\/www.radiopiu.net\/wordpress\/wp-json\/wp\/v2\/types\/post"}],"author":[{"embeddable":true,"href":"https:\/\/www.radiopiu.net\/wordpress\/wp-json\/wp\/v2\/users\/4"}],"replies":[{"embeddable":true,"href":"https:\/\/www.radiopiu.net\/wordpress\/wp-json\/wp\/v2\/comments?post=156224"}],"version-history":[{"count":0,"href":"https:\/\/www.radiopiu.net\/wordpress\/wp-json\/wp\/v2\/posts\/156224\/revisions"}],"wp:featuredmedia":[{"embeddable":true,"href":"https:\/\/www.radiopiu.net\/wordpress\/wp-json\/wp\/v2\/media\/156379"}],"wp:attachment":[{"href":"https:\/\/www.radiopiu.net\/wordpress\/wp-json\/wp\/v2\/media?parent=156224"}],"wp:term":[{"taxonomy":"category","embeddable":true,"href":"https:\/\/www.radiopiu.net\/wordpress\/wp-json\/wp\/v2\/categories?post=156224"},{"taxonomy":"post_tag","embeddable":true,"href":"https:\/\/www.radiopiu.net\/wordpress\/wp-json\/wp\/v2\/tags?post=156224"}],"curies":[{"name":"wp","href":"https:\/\/api.w.org\/{rel}","templated":true}]}}