{"id":156236,"date":"2020-08-21T06:19:54","date_gmt":"2020-08-21T04:19:54","guid":{"rendered":"https:\/\/www.radiopiu.net\/wordpress\/?p=156236"},"modified":"2020-08-21T06:23:21","modified_gmt":"2020-08-21T04:23:21","slug":"https-wp-me-p63lo7","status":"publish","type":"post","link":"https:\/\/www.radiopiu.net\/wordpress\/https-wp-me-p63lo7\/","title":{"rendered":"IN FRAZIONE ORNELLA E&#8217; TORNATO IL SEGNALE TELEFONICO"},"content":{"rendered":"<p>&nbsp;<\/p>\n<blockquote><p><em>Problema risolto! Alleluja! Dopo il servizio alla radio, l&#8217;intervento del sindaco Leandro Grones e delle autorit\u00e0, il problema del guasto telefonico \u00e8 stato risolto\u00a0 alla velocit\u00e0 di un fulmine, che era stato fra l&#8217;altro, la causa del disservizio!<\/em><\/p><\/blockquote>\n<p>Questo \u00e8 il messaggio arrivato a Radio Pi\u00f9 da Tiziana Dorigo alle 16.00 di giovedi pomeriggio. Stamane eravamo usciti con questo articolo:<\/p>\n<p><strong><a class=\"dt-pswp-item\" href=\"https:\/\/www.radiopiu.net\/wordpress\/wp-content\/uploads\/2020\/08\/dae3e20b-2eb3-4e92-bfe2-0bdaaaaef895.jpg\" data-dt-img-description=\"\" data-large_image_width=\"720\" data-large_image_height=\"1440\"><img loading=\"lazy\" decoding=\"async\" class=\"size-medium wp-image-156238 alignleft\" src=\"https:\/\/www.radiopiu.net\/wordpress\/wp-content\/uploads\/2020\/08\/dae3e20b-2eb3-4e92-bfe2-0bdaaaaef895-150x300.jpg\" alt=\"\" width=\"150\" height=\"300\" srcset=\"https:\/\/www.radiopiu.net\/wordpress\/wp-content\/uploads\/2020\/08\/dae3e20b-2eb3-4e92-bfe2-0bdaaaaef895-150x300.jpg 150w, https:\/\/www.radiopiu.net\/wordpress\/wp-content\/uploads\/2020\/08\/dae3e20b-2eb3-4e92-bfe2-0bdaaaaef895-512x1024.jpg 512w, https:\/\/www.radiopiu.net\/wordpress\/wp-content\/uploads\/2020\/08\/dae3e20b-2eb3-4e92-bfe2-0bdaaaaef895.jpg 720w\" sizes=\"auto, (max-width: 150px) 100vw, 150px\" \/><\/a>LIVINALLONGO<\/strong> <em>&#8220;Per\u00a0un desiderio che esprimi te ne rimangono fuori\u00a0altri cento&#8221;\u00a0<\/em>canta Ligabue in &#8220;Niente Paura&#8221;, una buona colonna sonora per la Telecom anche se non si parla di cento, ma anche fosse un solo caso \u00e8 sempre un utente scontento che paga regolarmente le bollette alla giusta scadenza e senza fiatare. Il desiderio espresso due giorni fa da Luigina di Andraz di riavere la sua linea fissa per le telefonate e internet, soprattutto per la sua attivit\u00e0 \u00e8 stato esaudito in poche ore, ma \u00e8 intervenuto sia il sindaco Leandro Grones che il Ministro Federico D&#8217;Inc\u00e0 <em>&#8220;Grazie dice Luigina dopo pi\u00f9 di una settimana ho il mio telefono funzionante&#8221;<\/em>.\u00a0Nessun desiderio esaudito per Tiziana Dorigo di Ornella. Rieccoci: da 15 giorni il telefono \u00e8 muto e anche Tiziana ha un&#8217;attivit\u00e0 ricettiva <em>&#8220;Ogni giorno &#8211; dice &#8211; mi sento criticare per il mancato servizio dai clienti, oltre ovviamente ai disagi che il disservizio mi sta creando&#8221;<\/em> E qui ci ripetiamo, perch\u00e9 da 15 giorni Tiziana telefona al call center, da due settimana la simpatica voce telefonica risponde con cortesia e con <em>&#8220;interveniamo al pi\u00f9 presto&#8221;<\/em> Non \u00e8 ben chiaro cosa sia il &#8220;presto&#8221; per la Telecom perch\u00e9 dopo 15 giorni nulla \u00e8 cambiato<em> &#8220;Nonostante &#8211; insiste Tiziana &#8211; ben 10 telefonate&#8221;<\/em> Se la Telecom non si \u00e8 mossa ci ha pensato un elettricista chiamato da Tiziana Dorigo a salire ad Ornella<em> &#8220;Infatti &#8211; dice &#8211; ho fatto controllare l&#8217;impianto per escludere che ci siano delle responsabilit\u00e0 del mio impianto, ma l&#8217;elettricista mi ha confermato che dalla centrale della telefonia non arriva alcun segnale&#8221;<\/em>. A proposito, sindaco del paese Fodom e il Ministro D&#8217;Inc\u00e0 sono gi\u00e0 stati informati del secondo disservizio segnalato\u00a0 in pochi giorni dal territorio di Livinallongo del Col di Lana e ora si attendono gli eventi. <em>&#8220;Ho chiesto un po&#8217; in giro tra le abitazioni della frazione &#8211; conclude Tiziana- mi dicono che dove funziona il telefono internet \u00e8 di una lentezza esasperante, ma almeno a qualcuno il telefono funziona a me no!&#8221;<\/em><\/p>\n","protected":false},"excerpt":{"rendered":"<p>&nbsp; Problema risolto! Alleluja! Dopo il servizio alla radio, l&#8217;intervento del sindaco Leandro Grones e delle autorit\u00e0, il problema del guasto telefonico \u00e8 stato risolto\u00a0 alla velocit\u00e0 di un fulmine, che era stato fra l&#8217;altro, la causa del disservizio! Questo \u00e8 il messaggio arrivato a Radio Pi\u00f9 da Tiziana Dorigo alle 16.00 di giovedi pomeriggio.&hellip;<\/p>\n","protected":false},"author":4,"featured_media":156238,"comment_status":"closed","ping_status":"closed","sticky":false,"template":"","format":"standard","meta":{"_monsterinsights_skip_tracking":false,"_monsterinsights_sitenote_active":false,"_monsterinsights_sitenote_note":"","_monsterinsights_sitenote_category":0,"footnotes":""},"categories":[49],"tags":[],"class_list":["post-156236","post","type-post","status-publish","format-standard","has-post-thumbnail","hentry","category-news-18","category-49","description-off"],"img_url":"https:\/\/www.radiopiu.net\/wordpress\/wp-content\/uploads\/2020\/08\/dae3e20b-2eb3-4e92-bfe2-0bdaaaaef895.jpg","_links":{"self":[{"href":"https:\/\/www.radiopiu.net\/wordpress\/wp-json\/wp\/v2\/posts\/156236","targetHints":{"allow":["GET"]}}],"collection":[{"href":"https:\/\/www.radiopiu.net\/wordpress\/wp-json\/wp\/v2\/posts"}],"about":[{"href":"https:\/\/www.radiopiu.net\/wordpress\/wp-json\/wp\/v2\/types\/post"}],"author":[{"embeddable":true,"href":"https:\/\/www.radiopiu.net\/wordpress\/wp-json\/wp\/v2\/users\/4"}],"replies":[{"embeddable":true,"href":"https:\/\/www.radiopiu.net\/wordpress\/wp-json\/wp\/v2\/comments?post=156236"}],"version-history":[{"count":0,"href":"https:\/\/www.radiopiu.net\/wordpress\/wp-json\/wp\/v2\/posts\/156236\/revisions"}],"wp:featuredmedia":[{"embeddable":true,"href":"https:\/\/www.radiopiu.net\/wordpress\/wp-json\/wp\/v2\/media\/156238"}],"wp:attachment":[{"href":"https:\/\/www.radiopiu.net\/wordpress\/wp-json\/wp\/v2\/media?parent=156236"}],"wp:term":[{"taxonomy":"category","embeddable":true,"href":"https:\/\/www.radiopiu.net\/wordpress\/wp-json\/wp\/v2\/categories?post=156236"},{"taxonomy":"post_tag","embeddable":true,"href":"https:\/\/www.radiopiu.net\/wordpress\/wp-json\/wp\/v2\/tags?post=156236"}],"curies":[{"name":"wp","href":"https:\/\/api.w.org\/{rel}","templated":true}]}}