{"id":156245,"date":"2020-08-21T06:13:06","date_gmt":"2020-08-21T04:13:06","guid":{"rendered":"https:\/\/www.radiopiu.net\/wordpress\/?p=156245"},"modified":"2020-08-21T06:26:49","modified_gmt":"2020-08-21T04:26:49","slug":"montagna-sicura-arpav-e-soccorso-alpino-e-speleologico-del-veneto-richiamano-alla-prudenza-e-ad-unattenta-consultazione-del-meteo","status":"publish","type":"post","link":"https:\/\/www.radiopiu.net\/wordpress\/montagna-sicura-arpav-e-soccorso-alpino-e-speleologico-del-veneto-richiamano-alla-prudenza-e-ad-unattenta-consultazione-del-meteo\/","title":{"rendered":"MONTAGNA SICURA. ARPAV E SOCCORSO ALPINO E SPELEOLOGICO DEL VENETO RICHIAMANO ALLA PRUDENZA E AD UN\u2019ATTENTA CONSULTAZIONE DEL METEO"},"content":{"rendered":"<p><span style=\"font-family: Calibri, serif;\"><span style=\"font-size: large;\"><b>AAV) \u2013 Arabba, 20 agosto <\/b><\/span><\/span><span style=\"font-family: Calibri, serif;\"><span style=\"font-size: large;\">Arpav e Soccorso alpino e speleologico del Veneto invitano i numerosi escursionisti che frequentano le Dolomiti venete in questi giorni ad affrontare le gite con attenzione, con l\u2019equipaggio adeguato e la verifica delle condizioni meteo. <\/span><\/span><span style=\"font-family: Calibri, serif;\"><span style=\"font-size: large;\"><b>L\u2019appello del Soccorso alpino e speleologico del Veneto<\/b><\/span><\/span><span style=\"font-family: Calibri, serif;\"><span style=\"font-size: large;\">: \u201cL\u2019escursionista deve valutare con buonsenso il proprio itinerario, controllando le previsioni e scegliendo percorsi adeguati per durata anche ai repentini cambiamenti del tempo. In estate infatti \u00e8 facile, soprattutto al pomeriggio, che il tempo cambi velocemente. Raccomandiamo di non trascurare mai le previsioni\u201d. <\/span><\/span><span style=\"font-family: Calibri, serif;\"><span style=\"font-size: large;\"><b>Il meteo di ARPAV<\/b><\/span><\/span><span style=\"font-family: Calibri, serif;\"><span style=\"font-size: large;\"><i>.<\/i><\/span><\/span><span style=\"font-family: Calibri, serif;\"><span style=\"font-size: large;\"> E\u2019 importante affidarsi a previsioni specialistiche. L\u2019<\/span><\/span><span style=\"font-family: Calibri, serif;\"><span style=\"font-size: large;\">Agenzia ambientale del Veneto \u2013 ARPAV vanta due centri di eccellenza per la meteorologia, il servizio di Teolo sui colli Euganei e quello di Arabba sulle Dolomiti specializzato proprio nelle previsioni alpine. Vi opera personale con una lunga esperienza nelle previsioni. Inoltre l\u2019agenzia ha due radar meteo, una rete di centraline di rilevamento per vento, temperatura al suolo, precipitazioni e radiazione solare e di profilatori per vento e temperatura nei bassi strati atmosferici. <\/span><\/span><span style=\"font-size: large; font-family: Calibri, serif;\">ARPAV rileva ogni giorno i dati meteo per le previsioni locali e per la Protezione civile regionale per prevenire fenomeni estremi e per la sicurezza idrogeologica. In totale ogni giorno vengono emessi 4 bollettini di previsione meteorologica, pi\u00f9 alcuni altri prodotti previsionali stagionali (es. bollettino disagio fisico durante la stagione estiva). L\u2019esperienza maturata nel settore e riconosciuta a livello internazionale consente di essere un valido strumento di protezione civile, come \u00e8 stato provato durante la tempesta Vaia quando ARPAV \u00e8 stata il punto di riferimento per le prefetture, le comunit\u00e0 locali e per un ampio pubblico di utenti che la utilizza per programmare le proprie attivit\u00e0, lavorative e di svago. <\/span><span style=\"font-family: Calibri, serif;\"><span style=\"font-size: large;\">Per le previsioni vengono utilizzati i modelli europei e internazionali pi\u00f9 accreditati e attendibili, nonch\u00e9 alcuni modelli a scala locale per le previsioni di dettaglio. Per l\u2019informazione ai cittadini oltre ai bollettini pubblicati nel sito, ARPAV mette a disposizione App meteo, da ultima <\/span><\/span><span style=\"font-family: Calibri, serif;\"><span style=\"font-size: large;\"><b>l\u2019App temporali,<\/b><\/span><\/span><span style=\"font-family: Calibri, serif;\"><span style=\"font-size: large;\"> che segnala la presenza di temporali di forte intensit\u00e0. <\/span><\/span><span style=\"font-family: Calibri, serif;\"><span style=\"font-size: large;\">Soprattutto in montagna in estate \u00e8 alta la variabilit\u00e0 del tempo che pu\u00f2 cambiare repentinamente e fenomeni estremi collegati ai cambiamenti climatici sono sempre pi\u00f9 frequenti. A solo titolo di esempio si cita il valore di 126,6 mm di pioggia caduti in poche ore su Auronzo di Cadore nella sera del 29 luglio scorso, un record storico per la localit\u00e0. <\/span><\/span><span style=\"font-family: Calibri, serif;\"><span style=\"font-size: large;\"><b>Soprattutto in montagna<\/b><\/span><\/span><span style=\"font-family: Calibri, serif;\"><span style=\"font-size: large;\"> quindi \u00e8 fondamentale, prima di intraprendere un\u2019escursione o una qualsiasi attivit\u00e0 all\u2019aperto, informarsi sulle condizioni meteorologiche e scegliere la difficolt\u00e0 e la durata dell\u2019itinerario in base al meteo previsto, rimanendo aggiornati giorno per giorno e monitorando le condizioni locali anche attraverso gli utili strumenti dell\u2019Agenzia, quali ad esempio le immagini dei radar, in grado di individuare in tempo reale la posizione e l\u2019intensit\u00e0 di eventuali temporali. Maggiori info su <\/span><\/span><a href=\"https:\/\/www.arpa.veneto.it\/temi-ambientali\/meteo\">https:\/\/www.arpa.veneto.it\/temi-ambientali\u00a0<\/a><\/p>\n<p>&nbsp;<\/p>\n\n\t\t\t<style type='text\/css'>\n\t\t\t\t#gallery-1 {\n\t\t\t\t\tmargin: auto;\n\t\t\t\t}\n\t\t\t\t#gallery-1 .gallery-item {\n\t\t\t\t\tfloat: left;\n\t\t\t\t\tmargin-top: 10px;\n\t\t\t\t\ttext-align: center;\n\t\t\t\t\twidth: 25%;\n\t\t\t\t}\n\t\t\t\t#gallery-1 img {\n\t\t\t\t\tborder: 2px solid #cfcfcf;\n\t\t\t\t}\n\t\t\t\t#gallery-1 .gallery-caption {\n\t\t\t\t\tmargin-left: 0;\n\t\t\t\t}\n\t\t\t\t\/* see gallery_shortcode() in wp-includes\/media.php *\/\n\t\t\t<\/style>\n\t\t<div id='gallery-1' class='dt-gallery-container gallery galleryid-156245 gallery-columns-4 gallery-size-thumbnail'><dl class='gallery-item'>\n\t\t\t\t<dt class='gallery-icon landscape'>\n\t\t\t\t\t<a class=\"rollover rollover-zoom dt-pswp-item\" title=\"STAZIONE METEO PUNTA ROCCA 1\" data-dt-img-description=\"\" data-large_image_width=\"1599\" data-large_image_height=\"733\"href='https:\/\/www.radiopiu.net\/wordpress\/wp-content\/uploads\/2020\/08\/STAZIONE-METEO-PUNTA-ROCCA-1.jpg'><img loading=\"lazy\" decoding=\"async\" width=\"150\" height=\"150\" src=\"https:\/\/www.radiopiu.net\/wordpress\/wp-content\/uploads\/2020\/08\/STAZIONE-METEO-PUNTA-ROCCA-1-150x150.jpg\" class=\"attachment-thumbnail size-thumbnail\" alt=\"\" \/><\/a>\n\t\t\t\t<\/dt><\/dl><dl class='gallery-item'>\n\t\t\t\t<dt class='gallery-icon landscape'>\n\t\t\t\t\t<a class=\"rollover rollover-zoom dt-pswp-item\" title=\"meteo ARPAV\" data-dt-img-description=\"\" data-large_image_width=\"2560\" data-large_image_height=\"1724\"href='https:\/\/www.radiopiu.net\/wordpress\/wp-content\/uploads\/2020\/08\/meteo-ARPAV-scaled.jpg'><img loading=\"lazy\" decoding=\"async\" width=\"150\" height=\"150\" src=\"https:\/\/www.radiopiu.net\/wordpress\/wp-content\/uploads\/2020\/08\/meteo-ARPAV-150x150.jpg\" class=\"attachment-thumbnail size-thumbnail\" alt=\"\" \/><\/a>\n\t\t\t\t<\/dt><\/dl><dl class='gallery-item'>\n\t\t\t\t<dt class='gallery-icon landscape'>\n\t\t\t\t\t<a class=\"rollover rollover-zoom dt-pswp-item\" title=\"radar\" data-dt-img-description=\"\" data-large_image_width=\"500\" data-large_image_height=\"500\"href='https:\/\/www.radiopiu.net\/wordpress\/wp-content\/uploads\/2020\/08\/radar.jpg'><img loading=\"lazy\" decoding=\"async\" width=\"150\" height=\"150\" src=\"https:\/\/www.radiopiu.net\/wordpress\/wp-content\/uploads\/2020\/08\/radar-150x150.jpg\" class=\"attachment-thumbnail size-thumbnail\" alt=\"\" srcset=\"https:\/\/www.radiopiu.net\/wordpress\/wp-content\/uploads\/2020\/08\/radar-150x150.jpg 150w, https:\/\/www.radiopiu.net\/wordpress\/wp-content\/uploads\/2020\/08\/radar-300x300.jpg 300w, https:\/\/www.radiopiu.net\/wordpress\/wp-content\/uploads\/2020\/08\/radar.jpg 500w\" sizes=\"auto, (max-width: 150px) 100vw, 150px\" \/><\/a>\n\t\t\t\t<\/dt><\/dl><dl class='gallery-item'>\n\t\t\t\t<dt class='gallery-icon portrait'>\n\t\t\t\t\t<a class=\"rollover rollover-zoom dt-pswp-item\" title=\"meteo Arpav 2\" data-dt-img-description=\"\" data-large_image_width=\"594\" data-large_image_height=\"1288\"href='https:\/\/www.radiopiu.net\/wordpress\/wp-content\/uploads\/2020\/08\/meteo-Arpav-2.jpg'><img loading=\"lazy\" decoding=\"async\" width=\"150\" height=\"150\" src=\"https:\/\/www.radiopiu.net\/wordpress\/wp-content\/uploads\/2020\/08\/meteo-Arpav-2-150x150.jpg\" class=\"attachment-thumbnail size-thumbnail\" alt=\"\" \/><\/a>\n\t\t\t\t<\/dt><\/dl><br style=\"clear: both\" \/>\n\t\t\t<\/div>\n\n","protected":false},"excerpt":{"rendered":"<p>AAV) \u2013 Arabba, 20 agosto Arpav e Soccorso alpino e speleologico del Veneto invitano i numerosi escursionisti che frequentano le Dolomiti venete in questi giorni ad affrontare le gite con attenzione, con l\u2019equipaggio adeguato e la verifica delle condizioni meteo. L\u2019appello del Soccorso alpino e speleologico del Veneto: \u201cL\u2019escursionista deve valutare con buonsenso il proprio&hellip;<\/p>\n","protected":false},"author":4,"featured_media":156247,"comment_status":"closed","ping_status":"closed","sticky":false,"template":"","format":"standard","meta":{"_monsterinsights_skip_tracking":false,"_monsterinsights_sitenote_active":false,"_monsterinsights_sitenote_note":"","_monsterinsights_sitenote_category":0,"footnotes":""},"categories":[49],"tags":[],"class_list":["post-156245","post","type-post","status-publish","format-standard","has-post-thumbnail","hentry","category-news-18","category-49","description-off"],"img_url":"https:\/\/www.radiopiu.net\/wordpress\/wp-content\/uploads\/2020\/08\/meteo-ARPAV-scaled.jpg","_links":{"self":[{"href":"https:\/\/www.radiopiu.net\/wordpress\/wp-json\/wp\/v2\/posts\/156245","targetHints":{"allow":["GET"]}}],"collection":[{"href":"https:\/\/www.radiopiu.net\/wordpress\/wp-json\/wp\/v2\/posts"}],"about":[{"href":"https:\/\/www.radiopiu.net\/wordpress\/wp-json\/wp\/v2\/types\/post"}],"author":[{"embeddable":true,"href":"https:\/\/www.radiopiu.net\/wordpress\/wp-json\/wp\/v2\/users\/4"}],"replies":[{"embeddable":true,"href":"https:\/\/www.radiopiu.net\/wordpress\/wp-json\/wp\/v2\/comments?post=156245"}],"version-history":[{"count":0,"href":"https:\/\/www.radiopiu.net\/wordpress\/wp-json\/wp\/v2\/posts\/156245\/revisions"}],"wp:featuredmedia":[{"embeddable":true,"href":"https:\/\/www.radiopiu.net\/wordpress\/wp-json\/wp\/v2\/media\/156247"}],"wp:attachment":[{"href":"https:\/\/www.radiopiu.net\/wordpress\/wp-json\/wp\/v2\/media?parent=156245"}],"wp:term":[{"taxonomy":"category","embeddable":true,"href":"https:\/\/www.radiopiu.net\/wordpress\/wp-json\/wp\/v2\/categories?post=156245"},{"taxonomy":"post_tag","embeddable":true,"href":"https:\/\/www.radiopiu.net\/wordpress\/wp-json\/wp\/v2\/tags?post=156245"}],"curies":[{"name":"wp","href":"https:\/\/api.w.org\/{rel}","templated":true}]}}