{"id":156306,"date":"2020-08-21T06:14:54","date_gmt":"2020-08-21T04:14:54","guid":{"rendered":"https:\/\/www.radiopiu.net\/wordpress\/?p=156306"},"modified":"2020-08-21T06:26:06","modified_gmt":"2020-08-21T04:26:06","slug":"positivita-a-carico-dellinfermiera-di-feltre-precisazioni","status":"publish","type":"post","link":"https:\/\/www.radiopiu.net\/wordpress\/positivita-a-carico-dellinfermiera-di-feltre-precisazioni\/","title":{"rendered":"POSITIVITA&#8217; A CARICO DELL&#8217;INFERMIERA DI FELTRE: PRECISAZIONI"},"content":{"rendered":"<p><strong><a class=\"dt-pswp-item\" href=\"https:\/\/www.radiopiu.net\/wordpress\/wp-content\/uploads\/2019\/02\/ospedale-di-feltre.jpeg\" data-dt-img-description=\"\" data-large_image_width=\"650\" data-large_image_height=\"463\"><img loading=\"lazy\" decoding=\"async\" class=\"size-medium wp-image-76822 alignleft\" src=\"https:\/\/www.radiopiu.net\/wordpress\/wp-content\/uploads\/2019\/02\/ospedale-di-feltre-300x214.jpeg\" alt=\"\" width=\"300\" height=\"214\" srcset=\"https:\/\/www.radiopiu.net\/wordpress\/wp-content\/uploads\/2019\/02\/ospedale-di-feltre-300x214.jpeg 300w, https:\/\/www.radiopiu.net\/wordpress\/wp-content\/uploads\/2019\/02\/ospedale-di-feltre.jpeg 650w\" sizes=\"auto, (max-width: 300px) 100vw, 300px\" \/><\/a>FELTRE<\/strong>\u00a0 In relazione alla positivit\u00e0\u00a0 a carico di un\u2019infermiera dell\u2019ospedale di Feltre, si precisa quanto segue: L\u2019infermiera svolge in ambito ospedaliero un\u2019attivit\u00e0 di supporto trasversale a favore di varie unit\u00e0 operative; per due unit\u00e0 operative (chirurgia e geriatria) maggiormente interessate dall\u2019attivit\u00e0 di tale infermiera, <strong>a scopo massimamente precauzionale<\/strong>, in attesa dell\u2019esito dei tamponi di controllo sul personale e sui degenti di tali unit\u00e0 operative, sono stati limitati gli accessi ai soli pazienti urgenti rinviando di uno-due giorni i ricoveri programmati; i primi tamponi refertati, circa una decina, <strong>sono negativi <\/strong>l\u2019ospedale di Feltre mantiene la sua piena operativit\u00e0 emergenziale, ambulatoriale e ordinaria.<\/p>\n<p>&nbsp;<\/p>\n<p>&nbsp;<\/p>\n","protected":false},"excerpt":{"rendered":"<p>FELTRE\u00a0 In relazione alla positivit\u00e0\u00a0 a carico di un\u2019infermiera dell\u2019ospedale di Feltre, si precisa quanto segue: L\u2019infermiera svolge in ambito ospedaliero un\u2019attivit\u00e0 di supporto trasversale a favore di varie unit\u00e0 operative; per due unit\u00e0 operative (chirurgia e geriatria) maggiormente interessate dall\u2019attivit\u00e0 di tale infermiera, a scopo massimamente precauzionale, in attesa dell\u2019esito dei tamponi di controllo&hellip;<\/p>\n","protected":false},"author":4,"featured_media":76822,"comment_status":"closed","ping_status":"closed","sticky":false,"template":"","format":"standard","meta":{"_monsterinsights_skip_tracking":false,"_monsterinsights_sitenote_active":false,"_monsterinsights_sitenote_note":"","_monsterinsights_sitenote_category":0,"footnotes":""},"categories":[49],"tags":[],"class_list":["post-156306","post","type-post","status-publish","format-standard","has-post-thumbnail","hentry","category-news-18","category-49","description-off"],"img_url":"https:\/\/www.radiopiu.net\/wordpress\/wp-content\/uploads\/2019\/02\/ospedale-di-feltre.jpeg","_links":{"self":[{"href":"https:\/\/www.radiopiu.net\/wordpress\/wp-json\/wp\/v2\/posts\/156306","targetHints":{"allow":["GET"]}}],"collection":[{"href":"https:\/\/www.radiopiu.net\/wordpress\/wp-json\/wp\/v2\/posts"}],"about":[{"href":"https:\/\/www.radiopiu.net\/wordpress\/wp-json\/wp\/v2\/types\/post"}],"author":[{"embeddable":true,"href":"https:\/\/www.radiopiu.net\/wordpress\/wp-json\/wp\/v2\/users\/4"}],"replies":[{"embeddable":true,"href":"https:\/\/www.radiopiu.net\/wordpress\/wp-json\/wp\/v2\/comments?post=156306"}],"version-history":[{"count":0,"href":"https:\/\/www.radiopiu.net\/wordpress\/wp-json\/wp\/v2\/posts\/156306\/revisions"}],"wp:featuredmedia":[{"embeddable":true,"href":"https:\/\/www.radiopiu.net\/wordpress\/wp-json\/wp\/v2\/media\/76822"}],"wp:attachment":[{"href":"https:\/\/www.radiopiu.net\/wordpress\/wp-json\/wp\/v2\/media?parent=156306"}],"wp:term":[{"taxonomy":"category","embeddable":true,"href":"https:\/\/www.radiopiu.net\/wordpress\/wp-json\/wp\/v2\/categories?post=156306"},{"taxonomy":"post_tag","embeddable":true,"href":"https:\/\/www.radiopiu.net\/wordpress\/wp-json\/wp\/v2\/tags?post=156306"}],"curies":[{"name":"wp","href":"https:\/\/api.w.org\/{rel}","templated":true}]}}