{"id":156320,"date":"2020-08-21T06:18:54","date_gmt":"2020-08-21T04:18:54","guid":{"rendered":"https:\/\/www.radiopiu.net\/wordpress\/?p=156320"},"modified":"2020-08-21T10:57:31","modified_gmt":"2020-08-21T08:57:31","slug":"vipera-ad-agordo-la-minoranza-ritorna-sul-decoro-urbano-sulla-sicurezza-e-anche-sui-rifiuti","status":"publish","type":"post","link":"https:\/\/www.radiopiu.net\/wordpress\/vipera-ad-agordo-la-minoranza-ritorna-sul-decoro-urbano-sulla-sicurezza-e-anche-sui-rifiuti\/","title":{"rendered":"VIPERA AD AGORDO. LA MINORANZA RITORNA SUL DECORO URBANO SULLA SICUREZZA E ANCHE SUI RIFIUTI"},"content":{"rendered":"<p><strong><a class=\"dt-pswp-item\" href=\"https:\/\/www.radiopiu.net\/wordpress\/wp-content\/uploads\/2020\/07\/2f9d601d-3b13-41f5-98b0-3aaa110dbcdf.jpg\" data-dt-img-description=\"\" data-large_image_width=\"720\" data-large_image_height=\"960\"><img loading=\"lazy\" decoding=\"async\" class=\"size-medium wp-image-152479 alignleft\" src=\"https:\/\/www.radiopiu.net\/wordpress\/wp-content\/uploads\/2020\/07\/2f9d601d-3b13-41f5-98b0-3aaa110dbcdf-225x300.jpg\" alt=\"\" width=\"225\" height=\"300\" srcset=\"https:\/\/www.radiopiu.net\/wordpress\/wp-content\/uploads\/2020\/07\/2f9d601d-3b13-41f5-98b0-3aaa110dbcdf-225x300.jpg 225w, https:\/\/www.radiopiu.net\/wordpress\/wp-content\/uploads\/2020\/07\/2f9d601d-3b13-41f5-98b0-3aaa110dbcdf.jpg 720w\" sizes=\"auto, (max-width: 225px) 100vw, 225px\" \/><\/a>AGORDO\u00a0<\/strong> Sulla questione della vipera che ha morso un signore lungo la ciclabile, la minoranza di Agordo ritorna sul problema gi\u00e0 ampiamente sollevato in precedenza, che riguarda il decoro urbano, igienico sanitario ma soprattutto la sicurezza pubblica. Durante l\u2019ultimo consiglio comunale \u00e8 stata sollevata dal Capo Gruppo Paolo Selva Moretti la questione di un rettile fotografato nei pressi di Tamonich ed <a class=\"dt-pswp-item\" href=\"https:\/\/www.radiopiu.net\/wordpress\/wp-content\/uploads\/2020\/08\/07d83fea-5077-4637-841d-d87e8f5ef5f6.jpg\" data-dt-img-description=\"\" data-large_image_width=\"1120\" data-large_image_height=\"1984\"><img loading=\"lazy\" decoding=\"async\" class=\"size-medium wp-image-156321 alignright\" src=\"https:\/\/www.radiopiu.net\/wordpress\/wp-content\/uploads\/2020\/08\/07d83fea-5077-4637-841d-d87e8f5ef5f6-169x300.jpg\" alt=\"\" width=\"169\" height=\"300\" srcset=\"https:\/\/www.radiopiu.net\/wordpress\/wp-content\/uploads\/2020\/08\/07d83fea-5077-4637-841d-d87e8f5ef5f6-169x300.jpg 169w, https:\/\/www.radiopiu.net\/wordpress\/wp-content\/uploads\/2020\/08\/07d83fea-5077-4637-841d-d87e8f5ef5f6-578x1024.jpg 578w, https:\/\/www.radiopiu.net\/wordpress\/wp-content\/uploads\/2020\/08\/07d83fea-5077-4637-841d-d87e8f5ef5f6-768x1360.jpg 768w, https:\/\/www.radiopiu.net\/wordpress\/wp-content\/uploads\/2020\/08\/07d83fea-5077-4637-841d-d87e8f5ef5f6-867x1536.jpg 867w, https:\/\/www.radiopiu.net\/wordpress\/wp-content\/uploads\/2020\/08\/07d83fea-5077-4637-841d-d87e8f5ef5f6.jpg 1120w\" sizes=\"auto, (max-width: 169px) 100vw, 169px\" \/><\/a>era stata presa in esame anche la zona del cimitero poco distante dalla ciclabile dove \u00e8 avvenuto l\u2019episodio del morso di vipera.\u00a0 <em>\u201cCi chiediamo cosa sarebbe successo se invece di una persona sana e adulta avesse morso un bambino o un anziano \u201c<\/em> rimarcano dalla minoranza.\u00a0 Quindi la proposta che arriva dalla lista \u201cAgordo Cambia\u201d \u00e8 quella di porre la massima attenzione alle zone sensibili, dove abitualmente ci sono assembramenti di persone, specie se anziani e bambini.\u00a0 Non da ultimo il problema dei cestini dei rifiuti stracolmi lungo le vie del centro nelle giornate di massimo afflusso. <em>&#8220;Si sa che ci sono persone poco attente e che abbandonano i rifiuti a prescindere, ma se non diamo la possibilit\u00e0 di essere in regola non ci possiamo lamentare se accade quello che \u00e8 sotto gli occhi di tutti in occasione dei mercatini o di altre manifestazioni.\u00a0 Si deve pianificare in termini logistici ed economici un servizio di raccolta contestuale, anche se si tratta quasi sempre di giornate festive e comunque le aree pi\u00f9 problematiche vanno dotate, anche occasionalmente, di idonei bidoni di raccolta perch\u00e9 quelli attuali \u00e8 evidente che non sono sufficienti&#8221;.<\/em><\/p>\n","protected":false},"excerpt":{"rendered":"<p>AGORDO\u00a0 Sulla questione della vipera che ha morso un signore lungo la ciclabile, la minoranza di Agordo ritorna sul problema gi\u00e0 ampiamente sollevato in precedenza, che riguarda il decoro urbano, igienico sanitario ma soprattutto la sicurezza pubblica. Durante l\u2019ultimo consiglio comunale \u00e8 stata sollevata dal Capo Gruppo Paolo Selva Moretti la questione di un rettile&hellip;<\/p>\n","protected":false},"author":4,"featured_media":154507,"comment_status":"closed","ping_status":"closed","sticky":false,"template":"","format":"standard","meta":{"_monsterinsights_skip_tracking":false,"_monsterinsights_sitenote_active":false,"_monsterinsights_sitenote_note":"","_monsterinsights_sitenote_category":0,"footnotes":""},"categories":[104,49],"tags":[],"class_list":["post-156320","post","type-post","status-publish","format-standard","has-post-thumbnail","hentry","category-evidenza_3","category-news-18","category-104","category-49","description-off"],"img_url":"https:\/\/www.radiopiu.net\/wordpress\/wp-content\/uploads\/2020\/08\/cb3edbc6-3ebf-4d5e-aaf7-0a89d2207bc4.jpg","_links":{"self":[{"href":"https:\/\/www.radiopiu.net\/wordpress\/wp-json\/wp\/v2\/posts\/156320","targetHints":{"allow":["GET"]}}],"collection":[{"href":"https:\/\/www.radiopiu.net\/wordpress\/wp-json\/wp\/v2\/posts"}],"about":[{"href":"https:\/\/www.radiopiu.net\/wordpress\/wp-json\/wp\/v2\/types\/post"}],"author":[{"embeddable":true,"href":"https:\/\/www.radiopiu.net\/wordpress\/wp-json\/wp\/v2\/users\/4"}],"replies":[{"embeddable":true,"href":"https:\/\/www.radiopiu.net\/wordpress\/wp-json\/wp\/v2\/comments?post=156320"}],"version-history":[{"count":0,"href":"https:\/\/www.radiopiu.net\/wordpress\/wp-json\/wp\/v2\/posts\/156320\/revisions"}],"wp:featuredmedia":[{"embeddable":true,"href":"https:\/\/www.radiopiu.net\/wordpress\/wp-json\/wp\/v2\/media\/154507"}],"wp:attachment":[{"href":"https:\/\/www.radiopiu.net\/wordpress\/wp-json\/wp\/v2\/media?parent=156320"}],"wp:term":[{"taxonomy":"category","embeddable":true,"href":"https:\/\/www.radiopiu.net\/wordpress\/wp-json\/wp\/v2\/categories?post=156320"},{"taxonomy":"post_tag","embeddable":true,"href":"https:\/\/www.radiopiu.net\/wordpress\/wp-json\/wp\/v2\/tags?post=156320"}],"curies":[{"name":"wp","href":"https:\/\/api.w.org\/{rel}","templated":true}]}}