{"id":156354,"date":"2020-08-21T06:17:09","date_gmt":"2020-08-21T04:17:09","guid":{"rendered":"https:\/\/www.radiopiu.net\/wordpress\/?p=156354"},"modified":"2020-08-21T06:24:35","modified_gmt":"2020-08-21T04:24:35","slug":"156354-2","status":"publish","type":"post","link":"https:\/\/www.radiopiu.net\/wordpress\/156354-2\/","title":{"rendered":"DALLA PREFETTURA: NON E&#8217; NECESSARIO UN INCREMENTO DEI CONTROLLI, FIDUCIA NELLA POPOLAZIONE"},"content":{"rendered":"<blockquote>\n<h2><strong style=\"font-size: 14px;\"><a class=\"dt-pswp-item\" href=\"https:\/\/www.radiopiu.net\/wordpress\/wp-content\/uploads\/2020\/04\/PREFETTURA-BELLUNO.jpeg\" data-dt-img-description=\"\" data-large_image_width=\"384\" data-large_image_height=\"384\"><img loading=\"lazy\" decoding=\"async\" class=\" wp-image-133575 alignleft\" src=\"https:\/\/www.radiopiu.net\/wordpress\/wp-content\/uploads\/2020\/04\/PREFETTURA-BELLUNO-300x300.jpeg\" alt=\"\" width=\"164\" height=\"164\" srcset=\"https:\/\/www.radiopiu.net\/wordpress\/wp-content\/uploads\/2020\/04\/PREFETTURA-BELLUNO-300x300.jpeg 300w, https:\/\/www.radiopiu.net\/wordpress\/wp-content\/uploads\/2020\/04\/PREFETTURA-BELLUNO-150x150.jpeg 150w, https:\/\/www.radiopiu.net\/wordpress\/wp-content\/uploads\/2020\/04\/PREFETTURA-BELLUNO.jpeg 384w\" sizes=\"auto, (max-width: 164px) 100vw, 164px\" \/><\/a><\/strong><\/h2>\n<\/blockquote>\n<p><strong>BELLUNO \u00a0<\/strong> Si \u00e8 tenuta in Prefettura, una riunione del Comitato Provinciale per l\u2019Ordine e la Sicurezza Pubblica per l\u2019esame delle prescrizioni previste dall\u2019ordinanza del Ministro della Salute del 16 agosto.\u00a0 \u00a0 \u00a0 \u00a0 \u00a0 All\u2019incontro, presieduto dal Vice Prefetto Vicario, dr. Carlo De Rogatis, hanno preso parte\u00a0 il Presidente della Provincia, il Sindaco di Belluno, il Questore, il Comandante Provinciale della Guardia di Finanza e il Vice Comandante dei Carabinieri. Nel corso della riunione sono state esaminate le nuove direttive in materia di obbligo, dalle 18 alle\u00a0 6, di usare le protezioni delle vie respiratorie anche all\u2019aperto e negli spazi ove sono possibili assembramenti anche di natura spontanea e\/o occasionale nonch\u00e9 la sospensione, all\u2019aperto o al chiuso, delle attivit\u00e0 del ballo. Dopo un attento confronto si \u00e8 convenuto di mantenere i dispositivi di controllo gi\u00e0 in essere, ritenendo non necessario un loro incremento, e di raccomandare alla popolazione il rispetto, con il necessario buon senso, delle disposizioni previste dal citato provvedimento.<\/p>\n","protected":false},"excerpt":{"rendered":"<p>BELLUNO \u00a0 Si \u00e8 tenuta in Prefettura, una riunione del Comitato Provinciale per l\u2019Ordine e la Sicurezza Pubblica per l\u2019esame delle prescrizioni previste dall\u2019ordinanza del Ministro della Salute del 16 agosto.\u00a0 \u00a0 \u00a0 \u00a0 \u00a0 All\u2019incontro, presieduto dal Vice Prefetto Vicario, dr. Carlo De Rogatis, hanno preso parte\u00a0 il Presidente della Provincia, il Sindaco di&hellip;<\/p>\n","protected":false},"author":4,"featured_media":133575,"comment_status":"closed","ping_status":"closed","sticky":false,"template":"","format":"standard","meta":{"_monsterinsights_skip_tracking":false,"_monsterinsights_sitenote_active":false,"_monsterinsights_sitenote_note":"","_monsterinsights_sitenote_category":0,"footnotes":""},"categories":[49],"tags":[],"class_list":["post-156354","post","type-post","status-publish","format-standard","has-post-thumbnail","hentry","category-news-18","category-49","description-off"],"img_url":"https:\/\/www.radiopiu.net\/wordpress\/wp-content\/uploads\/2020\/04\/PREFETTURA-BELLUNO.jpeg","_links":{"self":[{"href":"https:\/\/www.radiopiu.net\/wordpress\/wp-json\/wp\/v2\/posts\/156354","targetHints":{"allow":["GET"]}}],"collection":[{"href":"https:\/\/www.radiopiu.net\/wordpress\/wp-json\/wp\/v2\/posts"}],"about":[{"href":"https:\/\/www.radiopiu.net\/wordpress\/wp-json\/wp\/v2\/types\/post"}],"author":[{"embeddable":true,"href":"https:\/\/www.radiopiu.net\/wordpress\/wp-json\/wp\/v2\/users\/4"}],"replies":[{"embeddable":true,"href":"https:\/\/www.radiopiu.net\/wordpress\/wp-json\/wp\/v2\/comments?post=156354"}],"version-history":[{"count":0,"href":"https:\/\/www.radiopiu.net\/wordpress\/wp-json\/wp\/v2\/posts\/156354\/revisions"}],"wp:featuredmedia":[{"embeddable":true,"href":"https:\/\/www.radiopiu.net\/wordpress\/wp-json\/wp\/v2\/media\/133575"}],"wp:attachment":[{"href":"https:\/\/www.radiopiu.net\/wordpress\/wp-json\/wp\/v2\/media?parent=156354"}],"wp:term":[{"taxonomy":"category","embeddable":true,"href":"https:\/\/www.radiopiu.net\/wordpress\/wp-json\/wp\/v2\/categories?post=156354"},{"taxonomy":"post_tag","embeddable":true,"href":"https:\/\/www.radiopiu.net\/wordpress\/wp-json\/wp\/v2\/tags?post=156354"}],"curies":[{"name":"wp","href":"https:\/\/api.w.org\/{rel}","templated":true}]}}