{"id":156403,"date":"2020-08-22T05:10:15","date_gmt":"2020-08-22T03:10:15","guid":{"rendered":"https:\/\/www.radiopiu.net\/wordpress\/?p=156403"},"modified":"2020-08-22T09:54:23","modified_gmt":"2020-08-22T07:54:23","slug":"giornale-radiopiu-22-agosto-2020-direttore-mirko-mezzacasa","status":"publish","type":"post","link":"https:\/\/www.radiopiu.net\/wordpress\/giornale-radiopiu-22-agosto-2020-direttore-mirko-mezzacasa\/","title":{"rendered":"GIORNALE RADIOPIU 22 AGOSTO 2020 DIRETTORE MIRKO MEZZACASA"},"content":{"rendered":"<h3><strong>PER RICEVERE QUESTO NOTIZIARIO DIRETTAMENTE SUL TUO CELLULARE ISCRIVITI AL CANALE TELEGRAM\u00a0<\/strong><strong>\u201cRADIO PIU\u00a0 INFORMAZIONE<\/strong><\/h3>\n<p><em>ATTENZIONE: LA NUOVA APP PER IOS-IPHONE<\/em><\/p>\n<div>\n<div><a href=\"https:\/\/apps.apple.com\/it\/app\/radio-pi%C3%B9-emittente-agordina\/id1515939845\">https:\/\/apps.apple.com\/it\/app\/radio-pi%C3%B9-emittente-agordina\/id1515939845<\/a><\/div>\n<\/div>\n<div><\/div>\n<div>\n<div dir=\"auto\"><em>ATTENZIONE: LA NUOVA APP RADIO\u00a0 PER ANDROID<\/em><\/div>\n<\/div>\n<p><a href=\"https:\/\/play.google.com\/store\/apps\/details?id=net.radiopiu.iniko\" target=\"_blank\" rel=\"noopener noreferrer\">https:\/\/play.google.com\/store\/apps\/details?id=net.radiopiu.iniko \u00a0\u00a0\u00a0<\/a><\/p>\n<p>&nbsp;<\/p>\n<hr \/>\n<p>&nbsp;<\/p>\n<p>&nbsp;<\/p>\n<p>&nbsp;<\/p>\n<h2><span style=\"color: #ff0000;\">PER NON DIMENTICARE<\/span><\/h2>\n<blockquote>\n<h3 class=\"entry-title\">\u201cDARIO FABRIZIO MARCO E STEFANO VOLANO NEI NOSTRI CUORI COME IL PRIMO GIORNO\u201d<\/h3>\n<\/blockquote>\n<p><strong class=\"photoswipe-wrapper\"><img loading=\"lazy\" decoding=\"async\" class=\"size-full wp-image-156381 alignleft jetpack-lazy-image jetpack-lazy-image--handled\" src=\"https:\/\/i1.wp.com\/www.radiopiu.net\/wordpress\/wp-content\/uploads\/2020\/08\/download-16.jpg?resize=186%2C270&amp;ssl=1\" alt=\"\" width=\"186\" height=\"270\" data-recalc-dims=\"1\" data-lazy-loaded=\"1\" \/>VENEZIA<\/strong>\u00a0 \u00a0\u201cUn nuovo anno, l\u2019undicesimo, senza Dario, Fabrizio, Marco e Stefano, ma loro, come fosse ieri, continuano a volare nostri cuori e nel riconoscente e struggente ricordo del sacrificio di quattro angeli della montagna\u201d.\u00a0 Con queste parole, il Presidente della Regione del Veneto, nell\u2019undicesimo anniversario, ricorda le vittime della tragedia del 22 agosto 2009, quando morirono in un incidente i quattro componenti dell\u2019equipaggio di \u201cFalco\u201d, l\u2019elicottero del Soccorso Alpino e del Suem 118, precipitato nei pressi di Cortina durante una missione sul Rio Gere.<\/p>\n<p>Quel giorno\u00a0 la montagna si riprese quattro suoi figli prediletti, che avevano eletto a loro missione di vita aiutare chi, in montagna, si trovava in difficolt\u00e0, rischiando la loro vita per salvare quella degli altri. In queste ore nelle quali molti interventi di coraggiosi compagni degli eroi di Rio Gere hanno continuato a salvare vite\u00a0 che la giornata di oggi significhi un rinnovato monito a tutti coloro che frequentano la montagna: rispettatela, imparate a conoscerla, non commettete imprudenze.<\/p>\n<blockquote><p><em>\u201cCon gli eroi di Falco \u2013 conclude il Presidente della Regione \u2013 ricordiamo e abbracciamo anche tutti gli altri caduti in operazioni di soccorso e tutte le famiglie che hanno vissuto e vivono una perdita cos\u00ec grave. Dobbiamo essere orgogliosi \u2013 conclude \u2013 dell\u2019altruismo di tutti quelli che non ci sono pi\u00f9 e dei colleghi che dedicano s\u00e9 stessi ad aiutare gli altri rischiando la vita\u201d.<\/em><\/p><\/blockquote>\n<p>&nbsp;<\/p>\n<p>&nbsp;<\/p>\n<hr \/>\n<p style=\"text-align: left;\"><span style=\"color: #000000;\"><span style=\"caret-color: #ff0000;\"><i>\u00a0<\/i><\/span><\/span><\/p>\n<p><em><strong>SR 203,<\/strong> GALLERIA DEI CASTEI NELLE NOTTI TRA IL 25 E IL 27 AGOSTO, DALLE 22 ALLE 6, ISTITUZIONE DI SENSO UNICO ALTERNATO REGOLATO DA IMPIANTO SEMAFORICO PER MANUTENZIONE IMPIANTI ELETTRICI<\/em><\/p>\n<p><em><strong>SR 203,<\/strong> GALLERIA DI LISTOLADE NELLE NOTTI TRA IL 25 E IL 27 AGOSTO, DALLE 22 ALLE 6, ISTITUZIONE DI SENSO UNICO ALTERNATO REGOLATO DA IMPIANTO SEMAFORICO PER MANUTENZIONE IMPIANTI ELETTRICI<\/em><\/p>\n<p><strong>PROVINCIALE 2<\/strong> VALLE DEL MIS DAL 24 AL 29 AGOSTO DALLE 19 ALLE 7 DEL MATTINO NELLE GALLERIE MOI E COSTA SENSO UNICO ALTERNATO PER INSTALLAZIONE IMPIANTO ILLUMINAZIONE<\/p>\n<p style=\"text-align: left;\"><span style=\"color: #000000;\"><span style=\"caret-color: #ff0000;\"><i>CHIUSURA NOTTURNA DELLA <strong>GALLERIA DI COL CAVALIER A BELLUNO<\/strong> PER MANUTENZIONE AGLI IMPIANTI TECNOLOGICI. LA CHIUSURA AVVERRA&#8217; DALLE 22 ALLE 6 DAL 24 AL 27 AGOSTO. IL TRAFFICO VERRA&#8217; DEVIATO LUNGO PONTE DOLOMITI, VIA SARAJEVO, PONTE DELL&#8217;ANTA, GALLERIA BELLUNO, PONTE LAMBIOI, VIA MONTE GRAPPA, VIA VISOME E VECCHIO TRACCIATO DELLA S.P. 1<\/i><\/span><span style=\"caret-color: #ff0000;\"><i> \u00a0<\/i><\/span><\/span><\/p>\n<p>&nbsp;<\/p>\n<hr \/>\n<p>&nbsp;<\/p>\n<blockquote>\n<h3>SCARAVENTA A TERRA DUE CICLISTI E SI DA ALLA FUGA, COINVOLTO UN CENTAURO COLPITO DALLA RUOTA DELLA BICICLETTA<\/h3>\n<\/blockquote>\n<p><strong><a class=\"dt-pswp-item\" href=\"https:\/\/www.radiopiu.net\/wordpress\/wp-content\/uploads\/2017\/08\/170821-comunicato-stampa-carabinieri-caprile.jpg\" data-dt-img-description=\"\" data-large_image_width=\"1600\" data-large_image_height=\"1200\"><img loading=\"lazy\" decoding=\"async\" class=\"wp-image-35774 alignleft\" src=\"https:\/\/www.radiopiu.net\/wordpress\/wp-content\/uploads\/2017\/08\/170821-comunicato-stampa-carabinieri-caprile-300x225.jpg\" alt=\"\" width=\"195\" height=\"146\" \/><\/a>LIVINALLONGO<\/strong> Incidente stradale lungo la regionale 48 delle Dolomiti ad Alfauro tra Pieve di Livinallongo ed Arabba tra un&#8217;auto, due ciclisti e una moto. L&#8217;auto che procedeva nello stesso senso di marcia dei ciclisti ha stretto sulla destra facendoli cadere, fatto grave: l&#8217;automobilista non si \u00e8 fermato a prestare soccorso.<\/p>\n<blockquote><p>Sono in corso le indagini da parte dei Carabinieri della stazione di Arabba, anche con l&#8217;ausilio delle immagini delle telecamere di sorveglianza per risalire al guidatore in fuga. Nell&#8217;incidente ferito F.S. 43 anni di Ascoli Piceno ricoverato all&#8217;ospedale di Agordo. Incolume il secondo ciclista F.C. 52 anni di Perugia. Coinvolto nel sinistro P.C. 51 anni di Venezia che viaggiava in moto sulla corsia opposta, \u00e8 stato colpito da una ruota staccatasi da una delle biciclette, anche lui \u00e8 caduto al suolo fortunatamente senza riportare ferite. I feriti sono stati soccorsi dai volontari della Croce Bianca di Arabba.<\/p><\/blockquote>\n<p>&nbsp;<\/p>\n<p>&nbsp;<\/p>\n<hr \/>\n<p>&nbsp;<\/p>\n<blockquote>\n<h3>CICLISTA INVESTITO DA UN SUZUKY IN FASE DI SVOLTA<\/h3>\n<\/blockquote>\n<p><strong><img loading=\"lazy\" decoding=\"async\" class=\"alignleft\" src=\"https:\/\/www.radiopiu.net\/wordpress\/wp-content\/uploads\/2019\/12\/CARABINIERI-FELTRE-1.jpg\" width=\"204\" height=\"153\" \/>VAL DI ZOLDO<\/strong> Nel pomeriggio lungo la strada 251\u00a0 un ciclista D.U.L., tedesco di\u00a0 59 anni \u00e8 stato investito da un veicolo Suzuki Jimmy condotto da R.L. 27 anni di Brescia. L&#8217;auto era in fase di svolta e non avrebbe dato la precenza. Ferito il ciclista ricoverato all&#8217;ospedale di Belluno. Sul posto per i rilievi i Carabinieri della locale stazione.<\/p>\n<p>&nbsp;<\/p>\n<p>&nbsp;<\/p>\n<p>&nbsp;<\/p>\n<hr \/>\n<p>&nbsp;<\/p>\n<blockquote>\n<h3>SEMPRE GRAVI LE CONDIZIONI DI SALUTE DI OLIVA<\/h3>\n<\/blockquote>\n<p><strong>LAMON<\/strong>\u00a0Sono sempre gravi le condizioni di Oliva Corr\u00e0, la &#8217;84 enne ricoverata al Centro grandi ustioni di Verona. L&#8217;anziana \u00e8 vigile e presente, ma le sue condizioni destano preoccupazione nei sanitari per la gravit\u00e0 delle ustioni in seguito all&#8217;esplosione di gioved\u00ec mattina. L&#8217;abitazione\u00a0 priva della copertura \u00e8 in condizioni pericolanti, Veneto Strade ha diramato un&#8217;ordinanza che chiude la provinciale che passa a fianco della casa e collega Lamon a Ponte Oltra e ieri c&#8217;\u00e8 stata anche un&#8217;inattesa ripresa del fuoco con un nuovo intervento dei vigili del fuoco in via Beccaroi.<\/p>\n<p>&nbsp;<\/p>\n<hr \/>\n<blockquote>\n<h3><\/h3>\n<h3>OTTANTATREENNE SI FRATTURA LA GAMBA SCENDENDO DALLA SEGGIOVIA<\/h3>\n<\/blockquote>\n<p><strong><img loading=\"lazy\" decoding=\"async\" class=\"alignleft\" src=\"https:\/\/www.radiopiu.net\/wordpress\/wp-content\/uploads\/2020\/08\/salt_20200810_175813_090_resized.jpg\" width=\"180\" height=\"135\" \/>CORTINA<\/strong> Il Soccorso alpino \u00e8 stato allertato per una donna caduta mentre scendeva dalla seggiovia del Rifugio Scoiattoli sulle Cinque Torri. L&#8217;anziana, G.G., 83 anni, di Pisa, ha riportato una frattura alla gamba, \u00e8 stata subito raggiunta da una squadra del Sagf, ma data la gravit\u00e0 dell&#8217;infortunio \u00e8 stata poi imbarcata sull&#8217;elicottero del Suem di Pieve di Cadore e trasportata all&#8217;ospedale di Belluno. Nel pomeriggio \u00e8 arrivata la chiamata di due escursionisti che, scendendo da un canale del Fopa De Mattia, nel Gruppo del Sorapiss, non vedevano pi\u00f9 la compagna scivolata pi\u00f9 in basso, a circa 3.050 metri di quota. La donna, \u00e8 stata recuperata dell&#8217;elicottero dell&#8217;Aiut Alpin Dolomites di Bolzano e trasportata al Codivilla dove per\u00f2 non ha avuto bisogno di essere ospedalizzata. L&#8217;elicottero \u00e8 tornato dai due compagni, che hanno detto all&#8217;equipaggio di non avere bisogno.<\/p>\n<p>&nbsp;<\/p>\n<p>&nbsp;<\/p>\n<hr \/>\n<blockquote>\n<h3><\/h3>\n<h3>SCIVOLA USCENDO DALLA FERRATA DEGLI ALLEGHESI E BATTE LA TESTA, RICOVERATO A TREVISO<\/h3>\n<\/blockquote>\n<p><strong><img loading=\"lazy\" decoding=\"async\" class=\"alignleft\" src=\"https:\/\/www.radiopiu.net\/wordpress\/wp-content\/uploads\/2018\/01\/4-foto-berletti-monte-civetta.jpg\" width=\"163\" height=\"109\" \/>VAL DI ZOLDO<\/strong> Il gestore del Rifugio Torrani ha chiamato il 118 perch\u00e9 richiamato dalle urla dei compagni di un uomo che, caduto a terra, a 200 metri di distanza dalla struttura, sul tratto di costa che la collega all&#8217;uscita della Ferrata degli Alleghesi, aveva sbattuto la testa ed era incosciente. Con due verricelli personale medico e tecnico sono stati calati al suolo e hanno prestato le cure urgenti all&#8217;uomo. Imbarcato in hovering dall&#8217;elicottero del Suem di Pieve di Cadore, che prima aveva preso a bordo due tecnici del Soccorso alpino della Val di Zoldo in supporto alle operazioni, l&#8217;infortunato, A.B., 53 \u00e8 stato preso portato all&#8217;ospedale di Treviso.<\/p>\n<p>FOTO Civetta, Berletti.<\/p>\n<p>&nbsp;<\/p>\n<hr \/>\n<blockquote>\n<h3><\/h3>\n<h3>MALORE AL RIFUGIO AURONZO E CRAMPI DA FALSO ALLARME A PEDAVENA<\/h3>\n<\/blockquote>\n<p><strong>AURONZO<\/strong> Il Soccorso alpino di Auronzo \u00e8 stato attivato per un turista tedesco di 70 anni che si era sentito poco bene per un colpo di calore, sul sentiero tra il Rifugio Auronzo e Malga Langalm. L&#8217;uomo \u00e8 stato accompagnato al parcheggio <img loading=\"lazy\" decoding=\"async\" class=\"alignleft\" src=\"https:\/\/www.radiopiu.net\/wordpress\/wp-content\/uploads\/2020\/06\/ELICOTTERO-SUEM.jpg\" width=\"230\" height=\"129\" \/>da alcune persone di passaggio e l\u00ec imbarcato sul Pelikan, decollato poi in direzione di San Candido. Presente una squadra del presidio Sagf.<\/p>\n<p><strong>PEDAVENA<\/strong>\u00a0 Escursionista colto dai crampi e impossibilitato a proseguire sulla strada di servizio per il Rifugio Dal Piaz, a Pedavena. Mentre si provvedeva ad attivare il Soccorso alpino di Feltre, l&#8217;uomo ha richiamato dicendo che rientrava autonomamente, la missione \u00e8 stata di conseguenza annullata.<\/p>\n<p>&nbsp;<\/p>\n<hr \/>\n<blockquote>\n<h3><\/h3>\n<h3>METEO: INSTABILIT\u00c0 E TEMPORALI NEL WEEKEND IN VENETO<\/h3>\n<\/blockquote>\n<p><strong><img loading=\"lazy\" decoding=\"async\" class=\"alignleft\" src=\"https:\/\/www.radiopiu.net\/wordpress\/wp-content\/uploads\/2018\/08\/instabilita.jpg\" width=\"246\" height=\"148\" \/>VENEZIA<\/strong>\u00a0 Tra oggi e luned\u00ec l&#8217;estensione verso il Mediterraneo di una vasta circolazione ciclonica presente sull&#8217;Europa settentrionale sostituir\u00e0 il promontorio anticiclonico di origine africana che sta interessando la regione, determinando alcune fasi di instabilit\u00e0 con rovesci e temporali. Un prima fase di instabilit\u00e0 interesser\u00e0 nella pomeriggio\/sera di oggi le zone montane, specie quelle centro-orientali e in particolare le Dolomiti; non si escludono locali fenomeni intensi sulle Dolomiti, in possibile estensione alle zone prealpine e pedemontane orientali (Belluno e Treviso). Domani, a partire dalle ore centrali, aumenter\u00e0 la probabilit\u00e0 di rovesci e temporali, dapprima sulle zone montane e pedemontane e poi anche sulla pianura; non si escludono fenomeni localmente intensi con forti rovesci, forti raffiche di vento, locali grandinate. Visti i fenomeni meteorologici previsti il Centro funzionale decentrato della Protezione Civile del Veneto segnala la possibilit\u00e0 di\u00a0 disagi \u2013 nel caso di temporali intensi \u2013 al sistema di drenaggio urbano e lungo la rete idrografica minore in tutto il territorio veneto. Segnala, inoltre, la possibilit\u00e0 d&#8217;innesco di fenomeni franosi superficiali sui versanti e di innesco di colate rapide specie nelle zone dell\u2019Alto Piave, del Piave Pedemontano.<\/p>\n<p>&nbsp;<\/p>\n<p>&nbsp;<\/p>\n<hr \/>\n<p>&nbsp;<\/p>\n<p><strong class=\"photoswipe-wrapper\"><a class=\"dt-pswp-item pspw-wrap-ready\" href=\"https:\/\/i2.wp.com\/www.radiopiu.net\/wordpress\/wp-content\/uploads\/2018\/08\/ACQUA.jpeg?ssl=1\" data-dt-img-description=\"\" data-large_image_width=\"1280\" data-large_image_height=\"768\"><img loading=\"lazy\" decoding=\"async\" class=\"wp-image-57052 alignleft\" src=\"https:\/\/i2.wp.com\/www.radiopiu.net\/wordpress\/wp-content\/uploads\/2018\/08\/ACQUA.jpeg?resize=198%2C119&amp;ssl=1\" sizes=\"auto, (max-width: 198px) 100vw, 198px\" srcset=\"https:\/\/i2.wp.com\/www.radiopiu.net\/wordpress\/wp-content\/uploads\/2018\/08\/ACQUA.jpeg?resize=300%2C180&amp;ssl=1 300w, https:\/\/i2.wp.com\/www.radiopiu.net\/wordpress\/wp-content\/uploads\/2018\/08\/ACQUA.jpeg?resize=768%2C461&amp;ssl=1 768w, https:\/\/i2.wp.com\/www.radiopiu.net\/wordpress\/wp-content\/uploads\/2018\/08\/ACQUA.jpeg?resize=1024%2C614&amp;ssl=1 1024w, https:\/\/i2.wp.com\/www.radiopiu.net\/wordpress\/wp-content\/uploads\/2018\/08\/ACQUA.jpeg?w=1280&amp;ssl=1 1280w\" alt=\"\" width=\"198\" height=\"119\" data-recalc-dims=\"1\" \/><\/a><\/strong><\/p>\n<p>&nbsp;<\/p>\n<p><strong>SAN TOMASO AGORDINO<\/strong> nelle LOCALITA\u2019 ROI E PIANEZZE l\u2019acqua erogata dall\u2019acquedotto non \u00e8 potabile e non pu\u00f2 essere usata per scopi alimentari. Verr\u00e0 effettuato servizio sostitutivo con autobotte.<\/p>\n<p>&nbsp;<\/p>\n<p>&nbsp;<\/p>\n<p>&nbsp;<\/p>\n<hr \/>\n<p>&nbsp;<\/p>\n<blockquote>\n<h3>LE CASCATE DI FANES RESTITUISCONO IL CORPO DI ALFONSO MARIA LOSTIA<\/h3>\n<\/blockquote>\n<p><a class=\"dt-pswp-item\" href=\"https:\/\/www.radiopiu.net\/wordpress\/wp-content\/uploads\/2020\/08\/salt_20200821_125853_073_resized.jpg\" data-dt-img-description=\"\" data-large_image_width=\"1182\" data-large_image_height=\"886\"><img loading=\"lazy\" decoding=\"async\" class=\"size-medium wp-image-156464 alignleft\" src=\"https:\/\/www.radiopiu.net\/wordpress\/wp-content\/uploads\/2020\/08\/salt_20200821_125853_073_resized-300x225.jpg\" alt=\"\" width=\"300\" height=\"225\" srcset=\"https:\/\/www.radiopiu.net\/wordpress\/wp-content\/uploads\/2020\/08\/salt_20200821_125853_073_resized-300x225.jpg 300w, https:\/\/www.radiopiu.net\/wordpress\/wp-content\/uploads\/2020\/08\/salt_20200821_125853_073_resized-1024x768.jpg 1024w, https:\/\/www.radiopiu.net\/wordpress\/wp-content\/uploads\/2020\/08\/salt_20200821_125853_073_resized-768x576.jpg 768w, https:\/\/www.radiopiu.net\/wordpress\/wp-content\/uploads\/2020\/08\/salt_20200821_125853_073_resized.jpg 1182w\" sizes=\"auto, (max-width: 300px) 100vw, 300px\" \/><\/a><strong>CORTINA\u00a0 <\/strong>Ieri mattina le Cascate di Fanes hanno restituito il corpo di Alfonso Maria Lostia, scomparso nelle acque del torrente lo scorso venedi 14 agosto. Dopo giorni di ricerca, tentativi di immersioni nella grande pozza in cui si presupponeva fosse bloccato dalle forti correnti e dalla potenza del getto, senza la necessit\u00e0 di ulteriori interventi il corpo \u00e8 ritornato naturalmente in superficie e si \u00e8 fermato tra le rocce poco fuori della vasca, individuato dai tecnici del Gruppo forre del Soccorso alpino Veneto, che hanno provveduto al recupero assieme al nucleo Saf dei Vigili del fuoco. <a class=\"dt-pswp-item\" href=\"https:\/\/www.radiopiu.net\/wordpress\/wp-content\/uploads\/2020\/08\/1975254_10152212620952829_1842268290_n.jpg\" data-dt-img-description=\"\" data-large_image_width=\"200\" data-large_image_height=\"200\"><img loading=\"lazy\" decoding=\"async\" class=\"size-full wp-image-156414 alignright\" src=\"https:\/\/www.radiopiu.net\/wordpress\/wp-content\/uploads\/2020\/08\/1975254_10152212620952829_1842268290_n.jpg\" alt=\"\" width=\"200\" height=\"200\" srcset=\"https:\/\/www.radiopiu.net\/wordpress\/wp-content\/uploads\/2020\/08\/1975254_10152212620952829_1842268290_n.jpg 200w, https:\/\/www.radiopiu.net\/wordpress\/wp-content\/uploads\/2020\/08\/1975254_10152212620952829_1842268290_n-150x150.jpg 150w\" sizes=\"auto, (max-width: 200px) 100vw, 200px\" \/><\/a>Nei giorni scorsi, dopo che dall&#8217;acqua era emersa la giacca contenente il cellulare, un presidio quotidiano ha monitorato il corso del Fanes, setacciato pi\u00f9 volte fino al Boite, diversi tecnici sono entrati nella vasca costretti a fermarsi per il rischio troppo elevato, sono stati utilizzati i droni e una telecamera subacquea. La barella \u00e8 stata poi presa in carico dall&#8217;elicottero del Suem di Pieve di Cadore e trasportata in localit\u00e0 Fiames, per essere affidata al carro funebre alla presenza della Guardia di Finanza e portata nella cella mortuaria, per poter essere finalmente pianta dai familiari. In questi giorni hanno preso parte alle operazioni il Soccorso alpino di Cortina, il Gruppo forre e speleosub del Soccorso alpino e speleologico Veneto, i Vigili del fuoco con nucleo Saf e sommozzatori, i soccorritori del Sagf, i Carabinieri. Il primo giorno era stata effettuata una ricognizione da parte dell&#8217;elicottero dell&#8217;Aiut Alpin Dolomites di Bolzano.<\/p>\n<p>&nbsp;<\/p>\n<hr \/>\n<p>&nbsp;<\/p>\n<blockquote>\n<h3>LADRI DI SEDIE NELLA SEDE DELLA SOCIETA&#8217; SPORTIVA<\/h3>\n<\/blockquote>\n<p><strong>BELLUNO<\/strong> Hanno violato gli infissi e una volta dentro hanno rubato tutto quello che hanno trovato, anche sedie e tavolino. E&#8217; successo tra domenica e l&#8217;altra notte nella sede della societ\u00e0 Piave, poco prima della riunione del consiglio direttivo. Quando i dirigenti sono arrivati nella casetta la triste sorpresa:\u00a0 vetri per terra e dentro non c&#8217;era pi\u00f9 nulla. Il materiale potrebbe essere stato caricato su un furgone, oltre a sedie e tavoli\u00a0 anche\u00a0 friggitrice, piastra del gas, computer e stampante.<em> &#8220;Non ci sono parole: ancora una volta restiamo amareggiati per dover subire queste situazioni quando cerchiamo di fare sempre del nostro meglio&#8221;<\/em> \u00e8\u00a0 lo sfogo dell\u2019Usd Piave affidato alla pagina Facebook .<\/p>\n\n\t\t\t<style type='text\/css'>\n\t\t\t\t#gallery-1 {\n\t\t\t\t\tmargin: auto;\n\t\t\t\t}\n\t\t\t\t#gallery-1 .gallery-item {\n\t\t\t\t\tfloat: left;\n\t\t\t\t\tmargin-top: 10px;\n\t\t\t\t\ttext-align: center;\n\t\t\t\t\twidth: 20%;\n\t\t\t\t}\n\t\t\t\t#gallery-1 img {\n\t\t\t\t\tborder: 2px solid #cfcfcf;\n\t\t\t\t}\n\t\t\t\t#gallery-1 .gallery-caption {\n\t\t\t\t\tmargin-left: 0;\n\t\t\t\t}\n\t\t\t\t\/* see gallery_shortcode() in wp-includes\/media.php *\/\n\t\t\t<\/style>\n\t\t<div id='gallery-1' class='dt-gallery-container gallery galleryid-156403 gallery-columns-5 gallery-size-thumbnail'><dl class='gallery-item'>\n\t\t\t\t<dt class='gallery-icon portrait'>\n\t\t\t\t\t<a class=\"rollover rollover-zoom dt-pswp-item\" title=\"118071582_3223448287733365_6653455939556527332_o\" data-dt-img-description=\"\" data-large_image_width=\"640\" data-large_image_height=\"1316\"href='https:\/\/www.radiopiu.net\/wordpress\/wp-content\/uploads\/2020\/08\/118071582_3223448287733365_6653455939556527332_o.jpg'><img loading=\"lazy\" decoding=\"async\" width=\"150\" height=\"150\" src=\"https:\/\/www.radiopiu.net\/wordpress\/wp-content\/uploads\/2020\/08\/118071582_3223448287733365_6653455939556527332_o-150x150.jpg\" class=\"attachment-thumbnail size-thumbnail\" alt=\"\" \/><\/a>\n\t\t\t\t<\/dt><\/dl><dl class='gallery-item'>\n\t\t\t\t<dt class='gallery-icon portrait'>\n\t\t\t\t\t<a class=\"rollover rollover-zoom dt-pswp-item\" title=\"118031777_3223448361066691_7602907512014184319_o\" data-dt-img-description=\"\" data-large_image_width=\"640\" data-large_image_height=\"1316\"href='https:\/\/www.radiopiu.net\/wordpress\/wp-content\/uploads\/2020\/08\/118031777_3223448361066691_7602907512014184319_o.jpg'><img loading=\"lazy\" decoding=\"async\" width=\"150\" height=\"150\" src=\"https:\/\/www.radiopiu.net\/wordpress\/wp-content\/uploads\/2020\/08\/118031777_3223448361066691_7602907512014184319_o-150x150.jpg\" class=\"attachment-thumbnail size-thumbnail\" alt=\"\" \/><\/a>\n\t\t\t\t<\/dt><\/dl><dl class='gallery-item'>\n\t\t\t\t<dt class='gallery-icon portrait'>\n\t\t\t\t\t<a class=\"rollover rollover-zoom dt-pswp-item\" title=\"118001894_3223448514400009_5092926141414678223_o\" data-dt-img-description=\"\" data-large_image_width=\"640\" data-large_image_height=\"1316\"href='https:\/\/www.radiopiu.net\/wordpress\/wp-content\/uploads\/2020\/08\/118001894_3223448514400009_5092926141414678223_o.jpg'><img loading=\"lazy\" decoding=\"async\" width=\"150\" height=\"150\" src=\"https:\/\/www.radiopiu.net\/wordpress\/wp-content\/uploads\/2020\/08\/118001894_3223448514400009_5092926141414678223_o-150x150.jpg\" class=\"attachment-thumbnail size-thumbnail\" alt=\"\" \/><\/a>\n\t\t\t\t<\/dt><\/dl><dl class='gallery-item'>\n\t\t\t\t<dt class='gallery-icon portrait'>\n\t\t\t\t\t<a class=\"rollover rollover-zoom dt-pswp-item\" title=\"118031965_3223448434400017_4533523993420961199_o\" data-dt-img-description=\"\" data-large_image_width=\"640\" data-large_image_height=\"1316\"href='https:\/\/www.radiopiu.net\/wordpress\/wp-content\/uploads\/2020\/08\/118031965_3223448434400017_4533523993420961199_o.jpg'><img loading=\"lazy\" decoding=\"async\" width=\"150\" height=\"150\" src=\"https:\/\/www.radiopiu.net\/wordpress\/wp-content\/uploads\/2020\/08\/118031965_3223448434400017_4533523993420961199_o-150x150.jpg\" class=\"attachment-thumbnail size-thumbnail\" alt=\"\" \/><\/a>\n\t\t\t\t<\/dt><\/dl><dl class='gallery-item'>\n\t\t\t\t<dt class='gallery-icon portrait'>\n\t\t\t\t\t<a class=\"rollover rollover-zoom dt-pswp-item\" title=\"118007110_3223448197733374_4089838958006087027_o\" data-dt-img-description=\"\" data-large_image_width=\"466\" data-large_image_height=\"960\"href='https:\/\/www.radiopiu.net\/wordpress\/wp-content\/uploads\/2020\/08\/118007110_3223448197733374_4089838958006087027_o.jpg'><img loading=\"lazy\" decoding=\"async\" width=\"150\" height=\"150\" src=\"https:\/\/www.radiopiu.net\/wordpress\/wp-content\/uploads\/2020\/08\/118007110_3223448197733374_4089838958006087027_o-150x150.jpg\" class=\"attachment-thumbnail size-thumbnail\" alt=\"\" \/><\/a>\n\t\t\t\t<\/dt><\/dl><br style=\"clear: both\" \/>\n\t\t\t<\/div>\n\n<blockquote><p><strong>LO SFOGO<\/strong><br \/>\n<em>Cosa dire&#8230; Ieri sera prima della riunione del consiglio direttivo della societ\u00e0 abbiamo scoperto una cosa che mai avremmo voluto vedere: un furto, e non da poco, ad una societ\u00e0 sportiva. Qualche ignoto, presumibilmente tra domenica pomeriggio e gioved\u00ec ha spaccato il vetro della nostra saletta e rubato la bellezza di: friggitrice, piastra a gas, 2 tavoli e 10 sedie nuovi (nemmeno di nostra propriet\u00e0), casse audio e soubbufer, computer portatile e stampante. Cosa dire&#8230; non<span class=\"text_exposed_show\"> ci sono parole, ancora una volta restiamo amareggiati per dover subire queste situazioni quando cerchiamo di fare sempre del nostro meglio. Vederci portar via queste cose, seppur non vitali, ci lasciano davvero amareggiati, delusi, sconfitti, arrabbiati. Ogni singolo elemento \u00e8 frutto del sudore di una societ\u00e0 sportiva, e per l&#8217;ennesima volta vediamo i nostri sacrifici, il nostro sudore, gettati in vano. Ci facciamo il c**o, tutti, dalla mattina alla sera in ogni secondo libero per la nostra societ\u00e0, e questo \u00e8 quello che riceviamo in cambio&#8230; Noi vogliamo solo fare sport al massimo delle nostre possibilit\u00e0 e con il massimo della nostra passione.. Non \u00e8 giusto, non \u00e8 giusto. Adesso basta<\/span><\/em><\/p><\/blockquote>\n<p>E&#8217; intanto scattata una\u00a0 gara di solidariet\u00e0<em> . \u00abSto ricevendo un sacco di messaggi di sostegno &#8211; ha detto il presidente Daniele De Bon &#8211; e\u00a0 aiuti.\u00a0 Siamo commossi davvero da questo slancio di generosit\u00e0&#8221;.<\/em> Oggi e domani\u00a0 alla Fattoria del Piave saranno raccolti fondi.<\/p>\n<p>&nbsp;<\/p>\n<hr \/>\n<blockquote>\n<h3><\/h3>\n<h3>CARABINIERE INSULTATO E STRATTONATO. GIOVANE UBRIACO RISCHIA L&#8217;ARRESTO E FINISCE IN OSPEDALE.<\/h3>\n<\/blockquote>\n<div id=\"articleContent\" class=\"mercuryWrapper\">\n<div class=\"mercuryScroller\">\n<div class=\"mercuryElement\">\n<div class=\"mercuryBox\">\n<div id=\"articlePlain\">\n<div class=\"articlePlainText\"><strong>BELLUNO<\/strong> Ubriaco strattona un\u00a0 carabiniere, interviene l&#8217;altro militare della pattuglia tra minacce e\u00a0 sputi. \u00c8 successo\u00a0 mercoled\u00ec, tra il bar del centro commerciale Emisfero e il\u00a0 negozio di moda. Il giovane bellunese S.D.F \u00e8 stato denunciato per le ipotesi di reato di resistenza a pubblico ufficiale, minaccia e lesioni, ma ha rischiato di essere arrestato. Dopo la colluttazione \u00e8 stato accompagnato in ambulanza al Pronto soccorso dell&#8217;ospedale San Martino, dove gli sono state refertate lesioni guaribili in una decina di giorni.\u00a0 Il carabiniere ha riportato lievi lesioni, guaribili in cinque giorni.<\/div>\n<div><\/div>\n<\/div>\n<\/div>\n<\/div>\n<\/div>\n<\/div>\n<p>&nbsp;<\/p>\n<hr \/>\n<blockquote>\n<h2>MAIL TRUFFE, UNA DELLE TANTE<\/h2>\n<\/blockquote>\n<p><strong><img loading=\"lazy\" decoding=\"async\" class=\"alignleft\" src=\"https:\/\/www.radiopiu.net\/wordpress\/wp-content\/uploads\/2016\/01\/come-denunciare-una-truffa-online_08e06d6afa3d19b8f75a75a210cdb7d2.jpg\" width=\"203\" height=\"135\" \/>TAIBON<\/strong> E&#8217; stata segnalata ieri direttamente in sede radio l&#8217;ennesima truffa via internet. Un nostro ascoltatore si \u00e8 visto recapitare una mail da suinps (goffo tentativo di spacciarsi per l&#8217;importante Istituto del nostro Paese) con oggetto &#8220;bonifico&#8221;. Nel corpo della mail un fantomatico ordine di bonifico a favore del destinatario della mail da 600 euro (tipo quello per le partite iva della scorsa primavera) da parte dell&#8217;Inps. Secondo la mail il bonifico sarebbe stato regolarmente eseguito e viene citato un codice numerico. Quindi la richiesta <strong>&#8220;Non siamo in grado di effettuare il bonifico perch\u00e9 ci risulta che i dati registrati nel sistema non sono stati aggiornati, il saldo sar\u00e0 pertanto disponibile solo dopo aver effettuato l&#8217;aggiornamento dei dati personali&#8221;.\u00a0<\/strong>E qui casca l&#8217;asino, un successivo clic immette in una &#8220;maschera&#8221; che chiede i dati personali, conto corrente compreso&#8230; Il nostro ascoltatore ha &#8220;annusato&#8221; la truffa, ha chiesto informazioni all&#8217;Inps e poi ha preso la strada per Belluno per denunciare l&#8217;episodio alla Polizia Postale.<\/p>\n<p>&nbsp;<\/p>\n<hr \/>\n<p>&nbsp;<\/p>\n<blockquote>\n<h3>ANCHE IERI\u00a0 SEI SANZIONI AI SERRAI DI SOTTOGUDA<\/h3>\n<\/blockquote>\n<p>&nbsp;<\/p>\n<p><img decoding=\"async\" src=\"https:\/\/www.radiopiu.net\/wordpress\/wp-content\/uploads\/2020\/08\/740a4355-beda-43f0-85a5-36026c59966c.jpg\" \/><strong>ROCCA PIETORE\u00a0<\/strong> Attivissimi i vigili di Rocca Pietore. Detto e ripetuto che i Serrai sono chiusi, ma c&#8217;\u00e8 chi si ostina a superare divieti, transenne, barriere. Ci sono dei lavori in corso ed \u00e8 area di cantiere pericolosa. Eppure anche ieri\u00a0 gli\u00a0 incuranti di ordinanze e divieti multilingua non sono mancati.\u00a0 Elevate\u00a0 6 sanzioni da 160 euro .<\/p>\n<p><strong>IL SINDACO ANDREA DE BERNARDIN<\/strong><\/p>\n<audio class=\"wp-audio-shortcode\" id=\"audio-156403-1\" preload=\"none\" style=\"width: 100%;\" controls=\"controls\"><source type=\"audio\/mpeg\" src=\"https:\/\/www.radiopiu.net\/wordpress\/wp-content\/uploads\/2020\/08\/andreaaaa.mp3?_=1\" \/><a href=\"https:\/\/www.radiopiu.net\/wordpress\/wp-content\/uploads\/2020\/08\/andreaaaa.mp3\">https:\/\/www.radiopiu.net\/wordpress\/wp-content\/uploads\/2020\/08\/andreaaaa.mp3<\/a><\/audio>\n<p>&nbsp;<\/p>\n<p>&nbsp;<\/p>\n<hr \/>\n<blockquote>\n<h3>CINQUE GIOVANI E UNA DONNA POSITIVI AL TAMPONE NEI CONTROLLI DELL&#8217;ULSS1<\/h3>\n<\/blockquote>\n<p><strong><img loading=\"lazy\" decoding=\"async\" class=\"alignleft\" src=\"https:\/\/www.radiopiu.net\/wordpress\/wp-content\/uploads\/2020\/03\/covid-importante.jpg\" width=\"247\" height=\"185\" \/>BELLUNO<\/strong> Altre 24 ore di lavoro\u00a0 impegnative per l\u2019evidenza di 6 nuove positivit\u00e0 al SARS-CoV-2 emerse: un giovane polacco rientrato dal proprio Paese, sintomatico, gi\u00e0 isolato, senza evidenza di contatti stretti; un giovane non residente di ritorno da una vacanza in Sardegna, villeggiante attualmente in provincia, asintomatico: isolamento con quarantena per i familiari; un giovane non residente in vacanza nel nostro territorio anch\u2019esso di rientro da vacanza in Sardegna: isolamento con rientro a domicilio fuori provincia dei familiari e dei contatti; una giovane bellunese gi\u00e0 isolata in quanto contatto di caso: quarantena per i familiari; un giovane di nazionalit\u00e0 albanese residente nel nostro territorio, di rientro da una vacanza in Croazia, sottoposto a tampone presso il drive-in di Feltre: isolato con quarantena di conviventi e contatti; una donna residente nel territorio contatto di caso noto, gi\u00e0 isolata come tale: confermato l\u2019isolamento; quarantenati familiari e contatti. Circa il caso dell\u2019infermiera di Feltre risultata positiva, tutti i tamponi riferiti ai contatti tra il personale e i degenti\u00a0 <strong>sono risultati negativi<\/strong>. Sono in corso ulteriori tamponi a scopo precauzionale su operatori senza contatto.<\/p>\n<p>&nbsp;<\/p>\n<p>&nbsp;<\/p>\n<p>&nbsp;<\/p>\n<hr \/>\n<blockquote>\n<h3><\/h3>\n<h3>CORONAVIRUS. DALLE SCUOLE DI INFANZIA ALLE SUPERIORI SCREENING PER DOCENTI E PERSONALE NON DOCENTE IN TUTTE LE ULSS DELLA REGIONE VENETO<\/h3>\n<\/blockquote>\n<p><strong>VENEZIA\u00a0<\/strong> Da luned\u00ec 24 agosto inizier\u00e0 anche nel Veneto la campagna di screening tra il personale docente e non docente di tutti gli istituti di istruzione &#8211; dalle scuole d\u2019infanzia a tutto il ciclo di scuola superiore, compresi gli istituti professionali &#8211; come previsto a livello nazionale dal Ministero della Pubblica Istruzione nell\u2019ambito delle misure di contrasto alla diffusione del Covid-19. Nel Veneto, i test interessano circa 96.000 persone. L\u2019adesione \u00e8 su base volontaria e prevede l\u2019esecuzione di un esame sierologico tramite test \u201cpungi dito\u201d, comunemente chiamato anche \u201csaponetta\u201d. In caso di positivit\u00e0 sar\u00e0 necessaria la conferma con il tampone molecolare che sar\u00e0 carico dell\u2019Ulss di riferimento. <strong>ULSS 1 DOLOMITI <\/strong>L\u2019azienda sanitaria sta provvedendo ad un elenco dei Medici di famiglia aderenti al programma che sar\u00e0 disponibile da luned\u00ec mattina sul sito: www.aulss1.veneto.it Il personale delle scuole pubbliche e private di ogni ordine e grado della provincia di Belluno potr\u00e0 rivolgersi al proprio Medico di famiglia, se inserito in tale elenco, per prenotare telefonicamente l\u2019esecuzione del test. Il personale della scuola iscritto con medici non aderenti al programma e quello non iscritto con un medico dell\u2019Ulss 1, potr\u00e0 prenotare il test da mercoled\u00ec 26 agosto 2020 telefonando al n. 0439 883805 (dalle ore 09.00 alle ore 13.00 \u2013 dal luned\u00ec al venerd\u00ec) o inviando una e-mail all\u2019indirizzo screening.scuola@aulss1.veneto.it<\/p>\n<p>&nbsp;<\/p>\n<hr \/>\n<p>&nbsp;<\/p>\n<h3><span style=\"color: #ff0000;\">ECCO I VERI VIP DELL&#8217;ESTATE CHE MERITANO L&#8217;INTITOLAZIONE DI UN TRATTO DI LUNGOMARE<\/span><\/h3>\n<blockquote>\n<h3>\u00a0LUNGOMARE DELLE STELLE A JESOLO &#8220;I VIP DI OGGI SONO I NOSTRI OPERATORI DELLA SANITA&#8217; CHE HANNO SUPERATO LO STRESS TEST DEL CORONAVIRUS&#8221;. ASSESSORE AL TURISMO, &#8220;UN GRAZIE A CHI E&#8217; STATO AL FIANCO DI TUTTI I VENETI DURANTE I MESI DI EMERGENZA&#8221;<\/h3>\n<\/blockquote>\n\n\t\t\t<style type='text\/css'>\n\t\t\t\t#gallery-2 {\n\t\t\t\t\tmargin: auto;\n\t\t\t\t}\n\t\t\t\t#gallery-2 .gallery-item {\n\t\t\t\t\tfloat: left;\n\t\t\t\t\tmargin-top: 10px;\n\t\t\t\t\ttext-align: center;\n\t\t\t\t\twidth: 33%;\n\t\t\t\t}\n\t\t\t\t#gallery-2 img {\n\t\t\t\t\tborder: 2px solid #cfcfcf;\n\t\t\t\t}\n\t\t\t\t#gallery-2 .gallery-caption {\n\t\t\t\t\tmargin-left: 0;\n\t\t\t\t}\n\t\t\t\t\/* see gallery_shortcode() in wp-includes\/media.php *\/\n\t\t\t<\/style>\n\t\t<div id='gallery-2' class='dt-gallery-container gallery galleryid-156403 gallery-columns-3 gallery-size-thumbnail'><dl class='gallery-item'>\n\t\t\t\t<dt class='gallery-icon portrait'>\n\t\t\t\t\t<a class=\"rollover rollover-zoom dt-pswp-item\" title=\"1183-2020\" data-dt-img-description=\"\" data-large_image_width=\"777\" data-large_image_height=\"1600\"href='https:\/\/www.radiopiu.net\/wordpress\/wp-content\/uploads\/2020\/08\/1183-2020.jpg'><img loading=\"lazy\" decoding=\"async\" width=\"150\" height=\"150\" src=\"https:\/\/www.radiopiu.net\/wordpress\/wp-content\/uploads\/2020\/08\/1183-2020-150x150.jpg\" class=\"attachment-thumbnail size-thumbnail\" alt=\"\" \/><\/a>\n\t\t\t\t<\/dt><\/dl><dl class='gallery-item'>\n\t\t\t\t<dt class='gallery-icon landscape'>\n\t\t\t\t\t<a class=\"rollover rollover-zoom dt-pswp-item\" title=\"1183-2020_2\" data-dt-img-description=\"\" data-large_image_width=\"1600\" data-large_image_height=\"1200\"href='https:\/\/www.radiopiu.net\/wordpress\/wp-content\/uploads\/2020\/08\/1183-2020_2.jpg'><img loading=\"lazy\" decoding=\"async\" width=\"150\" height=\"150\" src=\"https:\/\/www.radiopiu.net\/wordpress\/wp-content\/uploads\/2020\/08\/1183-2020_2-150x150.jpg\" class=\"attachment-thumbnail size-thumbnail\" alt=\"\" \/><\/a>\n\t\t\t\t<\/dt><\/dl><dl class='gallery-item'>\n\t\t\t\t<dt class='gallery-icon landscape'>\n\t\t\t\t\t<a class=\"rollover rollover-zoom dt-pswp-item\" title=\"1183-2020_1\" data-dt-img-description=\"\" data-large_image_width=\"1600\" data-large_image_height=\"777\"href='https:\/\/www.radiopiu.net\/wordpress\/wp-content\/uploads\/2020\/08\/1183-2020_1.jpg'><img loading=\"lazy\" decoding=\"async\" width=\"150\" height=\"150\" src=\"https:\/\/www.radiopiu.net\/wordpress\/wp-content\/uploads\/2020\/08\/1183-2020_1-150x150.jpg\" class=\"attachment-thumbnail size-thumbnail\" alt=\"\" \/><\/a>\n\t\t\t\t<\/dt><\/dl><br style=\"clear: both\" \/>\n\t\t\t<\/div>\n\n<p>&nbsp;<\/p>\n<p>&nbsp;<\/p>\n<hr \/>\n<blockquote>\n<h3>OLTRE 100 ATTUALMENTE IN PIU&#8217;, 141 POSITIVI E 3 DECESSI IN 24 ORE, 36 I GUARITI. SU I CONTAGI AL NORD-EST<\/h3>\n<\/blockquote>\n<p><strong>di Mirko Mezzacasa\u00a0\u00a0<\/strong><\/p>\n<p>Italia di nuovo ai livelli di met\u00e0 maggio, 947 nuovi contagi in una sola giornata, 141 casi nel Veneto, 5 in provincia di Belluno. Nel Veneto sono 44 i positivi ricoverati in ospedale, 6 in terapia intensiva. Oltre 6500 persone sono in isolamento domiciliare, 295 a Belluno dove crescono di 38 in un giorno. Ieri altri 3 decessi. Treviso conta 82 nuovi casi soprattutto dovuti allo stabilimento di Aia di Vazzola (57 contagi, 53 dalla comunit\u00e0 Senegalese), gli altri sono imputabili al rientro dei vacanzieri. Sono 6 i nuovi positivi in provincia, 2 giovani residenti nel bellunese tornati dalla Sardegna, 1 giovane polacco, 1 albanese al rientro dalla Croazia, una giovane bellunese gi\u00e0 in isolamento e una donna. Trenta gli attualmente positivi in provincia.<\/p>\n<h2>NELLE ULTIME 24 ORE<\/h2>\n<p><strong>ISOLAMENTI DOMICILIARI:\u00a0VENETO<\/strong>\u00a06528 (-37 \u2013 124 CON SINTOMI), PADOVA\u00a0 981 (-104 \u2013 11), BELLUNO 295 (+38 \u2013 22), ROVIGO\u00a0 387 \u00a0(-5 \u2013 16), TREVISO 1363 (+58 \u2013 17), VENEZIA\u00a0 783 (+33 \u2013 10), VERONA 2031 \u00a0(-38 \u2013 41), VICENZA \u00a0688 (-19 \u2013 7)<\/p>\n<p>&nbsp;<\/p>\n<p><strong>I NUMERI\u00a0 IN VENETO:<\/strong> TOTALE POSITIVI\u00a0 \u00a021752\u00a0 \u00a0(+141)\u00a0 ATTUALMENTE POSITIVI\u00a0 1944\u00a0 (+102)\u00a0 DECESSI 2104 (+3) NEGATIVIZZATI 17704 (+36 RICOVERATI\u00a0 124 (-1 \u2013 44 POSITIVI 80 NEGATIVIZZATI), NEGLI OSPEDALI DI COMUNITA\u2019 RICOVERATI 16\u00a0 (+1 \u2013 8 POSITIVI,\u00a0 8 NEGATIVIZZATI), IN TERAPIA INTENSIVA 7\u00a0 (-1 \u2013 6 POSITIVI, \u00a01 NEGATIVIZZATI). DIMESSI 3817 (+6) NEGLI OSPEDALI AREA NON CRITICA 336 (+2) \u00a0<strong>I NUMERI IN PROVINCIA:<\/strong> TOTALE CONTAGI 1241 (+5) , ATTUALMENTE POSITIVI 34 (+4) , DECEDUTI 113 (0), NEGATIVIZZATI 1094\u00a0 (0) RICOVERATI IN OSPEDALE AL SAN MARTINO 0<\/p>\n<p>&nbsp;<\/p>\n<h3>I GRAFICI DI TIZIANO DE COL<\/h3>\n<p><a class=\"dt-pswp-item\" href=\"https:\/\/www.radiopiu.net\/wordpress\/wp-content\/uploads\/2020\/08\/929350db-50c2-4183-b390-bd21c35acd4a.jpg\" data-dt-img-description=\"\" data-large_image_width=\"637\" data-large_image_height=\"671\"><img loading=\"lazy\" decoding=\"async\" class=\"alignnone wp-image-156538\" src=\"https:\/\/www.radiopiu.net\/wordpress\/wp-content\/uploads\/2020\/08\/929350db-50c2-4183-b390-bd21c35acd4a-285x300.jpg\" alt=\"\" width=\"163\" height=\"172\" srcset=\"https:\/\/www.radiopiu.net\/wordpress\/wp-content\/uploads\/2020\/08\/929350db-50c2-4183-b390-bd21c35acd4a-285x300.jpg 285w, https:\/\/www.radiopiu.net\/wordpress\/wp-content\/uploads\/2020\/08\/929350db-50c2-4183-b390-bd21c35acd4a.jpg 637w\" sizes=\"auto, (max-width: 163px) 100vw, 163px\" \/><\/a><a class=\"dt-pswp-item\" href=\"https:\/\/www.radiopiu.net\/wordpress\/wp-content\/uploads\/2020\/08\/92c54d1c-5004-4fb1-86e8-d6007ddbc76a.jpg\" data-dt-img-description=\"\" data-large_image_width=\"480\" data-large_image_height=\"336\"><img loading=\"lazy\" decoding=\"async\" class=\"alignnone wp-image-156539\" src=\"https:\/\/www.radiopiu.net\/wordpress\/wp-content\/uploads\/2020\/08\/92c54d1c-5004-4fb1-86e8-d6007ddbc76a-300x210.jpg\" alt=\"\" width=\"244\" height=\"172\" srcset=\"https:\/\/www.radiopiu.net\/wordpress\/wp-content\/uploads\/2020\/08\/92c54d1c-5004-4fb1-86e8-d6007ddbc76a-300x210.jpg 300w, https:\/\/www.radiopiu.net\/wordpress\/wp-content\/uploads\/2020\/08\/92c54d1c-5004-4fb1-86e8-d6007ddbc76a.jpg 480w\" sizes=\"auto, (max-width: 244px) 100vw, 244px\" \/><\/a><\/p>\n<p>&nbsp;<\/p>\n<hr \/>\n<p>&nbsp;<\/p>\n<blockquote class=\"wp-embedded-content\" data-secret=\"4umaoP1pr6\"><p><a href=\"https:\/\/www.radiopiu.net\/wordpress\/https-wp-me-s63lo7-20agosto\/\">CORONAVIRUS: AGGIORNAMENTO NAZIONALE 21 AGOSTO<\/a><\/p><\/blockquote>\n<p><iframe loading=\"lazy\" class=\"wp-embedded-content\" sandbox=\"allow-scripts\" security=\"restricted\" style=\"position: absolute; clip: rect(1px, 1px, 1px, 1px);\" title=\"&#8220;CORONAVIRUS: AGGIORNAMENTO NAZIONALE 21 AGOSTO&#8221; &#8212; Radio Pi\u00f9\" src=\"https:\/\/www.radiopiu.net\/wordpress\/https-wp-me-s63lo7-20agosto\/embed\/#?secret=4umaoP1pr6\" data-secret=\"4umaoP1pr6\" width=\"600\" height=\"338\" frameborder=\"0\" marginwidth=\"0\" marginheight=\"0\" scrolling=\"no\"><\/iframe><\/p>\n<blockquote class=\"wp-embedded-content\" data-secret=\"GPK00hse6J\"><p><a href=\"https:\/\/www.radiopiu.net\/wordpress\/21agosto2020\/\">OLTRE 100 ATTUALMENTE IN PIU&#8217;, 141 POSITIVI E 3 DECESSI IN 24 ORE, 36  I GUARITI<\/a><\/p><\/blockquote>\n<p><iframe loading=\"lazy\" class=\"wp-embedded-content\" sandbox=\"allow-scripts\" security=\"restricted\" style=\"position: absolute; clip: rect(1px, 1px, 1px, 1px);\" title=\"&#8220;OLTRE 100 ATTUALMENTE IN PIU&#8217;, 141 POSITIVI E 3 DECESSI IN 24 ORE, 36  I GUARITI&#8221; &#8212; Radio Pi\u00f9\" src=\"https:\/\/www.radiopiu.net\/wordpress\/21agosto2020\/embed\/#?secret=GPK00hse6J\" data-secret=\"GPK00hse6J\" width=\"600\" height=\"338\" frameborder=\"0\" marginwidth=\"0\" marginheight=\"0\" scrolling=\"no\"><\/iframe><\/p>\n<p>&nbsp;<\/p>\n<hr \/>\n<blockquote>\n<h3><\/h3>\n<h3>A TUTTO CANTIERE, IN VAL CORDEVOLE OPERE PER 46 MILIONI DI EURO<\/h3>\n<\/blockquote>\n<div id=\"js_p\" class=\"_5pbx userContent _3576\" data-testid=\"post_message\" data-ft=\"{&quot;tn&quot;:&quot;K&quot;}\">\n<blockquote>\n<div id=\"js_p\" class=\"_5pbx userContent _3576\" data-testid=\"post_message\" data-ft=\"{&quot;tn&quot;:&quot;K&quot;}\">\n<blockquote>\n<blockquote><p><em><strong>AGORDINO\u00a0<\/strong> L&#8217;assessore alla protezione civile ha visitato\u00a0 i cantieri post Vaia a difesa del territorio a Selva di Cadore, Colle Santa Lucia e Livinallongo del Col di Lana dove sono previsti lavori per 46 milioni di euro.<\/em><\/p><\/blockquote>\n<p><strong>audio, l&#8217;assessore Gianpaolo Bottacin<\/strong><\/p>\n<audio class=\"wp-audio-shortcode\" id=\"audio-156403-2\" preload=\"none\" style=\"width: 100%;\" controls=\"controls\"><source type=\"audio\/mpeg\" src=\"https:\/\/www.radiopiu.net\/wordpress\/wp-content\/uploads\/2020\/08\/botta.mp3?_=2\" \/><a href=\"https:\/\/www.radiopiu.net\/wordpress\/wp-content\/uploads\/2020\/08\/botta.mp3\">https:\/\/www.radiopiu.net\/wordpress\/wp-content\/uploads\/2020\/08\/botta.mp3<\/a><\/audio>\n<p>&nbsp;<\/p><\/blockquote>\n<\/div>\n<p><strong><a class=\"dt-pswp-item\" href=\"https:\/\/www.radiopiu.net\/wordpress\/wp-content\/uploads\/2020\/08\/118088336_10157575618237544_8851570823725089846_n.jpg\" data-dt-img-description=\"\" data-large_image_width=\"960\" data-large_image_height=\"720\"><img loading=\"lazy\" decoding=\"async\" class=\"wp-image-156457 alignleft\" src=\"https:\/\/www.radiopiu.net\/wordpress\/wp-content\/uploads\/2020\/08\/118088336_10157575618237544_8851570823725089846_n-300x225.jpg\" alt=\"\" width=\"176\" height=\"132\" srcset=\"https:\/\/www.radiopiu.net\/wordpress\/wp-content\/uploads\/2020\/08\/118088336_10157575618237544_8851570823725089846_n-300x225.jpg 300w, https:\/\/www.radiopiu.net\/wordpress\/wp-content\/uploads\/2020\/08\/118088336_10157575618237544_8851570823725089846_n-768x576.jpg 768w, https:\/\/www.radiopiu.net\/wordpress\/wp-content\/uploads\/2020\/08\/118088336_10157575618237544_8851570823725089846_n.jpg 960w\" sizes=\"auto, (max-width: 176px) 100vw, 176px\" \/><\/a>SELVA DI CADORE<\/strong> Sono 45 gli interventi \u00a0per un impegno economico\u00a0 di\u00a0 10 milioni di euro: Sull\u2019Aiva (Genio Civile di Belluno), realizzazione di una nuova briglia selettiva, opera da\u00a0 2,5 milioni di euro. Diversi gli interventi per il \u00a0ripristino della funzionalit\u00e0 idraulica delle opere esistenti, tra cui varie scogliere, e il ripristino della sezione di deflusso lungo la Val Fiorentina per 550 mila euro. Veneto Strade sta invece aumentando la resilienza dei collegamenti con l\u2019Alto Agordino e la viabilit\u00e0 comunale, operazione da\u00a0 3,6 milioni di euro.<\/p>\n<p><strong>COLLE SANTA LUCIA\u00a0<\/strong> In totale 21\u00a0 cantieri per\u00a0 5,2 milioni di euro soprattutto per l\u2019aumento della resilienza (Veneto Strade) per quasi 3 milioni di euro.<\/p>\n<div id=\"js_p\" class=\"_5pbx userContent _3576\" data-testid=\"post_message\" data-ft=\"{&quot;tn&quot;:&quot;K&quot;}\">\n\n\t\t\t<style type='text\/css'>\n\t\t\t\t#gallery-3 {\n\t\t\t\t\tmargin: auto;\n\t\t\t\t}\n\t\t\t\t#gallery-3 .gallery-item {\n\t\t\t\t\tfloat: left;\n\t\t\t\t\tmargin-top: 10px;\n\t\t\t\t\ttext-align: center;\n\t\t\t\t\twidth: 25%;\n\t\t\t\t}\n\t\t\t\t#gallery-3 img {\n\t\t\t\t\tborder: 2px solid #cfcfcf;\n\t\t\t\t}\n\t\t\t\t#gallery-3 .gallery-caption {\n\t\t\t\t\tmargin-left: 0;\n\t\t\t\t}\n\t\t\t\t\/* see gallery_shortcode() in wp-includes\/media.php *\/\n\t\t\t<\/style>\n\t\t<div id='gallery-3' class='dt-gallery-container gallery galleryid-156403 gallery-columns-4 gallery-size-thumbnail'><dl class='gallery-item'>\n\t\t\t\t<dt class='gallery-icon portrait'>\n\t\t\t\t\t<a class=\"rollover rollover-zoom dt-pswp-item\" title=\"118038636_10157575618092544_8231827238924195154_n\" data-dt-img-description=\"\" data-large_image_width=\"720\" data-large_image_height=\"960\"href='https:\/\/www.radiopiu.net\/wordpress\/wp-content\/uploads\/2020\/08\/118038636_10157575618092544_8231827238924195154_n.jpg'><img loading=\"lazy\" decoding=\"async\" width=\"150\" height=\"150\" src=\"https:\/\/www.radiopiu.net\/wordpress\/wp-content\/uploads\/2020\/08\/118038636_10157575618092544_8231827238924195154_n-150x150.jpg\" class=\"attachment-thumbnail size-thumbnail\" alt=\"\" \/><\/a>\n\t\t\t\t<\/dt><\/dl><dl class='gallery-item'>\n\t\t\t\t<dt class='gallery-icon landscape'>\n\t\t\t\t\t<a class=\"rollover rollover-zoom dt-pswp-item\" title=\"118003757_10157575618182544_1906181132922704128_n\" data-dt-img-description=\"\" data-large_image_width=\"960\" data-large_image_height=\"720\"href='https:\/\/www.radiopiu.net\/wordpress\/wp-content\/uploads\/2020\/08\/118003757_10157575618182544_1906181132922704128_n.jpg'><img loading=\"lazy\" decoding=\"async\" width=\"150\" height=\"150\" src=\"https:\/\/www.radiopiu.net\/wordpress\/wp-content\/uploads\/2020\/08\/118003757_10157575618182544_1906181132922704128_n-150x150.jpg\" class=\"attachment-thumbnail size-thumbnail\" alt=\"\" \/><\/a>\n\t\t\t\t<\/dt><\/dl><dl class='gallery-item'>\n\t\t\t\t<dt class='gallery-icon landscape'>\n\t\t\t\t\t<a class=\"rollover rollover-zoom dt-pswp-item\" title=\"118055755_10157575618332544_2187241553607296565_n\" data-dt-img-description=\"\" data-large_image_width=\"960\" data-large_image_height=\"720\"href='https:\/\/www.radiopiu.net\/wordpress\/wp-content\/uploads\/2020\/08\/118055755_10157575618332544_2187241553607296565_n.jpg'><img loading=\"lazy\" decoding=\"async\" width=\"150\" height=\"150\" src=\"https:\/\/www.radiopiu.net\/wordpress\/wp-content\/uploads\/2020\/08\/118055755_10157575618332544_2187241553607296565_n-150x150.jpg\" class=\"attachment-thumbnail size-thumbnail\" alt=\"\" \/><\/a>\n\t\t\t\t<\/dt><\/dl><dl class='gallery-item'>\n\t\t\t\t<dt class='gallery-icon landscape'>\n\t\t\t\t\t<a class=\"rollover rollover-zoom dt-pswp-item\" title=\"118080304_10157575618382544_8374109458705300433_n\" data-dt-img-description=\"\" data-large_image_width=\"960\" data-large_image_height=\"720\"href='https:\/\/www.radiopiu.net\/wordpress\/wp-content\/uploads\/2020\/08\/118080304_10157575618382544_8374109458705300433_n.jpg'><img loading=\"lazy\" decoding=\"async\" width=\"150\" height=\"150\" src=\"https:\/\/www.radiopiu.net\/wordpress\/wp-content\/uploads\/2020\/08\/118080304_10157575618382544_8374109458705300433_n-150x150.jpg\" class=\"attachment-thumbnail size-thumbnail\" alt=\"\" \/><\/a>\n\t\t\t\t<\/dt><\/dl><br style=\"clear: both\" \/>\n\t\t\t<\/div>\n\n<p><strong>LIVINALLONGO<\/strong> In totale 37 interventi, 31 milioni di euro. I Servizi forestali hanno completato il ripristino ad Arabba delle difese spondali in sinistra del torrente Cordevole e il ripristino della strada silvo pastorale Livin\u00e8-Prade (600mila euro). In corso i lavori per \u00a0il ripristino della funzionalit\u00e0 idraulica e della sezione di deflusso sul Cordevole in localit\u00e0 Ruaz (380mila euro). Entro settembre sar\u00e0 firmato il contratto\u00a0 delle opere di trattenuta e salvaguardia dei versanti in frana a monte di strutture ed infrastrutture esistenti sul rio Aurona (500mila euro), il completamento delle opere idraulico forestali trasversali e longitudinali a protezione dell\u2019abitato di Arabba (400mila euro) e di quelle a protezione dell\u2019abitato di Col di Ornella (800mila euro). Ad Alfauro per il contenimento delle colate detritiche e viabilit\u00e0 previsti interventi per 300 mila euro.\u00a0 Veneto Strade lavora sulle \u00a0opere di difesa dalle valanghe per 22 milioni di euro, ma anche nella sistemazione e messa in sicurezza della viabilit\u00e0 comunale, altro milione di euro.<\/p>\n<\/div>\n<\/blockquote>\n<\/div>\n<div class=\"_3x-2\" data-ft=\"{&quot;tn&quot;:&quot;H&quot;}\">\n<div data-ft=\"{&quot;tn&quot;:&quot;H&quot;}\">\n<div class=\"mtm\">\n<div class=\"_2a2q _65sr\">\n\n\t\t\t<style type='text\/css'>\n\t\t\t\t#gallery-4 {\n\t\t\t\t\tmargin: auto;\n\t\t\t\t}\n\t\t\t\t#gallery-4 .gallery-item {\n\t\t\t\t\tfloat: left;\n\t\t\t\t\tmargin-top: 10px;\n\t\t\t\t\ttext-align: center;\n\t\t\t\t\twidth: 25%;\n\t\t\t\t}\n\t\t\t\t#gallery-4 img {\n\t\t\t\t\tborder: 2px solid #cfcfcf;\n\t\t\t\t}\n\t\t\t\t#gallery-4 .gallery-caption {\n\t\t\t\t\tmargin-left: 0;\n\t\t\t\t}\n\t\t\t\t\/* see gallery_shortcode() in wp-includes\/media.php *\/\n\t\t\t<\/style>\n\t\t<div id='gallery-4' class='dt-gallery-container gallery galleryid-156403 gallery-columns-4 gallery-size-thumbnail'><dl class='gallery-item'>\n\t\t\t\t<dt class='gallery-icon landscape'>\n\t\t\t\t\t<a class=\"rollover\" href='https:\/\/www.radiopiu.net\/wordpress\/a-tutto-cantiere-in-val-cordevole-opere-per-46-milioni-di-euro\/118209867_10157575618512544_6909301908428969323_n\/'><img loading=\"lazy\" decoding=\"async\" width=\"150\" height=\"150\" src=\"https:\/\/www.radiopiu.net\/wordpress\/wp-content\/uploads\/2020\/08\/118209867_10157575618512544_6909301908428969323_n-150x150.jpg\" class=\"attachment-thumbnail size-thumbnail\" alt=\"\" \/><\/a>\n\t\t\t\t<\/dt><\/dl><dl class='gallery-item'>\n\t\t\t\t<dt class='gallery-icon landscape'>\n\t\t\t\t\t<a class=\"rollover\" href='https:\/\/www.radiopiu.net\/wordpress\/a-tutto-cantiere-in-val-cordevole-opere-per-46-milioni-di-euro\/118121748_10157575618017544_7628468151692259739_n\/'><img loading=\"lazy\" decoding=\"async\" width=\"150\" height=\"150\" src=\"https:\/\/www.radiopiu.net\/wordpress\/wp-content\/uploads\/2020\/08\/118121748_10157575618017544_7628468151692259739_n-150x150.jpg\" class=\"attachment-thumbnail size-thumbnail\" alt=\"\" \/><\/a>\n\t\t\t\t<\/dt><\/dl><dl class='gallery-item'>\n\t\t\t\t<dt class='gallery-icon landscape'>\n\t\t\t\t\t<a class=\"rollover\" href='https:\/\/www.radiopiu.net\/wordpress\/a-tutto-cantiere-in-val-cordevole-opere-per-46-milioni-di-euro\/118149894_10157575618437544_6099807393690889737_n\/'><img loading=\"lazy\" decoding=\"async\" width=\"150\" height=\"150\" src=\"https:\/\/www.radiopiu.net\/wordpress\/wp-content\/uploads\/2020\/08\/118149894_10157575618437544_6099807393690889737_n-150x150.jpg\" class=\"attachment-thumbnail size-thumbnail\" alt=\"\" \/><\/a>\n\t\t\t\t<\/dt><\/dl><dl class='gallery-item'>\n\t\t\t\t<dt class='gallery-icon landscape'>\n\t\t\t\t\t<a class=\"rollover\" href='https:\/\/www.radiopiu.net\/wordpress\/a-tutto-cantiere-in-val-cordevole-opere-per-46-milioni-di-euro\/118041591_10157575617967544_3806678642004229439_n\/'><img loading=\"lazy\" decoding=\"async\" width=\"150\" height=\"150\" src=\"https:\/\/www.radiopiu.net\/wordpress\/wp-content\/uploads\/2020\/08\/118041591_10157575617967544_3806678642004229439_n-150x150.jpg\" class=\"attachment-thumbnail size-thumbnail\" alt=\"\" \/><\/a>\n\t\t\t\t<\/dt><\/dl><br style=\"clear: both\" \/>\n\t\t\t<\/div>\n\n<p>&nbsp;<\/p>\n<hr \/>\n<p>&nbsp;<\/p>\n<blockquote>\n<h3 dir=\"auto\">BOND (FI), INCERTEZZA RIAPERTURE SCUOLE NUOCE AL FUTURO DEL NOSTRO PAESE<\/h3>\n<\/blockquote>\n<div dir=\"auto\"><\/div>\n<div dir=\"auto\">&#8220;<i>Mascherine s\u00ec, anzi no, forse meglio utilizzare l&#8217;app. L&#8217;indecisione del ministro dell&#8217;Istruzione penalizza studenti e personale scolastico&#8221;<\/i>.<\/div>\n<\/div>\n<div dir=\"auto\"><\/div>\n<div dir=\"auto\"><strong>ROMA<\/strong> &#8220;Ancora dubbi e incertezze per il rientro dei ragazzi a scuola? Non possiamo, a distanza di pochi giorni dalla riapertura delle scuole, attendere ancora il documento con le indicazioni sui protocolli e sui comportamenti da utilizzare. Possibile che l&#8217;unica soluzione possibile, stando agli scienziati superconsulenti del Comitato Tecnico Scientifico, sia affidarsi all&#8217;app Immuni e all&#8217;uso delle mascherine? Inaccettabile. Qualsiasi persona di buon senso sa che per uno studente sar\u00e0 difficile osservare simili comportamenti senza rischiare la diffusione del virus. Ancora una volta l&#8217;indecisione del ministro e della squadra che ci governa dimostra l&#8217;incapacit\u00e0 di prendere una decisione in modo autonomo o di trovare soluzioni senza dover ricorrere a suoerconsulenti scienziati. Speriamo di non ritrovarci di fronte ad una nuova ondata incontrollata di Covid, ad un nuovo lockdown, ad una nuova chiusura delle scuole. Cos\u00ec rischiamo di perdere l&#8217;opportunit\u00e0 di curare la formazione dei giovani, dei bambini, di investire seriamente sul futuro del nostro Paese&#8221;.<\/div>\n<div class=\"_2a2q _65sr\">\n<p>&nbsp;<\/p>\n<p>&nbsp;<\/p>\n<p>&nbsp;<\/p>\n<hr \/>\n<\/div>\n<\/div>\n<\/div>\n<\/div>\n<p>&nbsp;<\/p>\n<blockquote>\n<h3>INVENTARSI UN LAVORO A LAMBROI DI GOSALDO<\/h3>\n<\/blockquote>\n<p><strong>GOSALDO<\/strong> Ci sono giovani dalle belle speranze e dalle grandi idee. Massimo detto Max ad esempio della famiglia Campedel, nato e cresciuto sul territorio. Si \u00e8 inventato un lavoro: l&#8217;arrotino, niente di pi\u00f9 utile per rifare la lama a forbici e coltelli. Eccolo all&#8217;opera nel suo nuovo laboratorio, elegante fuori, ordinato e bello dentro e presto aprir\u00e0 un punto di recapito anche ad Agordo. Michele, fabbrica inoltre coltelli su misura, per il tempo libero e la cucina; coltelli forgiati a mano anche ricorrendo a tecniche giapponesi.<em>&#8220;Donnneeeeee \u00e8 arrivato l&#8217;arrotino&#8230;. ed \u00e8 un puro sangue agordino&#8221;<\/em>\u00a0 Massimo ha 24 anni \u00e8 un tecnico restauratore di dipinti su tela e legno diplomatosi a Firenze Palazzo Spinelli con la passione per la musica classica il suo logo non a caso \u00e8\u00a0 la chiave di violino,\u00a0 la passione principale invece per\u00a0 le lame taglienti come evidente.<\/p>\n\n\t\t\t<style type='text\/css'>\n\t\t\t\t#gallery-5 {\n\t\t\t\t\tmargin: auto;\n\t\t\t\t}\n\t\t\t\t#gallery-5 .gallery-item {\n\t\t\t\t\tfloat: left;\n\t\t\t\t\tmargin-top: 10px;\n\t\t\t\t\ttext-align: center;\n\t\t\t\t\twidth: 33%;\n\t\t\t\t}\n\t\t\t\t#gallery-5 img {\n\t\t\t\t\tborder: 2px solid #cfcfcf;\n\t\t\t\t}\n\t\t\t\t#gallery-5 .gallery-caption {\n\t\t\t\t\tmargin-left: 0;\n\t\t\t\t}\n\t\t\t\t\/* see gallery_shortcode() in wp-includes\/media.php *\/\n\t\t\t<\/style>\n\t\t<div id='gallery-5' class='dt-gallery-container gallery galleryid-156403 gallery-columns-3 gallery-size-thumbnail'><dl class='gallery-item'>\n\t\t\t\t<dt class='gallery-icon landscape'>\n\t\t\t\t\t<a class=\"rollover rollover-zoom dt-pswp-item\" title=\"118307719_10221213344700511_8714881128788452066_o\" data-dt-img-description=\"\" data-large_image_width=\"960\" data-large_image_height=\"455\"href='https:\/\/www.radiopiu.net\/wordpress\/wp-content\/uploads\/2020\/08\/118307719_10221213344700511_8714881128788452066_o.jpg'><img loading=\"lazy\" decoding=\"async\" width=\"150\" height=\"150\" src=\"https:\/\/www.radiopiu.net\/wordpress\/wp-content\/uploads\/2020\/08\/118307719_10221213344700511_8714881128788452066_o-150x150.jpg\" class=\"attachment-thumbnail size-thumbnail\" alt=\"\" \/><\/a>\n\t\t\t\t<\/dt><\/dl><dl class='gallery-item'>\n\t\t\t\t<dt class='gallery-icon landscape'>\n\t\t\t\t\t<a class=\"rollover rollover-zoom dt-pswp-item\" title=\"118280646_10221213343620484_8498289371995817491_o\" data-dt-img-description=\"\" data-large_image_width=\"960\" data-large_image_height=\"454\"href='https:\/\/www.radiopiu.net\/wordpress\/wp-content\/uploads\/2020\/08\/118280646_10221213343620484_8498289371995817491_o.jpg'><img loading=\"lazy\" decoding=\"async\" width=\"150\" height=\"150\" src=\"https:\/\/www.radiopiu.net\/wordpress\/wp-content\/uploads\/2020\/08\/118280646_10221213343620484_8498289371995817491_o-150x150.jpg\" class=\"attachment-thumbnail size-thumbnail\" alt=\"\" \/><\/a>\n\t\t\t\t<\/dt><\/dl><dl class='gallery-item'>\n\t\t\t\t<dt class='gallery-icon landscape'>\n\t\t\t\t\t<a class=\"rollover rollover-zoom dt-pswp-item\" title=\"117998485_10221213349740637_4767048244021346256_o\" data-dt-img-description=\"\" data-large_image_width=\"960\" data-large_image_height=\"455\"href='https:\/\/www.radiopiu.net\/wordpress\/wp-content\/uploads\/2020\/08\/117998485_10221213349740637_4767048244021346256_o.jpg'><img loading=\"lazy\" decoding=\"async\" width=\"150\" height=\"150\" src=\"https:\/\/www.radiopiu.net\/wordpress\/wp-content\/uploads\/2020\/08\/117998485_10221213349740637_4767048244021346256_o-150x150.jpg\" class=\"attachment-thumbnail size-thumbnail\" alt=\"\" \/><\/a>\n\t\t\t\t<\/dt><\/dl><br style=\"clear: both\" \/><dl class='gallery-item'>\n\t\t\t\t<dt class='gallery-icon landscape'>\n\t\t\t\t\t<a class=\"rollover rollover-zoom dt-pswp-item\" title=\"118342267_10221213350980668_7870665078326656876_o\" data-dt-img-description=\"\" data-large_image_width=\"960\" data-large_image_height=\"455\"href='https:\/\/www.radiopiu.net\/wordpress\/wp-content\/uploads\/2020\/08\/118342267_10221213350980668_7870665078326656876_o.jpg'><img loading=\"lazy\" decoding=\"async\" width=\"150\" height=\"150\" src=\"https:\/\/www.radiopiu.net\/wordpress\/wp-content\/uploads\/2020\/08\/118342267_10221213350980668_7870665078326656876_o-150x150.jpg\" class=\"attachment-thumbnail size-thumbnail\" alt=\"\" \/><\/a>\n\t\t\t\t<\/dt><\/dl><dl class='gallery-item'>\n\t\t\t\t<dt class='gallery-icon landscape'>\n\t\t\t\t\t<a class=\"rollover rollover-zoom dt-pswp-item\" title=\"117988356_10221213345500531_5460917073052978087_n\" data-dt-img-description=\"\" data-large_image_width=\"960\" data-large_image_height=\"639\"href='https:\/\/www.radiopiu.net\/wordpress\/wp-content\/uploads\/2020\/08\/117988356_10221213345500531_5460917073052978087_n.jpg'><img loading=\"lazy\" decoding=\"async\" width=\"150\" height=\"150\" src=\"https:\/\/www.radiopiu.net\/wordpress\/wp-content\/uploads\/2020\/08\/117988356_10221213345500531_5460917073052978087_n-150x150.jpg\" class=\"attachment-thumbnail size-thumbnail\" alt=\"\" \/><\/a>\n\t\t\t\t<\/dt><\/dl><dl class='gallery-item'>\n\t\t\t\t<dt class='gallery-icon landscape'>\n\t\t\t\t\t<a class=\"rollover rollover-zoom dt-pswp-item\" title=\"117988356_10221213351860690_44391378997851019_o\" data-dt-img-description=\"\" data-large_image_width=\"960\" data-large_image_height=\"454\"href='https:\/\/www.radiopiu.net\/wordpress\/wp-content\/uploads\/2020\/08\/117988356_10221213351860690_44391378997851019_o.jpg'><img loading=\"lazy\" decoding=\"async\" width=\"150\" height=\"150\" src=\"https:\/\/www.radiopiu.net\/wordpress\/wp-content\/uploads\/2020\/08\/117988356_10221213351860690_44391378997851019_o-150x150.jpg\" class=\"attachment-thumbnail size-thumbnail\" alt=\"\" \/><\/a>\n\t\t\t\t<\/dt><\/dl><br style=\"clear: both\" \/>\n\t\t\t<\/div>\n\n<p>&nbsp;<\/p>\n<p>&nbsp;<\/p>\n<p>&nbsp;<\/p>\n<p>&nbsp;<\/p>\n<hr \/>\n<blockquote>\n<h3><\/h3>\n<h3>SERVIZIO CIVILE: BANDO PER 192 GIOVANI<\/h3>\n<\/blockquote>\n<p><strong>VENEZIA<\/strong> La Regione Veneto offre a 192 giovani la possibilit\u00e0 di vivere un anno (o meno) di servizio civile, prestando la propria opera in associazioni, fondazioni, enti ed istituzioni che si occupano di assistenza, animazione sociale, educazione, protezione civile, integrazione, cultura, valorizzazione del patrimonio artistico, storico, culturale o ambientale. Il bando \u00e8 rivolto ai giovani tra i 18 e i 28 anni, residenti o domiciliati in Veneto, anche extracomunitari purch\u00e8 regolari: gli interessati potranno scegliere, in base alle proprie aspettative, esperienze e competenze, uno dei 32 progetti presentati da 17 enti. I giovani interessati dovranno presentare domanda (il modulo \u00e8 scaricabile dal sito https:\/\/www.regione.veneto.it\/web\/sociale\/servizio-civile\/bandi-e-avvisi) entro il 30 settembre direttamente ad uno dei 17 enti selezionati dalla Regione: Amesci (l\u2019associazione di promozione del servizio civile in Italia), Arci, Amici dei Popoli, Piccola Fraternit\u00e0 di Porto Legnago, Caritas di Verona, Comitato d\u2019Intesa delle associazioni di volontariato della provincia di Belluno, Universit\u00e0 di Padova, Comune di Bassano, Consorzio Sol.Co di Verona, Cooperativa Zattera Blu, Cooperativa sociale Emanuel, Fondazione San Gaetano, Fondazione La Grande Casa, Telefono Azzurro, Unione Montana Feltrina, Veneto Insieme, Volontariato in rete di Vicenza.<\/p>\n<p>&nbsp;<\/p>\n<p>&nbsp;<\/p>\n<hr \/>\n<p>&nbsp;<\/p>\n<blockquote>\n<h3 class=\"documentFirstHeading\"><span id=\"parent-fieldname-title\" class=\"\">BALNEAZIONE MARE E LAGHI VENETI. OK ANCHE DALLA QUINTA CAMPAGNA DI CONTROLLI<\/span><\/h3>\n<\/blockquote>\n<p><strong class=\"photoswipe-wrapper\"><img loading=\"lazy\" decoding=\"async\" class=\"size-medium wp-image-156427 alignleft jetpack-lazy-image jetpack-lazy-image--handled\" src=\"https:\/\/i1.wp.com\/www.radiopiu.net\/wordpress\/wp-content\/uploads\/2020\/08\/analisi-ARPAV-1.jpg?resize=300%2C191&amp;ssl=1\" sizes=\"auto, (max-width: 300px) 100vw, 300px\" srcset=\"https:\/\/i0.wp.com\/www.radiopiu.net\/wordpress\/wp-content\/uploads\/2020\/08\/analisi-ARPAV-1-scaled.jpg?resize=300%2C191&amp;ssl=1 300w, https:\/\/i0.wp.com\/www.radiopiu.net\/wordpress\/wp-content\/uploads\/2020\/08\/analisi-ARPAV-1-scaled.jpg?resize=1024%2C653&amp;ssl=1 1024w, https:\/\/i0.wp.com\/www.radiopiu.net\/wordpress\/wp-content\/uploads\/2020\/08\/analisi-ARPAV-1-scaled.jpg?resize=768%2C490&amp;ssl=1 768w, https:\/\/i0.wp.com\/www.radiopiu.net\/wordpress\/wp-content\/uploads\/2020\/08\/analisi-ARPAV-1-scaled.jpg?resize=1536%2C980&amp;ssl=1 1536w, https:\/\/i0.wp.com\/www.radiopiu.net\/wordpress\/wp-content\/uploads\/2020\/08\/analisi-ARPAV-1-scaled.jpg?resize=2048%2C1307&amp;ssl=1 2048w, https:\/\/i0.wp.com\/www.radiopiu.net\/wordpress\/wp-content\/uploads\/2020\/08\/analisi-ARPAV-1-scaled.jpg?w=2400&amp;ssl=1 2400w\" alt=\"\" width=\"300\" height=\"191\" data-recalc-dims=\"1\" data-lazy-loaded=\"1\" \/>PADOVA\u00a0<\/strong> Tra il 17 e il 19 agosto \u00e8 stata eseguita la quinta campagna stagionale di monitoraggio ARPAV sulle acque di balneazione del Veneto. I risultati delle analisi confermano la piena conformit\u00e0 ai requisiti di qualit\u00e0 previsti per la balneabilit\u00e0 per tutte le acque di balneazione ricadenti nel territorio regionale. Per il 2020 la rete regionale di monitoraggio della qualit\u00e0 delle acque di balneazione in Veneto consta di 174 acque di balneazione distribuite su 8 corpi idrici (95 sul mare Adriatico, 65 sul lago di Garda, 4 sul lago di Santa Croce, 1 sul lago del Mis, 4 sul lago di Centro Cadore, 2 sul lago di Lago, 2 sul lago di Santa Maria e 1 sullo specchio nautico di Albarella) per un totale di circa 149 Km di costa controllata adibita alla balneazione (tra mare e laghi). I risultati delle analisi sono consultabili sul sito di Arpav:\u00a0 <a class=\"external-link\" title=\"il collegamento apre una nuova finestra\" href=\"http:\/\/www.arpa.veneto.it\/temi-ambientali\/acqua\/datiacqua\/balneazione_rete.php\">http:\/\/www.arpa.veneto.it\/temi-ambientali\/acqua\/datiacqua\/balneazione_rete.php<\/a>\u00a0 Inoltre i dati sono inseriti nel \u201cPortale acque di balneazione\u201d del Ministero della Salute e su una specifica APP balneazione ARPAV. La prossima e ultima campagna di controllo della stagione balneare 2020 sar\u00e0 eseguita tra il 7 e il 9 settembre.<\/p>\n<p>&nbsp;<\/p>\n<p>&nbsp;<\/p>\n<hr \/>\n<p>&nbsp;<\/p>\n<div class=\"page-title-head hgroup\">\n<blockquote>\n<h3 class=\"entry-title\">VAIA 2018: 150MILA EURO A DISPOSIZIONE DEI PRIVATI<\/h3>\n<\/blockquote>\n<\/div>\n<p><img loading=\"lazy\" decoding=\"async\" class=\"wp-image-69396 alignleft jetpack-lazy-image jetpack-lazy-image--handled\" src=\"https:\/\/i2.wp.com\/www.radiopiu.net\/wordpress\/wp-content\/uploads\/2018\/12\/rocca.jpg?resize=167%2C125&amp;ssl=1\" sizes=\"auto, (max-width: 167px) 100vw, 167px\" srcset=\"https:\/\/i2.wp.com\/www.radiopiu.net\/wordpress\/wp-content\/uploads\/2018\/12\/rocca.jpg?resize=300%2C225&amp;ssl=1 300w, https:\/\/i2.wp.com\/www.radiopiu.net\/wordpress\/wp-content\/uploads\/2018\/12\/rocca.jpg?resize=768%2C576&amp;ssl=1 768w, https:\/\/i2.wp.com\/www.radiopiu.net\/wordpress\/wp-content\/uploads\/2018\/12\/rocca.jpg?w=1024&amp;ssl=1 1024w\" alt=\"\" width=\"167\" height=\"125\" data-recalc-dims=\"1\" data-lazy-loaded=\"1\" \/><strong>ROCCA PIETORE<\/strong>\u00a0 Il Comune di Rocca Pietore ha comunicato la cifra a disposizione per ristorare i privati che hanno subito danni tra il 27 ottobre e il 5 novembre 2018. Si tratta di una somma complessiva di 150mila euro provenienti da donazioni di privati o associazioni. I beneficiari sono i proprietari di immobili residenti ell\u2019intero territorio comunale. Il termine della presentazione delle domande \u00e8 stato fissato al 15 ottobre. Le domande vanno presentate all\u2019ufficio protocollo del Comune, oppure per posta con raccomandata o tramite posta certificata.\u00a0 Tutta la documentazione per il bando \u00e8 disponibili sulla home Page del Comune di Rocca Pietore e nella Sezione Amministrazione Trasparente\/ Bandi di gara e contratti\/del sito del Comune di Rocca Pietore https:\/\/www.comune.roccapietore.bl.it\/<\/p>\n<p>&nbsp;<\/p>\n<p>&nbsp;<\/p>\n<hr \/>\n<p>&nbsp;<\/p>\n<blockquote>\n<h3>LA 61. EDIZIONE DELLA MIG DI LONGARONE SLITTA AL 2021<\/h3>\n<\/blockquote>\n<p><strong>LONGARONE<\/strong> Lo svolgimento della 61. edizione della MIG-Mostra Internazionale del Gelato Artigianale di Longarone, in programma dal 29 novembre al 2 dicembre 2020, viene rinviato al 2021 in quanto, a causa dell\u2019inevitabile impatto dell\u2019emergenza sanitaria Covid-19 anche sulla filiera del gelato artigianale, non appare possibile garantire una manifestazione all\u2019altezza delle aspettative degli operatori e del pubblico. Longarone Fiere ha comunque deciso di garantire agli addetti del settore un\u2019occasione di incontro proponendo il Forum Gelateria \u2013 Longarone 2020 nei giorni 1 e 2 dicembre.\u00a0Longarone Fiere anticipa che tra le iniziative previste ci sar\u00e0 anche lo svolgimento dello storico concorso \u201cCoppa d\u2019Oro\u201d giunto alla 51. Edizione.<\/p>\n<blockquote>\n<h2><\/h2>\n<\/blockquote>\n<hr \/>\n<blockquote>\n<h2><\/h2>\n<h2>QUATRO CIACOLE SU AGORDO 24^ PUNTATA IL PALIO DEI 100<\/h2>\n<\/blockquote>\n<p>Oggi la voce di Carlotta ci porta alla scoperta della storia del Palio dei 100. La sua dettagliata descrizione sar\u00e0 accompagnata da foto storiche e recenti, vi <span class=\"text_exposed_show\">riconoscete in qualcuna di queste foto? Lo sapete perch\u00e9 questo Palio si chiama &#8220;dei 100&#8221;? Scopriamolo ascoltando la spiegazione di Carlotta!<\/span><\/p>\n<p>https:\/\/www.facebook.com\/AdAgordoProloco\/videos\/2661344764083462\/<\/p>\n<p>&nbsp;<\/p>\n<p>&nbsp;<\/p>\n<p>&nbsp;<\/p>\n<hr \/>\n<blockquote>\n<h2>\u201cUOMINI E CRODE DELLA VAL BIOIS\u201d di RENATO BONA<\/h2>\n<\/blockquote>\n<div class=\"\"><span class=\"_5yl5\"><strong><a class=\"dt-pswp-item\" href=\"https:\/\/www.radiopiu.net\/wordpress\/wp-content\/uploads\/2020\/08\/118358904_680461279346350_3765181175609323192_n.jpg\" data-dt-img-description=\"\" data-large_image_width=\"1433\" data-large_image_height=\"2048\"><img loading=\"lazy\" decoding=\"async\" class=\"size-medium wp-image-156478 alignleft\" src=\"https:\/\/www.radiopiu.net\/wordpress\/wp-content\/uploads\/2020\/08\/118358904_680461279346350_3765181175609323192_n-210x300.jpg\" alt=\"\" width=\"210\" height=\"300\" srcset=\"https:\/\/www.radiopiu.net\/wordpress\/wp-content\/uploads\/2020\/08\/118358904_680461279346350_3765181175609323192_n-210x300.jpg 210w, https:\/\/www.radiopiu.net\/wordpress\/wp-content\/uploads\/2020\/08\/118358904_680461279346350_3765181175609323192_n-717x1024.jpg 717w, https:\/\/www.radiopiu.net\/wordpress\/wp-content\/uploads\/2020\/08\/118358904_680461279346350_3765181175609323192_n-768x1098.jpg 768w, https:\/\/www.radiopiu.net\/wordpress\/wp-content\/uploads\/2020\/08\/118358904_680461279346350_3765181175609323192_n-1075x1536.jpg 1075w, https:\/\/www.radiopiu.net\/wordpress\/wp-content\/uploads\/2020\/08\/118358904_680461279346350_3765181175609323192_n.jpg 1433w\" sizes=\"auto, (max-width: 210px) 100vw, 210px\" \/><\/a>BELLUNO<\/strong> Claudio A. Luchetta ed Orazio Andrich sono gli autori di una pregevole pubblicazione (Cleup Padova) che risale al marzo del 1974, in cui si raccontano vent\u2019anni di alpinismo del Grvb che sta per Gruppo rocciatori Val Biois, sodalizio che \u201ccongloba gli alpinisti di Falcade, Canale d\u2019Agordo e Vallada\u201d. Il libro, \u201cUomini e crode della Val del Biois\u201d, \u00e8 illustrato da disegni di Vittorio Fenti mentre la cura fotografica \u00e8 merito di Egidio Lorenzi. In apertura, gli autori spiegano che \u201cParleremo di una valle, delle sue montagne, dei suoi uomini e del loro amore per le altezze. Imprese di grande risalto si mescolano con ascensioni molto pi\u00f9 modeste, e a particolari tecnici fanno riscontro considerazioni su concezioni e ideologie di Alpinismo; in vicende alpinistiche affiora la storia di un popolo\u2026\u201d. Ed ora i capitoli in cui si articola \u201cUomini e crode della Val Biois\u201d: in L\u2019alpinista e la montagna si sottolinea come \u201cTenacia, spirito di sacrificio, saldezza morale sono qualit\u00e0 che, volenti o nolenti, la gente di montagna si \u00e8 dovuta formare e cementare attraverso intere generazioni, per accettare una vita tanto dura quanto grama. Qualit\u00e0 che sono rimaste quando migliorate leggermente le condizioni sociali, agli inizi del secolo attuale, si present\u00f2 ai giovani delle valli agordine questa nuova entusiasmante attrattiva\u2026\u201d. In \u201cL\u2019alpinista e la Valle del Biois\u201d si evidenzia fra l\u2019altro che \u201cLa funzione sociale che l\u2019alpinismo assume nella Valle del Biois \u00e8 rilevante, e sempre pi\u00f9 rilevante diventer\u00e0 nel futuro; esso d\u00e0 un tocco di originalit\u00e0 e di creativit\u00e0 alla personalit\u00e0 valligiana che si dovr\u00e0 forgiare nel futuro, Una originalit\u00e0 e una ricchezza di valori umani che passa inalterata dai vecchi dell\u2019antica civilt\u00e0 agricola ai giovani di una dinamica economia a base turistica\u2026\u201d, A proposito di \u201cLe origini\u201d Luchetta-Andrich ricordano che \u201cAttorno alla coriacea figura di Cesare Tom\u00e9, vero iniziatore di una nuova epoca alpinistica nella zona, e promotore di molte attivit\u00e0 in seno alla sezione agordina del Cai, insieme alle guide Pellegrino Pellegrini, Tommaso dal Col, Santo De Toni, i fratelli Conedera, Serafino Parissenti ed altri, fieri pilastri di una nuova difficile e spesso ingrata professione, vediamo emergere Agostino Murer, Domenico Andrich, Costante Ganz, Pietro Lorenzi, Domenico Minetti, Giuseppe Pasquali, tutti quanti della Valle del Biois. Noti, in particolare. i cacciatori dell\u2019impervia Val di Gares, paradiso di camosci che qui vivono liberi e poco disturbati. Sede degli incontri tra i cacciatori-guide e i turisti desiderosi di emozionanti gite in montagna era l\u2019albergo al Gallo di Canale. Tra tutti spicca la figura di Agostino Murer detto Beda, da Falcade. Fu una delle maggiori guide di ogni tempo e per le sue imprese pu\u00f2 competere anche con rocciatori contemporanei, essendo alcune sue vie ancora classificate sull\u2019ordine del V grado\u2026 Ebbe nel figlio Bepi la continuazione della sua gloriosa attivit\u00e0\u201d. \u201cGli Accademici degli anni ruggenti\u201d. Il capitolo si apre col ricordo che \u201cIl 16 dicembre 1972 \u00e8 morto a Belluno Giovani Andrich, l\u2019ultimo dei grandi accademici della Valle del Biois e portainsegna dell\u2019alpinismo dolomitico\u201d. Seguono i ritratti che sono stati fatti per tre alpinisti: Attilio Tissi (Piero Rossi, 1960: \u201c\u2026 Come quelle valli selvagge seppe farsi apprezzare amare dagli uomini migliori; della sua terra eredit\u00f2 la tenacia e la volont\u00e0 silenziosa ma inflessibile. E dai montanari della sua stirpe, l\u2019ingegnosa operosit\u00e0\u2026\u201d); Giovanni Andrich (Piero Rossi, 1971: \u201c\u2026 Un uomo che ad uno sviscerato amore per la montagna, un vero male di famiglia, unisce una dirittura, un carattere, una franchezza spregiudicata nel linguaggio, un senso della lealt\u00e0 senza pari\u201d; Alvise Andrich (\u201c\u2026 prevale, con il racconto delle sue imprese, un senso di sbigottita meraviglia per la sua audacia fisica in grandiose imprese concepite e realizzate in giovanissima et\u00e0, nobile figlio delle montagne agordine, gloria dell\u2019alpinismo bellunese e italiano\u201d). Seguono: \u201cPrimi passi del Grvb\u201d (con l\u2019elencazione a partire dal 1949 delle imprese degli arrampicatori: Silvio Cagnati, Luciano Luciani, Renato Piccolin, don Igino Serafini , Toni Serafini noto come \u201cToni Croda\u201d, Livio De Bernardin, Giorgio Soppelsa, Celeste Lorenzi, Silvio Adami, Giorgio Ronchi, Roberto Micheluzzi, Tarcisio De Bernardin, Elisa Ronchi sorella di Giorgio, Carlo De Bernardo); \u201cAttivit\u00e0 alpinistica dal 1956 al 1973; \u201cCena di lavoro\u201d; \u201cSoccorso in montagna\u201d e: \u201cConclusione\u201d in cui si afferma che \u201cConvincere i giovani ad amare di pi\u00f9 le loro montagne non significa solo parlare di particolari aspetti quali l\u2019Alpinismo, pi\u00f9 o meno sentiti a seconda della personale inclinazione umana, ma soprattutto dare loro motivo di giudizio e possibilit\u00e0 di collaborare attivamente per la vita sociale\u2026\u201d<\/span><\/div>\n<div>\n\n\t\t\t<style type='text\/css'>\n\t\t\t\t#gallery-6 {\n\t\t\t\t\tmargin: auto;\n\t\t\t\t}\n\t\t\t\t#gallery-6 .gallery-item {\n\t\t\t\t\tfloat: left;\n\t\t\t\t\tmargin-top: 10px;\n\t\t\t\t\ttext-align: center;\n\t\t\t\t\twidth: 14%;\n\t\t\t\t}\n\t\t\t\t#gallery-6 img {\n\t\t\t\t\tborder: 2px solid #cfcfcf;\n\t\t\t\t}\n\t\t\t\t#gallery-6 .gallery-caption {\n\t\t\t\t\tmargin-left: 0;\n\t\t\t\t}\n\t\t\t\t\/* see gallery_shortcode() in wp-includes\/media.php *\/\n\t\t\t<\/style>\n\t\t<div id='gallery-6' class='dt-gallery-container gallery galleryid-156403 gallery-columns-7 gallery-size-thumbnail'><dl class='gallery-item'>\n\t\t\t\t<dt class='gallery-icon portrait'>\n\t\t\t\t\t<a class=\"rollover rollover-zoom dt-pswp-item\" title=\"118358904_680461279346350_3765181175609323192_n\" data-dt-img-description=\"\" data-large_image_width=\"1433\" data-large_image_height=\"2048\"href='https:\/\/www.radiopiu.net\/wordpress\/wp-content\/uploads\/2020\/08\/118358904_680461279346350_3765181175609323192_n.jpg'><img loading=\"lazy\" decoding=\"async\" width=\"150\" height=\"150\" src=\"https:\/\/www.radiopiu.net\/wordpress\/wp-content\/uploads\/2020\/08\/118358904_680461279346350_3765181175609323192_n-150x150.jpg\" class=\"attachment-thumbnail size-thumbnail\" alt=\"\" \/><\/a>\n\t\t\t\t<\/dt><\/dl><dl class='gallery-item'>\n\t\t\t\t<dt class='gallery-icon landscape'>\n\t\t\t\t\t<a class=\"rollover rollover-zoom dt-pswp-item\" title=\"117593980_2729916890608124_2864514029930217506_n\" data-dt-img-description=\"\" data-large_image_width=\"2048\" data-large_image_height=\"1006\"href='https:\/\/www.radiopiu.net\/wordpress\/wp-content\/uploads\/2020\/08\/117593980_2729916890608124_2864514029930217506_n.jpg'><img loading=\"lazy\" decoding=\"async\" width=\"150\" height=\"150\" src=\"https:\/\/www.radiopiu.net\/wordpress\/wp-content\/uploads\/2020\/08\/117593980_2729916890608124_2864514029930217506_n-150x150.jpg\" class=\"attachment-thumbnail size-thumbnail\" alt=\"\" \/><\/a>\n\t\t\t\t<\/dt><\/dl><dl class='gallery-item'>\n\t\t\t\t<dt class='gallery-icon portrait'>\n\t\t\t\t\t<a class=\"rollover rollover-zoom dt-pswp-item\" title=\"118346788_644038352896080_3243224215823058090_n\" data-dt-img-description=\"\" data-large_image_width=\"1354\" data-large_image_height=\"2048\"href='https:\/\/www.radiopiu.net\/wordpress\/wp-content\/uploads\/2020\/08\/118346788_644038352896080_3243224215823058090_n.jpg'><img loading=\"lazy\" decoding=\"async\" width=\"150\" height=\"150\" src=\"https:\/\/www.radiopiu.net\/wordpress\/wp-content\/uploads\/2020\/08\/118346788_644038352896080_3243224215823058090_n-150x150.jpg\" class=\"attachment-thumbnail size-thumbnail\" alt=\"\" \/><\/a>\n\t\t\t\t<\/dt><\/dl><dl class='gallery-item'>\n\t\t\t\t<dt class='gallery-icon portrait'>\n\t\t\t\t\t<a class=\"rollover rollover-zoom dt-pswp-item\" title=\"118272975_298483987914659_8575124283250477232_n\" data-dt-img-description=\"\" data-large_image_width=\"1635\" data-large_image_height=\"2048\"href='https:\/\/www.radiopiu.net\/wordpress\/wp-content\/uploads\/2020\/08\/118272975_298483987914659_8575124283250477232_n.jpg'><img loading=\"lazy\" decoding=\"async\" width=\"150\" height=\"150\" src=\"https:\/\/www.radiopiu.net\/wordpress\/wp-content\/uploads\/2020\/08\/118272975_298483987914659_8575124283250477232_n-150x150.jpg\" class=\"attachment-thumbnail size-thumbnail\" alt=\"\" \/><\/a>\n\t\t\t\t<\/dt><\/dl><dl class='gallery-item'>\n\t\t\t\t<dt class='gallery-icon portrait'>\n\t\t\t\t\t<a class=\"rollover rollover-zoom dt-pswp-item\" title=\"118066447_715347155735474_4051648708792850853_n\" data-dt-img-description=\"\" data-large_image_width=\"1703\" data-large_image_height=\"2048\"href='https:\/\/www.radiopiu.net\/wordpress\/wp-content\/uploads\/2020\/08\/118066447_715347155735474_4051648708792850853_n.jpg'><img loading=\"lazy\" decoding=\"async\" width=\"150\" height=\"150\" src=\"https:\/\/www.radiopiu.net\/wordpress\/wp-content\/uploads\/2020\/08\/118066447_715347155735474_4051648708792850853_n-150x150.jpg\" class=\"attachment-thumbnail size-thumbnail\" alt=\"\" \/><\/a>\n\t\t\t\t<\/dt><\/dl><dl class='gallery-item'>\n\t\t\t\t<dt class='gallery-icon portrait'>\n\t\t\t\t\t<a class=\"rollover rollover-zoom dt-pswp-item\" title=\"118234692_3268904929856475_5607559051440387363_n\" data-dt-img-description=\"\" data-large_image_width=\"1366\" data-large_image_height=\"2048\"href='https:\/\/www.radiopiu.net\/wordpress\/wp-content\/uploads\/2020\/08\/118234692_3268904929856475_5607559051440387363_n.jpg'><img loading=\"lazy\" decoding=\"async\" width=\"150\" height=\"150\" src=\"https:\/\/www.radiopiu.net\/wordpress\/wp-content\/uploads\/2020\/08\/118234692_3268904929856475_5607559051440387363_n-150x150.jpg\" class=\"attachment-thumbnail size-thumbnail\" alt=\"\" \/><\/a>\n\t\t\t\t<\/dt><\/dl><dl class='gallery-item'>\n\t\t\t\t<dt class='gallery-icon portrait'>\n\t\t\t\t\t<a class=\"rollover rollover-zoom dt-pswp-item\" title=\"118227662_347080343119187_2834767806725481930_n\" data-dt-img-description=\"\" data-large_image_width=\"1330\" data-large_image_height=\"2048\"href='https:\/\/www.radiopiu.net\/wordpress\/wp-content\/uploads\/2020\/08\/118227662_347080343119187_2834767806725481930_n.jpg'><img loading=\"lazy\" decoding=\"async\" width=\"150\" height=\"150\" src=\"https:\/\/www.radiopiu.net\/wordpress\/wp-content\/uploads\/2020\/08\/118227662_347080343119187_2834767806725481930_n-150x150.jpg\" class=\"attachment-thumbnail size-thumbnail\" alt=\"\" \/><\/a>\n\t\t\t\t<\/dt><\/dl><br style=\"clear: both\" \/><dl class='gallery-item'>\n\t\t\t\t<dt class='gallery-icon portrait'>\n\t\t\t\t\t<a class=\"rollover rollover-zoom dt-pswp-item\" title=\"118390700_970537850076099_392920224141384628_n\" data-dt-img-description=\"\" data-large_image_width=\"1468\" data-large_image_height=\"2048\"href='https:\/\/www.radiopiu.net\/wordpress\/wp-content\/uploads\/2020\/08\/118390700_970537850076099_392920224141384628_n.jpg'><img loading=\"lazy\" decoding=\"async\" width=\"150\" height=\"150\" src=\"https:\/\/www.radiopiu.net\/wordpress\/wp-content\/uploads\/2020\/08\/118390700_970537850076099_392920224141384628_n-150x150.jpg\" class=\"attachment-thumbnail size-thumbnail\" alt=\"\" \/><\/a>\n\t\t\t\t<\/dt><\/dl><dl class='gallery-item'>\n\t\t\t\t<dt class='gallery-icon portrait'>\n\t\t\t\t\t<a class=\"rollover rollover-zoom dt-pswp-item\" title=\"118230185_340461473803109_8167859016178329495_n\" data-dt-img-description=\"\" data-large_image_width=\"1293\" data-large_image_height=\"2048\"href='https:\/\/www.radiopiu.net\/wordpress\/wp-content\/uploads\/2020\/08\/118230185_340461473803109_8167859016178329495_n.jpg'><img loading=\"lazy\" decoding=\"async\" width=\"150\" height=\"150\" src=\"https:\/\/www.radiopiu.net\/wordpress\/wp-content\/uploads\/2020\/08\/118230185_340461473803109_8167859016178329495_n-150x150.jpg\" class=\"attachment-thumbnail size-thumbnail\" alt=\"\" \/><\/a>\n\t\t\t\t<\/dt><\/dl><dl class='gallery-item'>\n\t\t\t\t<dt class='gallery-icon landscape'>\n\t\t\t\t\t<a class=\"rollover rollover-zoom dt-pswp-item\" title=\"118255821_315056533141574_1664104554506054321_n\" data-dt-img-description=\"\" data-large_image_width=\"2048\" data-large_image_height=\"1536\"href='https:\/\/www.radiopiu.net\/wordpress\/wp-content\/uploads\/2020\/08\/118255821_315056533141574_1664104554506054321_n.jpg'><img loading=\"lazy\" decoding=\"async\" width=\"150\" height=\"150\" src=\"https:\/\/www.radiopiu.net\/wordpress\/wp-content\/uploads\/2020\/08\/118255821_315056533141574_1664104554506054321_n-150x150.jpg\" class=\"attachment-thumbnail size-thumbnail\" alt=\"\" \/><\/a>\n\t\t\t\t<\/dt><\/dl><dl class='gallery-item'>\n\t\t\t\t<dt class='gallery-icon landscape'>\n\t\t\t\t\t<a class=\"rollover rollover-zoom dt-pswp-item\" title=\"118016102_330599988309099_997354640637052918_n\" data-dt-img-description=\"\" data-large_image_width=\"2048\" data-large_image_height=\"1563\"href='https:\/\/www.radiopiu.net\/wordpress\/wp-content\/uploads\/2020\/08\/118016102_330599988309099_997354640637052918_n.jpg'><img loading=\"lazy\" decoding=\"async\" width=\"150\" height=\"150\" src=\"https:\/\/www.radiopiu.net\/wordpress\/wp-content\/uploads\/2020\/08\/118016102_330599988309099_997354640637052918_n-150x150.jpg\" class=\"attachment-thumbnail size-thumbnail\" alt=\"\" \/><\/a>\n\t\t\t\t<\/dt><\/dl><dl class='gallery-item'>\n\t\t\t\t<dt class='gallery-icon portrait'>\n\t\t\t\t\t<a class=\"rollover rollover-zoom dt-pswp-item\" title=\"118282136_2644261499161877_6810056859077476024_n\" data-dt-img-description=\"\" data-large_image_width=\"1438\" data-large_image_height=\"2048\"href='https:\/\/www.radiopiu.net\/wordpress\/wp-content\/uploads\/2020\/08\/118282136_2644261499161877_6810056859077476024_n.jpg'><img loading=\"lazy\" decoding=\"async\" width=\"150\" height=\"150\" src=\"https:\/\/www.radiopiu.net\/wordpress\/wp-content\/uploads\/2020\/08\/118282136_2644261499161877_6810056859077476024_n-150x150.jpg\" class=\"attachment-thumbnail size-thumbnail\" alt=\"\" \/><\/a>\n\t\t\t\t<\/dt><\/dl><dl class='gallery-item'>\n\t\t\t\t<dt class='gallery-icon portrait'>\n\t\t\t\t\t<a class=\"rollover rollover-zoom dt-pswp-item\" title=\"118227438_313105686564638_6894011845195327785_n\" data-dt-img-description=\"\" data-large_image_width=\"1379\" data-large_image_height=\"2048\"href='https:\/\/www.radiopiu.net\/wordpress\/wp-content\/uploads\/2020\/08\/118227438_313105686564638_6894011845195327785_n.jpg'><img loading=\"lazy\" decoding=\"async\" width=\"150\" height=\"150\" src=\"https:\/\/www.radiopiu.net\/wordpress\/wp-content\/uploads\/2020\/08\/118227438_313105686564638_6894011845195327785_n-150x150.jpg\" class=\"attachment-thumbnail size-thumbnail\" alt=\"\" \/><\/a>\n\t\t\t\t<\/dt><\/dl><dl class='gallery-item'>\n\t\t\t\t<dt class='gallery-icon portrait'>\n\t\t\t\t\t<a class=\"rollover rollover-zoom dt-pswp-item\" title=\"118153126_2636934056545424_2716913807782342410_n\" data-dt-img-description=\"\" data-large_image_width=\"1536\" data-large_image_height=\"2048\"href='https:\/\/www.radiopiu.net\/wordpress\/wp-content\/uploads\/2020\/08\/118153126_2636934056545424_2716913807782342410_n.jpg'><img loading=\"lazy\" decoding=\"async\" width=\"150\" height=\"150\" src=\"https:\/\/www.radiopiu.net\/wordpress\/wp-content\/uploads\/2020\/08\/118153126_2636934056545424_2716913807782342410_n-150x150.jpg\" class=\"attachment-thumbnail size-thumbnail\" alt=\"\" \/><\/a>\n\t\t\t\t<\/dt><\/dl><br style=\"clear: both\" \/>\n\t\t\t<\/div>\n\n<\/div>\n<div class=\"\"><span class=\"_5yl5\"><strong> NELLE FOTO<\/strong> (riproduzioni dal libro di Luchetta-Andrich): copertina di \u201cUomini e crode della Val del Biois; disegno di Vittorio Fenti; arrampicare\u2026; Agostino Murer \u201cBeda\u201d; il cippo che a San Simon di Vallada ricorda Attilio Tissi; Ottorino Tancon; Alvise Andrich e Tancon sul Campanile di Brabante; don Igino Serafini; Toni Serafini eLivio De Bernardin scendono in doppia la Torre di Valgrande; rocciatori del Val Biois a convivio nel 1960; invernale sul Focobon con Luciano Luciani, Celeste Lorenzi, Giorgio Soppelsa, Livio De Bernardin; Punta Civetta con Berto Micheluzzi, Arcangelo Serafini, Cesare Levis e amici; Edoardo Serafini nella prima ripetizione sul Torrione Bassano; Pan di Zucchero del Civetta con la via Videsott-Rudatis.<\/span><\/div>\n<p>&nbsp;<\/p>\n<p>&nbsp;<\/p>\n<p>&nbsp;<\/p>\n<hr \/>\n<h3><\/h3>\n<h3>L&#8217;ASSEMBLEA DEL CIRCOLO CULTURALE AGORDINO<\/h3>\n<p><strong>AGORDO<\/strong>\u00a0Oggi alle 11 nella sala riunioni della Biblioteca di via 27 aprile assemblea ordinaria dei soci del circolo Culturale Agordino. Ordine del giorno: relazione attivit\u00e0 svolte della presidente Maria Teresa Cirronis, programma 2020, rendiconto e consuntivo 2019, bilancio preventivo 2020.<\/p>\n<p>&nbsp;<\/p>\n<hr \/>\n<p>&nbsp;<\/p>\n<h3><span style=\"color: #ff0000;\">LO SPEZIA IN SERIE A<\/span><\/h3>\n<h3 class=\"is-subtitle\"><em>Bianconeri per la prima volta in A in 114 anni di storia grazie al miglior piazzamento in campionato<\/em><\/h3>\n<p>L&#8217;eco del successo de Lo Spezia arriva fino a Villanova di Taibon Agordino. Meglio ancora nei giorni delle meritate ferie sotto l&#8217;Agner. Ecco come \u00e8 stato interpretato nella storica casa fronte la piazzetta della ristrutturata fontana<\/p>\n<p><a class=\"dt-pswp-item\" href=\"https:\/\/www.radiopiu.net\/wordpress\/wp-content\/uploads\/2020\/08\/1799dc04-199b-495c-959f-9cd6a26587ac-1.jpg\" data-dt-img-description=\"\" data-large_image_width=\"1200\" data-large_image_height=\"1599\"><img loading=\"lazy\" decoding=\"async\" class=\"alignnone size-medium wp-image-156441\" src=\"https:\/\/www.radiopiu.net\/wordpress\/wp-content\/uploads\/2020\/08\/1799dc04-199b-495c-959f-9cd6a26587ac-1-225x300.jpg\" alt=\"\" width=\"225\" height=\"300\" srcset=\"https:\/\/www.radiopiu.net\/wordpress\/wp-content\/uploads\/2020\/08\/1799dc04-199b-495c-959f-9cd6a26587ac-1-225x300.jpg 225w, https:\/\/www.radiopiu.net\/wordpress\/wp-content\/uploads\/2020\/08\/1799dc04-199b-495c-959f-9cd6a26587ac-1-768x1023.jpg 768w, https:\/\/www.radiopiu.net\/wordpress\/wp-content\/uploads\/2020\/08\/1799dc04-199b-495c-959f-9cd6a26587ac-1-1153x1536.jpg 1153w, https:\/\/www.radiopiu.net\/wordpress\/wp-content\/uploads\/2020\/08\/1799dc04-199b-495c-959f-9cd6a26587ac-1.jpg 1200w\" sizes=\"auto, (max-width: 225px) 100vw, 225px\" \/><\/a><a class=\"dt-pswp-item\" href=\"https:\/\/www.radiopiu.net\/wordpress\/wp-content\/uploads\/2020\/08\/c242ac34-8461-4248-bdb4-c9cdffd92511-1.jpg\" data-dt-img-description=\"\" data-large_image_width=\"1200\" data-large_image_height=\"1599\"><img loading=\"lazy\" decoding=\"async\" class=\"alignnone size-medium wp-image-156440\" src=\"https:\/\/www.radiopiu.net\/wordpress\/wp-content\/uploads\/2020\/08\/c242ac34-8461-4248-bdb4-c9cdffd92511-1-225x300.jpg\" alt=\"\" width=\"225\" height=\"300\" srcset=\"https:\/\/www.radiopiu.net\/wordpress\/wp-content\/uploads\/2020\/08\/c242ac34-8461-4248-bdb4-c9cdffd92511-1-225x300.jpg 225w, https:\/\/www.radiopiu.net\/wordpress\/wp-content\/uploads\/2020\/08\/c242ac34-8461-4248-bdb4-c9cdffd92511-1-768x1023.jpg 768w, https:\/\/www.radiopiu.net\/wordpress\/wp-content\/uploads\/2020\/08\/c242ac34-8461-4248-bdb4-c9cdffd92511-1-1153x1536.jpg 1153w, https:\/\/www.radiopiu.net\/wordpress\/wp-content\/uploads\/2020\/08\/c242ac34-8461-4248-bdb4-c9cdffd92511-1.jpg 1200w\" sizes=\"auto, (max-width: 225px) 100vw, 225px\" \/><\/a><\/p>\n<p>&nbsp;<\/p>\n<p>&nbsp;<\/p>\n<p>&nbsp;<\/p>\n<hr \/>\n<p>&nbsp;<\/p>\n<p>&nbsp;<\/p>\n<p><a class=\"dt-pswp-item\" href=\"https:\/\/www.radiopiu.net\/wordpress\/wp-content\/uploads\/2018\/09\/appuntamenti.jpeg\" data-dt-img-description=\"\" data-large_image_width=\"800\" data-large_image_height=\"100\"><img loading=\"lazy\" decoding=\"async\" class=\"aligncenter wp-image-61958 size-full\" src=\"https:\/\/www.radiopiu.net\/wordpress\/wp-content\/uploads\/2018\/09\/appuntamenti.jpeg\" alt=\"\" width=\"800\" height=\"100\" srcset=\"https:\/\/www.radiopiu.net\/wordpress\/wp-content\/uploads\/2018\/09\/appuntamenti.jpeg 800w, https:\/\/www.radiopiu.net\/wordpress\/wp-content\/uploads\/2018\/09\/appuntamenti-300x38.jpeg 300w, https:\/\/www.radiopiu.net\/wordpress\/wp-content\/uploads\/2018\/09\/appuntamenti-768x96.jpeg 768w\" sizes=\"auto, (max-width: 800px) 100vw, 800px\" \/><\/a><\/p>\n<p>&nbsp;<\/p>\n<blockquote>\n<h3>IL BALCONE PANORAMICO DOLOMITI UNESCO IN NEVEGAL<\/h3>\n<\/blockquote>\n<p><strong>BELLUNO<\/strong> Oggi alle 11 il Presidente della Provincia Roberto Padrin e il sindaco di Belluno Jacopo Massaro inaugurano il Balcone Panoramico Dolomiti Unesco sul Nevegal.<\/p>\n<p>&nbsp;<\/p>\n<hr \/>\n<blockquote>\n<h3><\/h3>\n<h3>SGAMBATE PER\u00a0 CANI, OGGI S\u2019INAUGURA<\/h3>\n<\/blockquote>\n<p><strong>CANALE D\u2019AGORDO<\/strong> Un\u2019area sicura in cui i proprietari potranno lasciare cani di grossa e di piccola taglia liberi di muoversi senza collare e museruola nel rispetto della legge e dei diritti dei cittadini.L\u2019iniziativa porta la firma dell\u2019educatrice cinofila Barbara Pra e dell\u2019associazione \u201cTana\u2026 liberi tutti\u201d. Oggi, dalle 10, si terr\u00e0 l\u2019inaugurazione della struttura.Per accedere all\u2019area e lasciar correre spensieratamente il cane serve l\u2019iscrizione all\u2019associazione ma sar\u00e0 possibile anche usufruire di una entrata giornaliera<\/p>\n<p>&nbsp;<\/p>\n<hr \/>\n<p>&nbsp;<\/p>\n<blockquote>\n<h3>ARTE, POESIA LETTERATURA E CULTURA AL FEMMINILE NELLE DOLOMITI<\/h3>\n<\/blockquote>\n<p><strong>CENCENIGHE<\/strong> Sabato prossimo alle 16 primo pomeriggio culturale al Nof Filo&#8217; e dal giorno prima esposizione delle opere letterarie ed artistiche delle partecipanti, la mostra rimarr\u00e0 aperta fino a domenica. Programma di sabato: saluto delle autorit\u00e0, premessa di Luisa Manfroi, interventi di Dante Colli, Loris Santomaso e Bepi Pellegrinon. Intermezzo musicale con la pianista Silvia Tessari, a seguire le scrittrici raccontano con Bruna Dal Lago Veneri, Paola Favero, Antonella Fornari, Paola Gabrielli, Adriana Lotto, Silvano Rovis e Ingrid Runggarldier.<\/p>\n<p>&nbsp;<\/p>\n<p>&nbsp;<\/p>\n<hr \/>\n<p>&nbsp;<\/p>\n<blockquote>\n<h3 dir=\"ltr\">SHINING TRA I BOSCHI DI MELERE<\/h3>\n<\/blockquote>\n<p dir=\"ltr\"><strong><a class=\"dt-pswp-item\" href=\"https:\/\/www.radiopiu.net\/wordpress\/wp-content\/uploads\/2020\/08\/Shining-22ago-scaled.jpg\" data-dt-img-description=\"\" data-large_image_width=\"1810\" data-large_image_height=\"2560\"><img loading=\"lazy\" decoding=\"async\" class=\"wp-image-156425 alignleft\" src=\"https:\/\/www.radiopiu.net\/wordpress\/wp-content\/uploads\/2020\/08\/Shining-22ago-212x300.jpg\" alt=\"\" width=\"160\" height=\"226\" srcset=\"https:\/\/www.radiopiu.net\/wordpress\/wp-content\/uploads\/2020\/08\/Shining-22ago-212x300.jpg 212w, https:\/\/www.radiopiu.net\/wordpress\/wp-content\/uploads\/2020\/08\/Shining-22ago-724x1024.jpg 724w, https:\/\/www.radiopiu.net\/wordpress\/wp-content\/uploads\/2020\/08\/Shining-22ago-768x1086.jpg 768w, https:\/\/www.radiopiu.net\/wordpress\/wp-content\/uploads\/2020\/08\/Shining-22ago-1086x1536.jpg 1086w, https:\/\/www.radiopiu.net\/wordpress\/wp-content\/uploads\/2020\/08\/Shining-22ago-1448x2048.jpg 1448w, https:\/\/www.radiopiu.net\/wordpress\/wp-content\/uploads\/2020\/08\/Shining-22ago-scaled.jpg 1810w\" sizes=\"auto, (max-width: 160px) 100vw, 160px\" \/><\/a>TRICHIANA\u00a0<\/strong>A 40 anni dalla prima uscita in sala del capolavoro horror e thriller di Kubrick, l\u2019Associazione Castle of Fantasy organizza la proiezione all\u2019aperto di Shining, pellicola tratta dall\u2019omonimo romanzo di Stephen King.\u00a0Il protagonista, in una celebre interpretazione di Jack Nicholson, \u00e8 uno scrittore in crisi che accetta di fare da guardiano durante la stagione invernale in un hotel sulle Montagne Rocciose, sperando di ritrovare l\u2019ispirazione. Il posto \u00e8 fantastico e tutto sembra perfetto, ma l&#8217;inverno all&#8217;Overlook Hotel non sar\u00e0 cos\u00ec piacevole quando il figlio Danny inizier\u00e0 ad avere delle visioni sui terribili eventi accaduti nella struttura.\u00a0<span id=\"gmail-docs-internal-guid-13a5dfa9-7fff-562e-0c20-37efcac2719a\">Appuntamento stasera alle 21.00 per la proiezione di Shining nella suggestiva cornice dei boschi di Melere. Ingresso gratuito previa prenotazione online su <a href=\"http:\/\/www.castleoffantasy.it\/\" target=\"_blank\" rel=\"noopener noreferrer\">www.castleoffantasy.it<\/a>. Durante la proiezione, grazie alla collaborazione con la Pro Loco Trichiana che gestisce l\u2019area, sar\u00e0 aperto il chiosco con bibite, panini e pop corn.\u00a0<\/span><\/p>\n<hr \/>\n<p>&nbsp;<\/p>\n<p>&nbsp;<\/p>\n<p>&nbsp;<\/p>\n<blockquote>\n<h3><a class=\"dt-pswp-item\" href=\"https:\/\/www.radiopiu.net\/wordpress\/wp-content\/uploads\/2020\/08\/117883841_2693645427514542_2115247652689136373_n.jpg\" data-dt-img-description=\"\" data-large_image_width=\"682\" data-large_image_height=\"960\"><img loading=\"lazy\" decoding=\"async\" class=\"size-medium wp-image-156013 alignleft\" src=\"https:\/\/www.radiopiu.net\/wordpress\/wp-content\/uploads\/2020\/08\/117883841_2693645427514542_2115247652689136373_n-213x300.jpg\" alt=\"\" width=\"213\" height=\"300\" srcset=\"https:\/\/www.radiopiu.net\/wordpress\/wp-content\/uploads\/2020\/08\/117883841_2693645427514542_2115247652689136373_n-213x300.jpg 213w, https:\/\/www.radiopiu.net\/wordpress\/wp-content\/uploads\/2020\/08\/117883841_2693645427514542_2115247652689136373_n.jpg 682w\" sizes=\"auto, (max-width: 213px) 100vw, 213px\" \/><\/a>DOMANI A FORCELLA AURINE CON UNA GRANDE FISARMONICISTA!!! BRAVA E SIMPATICA!!!<\/h3>\n<h3>Domani \u00e8 il momento del FOLK e dei canti popolari.Un po di tempo da trascorrere tranquilli accompagnati dalla musica e racconti di FRANCESCA GALLO e dai LADIN DEL POI che per l\u2019occasione si esibiranno in nuovi balli \u201cadattati\u2019\u201d al particolare momento che stiamo vivendo .L\u2019evento sI terr\u00e1 come sempre all\u2019aperto e sar\u00e0 annullato in caso di maltempo .<\/h3>\n<\/blockquote>\n<div class=\"page\" title=\"Page 1\">\n<div class=\"section\">\n<div class=\"layoutArea\">\n<div class=\"column\">\n<p>&nbsp;<\/p>\n<div class=\"page\" title=\"Page 1\">\n<div class=\"section\">\n<div class=\"layoutArea\">\n<div class=\"column\">\n<p>&nbsp;<\/p>\n<p>&nbsp;<\/p>\n<p>&nbsp;<\/p>\n<p>&nbsp;<\/p>\n<\/div>\n<\/div>\n<p>&nbsp;<\/p>\n<div class=\"layoutArea\">\n<div class=\"column\">\n<hr \/>\n<p>&nbsp;<\/p>\n<\/div>\n<\/div>\n<\/div>\n<\/div>\n<\/div>\n<\/div>\n<\/div>\n<\/div>\n<blockquote>\n<h3>DOMANI A CANALE D&#8217;AGORDO LA TAVOLA ROTONDA , ANNULLATI I BALLI<\/h3>\n<\/blockquote>\n<p><strong>CANALE D&#8217;AGORDO <\/strong>Domani \u00a0a Canale D&#8217;Agordo. \u201cMusei delle dolomiti: un&#8217;opportunit\u00e0 per cultura e spiritualit\u00e0\u201d tavola rotonda con Alberto Ferrari, Stefano Perale, Corona Perer e Giovanna Rech. Presso la Sala agli Emigranti in via Lotta a Canale d&#8217;Agordo alle 17:30.<\/p>\n<div>In ottemperanza alle recenti nuove disposizioni in materia di sicurezza Covid-19 l&#8217;evento\u00a0 <i>&#8220;Balli in piazza&#8221; <\/i>con il gruppo di ballo amatoriale BalliAmo previsto per domani<i> \u00e8 annullato<\/i><\/div>\n<div><\/div>\n<div><\/div>\n<div>\n<hr \/>\n<\/div>\n<blockquote>\n<h3><\/h3>\n<h3>ALLA RISCOPERTA DI DON TONINO BELLO<\/h3>\n<\/blockquote>\n<p><strong>CANALE D&#8217;AGORDO<\/strong> Lunedi alle 20.30 nella chiesa parrocchiale di Caviola per iniziativa del Museo Albino Luciani di Canale d&#8217;Agordo (con prenotazione obbligatoria allo 0437 1948001, mail info@fondazionepapaluciani.com) incontro con Gianni Novello di Pax Christi International che parler\u00e0 della figura di Tonino Bello (1935-1993).<\/p>\n<p>&nbsp;<\/p>\n<p>&nbsp;<\/p>\n<p>&nbsp;<\/p>\n<hr \/>\n<div>\n<blockquote>\n<h3>&#8220;Letture d&#8217;estate&#8221;, organizzata in collaborazione con le Biblioteche della Valle del Biois:<\/h3>\n<\/blockquote>\n<div><b><i>Gioved\u00ec 27 agosto, alle ore 17.30 presso la Sala agli Emigranti di via Lotta a Canale d&#8217;Agordo <\/i><\/b>Erminio Mazzucco con &#8220;Il volto artistico del potere&#8221;. Presenter\u00e0 la serata e dialogher\u00e0 con l&#8217;autore Loris Serafini.<\/div>\n<div><b><i>Venerd\u00ec 4 settembre, alle ore 20.45 presso la Sala agli Emigranti di via Lotta a Canale d&#8217;Agordo <\/i><\/b>Diego Baroni con &#8220;Ester delle montagne&#8221;. Presenter\u00e0 la serata e dialogher\u00e0 con l&#8217;autore Marilisa Luchetta.<\/div>\n<div><b><i>Sabato 12 settembre, alle ore 20.45 presso la Sala agli Emigranti di via Lotta a Canale d&#8217;Agordo <\/i><\/b>Nicola Scodro con &#8220;Naufragi di un&#8217;illusione&#8221;. Letture dell&#8217;autore ed intervento di Althea Ronzani<\/div>\n<blockquote>\n<div><em>Per la partecipazione agli eventi si raccomanda la<u> prenotazione allo 0437 1948030 <\/u>(e-mail: info@prolococanale.it) oppure direttamente alla reception dell&#8217;ufficio informazioni presso il Museo Albino Luciani di Canale d&#8217;Agordo.<\/em><\/div>\n<\/blockquote>\n<\/div>\n<p>&nbsp;<\/p>\n<p>&nbsp;<\/p>\n<p>&nbsp;<\/p>\n<p>&nbsp;<\/p>\n<hr \/>\n<p>&nbsp;<\/p>\n<blockquote>\n<h3>OTTAVIO ROSSI PROPHETA IN PATRIA<\/h3>\n<\/blockquote>\n<p><strong>SAN TOMASO<\/strong> \u201cEn giro per Zelat\u201d:\u00a0 riproduzioni artistiche tra le architetture di montagna. Le tappe con partenza ed arrivo a Celat. Organizzazione della Pro Loco di San Tomaso con il contributo della Cassa Rurale Dolomiti di Fassa Primiero e Belluno.<\/p>\n<p>&nbsp;<\/p>\n<hr \/>\n<p>&nbsp;<\/p>\n<p>&nbsp;<\/p>\n<blockquote>\n<h3>DUE GIORNI CON IL CAI SEZIONE AGORDINA<\/h3>\n<\/blockquote>\n<p><strong>AGORDO<\/strong> Sabato 29 e domenica 30 agosto escursione nel gruppo del Canin sulla ferrata Julia che segna il confine tra Italia (Provincia di Udine) e Slovenia; gi\u00e0 visibile dalla pianura friulana fu anch&#8217;esso protagonista degli scontri tra gli eserciti italiani e austriaci durante la Grande Guerra.\u00a0 Si tratta di un grandissimo altipiano calcareo interessato dal fenomeno del carsismo che culmina con una lunga cresta che separa i due stati. Ambiente sicuramente straordinario con scorci inusuali, difficile da dimenticare,\u00a0 L&#8217;escursione prevede la salita alla vetta in territorio italiano lungo la storica &#8220;Ferrata Julia&#8221; ed il rientro per il versante sloveno.\u00a0 Escursione creata EEA \/ PD .\u00a0 Obbligatorio set da ferrata completo e omologato.<\/p>\n<p>&nbsp;<\/p>\n<p>&nbsp;<\/p>\n<hr \/>\n<p>&nbsp;<\/p>\n<blockquote>\n<h3>IL CIRCO PATUF PRONTO A CONQUISTARE FELTRE<\/h3>\n<\/blockquote>\n<p><strong>AGORDO<\/strong> Un successo il circo Patuf sul Broi di Agordo, tanti pomeriggi e serata da tutto esaurito. Ora la carovana si sposta a Feltre dove proporr\u00e0 gli spettacoli nei giorni di ferragosto e fino a domani,\u00a0 \u00a0quindi trasferimento a Cesiomaggiore. Gli spettacoli alle 21.15, la domenica anche alle 18.30<\/p>\n<p>&nbsp;<\/p>\n<hr \/>\n<blockquote>\n<h3><\/h3>\n<\/blockquote>\n<blockquote>\n<h3>EL CANAL DE AGORDO<\/h3>\n<\/blockquote>\n<p><strong>AGORDO<\/strong> Scavare nel passato, storia ed archeologia da San Gottardo a Pont del Cristo. La mostra \u00e8 allestita al Museo mineralogico e paleontologico di via 5 maggio con ingresso libero. Fino al 6 settembre il venerdi, sabato e domenica dalle 10 alle 12.30 e dalle 16 alle 19. Info: archeoagordo.arca@gmail.com<\/p>\n<p>&nbsp;<\/p>\n<hr \/>\n<p>&nbsp;<\/p>\n<p>&nbsp;<\/p>\n<h2 class=\"photoswipe-wrapper\"><a class=\"dt-pswp-item\" href=\"https:\/\/www.radiopiu.net\/wordpress\/wp-content\/uploads\/2020\/08\/69547583_1517421531733026_5567070784406421504_o.jpg\" data-dt-img-description=\"\" data-large_image_width=\"1651\" data-large_image_height=\"1101\"><img loading=\"lazy\" decoding=\"async\" class=\"size-medium wp-image-156043 alignleft\" src=\"https:\/\/www.radiopiu.net\/wordpress\/wp-content\/uploads\/2020\/08\/69547583_1517421531733026_5567070784406421504_o-300x200.jpg\" alt=\"\" width=\"300\" height=\"200\" srcset=\"https:\/\/www.radiopiu.net\/wordpress\/wp-content\/uploads\/2020\/08\/69547583_1517421531733026_5567070784406421504_o-300x200.jpg 300w, https:\/\/www.radiopiu.net\/wordpress\/wp-content\/uploads\/2020\/08\/69547583_1517421531733026_5567070784406421504_o-1024x683.jpg 1024w, https:\/\/www.radiopiu.net\/wordpress\/wp-content\/uploads\/2020\/08\/69547583_1517421531733026_5567070784406421504_o-768x512.jpg 768w, https:\/\/www.radiopiu.net\/wordpress\/wp-content\/uploads\/2020\/08\/69547583_1517421531733026_5567070784406421504_o-1536x1024.jpg 1536w, https:\/\/www.radiopiu.net\/wordpress\/wp-content\/uploads\/2020\/08\/69547583_1517421531733026_5567070784406421504_o.jpg 1651w\" sizes=\"auto, (max-width: 300px) 100vw, 300px\" \/><\/a><span style=\"color: #ff6600;\"><strong>IL COMITATO PALIO DI AGORDO E L&#8217;ANNULLAMENTO DELLA 38\u00b0 EDIZIONE<\/strong><\/span><\/h2>\n<p class=\"photoswipe-wrapper\"><strong>di Claudio Fontanive<\/strong><\/p>\n<h3><span style=\"color: #ff6600;\">In collaborazione con Dersut Giornale&amp;Caff\u00e8 a Taibon Agordino<\/span><\/h3>\n<audio class=\"wp-audio-shortcode\" id=\"audio-156403-3\" preload=\"none\" style=\"width: 100%;\" controls=\"controls\"><source type=\"audio\/mpeg\" src=\"https:\/\/www.radiopiu.net\/wordpress\/wp-content\/uploads\/2020\/08\/palio-19-agosto.mp3?_=3\" \/><a href=\"https:\/\/www.radiopiu.net\/wordpress\/wp-content\/uploads\/2020\/08\/palio-19-agosto.mp3\">https:\/\/www.radiopiu.net\/wordpress\/wp-content\/uploads\/2020\/08\/palio-19-agosto.mp3<\/a><\/audio>\n<p>&nbsp;<\/p>\n<p>&nbsp;<\/p>\n<hr \/>\n<blockquote>\n<h2 class=\"tw-data-text tw-text-large XcVN5d tw-ta\" dir=\"ltr\" data-placeholder=\"Traduzione\"><span lang=\"en\">appointments recommended by radio pi\u00f9<\/span><\/h2>\n<\/blockquote>\n\n\t\t\t<style type='text\/css'>\n\t\t\t\t#gallery-7 {\n\t\t\t\t\tmargin: auto;\n\t\t\t\t}\n\t\t\t\t#gallery-7 .gallery-item {\n\t\t\t\t\tfloat: left;\n\t\t\t\t\tmargin-top: 10px;\n\t\t\t\t\ttext-align: center;\n\t\t\t\t\twidth: 25%;\n\t\t\t\t}\n\t\t\t\t#gallery-7 img {\n\t\t\t\t\tborder: 2px solid #cfcfcf;\n\t\t\t\t}\n\t\t\t\t#gallery-7 .gallery-caption {\n\t\t\t\t\tmargin-left: 0;\n\t\t\t\t}\n\t\t\t\t\/* see gallery_shortcode() in wp-includes\/media.php *\/\n\t\t\t<\/style>\n\t\t<div id='gallery-7' class='dt-gallery-container gallery galleryid-156403 gallery-columns-4 gallery-size-thumbnail'><dl class='gallery-item'>\n\t\t\t\t<dt class='gallery-icon portrait'>\n\t\t\t\t\t<a class=\"rollover rollover-zoom dt-pswp-item\" title=\"117883841_2693645427514542_2115247652689136373_n\" data-dt-img-description=\"\" data-large_image_width=\"682\" data-large_image_height=\"960\"href='https:\/\/www.radiopiu.net\/wordpress\/wp-content\/uploads\/2020\/08\/117883841_2693645427514542_2115247652689136373_n.jpg'><img loading=\"lazy\" decoding=\"async\" width=\"150\" height=\"150\" src=\"https:\/\/www.radiopiu.net\/wordpress\/wp-content\/uploads\/2020\/08\/117883841_2693645427514542_2115247652689136373_n-150x150.jpg\" class=\"attachment-thumbnail size-thumbnail\" alt=\"\" \/><\/a>\n\t\t\t\t<\/dt><\/dl><dl class='gallery-item'>\n\t\t\t\t<dt class='gallery-icon portrait'>\n\t\t\t\t\t<a class=\"rollover rollover-zoom dt-pswp-item\" title=\"evento 24.08\" data-dt-img-description=\"\" data-large_image_width=\"1240\" data-large_image_height=\"1747\"href='https:\/\/www.radiopiu.net\/wordpress\/wp-content\/uploads\/2020\/08\/evento-24.08.jpg'><img loading=\"lazy\" decoding=\"async\" width=\"150\" height=\"150\" src=\"https:\/\/www.radiopiu.net\/wordpress\/wp-content\/uploads\/2020\/08\/evento-24.08-150x150.jpg\" class=\"attachment-thumbnail size-thumbnail\" alt=\"\" \/><\/a>\n\t\t\t\t<\/dt><\/dl><dl class='gallery-item'>\n\t\t\t\t<dt class='gallery-icon portrait'>\n\t\t\t\t\t<a class=\"rollover rollover-zoom dt-pswp-item\" title=\"2748ffeb-1a97-4edd-87da-2b5db1eb6670\" data-dt-img-description=\"\" data-large_image_width=\"1131\" data-large_image_height=\"1600\"href='https:\/\/www.radiopiu.net\/wordpress\/wp-content\/uploads\/2020\/08\/2748ffeb-1a97-4edd-87da-2b5db1eb6670-1.jpg'><img loading=\"lazy\" decoding=\"async\" width=\"150\" height=\"150\" src=\"https:\/\/www.radiopiu.net\/wordpress\/wp-content\/uploads\/2020\/08\/2748ffeb-1a97-4edd-87da-2b5db1eb6670-1-150x150.jpg\" class=\"attachment-thumbnail size-thumbnail\" alt=\"\" \/><\/a>\n\t\t\t\t<\/dt><\/dl><dl class='gallery-item'>\n\t\t\t\t<dt class='gallery-icon portrait'>\n\t\t\t\t\t<a class=\"rollover rollover-zoom dt-pswp-item\" title=\"yogaandraz\" data-dt-img-description=\"\" data-large_image_width=\"905\" data-large_image_height=\"1280\"href='https:\/\/www.radiopiu.net\/wordpress\/wp-content\/uploads\/2020\/07\/yogaandraz.jpg'><img loading=\"lazy\" decoding=\"async\" width=\"150\" height=\"150\" src=\"https:\/\/www.radiopiu.net\/wordpress\/wp-content\/uploads\/2020\/07\/yogaandraz-150x150.jpg\" class=\"attachment-thumbnail size-thumbnail\" alt=\"\" \/><\/a>\n\t\t\t\t<\/dt><\/dl><br style=\"clear: both\" \/><dl class='gallery-item'>\n\t\t\t\t<dt class='gallery-icon portrait'>\n\t\t\t\t\t<a class=\"rollover rollover-zoom dt-pswp-item\" title=\"fb0f2285-210f-4bba-8573-b8ff07a91fa8\" data-dt-img-description=\"\" data-large_image_width=\"726\" data-large_image_height=\"1024\"href='https:\/\/www.radiopiu.net\/wordpress\/wp-content\/uploads\/2020\/07\/fb0f2285-210f-4bba-8573-b8ff07a91fa8.jpg'><img loading=\"lazy\" decoding=\"async\" width=\"150\" height=\"150\" src=\"https:\/\/www.radiopiu.net\/wordpress\/wp-content\/uploads\/2020\/07\/fb0f2285-210f-4bba-8573-b8ff07a91fa8-150x150.jpg\" class=\"attachment-thumbnail size-thumbnail\" alt=\"\" \/><\/a>\n\t\t\t\t<\/dt><\/dl><dl class='gallery-item'>\n\t\t\t\t<dt class='gallery-icon portrait'>\n\t\t\t\t\t<a class=\"rollover rollover-zoom dt-pswp-item\" title=\"446199a0-ccb6-4daa-88f9-ee34f5a4944a\" data-dt-img-description=\"\" data-large_image_width=\"1080\" data-large_image_height=\"1350\"href='https:\/\/www.radiopiu.net\/wordpress\/wp-content\/uploads\/2020\/07\/446199a0-ccb6-4daa-88f9-ee34f5a4944a.jpg'><img loading=\"lazy\" decoding=\"async\" width=\"150\" height=\"150\" src=\"https:\/\/www.radiopiu.net\/wordpress\/wp-content\/uploads\/2020\/07\/446199a0-ccb6-4daa-88f9-ee34f5a4944a-150x150.jpg\" class=\"attachment-thumbnail size-thumbnail\" alt=\"\" \/><\/a>\n\t\t\t\t<\/dt><\/dl><dl class='gallery-item'>\n\t\t\t\t<dt class='gallery-icon portrait'>\n\t\t\t\t\t<a class=\"rollover rollover-zoom dt-pswp-item\" title=\"lettura BASSA\" data-dt-img-description=\"\" data-large_image_width=\"1240\" data-large_image_height=\"1754\"href='https:\/\/www.radiopiu.net\/wordpress\/wp-content\/uploads\/2020\/08\/lettura-BASSA.jpg'><img loading=\"lazy\" decoding=\"async\" width=\"150\" height=\"150\" src=\"https:\/\/www.radiopiu.net\/wordpress\/wp-content\/uploads\/2020\/08\/lettura-BASSA-150x150.jpg\" class=\"attachment-thumbnail size-thumbnail\" alt=\"\" \/><\/a>\n\t\t\t\t<\/dt><\/dl><dl class='gallery-item'>\n\t\t\t\t<dt class='gallery-icon portrait'>\n\t\t\t\t\t<a class=\"rollover rollover-zoom dt-pswp-item\" title=\"LOCANDINA_MOSTRA andraz\" data-dt-img-description=\"\" data-large_image_width=\"1753\" data-large_image_height=\"2480\"href='https:\/\/www.radiopiu.net\/wordpress\/wp-content\/uploads\/2020\/08\/LOCANDINA_MOSTRA-andraz.jpg'><img loading=\"lazy\" decoding=\"async\" width=\"150\" height=\"150\" src=\"https:\/\/www.radiopiu.net\/wordpress\/wp-content\/uploads\/2020\/08\/LOCANDINA_MOSTRA-andraz-150x150.jpg\" class=\"attachment-thumbnail size-thumbnail\" alt=\"\" \/><\/a>\n\t\t\t\t<\/dt><\/dl><br style=\"clear: both\" \/><dl class='gallery-item'>\n\t\t\t\t<dt class='gallery-icon portrait'>\n\t\t\t\t\t<a class=\"rollover rollover-zoom dt-pswp-item\" title=\"4e4fdd52-fede-4957-a5dc-061367a3dbac\" data-dt-img-description=\"\" data-large_image_width=\"1151\" data-large_image_height=\"1600\"href='https:\/\/www.radiopiu.net\/wordpress\/wp-content\/uploads\/2020\/08\/4e4fdd52-fede-4957-a5dc-061367a3dbac.jpg'><img loading=\"lazy\" decoding=\"async\" width=\"150\" height=\"150\" src=\"https:\/\/www.radiopiu.net\/wordpress\/wp-content\/uploads\/2020\/08\/4e4fdd52-fede-4957-a5dc-061367a3dbac-150x150.jpg\" class=\"attachment-thumbnail size-thumbnail\" alt=\"\" \/><\/a>\n\t\t\t\t<\/dt><\/dl><dl class='gallery-item'>\n\t\t\t\t<dt class='gallery-icon portrait'>\n\t\t\t\t\t<a class=\"rollover rollover-zoom dt-pswp-item\" title=\"890a4078-1eac-4e06-bfd3-59033f51722d\" data-dt-img-description=\"\" data-large_image_width=\"640\" data-large_image_height=\"1600\"href='https:\/\/www.radiopiu.net\/wordpress\/wp-content\/uploads\/2020\/08\/890a4078-1eac-4e06-bfd3-59033f51722d.jpg'><img loading=\"lazy\" decoding=\"async\" width=\"150\" height=\"150\" src=\"https:\/\/www.radiopiu.net\/wordpress\/wp-content\/uploads\/2020\/08\/890a4078-1eac-4e06-bfd3-59033f51722d-150x150.jpg\" class=\"attachment-thumbnail size-thumbnail\" alt=\"\" \/><\/a>\n\t\t\t\t<\/dt><\/dl>\n\t\t\t\t<br style='clear: both' \/>\n\t\t\t<\/div>\n\n<p>&nbsp;<\/p>\n<hr \/>\n<p>&nbsp;<\/p>\n<h2>IERI ALLA RADIO<\/h2>\n<h2 class=\"photoswipe-wrapper\"><strong class=\"photoswipe-wrapper\"><a class=\"dt-pswp-item\" href=\"https:\/\/www.radiopiu.net\/wordpress\/wp-content\/uploads\/2020\/08\/GIOCANDO-SI-IMPARA.jpg\" data-dt-img-description=\"\" data-large_image_width=\"678\" data-large_image_height=\"960\"><img loading=\"lazy\" decoding=\"async\" class=\"size-medium wp-image-155866 alignleft\" src=\"https:\/\/www.radiopiu.net\/wordpress\/wp-content\/uploads\/2020\/08\/GIOCANDO-SI-IMPARA-212x300.jpg\" alt=\"\" width=\"212\" height=\"300\" srcset=\"https:\/\/www.radiopiu.net\/wordpress\/wp-content\/uploads\/2020\/08\/GIOCANDO-SI-IMPARA-212x300.jpg 212w, https:\/\/www.radiopiu.net\/wordpress\/wp-content\/uploads\/2020\/08\/GIOCANDO-SI-IMPARA.jpg 678w\" sizes=\"auto, (max-width: 212px) 100vw, 212px\" \/><\/a><\/strong><span style=\"color: #ff6600;\">IL DOTTOR FRANCESCO CORAZZA, PSICOLOGO DEI GIOVANI<\/span><\/h2>\n<p class=\"photoswipe-wrapper\"><strong class=\"photoswipe-wrapper\">di Claudio Fontanive<\/strong><\/p>\n<h3><span style=\"color: #ff6600;\">In collaborazione con Dersut Giornale&amp;Caff\u00e8 a Taibon Agordino<\/span><\/h3>\n<audio class=\"wp-audio-shortcode\" id=\"audio-156403-4\" preload=\"none\" style=\"width: 100%;\" controls=\"controls\"><source type=\"audio\/mpeg\" src=\"https:\/\/www.radiopiu.net\/wordpress\/wp-content\/uploads\/2020\/08\/dott-francesco-corazza-21-agosto.mp3?_=4\" \/><a href=\"https:\/\/www.radiopiu.net\/wordpress\/wp-content\/uploads\/2020\/08\/dott-francesco-corazza-21-agosto.mp3\">https:\/\/www.radiopiu.net\/wordpress\/wp-content\/uploads\/2020\/08\/dott-francesco-corazza-21-agosto.mp3<\/a><\/audio>\n<p>&nbsp;<\/p>\n<hr \/>\n<p>&nbsp;<\/p>\n<h2><span style=\"color: #800000;\">IERI ALLA RADIO<\/span><\/h2>\n<blockquote>\n<h3><img loading=\"lazy\" decoding=\"async\" class=\"alignleft\" src=\"https:\/\/www.radiopiu.net\/wordpress\/wp-content\/uploads\/2020\/08\/plastic-surgery-4475077_960_720.jpg\" width=\"342\" height=\"228\" \/><\/h3>\n<h3><\/h3>\n<h3>A 120-80<\/h3>\n<h3>IL DOTTOR DOMENICO RIZZITELLI SPECIALISTA IN CHIRURGIA PLASTICA<\/h3>\n<\/blockquote>\n<p>di Claudio Fontanive<\/p>\n<p>&nbsp;<\/p>\n<audio class=\"wp-audio-shortcode\" id=\"audio-156403-5\" preload=\"none\" style=\"width: 100%;\" controls=\"controls\"><source type=\"audio\/mpeg\" src=\"https:\/\/www.radiopiu.net\/wordpress\/wp-content\/uploads\/2020\/08\/dott-rizzitelli-24-aosto.mp3?_=5\" \/><a href=\"https:\/\/www.radiopiu.net\/wordpress\/wp-content\/uploads\/2020\/08\/dott-rizzitelli-24-aosto.mp3\">https:\/\/www.radiopiu.net\/wordpress\/wp-content\/uploads\/2020\/08\/dott-rizzitelli-24-aosto.mp3<\/a><\/audio>\n<p>&nbsp;<\/p>\n<p>&nbsp;<\/p>\n<p>&nbsp;<\/p>\n<hr \/>\n<p>&nbsp;<\/p>\n<h2><span style=\"color: #ff0000;\">DUE MINUTI UN LIBRO<\/span><\/h2>\n<blockquote class=\"wp-embedded-content\" data-secret=\"Ocb60AZQ72\"><p><a href=\"https:\/\/www.radiopiu.net\/wordpress\/ah-lamore-lamore\/\">AH L&#8217;AMORE L&#8217;AMORE<\/a><\/p><\/blockquote>\n<p><iframe loading=\"lazy\" class=\"wp-embedded-content\" sandbox=\"allow-scripts\" security=\"restricted\" style=\"position: absolute; clip: rect(1px, 1px, 1px, 1px);\" title=\"&#8220;AH L&#8217;AMORE L&#8217;AMORE&#8221; &#8212; Radio Pi\u00f9\" src=\"https:\/\/www.radiopiu.net\/wordpress\/ah-lamore-lamore\/embed\/#?secret=Ocb60AZQ72\" data-secret=\"Ocb60AZQ72\" width=\"600\" height=\"338\" frameborder=\"0\" marginwidth=\"0\" marginheight=\"0\" scrolling=\"no\"><\/iframe><\/p>\n<p><strong>LE ALTRE PUNTATE<\/strong><\/p>\n<blockquote class=\"wp-embedded-content\" data-secret=\"9monJSR3q8\"><p><a href=\"https:\/\/www.radiopiu.net\/wordpress\/due-minuti-un-libro\/\">Due minuti un libro<\/a><\/p><\/blockquote>\n<p><iframe loading=\"lazy\" class=\"wp-embedded-content\" sandbox=\"allow-scripts\" security=\"restricted\" style=\"position: absolute; clip: rect(1px, 1px, 1px, 1px);\" title=\"&#8220;Due minuti un libro&#8221; &#8212; Radio Pi\u00f9\" src=\"https:\/\/www.radiopiu.net\/wordpress\/due-minuti-un-libro\/embed\/#?secret=9monJSR3q8\" data-secret=\"9monJSR3q8\" width=\"600\" height=\"338\" frameborder=\"0\" marginwidth=\"0\" marginheight=\"0\" scrolling=\"no\"><\/iframe><\/p>\n<hr \/>\n<p>&nbsp;<\/p>\n<div>\n<h2><span style=\"color: #800080;\">DON CESARE, IL PENSIERO DEL GIORNO. ALLA RADIO ALLE 7 DEL MATTINO E ALLE 19.30 DELLA SERA.<\/span><\/h2>\n<audio class=\"wp-audio-shortcode\" id=\"audio-156403-6\" preload=\"none\" style=\"width: 100%;\" controls=\"controls\"><source type=\"audio\/mpeg\" src=\"https:\/\/www.radiopiu.net\/wordpress\/wp-content\/uploads\/2020\/08\/CESARE-11.mp3?_=6\" \/><a href=\"https:\/\/www.radiopiu.net\/wordpress\/wp-content\/uploads\/2020\/08\/CESARE-11.mp3\">https:\/\/www.radiopiu.net\/wordpress\/wp-content\/uploads\/2020\/08\/CESARE-11.mp3<\/a><\/audio>\n<hr \/>\n<p>&nbsp;<\/p>\n<h2><span style=\"color: #008000;\">AGORDINOMERON&#8230;LA RACCOLTA<\/span><\/h2>\n<blockquote class=\"wp-embedded-content\" data-secret=\"lan9pzAHWY\"><p><a href=\"https:\/\/www.radiopiu.net\/wordpress\/agordinomeron\/\">AGORDINOMERON, IL TERRITORIO SI RACCONTA Da un&#8217;idea di Gianni Santomaso<\/a><\/p><\/blockquote>\n<p><iframe loading=\"lazy\" class=\"wp-embedded-content\" sandbox=\"allow-scripts\" security=\"restricted\" style=\"position: absolute; clip: rect(1px, 1px, 1px, 1px);\" title=\"&#8220;AGORDINOMERON, IL TERRITORIO SI RACCONTA Da un&#8217;idea di Gianni Santomaso&#8221; &#8212; Radio Pi\u00f9\" src=\"https:\/\/www.radiopiu.net\/wordpress\/agordinomeron\/embed\/#?secret=lan9pzAHWY\" data-secret=\"lan9pzAHWY\" width=\"600\" height=\"338\" frameborder=\"0\" marginwidth=\"0\" marginheight=\"0\" scrolling=\"no\"><\/iframe><\/p>\n<p>&nbsp;<\/p>\n<hr \/>\n<p>&nbsp;<\/p>\n<p>&nbsp;<\/p>\n<h2><span style=\"color: #ff00ff;\">ZAINO DA VIAGGIO AL FEMMINILE DI PAOLA LANCIATO\u00a0<\/span>L&#8217;INTERA RACCOLTA<\/h2>\n<blockquote class=\"wp-embedded-content\" data-secret=\"bPSvsHO0X7\"><p><a href=\"https:\/\/www.radiopiu.net\/wordpress\/zaino-femminile-lanciato\/\">Zaino da viaggio al femminile<\/a><\/p><\/blockquote>\n<p><iframe loading=\"lazy\" class=\"wp-embedded-content\" sandbox=\"allow-scripts\" security=\"restricted\" style=\"position: absolute; clip: rect(1px, 1px, 1px, 1px);\" title=\"&#8220;Zaino da viaggio al femminile&#8221; &#8212; Radio Pi\u00f9\" src=\"https:\/\/www.radiopiu.net\/wordpress\/zaino-femminile-lanciato\/embed\/#?secret=bPSvsHO0X7\" data-secret=\"bPSvsHO0X7\" width=\"600\" height=\"338\" frameborder=\"0\" marginwidth=\"0\" marginheight=\"0\" scrolling=\"no\"><\/iframe><\/p>\n<hr \/>\n<p>&nbsp;<\/p>\n<h2><span style=\"color: #3366ff;\">I RACCONTI DI PAOLO SOPPELSA LA RACCOLTA<\/span><\/h2>\n<blockquote class=\"wp-embedded-content\" data-secret=\"p5aW3UKyD0\"><p><a href=\"https:\/\/www.radiopiu.net\/wordpress\/i-racconti-di-paolo-soppelsa\/\">I racconti di Paolo Soppelsa<\/a><\/p><\/blockquote>\n<p><iframe loading=\"lazy\" class=\"wp-embedded-content\" sandbox=\"allow-scripts\" security=\"restricted\" style=\"position: absolute; clip: rect(1px, 1px, 1px, 1px);\" title=\"&#8220;I racconti di Paolo Soppelsa&#8221; &#8212; Radio Pi\u00f9\" src=\"https:\/\/www.radiopiu.net\/wordpress\/i-racconti-di-paolo-soppelsa\/embed\/#?secret=p5aW3UKyD0\" data-secret=\"p5aW3UKyD0\" width=\"600\" height=\"338\" frameborder=\"0\" marginwidth=\"0\" marginheight=\"0\" scrolling=\"no\"><\/iframe><\/p>\n<p>&nbsp;<\/p>\n<hr \/>\n<p>&nbsp;<\/p>\n<h2><span style=\"color: #99cc00;\">SUL SITO DI RADIO PIU&#8217; LA VIDEO GALLERY\u00a0<\/span><\/h2>\n<p>&nbsp;<\/p>\n<blockquote class=\"wp-embedded-content\" data-secret=\"Yny2NiC46A\"><p><a href=\"https:\/\/www.radiopiu.net\/wordpress\/ep-center-video-gallery\/\">EP CENTER video gallery<\/a><\/p><\/blockquote>\n<p><iframe loading=\"lazy\" class=\"wp-embedded-content\" sandbox=\"allow-scripts\" security=\"restricted\" style=\"position: absolute; clip: rect(1px, 1px, 1px, 1px);\" title=\"&#8220;EP CENTER video gallery&#8221; &#8212; Radio Pi\u00f9\" src=\"https:\/\/www.radiopiu.net\/wordpress\/ep-center-video-gallery\/embed\/#?secret=Yny2NiC46A\" data-secret=\"Yny2NiC46A\" width=\"600\" height=\"338\" frameborder=\"0\" marginwidth=\"0\" marginheight=\"0\" scrolling=\"no\"><\/iframe><\/p>\n<p>&nbsp;<\/p>\n<hr \/>\n<p>&nbsp;<\/p>\n<p><a class=\"dt-pswp-item\" href=\"https:\/\/www.radiopiu.net\/wordpress\/wp-content\/uploads\/2018\/09\/viabilita.jpeg\" data-dt-img-description=\"\" data-large_image_width=\"800\" data-large_image_height=\"100\"><img loading=\"lazy\" decoding=\"async\" class=\"aligncenter wp-image-61954 size-full\" src=\"https:\/\/www.radiopiu.net\/wordpress\/wp-content\/uploads\/2018\/09\/viabilita.jpeg\" alt=\"\" width=\"800\" height=\"100\" srcset=\"https:\/\/www.radiopiu.net\/wordpress\/wp-content\/uploads\/2018\/09\/viabilita.jpeg 800w, https:\/\/www.radiopiu.net\/wordpress\/wp-content\/uploads\/2018\/09\/viabilita-300x38.jpeg 300w, https:\/\/www.radiopiu.net\/wordpress\/wp-content\/uploads\/2018\/09\/viabilita-768x96.jpeg 768w\" sizes=\"auto, (max-width: 800px) 100vw, 800px\" \/><\/a><\/p>\n<p>&nbsp;<\/p>\n<p><span style=\"color: #000000;\"><span style=\"caret-color: #ff0000;\">CHIUSURA NOTTURNA DELLA GALLERIA DI COL CAVALIER A BELLUNO PER MANUTENZIONE AGLI IMPIANTI TECNOLOGICI. LA CHIUSURA AVVERRA&#8217; DALLE 22 ALLE 6 DAL 24 AL 27 AGOSTO. IL TRAFFICO VERRA&#8217; DEVIATO LUNGO PONTE DOLOMITI, VIA SARAJEVO, PONTE DELL&#8217;ANTA, GALLERIA BELLUNO, PONTE LAMBIOI, VIA MONTE GRAPPA, VIA VISOME E VECCHIO TRACCIATO DELLA S.P. 1<\/span><span style=\"caret-color: #ff0000;\">\u00a0<\/span><\/span><\/p>\n<p>SP 7 DI ZOPPE&#8217; DI CADORE, SENSO UNICO ALTERNATO REGOLATO DA MOVIERI CON BREVI INTERRUZIONI DI MASSIMO 10 MINUTI DAL 24 AGOSTO AL 18 SETTEMBRE, DALLE 7:30 ALLE 17:30 ESCLUSI SABATI, DOMENICHE E FESTIVI INFRASETTIMANALI, PER MESSA IN SICUREZZA DELLA SEDE STRADALE<\/p>\n<p>SP 40, COMUNE DI LAMON. DAL 24 AGOSTO A L&#8217;11 SETTEMBRE, ESCLUSI SABATO E DOMENICA, POSSIBILI INTERRUZIONI AL TRAFFICO DELLA DURATA MASSIMA DI 30 MINUTI DALLE 8 ALLE 12 E DALLE 13 ALLE 17 PER REALIZZAZIONE NUOVA TOMBINATURA. NEGLI ALTRI ORARI ISTITUZIONE DI SENSO UNICO ALTERNATO REGOLATO DA IMPIANTO SEMAFORICO O MOVIERI<\/p>\n<p>SP 19 LAMON.\u00a0 FINO A REVOCA CHIUSURA TOTALE NELL&#8217;ABITATO DI LAMON DAL KM 4.920 AL KM 4.940 PER EDIFICIO INSTABILE LIMITROFO ALLA CARREGGIATA.<\/p>\n<p>SP 2 DELLA VALLE DEL MIS, DAL 24 AL 29 AGOSTO, DALLE 19 ALLE 7, DALLA GALLERIA MOI ALLA GALLERIA COSTA SENSO UNICO ALTERNATO REGOLATO DA IMPIANTO SEMAFORICO PER INSTALLAZIONE IMPIANTI DI ILLUMINAZIONE NELLE GALLERIE<\/p>\n<p>SR 203 AGORDINA, GALLERIA DEI CASTEI, IN UNA NOTTE TRA IL 25 E IL 27 AGOSTO, DALLE 22 ALLE 6, ISTITUZIONE DI SENSO UNICO ALTERNATO REGOLATO DA IMPIANTO SEMAFORICO PER MANUTENZIONE IMPIANTI ELETTRICI<\/p>\n<p>SR 203 AGORDINA, GALLERIA DI LISTOLADE, IN UNA NOTTE TRA IL 25 E IL 27 AGOSTO, DALLE 22 ALLE 6, ISTITUZIONE DI SENSO UNICO ALTERNATO REGOLATO DA IMPIANTO SEMAFORICO PER MANUTENZIONE IMPIANTI ELETTRICI<\/p>\n<p>&nbsp;<\/p>\n<hr \/>\n<p>&nbsp;<\/p>\n<p class=\"photoswipe-wrapper\"><a class=\"dt-pswp-item pspw-wrap-ready\" href=\"https:\/\/i0.wp.com\/www.radiopiu.net\/wordpress\/wp-content\/uploads\/2018\/09\/WhatsApp-Image-2018-09-20-at-16.04.06.jpeg?ssl=1\" data-dt-img-description=\"\" data-large_image_width=\"800\" data-large_image_height=\"100\"><img loading=\"lazy\" decoding=\"async\" class=\"aligncenter wp-image-61378 size-full jetpack-lazy-image jetpack-lazy-image--handled\" src=\"https:\/\/i0.wp.com\/www.radiopiu.net\/wordpress\/wp-content\/uploads\/2018\/09\/WhatsApp-Image-2018-09-20-at-16.04.06.jpeg?resize=800%2C100&amp;ssl=1\" sizes=\"auto, (max-width: 800px) 100vw, 800px\" srcset=\"https:\/\/i0.wp.com\/www.radiopiu.net\/wordpress\/wp-content\/uploads\/2018\/09\/WhatsApp-Image-2018-09-20-at-16.04.06.jpeg?w=800&amp;ssl=1 800w, https:\/\/i0.wp.com\/www.radiopiu.net\/wordpress\/wp-content\/uploads\/2018\/09\/WhatsApp-Image-2018-09-20-at-16.04.06.jpeg?resize=300%2C38&amp;ssl=1 300w, https:\/\/i0.wp.com\/www.radiopiu.net\/wordpress\/wp-content\/uploads\/2018\/09\/WhatsApp-Image-2018-09-20-at-16.04.06.jpeg?resize=768%2C96&amp;ssl=1 768w\" alt=\"\" width=\"800\" height=\"100\" data-lazy-loaded=\"1\" \/><\/a><\/p>\n<p>&nbsp;<\/p>\n<\/div>\n<p>&nbsp;<\/p>\n<p>&nbsp;<\/p>\n<hr \/>\n<p>&nbsp;<\/p>\n<p><iframe loading=\"lazy\" title=\"Spot Buttalibene TV\" width=\"1200\" height=\"675\" src=\"https:\/\/www.youtube.com\/embed\/fjHWpfyAevE?feature=oembed\" frameborder=\"0\" allow=\"accelerometer; autoplay; clipboard-write; encrypted-media; gyroscope; picture-in-picture\" allowfullscreen><\/iframe><\/p>\n<hr \/>\n<p>&nbsp;<\/p>\n<p>&nbsp;<\/p>\n<p><a class=\"dt-pswp-item\" href=\"https:\/\/www.radiopiu.net\/wordpress\/wp-content\/uploads\/2018\/09\/sport.jpg\" data-dt-img-description=\"\" data-large_image_width=\"800\" data-large_image_height=\"100\"><img loading=\"lazy\" decoding=\"async\" class=\"aligncenter wp-image-60761 size-full\" src=\"https:\/\/www.radiopiu.net\/wordpress\/wp-content\/uploads\/2018\/09\/sport.jpg\" alt=\"\" width=\"800\" height=\"100\" srcset=\"https:\/\/www.radiopiu.net\/wordpress\/wp-content\/uploads\/2018\/09\/sport.jpg 800w, https:\/\/www.radiopiu.net\/wordpress\/wp-content\/uploads\/2018\/09\/sport-300x38.jpg 300w, https:\/\/www.radiopiu.net\/wordpress\/wp-content\/uploads\/2018\/09\/sport-768x96.jpg 768w\" sizes=\"auto, (max-width: 800px) 100vw, 800px\" \/><\/a><\/p>\n<p>&nbsp;<\/p>\n<blockquote>\n<h3>ALLEGHE HOCKEY: CONFERMATI ANCHE DE VAL, TESTORI E GIOLAI<\/h3>\n<\/blockquote>\n<p><strong><a class=\"dt-pswp-item\" href=\"https:\/\/www.radiopiu.net\/wordpress\/wp-content\/uploads\/2019\/08\/logo-alleghe-hockey.png\" data-dt-img-description=\"\" data-large_image_width=\"547\" data-large_image_height=\"512\"><img loading=\"lazy\" decoding=\"async\" class=\"size-medium wp-image-95699 alignleft\" src=\"https:\/\/www.radiopiu.net\/wordpress\/wp-content\/uploads\/2019\/08\/logo-alleghe-hockey-300x281.png\" alt=\"\" width=\"300\" height=\"281\" srcset=\"https:\/\/www.radiopiu.net\/wordpress\/wp-content\/uploads\/2019\/08\/logo-alleghe-hockey-300x281.png 300w, https:\/\/www.radiopiu.net\/wordpress\/wp-content\/uploads\/2019\/08\/logo-alleghe-hockey.png 547w\" sizes=\"auto, (max-width: 300px) 100vw, 300px\" \/><\/a>ALLEGHE\u00a0<\/strong>Continuano le conferme in riva al lago, con la disponibilit\u00e0 dei giocatori ad indossare anche per la prossima stagione la maglia delle Civette.\u00a0Loris De Val, trentaseienne nato a Falcade \u00e8 un attaccante con lo spiccato fiuto del gol, con molte pi\u00f9 marcature che assist realizzati in carriera. In 391 partite disputate, tutte con la maglia biancorossa tra U19, serie C e serie B, ben 316 marcature + 268 assist. Nell\u2019ultima stagione di IHL in 31 gare, 13 reti + 11 assist.\u00a0Davide Testori, attaccante classe 1994 nativo di Agordo, ha formato tutta la sua crescita sportiva sotto al Civetta fino ad arrivare alla serie A. Un anno di stop nella stagione 2017\/2018 dopo la quale torna orgogliosamente ad indossare la casacca biancorossa. Per lui un totale di 396 partite, 140 reti + 128 assist. Nell\u2019ultima stagione di IHL in 31 gare ha messo a referto 11 gol + 15 assist.\u00a0Mirko Giolai, attaccante classe 2001 nato a Belluno, nonostante la giovane et\u00e0 ha dimostrato in pi\u00f9 di un\u2019occasione di avere i numeri per essere decisivo. A parte la parentesi iniziale con il Feltre, la trafila tutta in biancorosso dalle giovanili alla prima squadra lo ha portato a disputare un totale di 243 partite con un bottino di 88 gol + 56 assist. Nell\u2019ultima stagione di IHL in 28 partite, 7 gol + 10 assist.\u00a0Societ\u00e0 e tifosi sono lieti delle conferme di Loris, Davide e Mirko.<\/p>\n<p><strong><i>(dal sito alleghehockey.com)<\/i><\/strong><\/p>\n<p>&nbsp;<\/p>\n<p>&nbsp;<\/p>\n<hr \/>\n<p>&nbsp;<\/p>\n<p>&nbsp;<\/p>\n<blockquote class=\"wp-embedded-content\" data-secret=\"FvjWiSW5SO\"><p><a href=\"https:\/\/www.radiopiu.net\/wordpress\/bomberine-pronte-per-il-ritiro-e-per-la-festa\/\">BOMBERINE PRONTE PER IL RITIRO&#8230;E PER LA FESTA<\/a><\/p><\/blockquote>\n<p><iframe loading=\"lazy\" class=\"wp-embedded-content\" sandbox=\"allow-scripts\" security=\"restricted\" style=\"position: absolute; clip: rect(1px, 1px, 1px, 1px);\" title=\"&#8220;BOMBERINE PRONTE PER IL RITIRO&#8230;E PER LA FESTA&#8221; &#8212; Radio Pi\u00f9\" src=\"https:\/\/www.radiopiu.net\/wordpress\/bomberine-pronte-per-il-ritiro-e-per-la-festa\/embed\/#?secret=FvjWiSW5SO\" data-secret=\"FvjWiSW5SO\" width=\"600\" height=\"338\" frameborder=\"0\" marginwidth=\"0\" marginheight=\"0\" scrolling=\"no\"><\/iframe><\/p>\n<p>&nbsp;<\/p>\n<blockquote>\n<h3>L\u2019ALLEGHE HOCKEY ORGANIZZA CORSI GRATUITI PER BAMBINI DAI 5 AI 10 ANNI<\/h3>\n<\/blockquote>\n<p><strong><a class=\"dt-pswp-item\" href=\"https:\/\/www.radiopiu.net\/wordpress\/wp-content\/uploads\/2019\/08\/logo-alleghe-hockey.png\" data-dt-img-description=\"\" data-large_image_width=\"547\" data-large_image_height=\"512\"><img loading=\"lazy\" decoding=\"async\" class=\" wp-image-95699 alignleft\" src=\"https:\/\/www.radiopiu.net\/wordpress\/wp-content\/uploads\/2019\/08\/logo-alleghe-hockey-300x281.png\" alt=\"\" width=\"122\" height=\"114\" srcset=\"https:\/\/www.radiopiu.net\/wordpress\/wp-content\/uploads\/2019\/08\/logo-alleghe-hockey-300x281.png 300w, https:\/\/www.radiopiu.net\/wordpress\/wp-content\/uploads\/2019\/08\/logo-alleghe-hockey.png 547w\" sizes=\"auto, (max-width: 122px) 100vw, 122px\" \/><\/a>ALLEGHE<\/strong> La dirigenza dell\u2019Alleghe Hockey ha studiato un modo per avvicinare i bambini a praticare l\u2019hockey su ghiaccio e il tutto gratuitamente. Nessuna spesa perch\u00e9 tutta l\u2019attrezzatura verr\u00e0 messa a disposizione della societ\u00e0. Le lezioni inizieranno sabato 5 settembre e tutti i bambini dai 5 ai 10 anni sono invitati alla prova. Allenamenti gratuiti, Attrezzatura gratuita, team di allenatori e giocatori che seguiranno ogni singolo bambino e rispetto delle norme anti Covid. Gli allenamenti saranno effettuati tutti i marted\u00ec e venerd\u00ec di settembre dalle 18 alle 19. Per info basta chiamare il 338 1866668.<\/p>\n","protected":false},"excerpt":{"rendered":"<p>PER RICEVERE QUESTO NOTIZIARIO DIRETTAMENTE SUL TUO CELLULARE ISCRIVITI AL CANALE TELEGRAM\u00a0\u201cRADIO PIU\u00a0 INFORMAZIONE ATTENZIONE: LA NUOVA APP PER IOS-IPHONE https:\/\/apps.apple.com\/it\/app\/radio-pi%C3%B9-emittente-agordina\/id1515939845 ATTENZIONE: LA NUOVA APP RADIO\u00a0 PER ANDROID https:\/\/play.google.com\/store\/apps\/details?id=net.radiopiu.iniko \u00a0\u00a0\u00a0 &nbsp; &nbsp; &nbsp; &nbsp; PER NON DIMENTICARE \u201cDARIO FABRIZIO MARCO E STEFANO VOLANO NEI NOSTRI CUORI COME IL PRIMO GIORNO\u201d VENEZIA\u00a0 \u00a0\u201cUn nuovo anno, l\u2019undicesimo,&hellip;<\/p>\n","protected":false},"author":4,"featured_media":156547,"comment_status":"closed","ping_status":"closed","sticky":false,"template":"","format":"standard","meta":{"_monsterinsights_skip_tracking":false,"_monsterinsights_sitenote_active":false,"_monsterinsights_sitenote_note":"","_monsterinsights_sitenote_category":0,"footnotes":""},"categories":[1,86,49],"tags":[],"class_list":["post-156403","post","type-post","status-publish","format-standard","has-post-thumbnail","hentry","category-senza-categoria","category-gr","category-news-18","category-1","category-86","category-49","description-off"],"img_url":"https:\/\/www.radiopiu.net\/wordpress\/wp-content\/uploads\/2020\/08\/740a4355-beda-43f0-85a5-36026c59966c.jpg","_links":{"self":[{"href":"https:\/\/www.radiopiu.net\/wordpress\/wp-json\/wp\/v2\/posts\/156403","targetHints":{"allow":["GET"]}}],"collection":[{"href":"https:\/\/www.radiopiu.net\/wordpress\/wp-json\/wp\/v2\/posts"}],"about":[{"href":"https:\/\/www.radiopiu.net\/wordpress\/wp-json\/wp\/v2\/types\/post"}],"author":[{"embeddable":true,"href":"https:\/\/www.radiopiu.net\/wordpress\/wp-json\/wp\/v2\/users\/4"}],"replies":[{"embeddable":true,"href":"https:\/\/www.radiopiu.net\/wordpress\/wp-json\/wp\/v2\/comments?post=156403"}],"version-history":[{"count":0,"href":"https:\/\/www.radiopiu.net\/wordpress\/wp-json\/wp\/v2\/posts\/156403\/revisions"}],"wp:featuredmedia":[{"embeddable":true,"href":"https:\/\/www.radiopiu.net\/wordpress\/wp-json\/wp\/v2\/media\/156547"}],"wp:attachment":[{"href":"https:\/\/www.radiopiu.net\/wordpress\/wp-json\/wp\/v2\/media?parent=156403"}],"wp:term":[{"taxonomy":"category","embeddable":true,"href":"https:\/\/www.radiopiu.net\/wordpress\/wp-json\/wp\/v2\/categories?post=156403"},{"taxonomy":"post_tag","embeddable":true,"href":"https:\/\/www.radiopiu.net\/wordpress\/wp-json\/wp\/v2\/tags?post=156403"}],"curies":[{"name":"wp","href":"https:\/\/api.w.org\/{rel}","templated":true}]}}