{"id":156445,"date":"2020-08-21T14:17:46","date_gmt":"2020-08-21T12:17:46","guid":{"rendered":"https:\/\/www.radiopiu.net\/wordpress\/?p=156445"},"modified":"2020-08-21T14:17:46","modified_gmt":"2020-08-21T12:17:46","slug":"meteo-instabilita-e-temporali-nel-weekend-in-veneto","status":"publish","type":"post","link":"https:\/\/www.radiopiu.net\/wordpress\/meteo-instabilita-e-temporali-nel-weekend-in-veneto\/","title":{"rendered":"METEO: INSTABILIT\u00c0 E TEMPORALI NEL WEEKEND IN VENETO"},"content":{"rendered":"<p>&nbsp;<\/p>\n<p><strong><img loading=\"lazy\" decoding=\"async\" class=\"alignleft\" src=\"https:\/\/www.radiopiu.net\/wordpress\/wp-content\/uploads\/2018\/08\/instabilita.jpg\" width=\"246\" height=\"148\" \/>VENEZIA<\/strong>\u00a0 Tra sabato 22 e luned\u00ec 24 agosto l&#8217;estensione verso il Mediterraneo di una vasta circolazione ciclonica presente sull&#8217;Europa settentrionale sostituir\u00e0 il promontorio anticiclonico di origine africana che sta interessando la regione, determinando alcune fasi di instabilit\u00e0 con rovesci e temporali. Un prima fase di instabilit\u00e0 interesser\u00e0 nella pomeriggio\/sera di sabato le zone montane, specie quelle centro-orientali e in particolare le Dolomiti; non si escludono locali fenomeni intensi sulle Dolomiti, in possibile estensione alle zone prealpine e pedemontane orientali (Belluno e Treviso). Domenica 23 agosto, a partire dalle ore centrali, aumenter\u00e0 la probabilit\u00e0 di rovesci e temporali, dapprima sulle zone montane e pedemontane e poi anche sulla pianura; non si escludono fenomeni localmente intensi con forti rovesci, forti raffiche di vento, locali grandinate. Visti i fenomeni meteorologici previsti il Centro funzionale decentrato della Protezione Civile del Veneto segnala la possibilit\u00e0 di\u00a0 disagi \u2013 nel caso di temporali intensi \u2013 al sistema di drenaggio urbano e lungo la rete idrografica minore in tutto il territorio veneto. Segnala, inoltre, la possibilit\u00e0 d&#8217;innesco di fenomeni franosi superficiali sui versanti e di innesco di colate rapide specie nelle zone dell\u2019Alto Piave, del Piave Pedemontano.<\/p>\n","protected":false},"excerpt":{"rendered":"<p>&nbsp; VENEZIA\u00a0 Tra sabato 22 e luned\u00ec 24 agosto l&#8217;estensione verso il Mediterraneo di una vasta circolazione ciclonica presente sull&#8217;Europa settentrionale sostituir\u00e0 il promontorio anticiclonico di origine africana che sta interessando la regione, determinando alcune fasi di instabilit\u00e0 con rovesci e temporali. Un prima fase di instabilit\u00e0 interesser\u00e0 nella pomeriggio\/sera di sabato le zone montane,&hellip;<\/p>\n","protected":false},"author":4,"featured_media":57488,"comment_status":"closed","ping_status":"closed","sticky":false,"template":"","format":"standard","meta":{"_monsterinsights_skip_tracking":false,"_monsterinsights_sitenote_active":false,"_monsterinsights_sitenote_note":"","_monsterinsights_sitenote_category":0,"footnotes":""},"categories":[51,49],"tags":[],"class_list":["post-156445","post","type-post","status-publish","format-standard","has-post-thumbnail","hentry","category-evidenza-top","category-news-18","category-51","category-49","description-off"],"img_url":"https:\/\/www.radiopiu.net\/wordpress\/wp-content\/uploads\/2018\/08\/instabilita.jpg","_links":{"self":[{"href":"https:\/\/www.radiopiu.net\/wordpress\/wp-json\/wp\/v2\/posts\/156445","targetHints":{"allow":["GET"]}}],"collection":[{"href":"https:\/\/www.radiopiu.net\/wordpress\/wp-json\/wp\/v2\/posts"}],"about":[{"href":"https:\/\/www.radiopiu.net\/wordpress\/wp-json\/wp\/v2\/types\/post"}],"author":[{"embeddable":true,"href":"https:\/\/www.radiopiu.net\/wordpress\/wp-json\/wp\/v2\/users\/4"}],"replies":[{"embeddable":true,"href":"https:\/\/www.radiopiu.net\/wordpress\/wp-json\/wp\/v2\/comments?post=156445"}],"version-history":[{"count":0,"href":"https:\/\/www.radiopiu.net\/wordpress\/wp-json\/wp\/v2\/posts\/156445\/revisions"}],"wp:featuredmedia":[{"embeddable":true,"href":"https:\/\/www.radiopiu.net\/wordpress\/wp-json\/wp\/v2\/media\/57488"}],"wp:attachment":[{"href":"https:\/\/www.radiopiu.net\/wordpress\/wp-json\/wp\/v2\/media?parent=156445"}],"wp:term":[{"taxonomy":"category","embeddable":true,"href":"https:\/\/www.radiopiu.net\/wordpress\/wp-json\/wp\/v2\/categories?post=156445"},{"taxonomy":"post_tag","embeddable":true,"href":"https:\/\/www.radiopiu.net\/wordpress\/wp-json\/wp\/v2\/tags?post=156445"}],"curies":[{"name":"wp","href":"https:\/\/api.w.org\/{rel}","templated":true}]}}