{"id":156463,"date":"2020-08-21T14:45:06","date_gmt":"2020-08-21T12:45:06","guid":{"rendered":"https:\/\/www.radiopiu.net\/wordpress\/?p=156463"},"modified":"2020-08-21T15:29:52","modified_gmt":"2020-08-21T13:29:52","slug":"le-cascate-di-fanes-restituiscono-il-corpo-di-alfonso-maria-lostia","status":"publish","type":"post","link":"https:\/\/www.radiopiu.net\/wordpress\/le-cascate-di-fanes-restituiscono-il-corpo-di-alfonso-maria-lostia\/","title":{"rendered":"LE CASCATE DI FANES RESTITUISCONO IL CORPO DI ALFONSO MARIA LOSTIA"},"content":{"rendered":"<p><a class=\"dt-pswp-item\" href=\"https:\/\/www.radiopiu.net\/wordpress\/wp-content\/uploads\/2020\/08\/salt_20200821_125853_073_resized.jpg\" data-dt-img-description=\"\" data-large_image_width=\"1182\" data-large_image_height=\"886\"><img loading=\"lazy\" decoding=\"async\" class=\"size-medium wp-image-156464 alignleft\" src=\"https:\/\/www.radiopiu.net\/wordpress\/wp-content\/uploads\/2020\/08\/salt_20200821_125853_073_resized-300x225.jpg\" alt=\"\" width=\"300\" height=\"225\" srcset=\"https:\/\/www.radiopiu.net\/wordpress\/wp-content\/uploads\/2020\/08\/salt_20200821_125853_073_resized-300x225.jpg 300w, https:\/\/www.radiopiu.net\/wordpress\/wp-content\/uploads\/2020\/08\/salt_20200821_125853_073_resized-1024x768.jpg 1024w, https:\/\/www.radiopiu.net\/wordpress\/wp-content\/uploads\/2020\/08\/salt_20200821_125853_073_resized-768x576.jpg 768w, https:\/\/www.radiopiu.net\/wordpress\/wp-content\/uploads\/2020\/08\/salt_20200821_125853_073_resized.jpg 1182w\" sizes=\"auto, (max-width: 300px) 100vw, 300px\" \/><\/a><strong>CORTINA\u00a0<\/strong> Questa mattina le Cascate di Fanes hanno restituito il corpo di Alfonso Maria Lostia, scomparso nelle acque del torrente lo scorso 14 agosto. Dopo giorni di ricerca, tentativi di immersioni nella grande pozza in cui si presupponeva fosse bloccato dalle forti correnti e dalla potenza del getto, senza la necessit\u00e0 di ulteriori interventi il corpo \u00e8 ritornato naturalmente in superficie e si \u00e8 fermato tra le rocce poco fuori della vasca, individuato dai tecnici del Gruppo forre del Soccorso alpino Veneto, che hanno provveduto al recupero assieme al nucleo Saf dei Vigili del fuoco. Oggi erano previste nuove operazioni per provare a <a class=\"dt-pswp-item\" href=\"https:\/\/www.radiopiu.net\/wordpress\/wp-content\/uploads\/2020\/08\/1975254_10152212620952829_1842268290_n.jpg\" data-dt-img-description=\"\" data-large_image_width=\"200\" data-large_image_height=\"200\"><img loading=\"lazy\" decoding=\"async\" class=\"size-full wp-image-156414 alignright\" src=\"https:\/\/www.radiopiu.net\/wordpress\/wp-content\/uploads\/2020\/08\/1975254_10152212620952829_1842268290_n.jpg\" alt=\"\" width=\"200\" height=\"200\" srcset=\"https:\/\/www.radiopiu.net\/wordpress\/wp-content\/uploads\/2020\/08\/1975254_10152212620952829_1842268290_n.jpg 200w, https:\/\/www.radiopiu.net\/wordpress\/wp-content\/uploads\/2020\/08\/1975254_10152212620952829_1842268290_n-150x150.jpg 150w\" sizes=\"auto, (max-width: 200px) 100vw, 200px\" \/><\/a>deviare il flusso e tornare a visionare le acque. Nei giorni scorsi, dopo che dall&#8217;acqua era emersa la giacca contenente il cellulare, un presidio quotidiano ha monitorato il corso del Fanes, setacciato pi\u00f9 volte fino al Boite, diversi tecnici sono entrati nella vasca costretti a fermarsi per il rischio troppo elevato, sono stati utilizzati i droni e una telecamera subacquea. La barella \u00e8 stata poi presa in carico dall&#8217;elicottero del Suem di Pieve di Cadore e trasportata in localit\u00e0 Fiames, per essere affidata al carro funebre alla presenza della Guardia di Finanza e portata nella cella mortuaria, per poter essere finalmente pianta dai familiari. In questi giorni hanno preso parte alle operazioni il Soccorso alpino di Cortina, il Gruppo forre e speleosub del Soccorso alpino e speleologico Veneto, i Vigili del fuoco con nucleo Saf e sommozzatori, i soccorritori del Sagf, i Carabinieri. Il primo giorno era stata effettuata una ricognizione da parte dell&#8217;elicottero dell&#8217;Aiut Alpin Dolomites di Bolzano.<\/p>\n","protected":false},"excerpt":{"rendered":"<p>CORTINA\u00a0 Questa mattina le Cascate di Fanes hanno restituito il corpo di Alfonso Maria Lostia, scomparso nelle acque del torrente lo scorso 14 agosto. Dopo giorni di ricerca, tentativi di immersioni nella grande pozza in cui si presupponeva fosse bloccato dalle forti correnti e dalla potenza del getto, senza la necessit\u00e0 di ulteriori interventi il&hellip;<\/p>\n","protected":false},"author":4,"featured_media":156464,"comment_status":"closed","ping_status":"closed","sticky":false,"template":"","format":"standard","meta":{"_monsterinsights_skip_tracking":false,"_monsterinsights_sitenote_active":false,"_monsterinsights_sitenote_note":"","_monsterinsights_sitenote_category":0,"footnotes":""},"categories":[51,49],"tags":[],"class_list":["post-156463","post","type-post","status-publish","format-standard","has-post-thumbnail","hentry","category-evidenza-top","category-news-18","category-51","category-49","description-off"],"img_url":"https:\/\/www.radiopiu.net\/wordpress\/wp-content\/uploads\/2020\/08\/salt_20200821_125853_073_resized.jpg","_links":{"self":[{"href":"https:\/\/www.radiopiu.net\/wordpress\/wp-json\/wp\/v2\/posts\/156463","targetHints":{"allow":["GET"]}}],"collection":[{"href":"https:\/\/www.radiopiu.net\/wordpress\/wp-json\/wp\/v2\/posts"}],"about":[{"href":"https:\/\/www.radiopiu.net\/wordpress\/wp-json\/wp\/v2\/types\/post"}],"author":[{"embeddable":true,"href":"https:\/\/www.radiopiu.net\/wordpress\/wp-json\/wp\/v2\/users\/4"}],"replies":[{"embeddable":true,"href":"https:\/\/www.radiopiu.net\/wordpress\/wp-json\/wp\/v2\/comments?post=156463"}],"version-history":[{"count":0,"href":"https:\/\/www.radiopiu.net\/wordpress\/wp-json\/wp\/v2\/posts\/156463\/revisions"}],"wp:featuredmedia":[{"embeddable":true,"href":"https:\/\/www.radiopiu.net\/wordpress\/wp-json\/wp\/v2\/media\/156464"}],"wp:attachment":[{"href":"https:\/\/www.radiopiu.net\/wordpress\/wp-json\/wp\/v2\/media?parent=156463"}],"wp:term":[{"taxonomy":"category","embeddable":true,"href":"https:\/\/www.radiopiu.net\/wordpress\/wp-json\/wp\/v2\/categories?post=156463"},{"taxonomy":"post_tag","embeddable":true,"href":"https:\/\/www.radiopiu.net\/wordpress\/wp-json\/wp\/v2\/tags?post=156463"}],"curies":[{"name":"wp","href":"https:\/\/api.w.org\/{rel}","templated":true}]}}