{"id":156692,"date":"2020-08-23T09:28:53","date_gmt":"2020-08-23T07:28:53","guid":{"rendered":"https:\/\/www.radiopiu.net\/wordpress\/?p=156692"},"modified":"2020-08-23T09:28:53","modified_gmt":"2020-08-23T07:28:53","slug":"pompieri-di-caprile-in-azione-a-rocca-pietore","status":"publish","type":"post","link":"https:\/\/www.radiopiu.net\/wordpress\/pompieri-di-caprile-in-azione-a-rocca-pietore\/","title":{"rendered":"POMPIERI DI CAPRILE IN AZIONE A ROCCA PIETORE"},"content":{"rendered":"<p><a class=\"dt-pswp-item\" href=\"https:\/\/www.radiopiu.net\/wordpress\/wp-content\/uploads\/2020\/08\/118349937_979343395827075_8665823428962486637_n.jpg\" data-dt-img-description=\"\" data-large_image_width=\"960\" data-large_image_height=\"720\"><img loading=\"lazy\" decoding=\"async\" class=\"alignnone wp-image-156694 size-full\" src=\"https:\/\/www.radiopiu.net\/wordpress\/wp-content\/uploads\/2020\/08\/118349937_979343395827075_8665823428962486637_n.jpg\" alt=\"\" width=\"960\" height=\"720\" srcset=\"https:\/\/www.radiopiu.net\/wordpress\/wp-content\/uploads\/2020\/08\/118349937_979343395827075_8665823428962486637_n.jpg 960w, https:\/\/www.radiopiu.net\/wordpress\/wp-content\/uploads\/2020\/08\/118349937_979343395827075_8665823428962486637_n-300x225.jpg 300w, https:\/\/www.radiopiu.net\/wordpress\/wp-content\/uploads\/2020\/08\/118349937_979343395827075_8665823428962486637_n-768x576.jpg 768w\" sizes=\"auto, (max-width: 960px) 100vw, 960px\" \/><\/a><\/p>\n<p><strong>ALLEGHE<\/strong> Erano da poco passate le 18.30 ieri sera quando \u00e8 arrivata la telefonata alla caserma dei pompieri di Caprile. Il nubifragio che con particolare potenza ha interessato il Cadore e la Val Cordevole ha creato problemi tra Sottoguda e Malga Ciapela per uno smottamento di moderate dimensioni. Gli uomini di Caprile e Rocca Pietore sono \u00a0intervenuti con\u00a0 due\u00a0 squadre,\u00a0 con l&#8217; A.P.S. e il Toyota; ad agevolare le operazioni di pulizia della sede stradale era presente anche una pala gommata di Veneto Strade.<\/p>\n<div class=\"text_exposed_show\">\n<blockquote><p><strong>La strada per Malga Ciapela ora \u00e8 libera da ostacoli ed \u00e8 stata ripristinata la normale viabilit\u00e0.<\/strong><\/p><\/blockquote>\n<\/div>\n","protected":false},"excerpt":{"rendered":"<p>ALLEGHE Erano da poco passate le 18.30 ieri sera quando \u00e8 arrivata la telefonata alla caserma dei pompieri di Caprile. Il nubifragio che con particolare potenza ha interessato il Cadore e la Val Cordevole ha creato problemi tra Sottoguda e Malga Ciapela per uno smottamento di moderate dimensioni. Gli uomini di Caprile e Rocca Pietore&hellip;<\/p>\n","protected":false},"author":4,"featured_media":156693,"comment_status":"closed","ping_status":"closed","sticky":false,"template":"","format":"standard","meta":{"_monsterinsights_skip_tracking":false,"_monsterinsights_sitenote_active":false,"_monsterinsights_sitenote_note":"","_monsterinsights_sitenote_category":0,"footnotes":""},"categories":[1],"tags":[],"class_list":["post-156692","post","type-post","status-publish","format-standard","has-post-thumbnail","hentry","category-senza-categoria","category-1","description-off"],"img_url":"https:\/\/www.radiopiu.net\/wordpress\/wp-content\/uploads\/2020\/08\/118307080_979343432493738_5609016069810379765_n.jpg","_links":{"self":[{"href":"https:\/\/www.radiopiu.net\/wordpress\/wp-json\/wp\/v2\/posts\/156692","targetHints":{"allow":["GET"]}}],"collection":[{"href":"https:\/\/www.radiopiu.net\/wordpress\/wp-json\/wp\/v2\/posts"}],"about":[{"href":"https:\/\/www.radiopiu.net\/wordpress\/wp-json\/wp\/v2\/types\/post"}],"author":[{"embeddable":true,"href":"https:\/\/www.radiopiu.net\/wordpress\/wp-json\/wp\/v2\/users\/4"}],"replies":[{"embeddable":true,"href":"https:\/\/www.radiopiu.net\/wordpress\/wp-json\/wp\/v2\/comments?post=156692"}],"version-history":[{"count":0,"href":"https:\/\/www.radiopiu.net\/wordpress\/wp-json\/wp\/v2\/posts\/156692\/revisions"}],"wp:featuredmedia":[{"embeddable":true,"href":"https:\/\/www.radiopiu.net\/wordpress\/wp-json\/wp\/v2\/media\/156693"}],"wp:attachment":[{"href":"https:\/\/www.radiopiu.net\/wordpress\/wp-json\/wp\/v2\/media?parent=156692"}],"wp:term":[{"taxonomy":"category","embeddable":true,"href":"https:\/\/www.radiopiu.net\/wordpress\/wp-json\/wp\/v2\/categories?post=156692"},{"taxonomy":"post_tag","embeddable":true,"href":"https:\/\/www.radiopiu.net\/wordpress\/wp-json\/wp\/v2\/tags?post=156692"}],"curies":[{"name":"wp","href":"https:\/\/api.w.org\/{rel}","templated":true}]}}