{"id":156705,"date":"2020-08-24T06:05:15","date_gmt":"2020-08-24T04:05:15","guid":{"rendered":"https:\/\/www.radiopiu.net\/wordpress\/?p=156705"},"modified":"2020-08-24T06:08:36","modified_gmt":"2020-08-24T04:08:36","slug":"rocciatore-resta-incastrato-con-le-corde-sugli-spalti-di-toro","status":"publish","type":"post","link":"https:\/\/www.radiopiu.net\/wordpress\/rocciatore-resta-incastrato-con-le-corde-sugli-spalti-di-toro\/","title":{"rendered":"ROCCIATORE RESTA INCASTRATO CON LE CORDE SUGLI SPALTI DI TORO"},"content":{"rendered":"<p><strong><a class=\"dt-pswp-item\" href=\"https:\/\/www.radiopiu.net\/wordpress\/wp-content\/uploads\/2020\/04\/salt_20190914_170959_414.jpg\" data-dt-img-description=\"\" data-large_image_width=\"1240\" data-large_image_height=\"930\"><img loading=\"lazy\" decoding=\"async\" class=\"size-medium wp-image-129119 alignleft\" src=\"https:\/\/www.radiopiu.net\/wordpress\/wp-content\/uploads\/2020\/04\/salt_20190914_170959_414-300x225.jpg\" alt=\"\" width=\"300\" height=\"225\" srcset=\"https:\/\/www.radiopiu.net\/wordpress\/wp-content\/uploads\/2020\/04\/salt_20190914_170959_414-300x225.jpg 300w, https:\/\/www.radiopiu.net\/wordpress\/wp-content\/uploads\/2020\/04\/salt_20190914_170959_414-1024x768.jpg 1024w, https:\/\/www.radiopiu.net\/wordpress\/wp-content\/uploads\/2020\/04\/salt_20190914_170959_414-768x576.jpg 768w, https:\/\/www.radiopiu.net\/wordpress\/wp-content\/uploads\/2020\/04\/salt_20190914_170959_414.jpg 1240w\" sizes=\"auto, (max-width: 300px) 100vw, 300px\" \/><\/a>CADORE<\/strong>\u00a0Ieri alle 20.50 circa il Soccorso alpino del Centro Cadore \u00e8 stato allertato per un alpinista rimasto con le corde incastrate nella roccia sullo Spallone di Cima Maddalena, sugli Spalti di Toro. Per fortuna il rocciatore \u00e8 riuscito quasi subito a togliersi dalle difficolt\u00e0 in autonomia e a scendere verso valle, dove una squadra gli \u00e8 andata incontro ritrovandolo a 20 minuti di distanza a piedi dal Rifugio Padova<\/p>\n","protected":false},"excerpt":{"rendered":"<p>CADORE\u00a0Ieri alle 20.50 circa il Soccorso alpino del Centro Cadore \u00e8 stato allertato per un alpinista rimasto con le corde incastrate nella roccia sullo Spallone di Cima Maddalena, sugli Spalti di Toro. Per fortuna il rocciatore \u00e8 riuscito quasi subito a togliersi dalle difficolt\u00e0 in autonomia e a scendere verso valle, dove una squadra gli&hellip;<\/p>\n","protected":false},"author":4,"featured_media":129119,"comment_status":"closed","ping_status":"closed","sticky":false,"template":"","format":"standard","meta":{"_monsterinsights_skip_tracking":false,"_monsterinsights_sitenote_active":false,"_monsterinsights_sitenote_note":"","_monsterinsights_sitenote_category":0,"footnotes":""},"categories":[49],"tags":[],"class_list":["post-156705","post","type-post","status-publish","format-standard","has-post-thumbnail","hentry","category-news-18","category-49","description-off"],"img_url":"https:\/\/www.radiopiu.net\/wordpress\/wp-content\/uploads\/2020\/04\/salt_20190914_170959_414.jpg","_links":{"self":[{"href":"https:\/\/www.radiopiu.net\/wordpress\/wp-json\/wp\/v2\/posts\/156705","targetHints":{"allow":["GET"]}}],"collection":[{"href":"https:\/\/www.radiopiu.net\/wordpress\/wp-json\/wp\/v2\/posts"}],"about":[{"href":"https:\/\/www.radiopiu.net\/wordpress\/wp-json\/wp\/v2\/types\/post"}],"author":[{"embeddable":true,"href":"https:\/\/www.radiopiu.net\/wordpress\/wp-json\/wp\/v2\/users\/4"}],"replies":[{"embeddable":true,"href":"https:\/\/www.radiopiu.net\/wordpress\/wp-json\/wp\/v2\/comments?post=156705"}],"version-history":[{"count":0,"href":"https:\/\/www.radiopiu.net\/wordpress\/wp-json\/wp\/v2\/posts\/156705\/revisions"}],"wp:featuredmedia":[{"embeddable":true,"href":"https:\/\/www.radiopiu.net\/wordpress\/wp-json\/wp\/v2\/media\/129119"}],"wp:attachment":[{"href":"https:\/\/www.radiopiu.net\/wordpress\/wp-json\/wp\/v2\/media?parent=156705"}],"wp:term":[{"taxonomy":"category","embeddable":true,"href":"https:\/\/www.radiopiu.net\/wordpress\/wp-json\/wp\/v2\/categories?post=156705"},{"taxonomy":"post_tag","embeddable":true,"href":"https:\/\/www.radiopiu.net\/wordpress\/wp-json\/wp\/v2\/tags?post=156705"}],"curies":[{"name":"wp","href":"https:\/\/api.w.org\/{rel}","templated":true}]}}