{"id":156722,"date":"2020-08-23T23:59:03","date_gmt":"2020-08-23T21:59:03","guid":{"rendered":"https:\/\/www.radiopiu.net\/wordpress\/?p=156722"},"modified":"2020-08-23T14:15:35","modified_gmt":"2020-08-23T12:15:35","slug":"dopo-10-anni-in-municipio-giocondo-dalle-feste-calza-gli-scarponi-per-le-gite-in-montagna-e-impugna-la-forca-a-fianco-di-liliana","status":"publish","type":"post","link":"https:\/\/www.radiopiu.net\/wordpress\/dopo-10-anni-in-municipio-giocondo-dalle-feste-calza-gli-scarponi-per-le-gite-in-montagna-e-impugna-la-forca-a-fianco-di-liliana\/","title":{"rendered":"DOPO 10 ANNI IN MUNICIPIO GIOCONDO DALLE FESTE CALZA GLI SCARPONI PER LE GITE IN MONTAGNA E IMPUGNA LA FORCA A FIANCO DI LILIANA"},"content":{"rendered":"<p><strong><a class=\"dt-pswp-item\" href=\"https:\/\/www.radiopiu.net\/wordpress\/wp-content\/uploads\/2020\/08\/download-17.jpg\" data-dt-img-description=\"\" data-large_image_width=\"199\" data-large_image_height=\"253\"><img loading=\"lazy\" decoding=\"async\" class=\"wp-image-156726 alignleft\" src=\"https:\/\/www.radiopiu.net\/wordpress\/wp-content\/uploads\/2020\/08\/download-17.jpg\" alt=\"\" width=\"124\" height=\"158\" \/><\/a>GOSALDO<\/strong> Due legislature tra i problemi della viabilit\u00e0 in Valle del Mis, Vaia, il covid19, ma anche e soprattutto lo spopolamento del paese dove l&#8217;abbandono \u00e8 il pi\u00f9 marcato tra le localit\u00e0 di montagna. Giocondo Dalle Feste lascia e si prepara a nuova vita. Infatti, non sar\u00e0 il candidato a sindaco, piuttosto spettatatore, nessun consiglio ma qualche auspicio per il bene della sua Gosaldo<\/p>\n<p><strong>L&#8217;INTERVISTA DI FINE MANDATO<\/strong><\/p>\n<audio class=\"wp-audio-shortcode\" id=\"audio-156722-1\" preload=\"none\" style=\"width: 100%;\" controls=\"controls\"><source type=\"audio\/mpeg\" src=\"https:\/\/www.radiopiu.net\/wordpress\/wp-content\/uploads\/2020\/08\/GIOCONDO.mp3?_=1\" \/><a href=\"https:\/\/www.radiopiu.net\/wordpress\/wp-content\/uploads\/2020\/08\/GIOCONDO.mp3\">https:\/\/www.radiopiu.net\/wordpress\/wp-content\/uploads\/2020\/08\/GIOCONDO.mp3<\/a><\/audio>\n","protected":false},"excerpt":{"rendered":"<p>GOSALDO Due legislature tra i problemi della viabilit\u00e0 in Valle del Mis, Vaia, il covid19, ma anche e soprattutto lo spopolamento del paese dove l&#8217;abbandono \u00e8 il pi\u00f9 marcato tra le localit\u00e0 di montagna. Giocondo Dalle Feste lascia e si prepara a nuova vita. Infatti, non sar\u00e0 il candidato a sindaco, piuttosto spettatatore, nessun consiglio&hellip;<\/p>\n","protected":false},"author":4,"featured_media":156725,"comment_status":"closed","ping_status":"closed","sticky":false,"template":"","format":"standard","meta":{"_monsterinsights_skip_tracking":false,"_monsterinsights_sitenote_active":false,"_monsterinsights_sitenote_note":"","_monsterinsights_sitenote_category":0,"footnotes":""},"categories":[51,49],"tags":[],"class_list":["post-156722","post","type-post","status-publish","format-standard","has-post-thumbnail","hentry","category-evidenza-top","category-news-18","category-51","category-49","description-off"],"img_url":"https:\/\/www.radiopiu.net\/wordpress\/wp-content\/uploads\/2020\/08\/dowWnload.jpg","_links":{"self":[{"href":"https:\/\/www.radiopiu.net\/wordpress\/wp-json\/wp\/v2\/posts\/156722","targetHints":{"allow":["GET"]}}],"collection":[{"href":"https:\/\/www.radiopiu.net\/wordpress\/wp-json\/wp\/v2\/posts"}],"about":[{"href":"https:\/\/www.radiopiu.net\/wordpress\/wp-json\/wp\/v2\/types\/post"}],"author":[{"embeddable":true,"href":"https:\/\/www.radiopiu.net\/wordpress\/wp-json\/wp\/v2\/users\/4"}],"replies":[{"embeddable":true,"href":"https:\/\/www.radiopiu.net\/wordpress\/wp-json\/wp\/v2\/comments?post=156722"}],"version-history":[{"count":0,"href":"https:\/\/www.radiopiu.net\/wordpress\/wp-json\/wp\/v2\/posts\/156722\/revisions"}],"wp:featuredmedia":[{"embeddable":true,"href":"https:\/\/www.radiopiu.net\/wordpress\/wp-json\/wp\/v2\/media\/156725"}],"wp:attachment":[{"href":"https:\/\/www.radiopiu.net\/wordpress\/wp-json\/wp\/v2\/media?parent=156722"}],"wp:term":[{"taxonomy":"category","embeddable":true,"href":"https:\/\/www.radiopiu.net\/wordpress\/wp-json\/wp\/v2\/categories?post=156722"},{"taxonomy":"post_tag","embeddable":true,"href":"https:\/\/www.radiopiu.net\/wordpress\/wp-json\/wp\/v2\/tags?post=156722"}],"curies":[{"name":"wp","href":"https:\/\/api.w.org\/{rel}","templated":true}]}}