{"id":156734,"date":"2020-08-24T06:13:29","date_gmt":"2020-08-24T04:13:29","guid":{"rendered":"https:\/\/www.radiopiu.net\/wordpress\/?p=156734"},"modified":"2020-08-24T06:13:33","modified_gmt":"2020-08-24T04:13:33","slug":"giornata-senza-positivi-nella-ulss1-dolomiti","status":"publish","type":"post","link":"https:\/\/www.radiopiu.net\/wordpress\/giornata-senza-positivi-nella-ulss1-dolomiti\/","title":{"rendered":"GIORNATA SENZA POSITIVI NELLA ULSS1 DOLOMITI"},"content":{"rendered":"<p lang=\"it-IT\" style=\"text-align: left;\" align=\"CENTER\"><strong><img loading=\"lazy\" decoding=\"async\" class=\"alignleft\" src=\"https:\/\/www.radiopiu.net\/wordpress\/wp-content\/uploads\/2020\/04\/COVID-2-300x300.jpg\" width=\"190\" height=\"190\" \/>BELLUNO<\/strong> Nessuna nuova positivit\u00e0 nelle ultime 24 ore, i<span style=\"font-family: Calibri, Calibri, sans-serif;\"><span lang=\"en-US\">l <\/span><\/span><span style=\"font-family: Calibri, Calibri, sans-serif;\">drive-in di Feltre<\/span><span style=\"font-family: Calibri, Calibri, sans-serif;\"><span lang=\"en-US\">, costantemente attivo con accesso diretto nella fascia 7-13, <\/span><\/span><span style=\"font-family: Calibri, Calibri, sans-serif;\"> ha oggi eseguito <\/span><span style=\"font-family: Calibri, Calibri, sans-serif;\"><span lang=\"en-US\">89 tamponi<\/span><\/span><span style=\"font-family: Calibri, Calibri, sans-serif;\"> a soggett<\/span><span style=\"font-family: Calibri, Calibri, sans-serif;\"><span lang=\"en-US\">i in <\/span><\/span><span style=\"font-family: Calibri, Calibri, sans-serif;\"> rientro <\/span><span style=\"font-family: Calibri, Calibri, sans-serif;\"><span lang=\"en-US\">da <\/span><\/span><span style=\"font-family: Calibri, Calibri, sans-serif;\"> Croazia<\/span><span style=\"font-family: Calibri, Calibri, sans-serif;\"><span lang=\"en-US\"> (74), Spagna (13), Grecia (2). <\/span><\/span><span style=\"font-family: Calibri, Calibri, sans-serif;\">L&#8217;unit\u00e0 di crisi Covid, attiva al Dipartimento di Prevenzione, \u00e8 stata anche oggi molto impegnata nella gestione di soggetti con sintomatologia simil Covid (isolamento e programmazione tamponi) e di soggetti in rientro da Paesi con necessit\u00e0 di provvedimenti contumaciali.\u00a0 P<\/span><span style=\"font-family: Calibri, Calibri, sans-serif;\">articolarmente significativa \u00e8 risultata l&#8217;attivit\u00e0 di sorveglianza attiva che prevede il contatto quotidiano con i soggetti (oltre 300) in quarantena-isolamento. Ci\u00f2 ha comportato qualche difficolt\u00e0 nella compilazione dei certificati formali di negativit\u00e0 al SARS CoV 2 per i rientri da Croazia, Spagna, Grecia e Malta, certificati che sono stati comunque regolarmente inviati su specifica richiesta. Si rammenta, peraltro, che il Servizio Informatica Aziendale ha, da due giorni, attivato un sistema automatico per le attestazioni di negativit\u00e0 Covid mediante SMS, garantendo quindi ai cittadini la massima tempestivit\u00e0 informativa.<\/span><\/p>\n<blockquote>\n<p lang=\"en-US\"><em><span style=\"font-family: Calibri, Calibri, sans-serif;\">Entro le 12.00 di domani, raccolte le ultime adesioni di queste ore, sar\u00e0 pubblicato sul sito dell&#8217;Ulss www.aulss1.veneto.it l&#8217;elenco dei Medici di Medicina Generale aderenti al programma nazionale di screening sierologico per il personale della scuola. Gli insegnanti e gli operatori delle scuole di ogni ordine e grado, pubbliche e private, assistiti dai medici inseriti nell&#8217;elenco potranno contattare gli stessi per eseguire il test. Il personale della scuola afferente a Medici non presenti in tale elenco potr\u00e0 eseguire il test con modalit\u00e0 organizzative che saranno comunicate dall&#8217;Ulss entro mercoled\u00ec 26 agosto.<\/span><\/em><\/p>\n<\/blockquote>\n","protected":false},"excerpt":{"rendered":"<p>BELLUNO Nessuna nuova positivit\u00e0 nelle ultime 24 ore, il drive-in di Feltre, costantemente attivo con accesso diretto nella fascia 7-13, ha oggi eseguito 89 tamponi a soggetti in rientro da Croazia (74), Spagna (13), Grecia (2). L&#8217;unit\u00e0 di crisi Covid, attiva al Dipartimento di Prevenzione, \u00e8 stata anche oggi molto impegnata nella gestione di soggetti&hellip;<\/p>\n","protected":false},"author":4,"featured_media":129321,"comment_status":"closed","ping_status":"closed","sticky":false,"template":"","format":"standard","meta":{"_monsterinsights_skip_tracking":false,"_monsterinsights_sitenote_active":false,"_monsterinsights_sitenote_note":"","_monsterinsights_sitenote_category":0,"footnotes":""},"categories":[49],"tags":[],"class_list":["post-156734","post","type-post","status-publish","format-standard","has-post-thumbnail","hentry","category-news-18","category-49","description-off"],"img_url":"https:\/\/www.radiopiu.net\/wordpress\/wp-content\/uploads\/2020\/04\/COVID-2.jpg","_links":{"self":[{"href":"https:\/\/www.radiopiu.net\/wordpress\/wp-json\/wp\/v2\/posts\/156734","targetHints":{"allow":["GET"]}}],"collection":[{"href":"https:\/\/www.radiopiu.net\/wordpress\/wp-json\/wp\/v2\/posts"}],"about":[{"href":"https:\/\/www.radiopiu.net\/wordpress\/wp-json\/wp\/v2\/types\/post"}],"author":[{"embeddable":true,"href":"https:\/\/www.radiopiu.net\/wordpress\/wp-json\/wp\/v2\/users\/4"}],"replies":[{"embeddable":true,"href":"https:\/\/www.radiopiu.net\/wordpress\/wp-json\/wp\/v2\/comments?post=156734"}],"version-history":[{"count":0,"href":"https:\/\/www.radiopiu.net\/wordpress\/wp-json\/wp\/v2\/posts\/156734\/revisions"}],"wp:featuredmedia":[{"embeddable":true,"href":"https:\/\/www.radiopiu.net\/wordpress\/wp-json\/wp\/v2\/media\/129321"}],"wp:attachment":[{"href":"https:\/\/www.radiopiu.net\/wordpress\/wp-json\/wp\/v2\/media?parent=156734"}],"wp:term":[{"taxonomy":"category","embeddable":true,"href":"https:\/\/www.radiopiu.net\/wordpress\/wp-json\/wp\/v2\/categories?post=156734"},{"taxonomy":"post_tag","embeddable":true,"href":"https:\/\/www.radiopiu.net\/wordpress\/wp-json\/wp\/v2\/tags?post=156734"}],"curies":[{"name":"wp","href":"https:\/\/api.w.org\/{rel}","templated":true}]}}