{"id":156737,"date":"2020-08-23T23:55:17","date_gmt":"2020-08-23T21:55:17","guid":{"rendered":"https:\/\/www.radiopiu.net\/wordpress\/?p=156737"},"modified":"2020-08-23T16:24:05","modified_gmt":"2020-08-23T14:24:05","slug":"sui-passi-della-laudato-si-enciclica-di-papa-francesco-di-renato-bona","status":"publish","type":"post","link":"https:\/\/www.radiopiu.net\/wordpress\/sui-passi-della-laudato-si-enciclica-di-papa-francesco-di-renato-bona\/","title":{"rendered":"SUI PASSI DELLA \u201cLAUDATO S\u00cc\u201d ENCICLICA DI PAPA FRANCESCO di RENATO BONA"},"content":{"rendered":"<p><span class=\"_5yl5\"><strong><a class=\"dt-pswp-item\" href=\"https:\/\/www.radiopiu.net\/wordpress\/wp-content\/uploads\/2020\/08\/118227849_925693244589057_4697769498679875392_n.jpg\" data-dt-img-description=\"\" data-large_image_width=\"124\" data-large_image_height=\"189\"><img loading=\"lazy\" decoding=\"async\" class=\" wp-image-156738 alignleft\" src=\"https:\/\/www.radiopiu.net\/wordpress\/wp-content\/uploads\/2020\/08\/118227849_925693244589057_4697769498679875392_n.jpg\" alt=\"\" width=\"190\" height=\"290\" \/><\/a>\u00a0BELLUNO<\/strong> Bella davvero l\u2019iniziativa delle Parrocchie di Sovramonte, nel Feltrino, provincia di Belluno: in collaborazione con il Comune e l\u2019associazione Pro Loco hanno infatti varato il calendario di tre escursioni a piedi (la prima era in programma domenica 23) attraverso stradine e sentieri alle pendici del monte Vallazza, lungo i quali, oltre ad ammirare bellissimi paesaggi naturali e scorci della vita contadina, si possono visitare liberamente alcune case, baite di montagna e chiesette dove saranno esposte interessanti opere d\u2019arte: pitture, sculture, foto, ceramiche ed altri di vari autori. L\u2019annuncio \u00e8 stato dato dal sito telematico della Diocesi di Belluno-Feltre: \u201cchiesabellunofeltre\u201d dove si sottolinea che l\u2019iniziativa \u201cdesidera coniugare natura e arte nell\u2019esperienza di contemplazione, descritta da papa Francesco nell\u2019enciclica \u201cLaudato s\u00ec\u201d. Viene inoltre precisato che lungo il percorso sar\u00e0 possibile leggere alcuni brani della stessa enciclica che aiuteranno a comprendere e ad approfondirne il significato. Ai visitatori (cui viene suggerito di portarsi il pranzo al sacco) viene naturalmente sollecitato il massimo rispetto per l\u2019ambiente e le cose che si trovano lungo il percorso ed \u00e8 vivamente consigliato di seguire unicamente strade e sentieri indicati. L\u2019escursione, adatta a tutti, su un tracciato di poco superiore ai sei <a class=\"dt-pswp-item\" href=\"https:\/\/www.radiopiu.net\/wordpress\/wp-content\/uploads\/2020\/08\/118356229_725477067998325_6804103012676503814_n.jpg\" data-dt-img-description=\"\" data-large_image_width=\"960\" data-large_image_height=\"542\"><img loading=\"lazy\" decoding=\"async\" class=\"size-medium wp-image-156740 alignright\" src=\"https:\/\/www.radiopiu.net\/wordpress\/wp-content\/uploads\/2020\/08\/118356229_725477067998325_6804103012676503814_n-300x169.jpg\" alt=\"\" width=\"300\" height=\"169\" srcset=\"https:\/\/www.radiopiu.net\/wordpress\/wp-content\/uploads\/2020\/08\/118356229_725477067998325_6804103012676503814_n-300x169.jpg 300w, https:\/\/www.radiopiu.net\/wordpress\/wp-content\/uploads\/2020\/08\/118356229_725477067998325_6804103012676503814_n-768x434.jpg 768w, https:\/\/www.radiopiu.net\/wordpress\/wp-content\/uploads\/2020\/08\/118356229_725477067998325_6804103012676503814_n.jpg 960w\" sizes=\"auto, (max-width: 300px) 100vw, 300px\" \/><\/a>chilometri, con dislivello sui 250 metri, durer\u00e0 sulle 3-4 ore tenuto conto delle visite alle opere d\u2019arte esposte. La partenza \u00e8 fissata alle 8,30 dalla zona impianti sportivi della frazione Sorriva, dove ai partecipanti verr\u00e0 consegnato un foglio con le indicazioni del percorso che sar\u00e0 comunque indicato anche da appositi cartelli e che si snoder\u00e0 verso la chiesa di San Rocco, casa Camillo, casa \u201cSu ai Moz\u201d, la \u201cTana dell\u2019orso\u201d (di Roberta Dal Pra), casa tradizionale a gradoni, Pal\u00f9, casa sui Piazzoni, casera di Rioda, Pieve di Servo. Per altre informazioni si pu\u00f2 telefonare al 338-6487892. Ci piace a proposito dell\u2019Enciclica di Papa Bergoglio, citare quanto riportato sabato 6 giugno scorso sul sito \u201cavvenire.it\u201d: \u201cQuando cinque anni fa venne pubblicata, fu subito chiaro a molti che l\u2019enciclica Laudato si\u2019 era destinata a lasciare il segno non solo nella Dottrina sociale della Chiesa, ma anche nei processi politici, economici e naturalmente ecologici delle nostre societ\u00e0 globalizzate. Cinque anni dopo, e anche alla luce della drammatica esperienza del coronavirus, abbiamo ormai la prova da un lato delle intuizioni \u2018profetiche\u2019 del testo e dall\u2019altro della sua forza. Un dinamismo tale da farlo uscire dalle pagine di carta o dagli schermi del web, per trasformarlo in vita vissuta sia a livello internazionale e civile, sia per la Chiesa universale e le comunit\u00e0 ecclesiali locali. I frutti del documento di Francesco hanno infatti avviato processi ancora ben lungi dal concludersi\u2026 ma gi\u00e0 fecondi di ulteriori sviluppi in tutti i campi toccati dall\u2019enciclica. E non \u00e8 casuale che il Pontefice abbia proclamato un anno speciale di anniversario, per riflettere sull\u2019enciclica. Va detto comunque in premessa che la Laudato si\u2019 non \u00e8 nata all\u2019improvviso. Il retroterra culturale e magisteriale (si vedano a questo proposito i pontificati di san Giovanni Paolo II e Benedetto XVI) nel quale affondano le radici della <a class=\"dt-pswp-item\" href=\"https:\/\/www.radiopiu.net\/wordpress\/wp-content\/uploads\/2020\/08\/118187659_757730408400288_8596930696808936262_n.png\" data-dt-img-description=\"\" data-large_image_width=\"409\" data-large_image_height=\"303\"><img loading=\"lazy\" decoding=\"async\" class=\"size-medium wp-image-156739 alignleft\" src=\"https:\/\/www.radiopiu.net\/wordpress\/wp-content\/uploads\/2020\/08\/118187659_757730408400288_8596930696808936262_n-300x222.png\" alt=\"\" width=\"300\" height=\"222\" srcset=\"https:\/\/www.radiopiu.net\/wordpress\/wp-content\/uploads\/2020\/08\/118187659_757730408400288_8596930696808936262_n-300x222.png 300w, https:\/\/www.radiopiu.net\/wordpress\/wp-content\/uploads\/2020\/08\/118187659_757730408400288_8596930696808936262_n.png 409w\" sizes=\"auto, (max-width: 300px) 100vw, 300px\" \/><\/a>riflessione di papa Bergoglio \u00e8 vasto e ben documentato. Ma il primo frutto del documento \u00e8 la sua capacit\u00e0 di mettere in connessione aspetti che in precedenza venivano trattati settorialmente. Non a caso tra le espressioni pi\u00f9 citate c\u2019\u00e8 \u2018l\u2019ecologia integrale\u2019, che ne costituisce il vero cuore, il \u2018tutto \u00e8 connesso\u2019, che \u00e8 diventato quasi uno slogan, e la notazione secondo cui non ci sono due crisi separate, una ambientale e un\u2019altra sociale, bens\u00ec una sola e complessa crisi socio-ambientale\u201d. NELLE FOTO (sito chiesabellunofeltre e Wikipedia): la chiesa di San Rocco, la Pieve di Servo, Papa Francesco nella copertina del libro con l\u2019enciclica \u201cLaudato si\u2019\u201d.<\/span><\/p>\n","protected":false},"excerpt":{"rendered":"<p>\u00a0BELLUNO Bella davvero l\u2019iniziativa delle Parrocchie di Sovramonte, nel Feltrino, provincia di Belluno: in collaborazione con il Comune e l\u2019associazione Pro Loco hanno infatti varato il calendario di tre escursioni a piedi (la prima era in programma domenica 23) attraverso stradine e sentieri alle pendici del monte Vallazza, lungo i quali, oltre ad ammirare bellissimi&hellip;<\/p>\n","protected":false},"author":4,"featured_media":156739,"comment_status":"closed","ping_status":"closed","sticky":false,"template":"","format":"standard","meta":{"_monsterinsights_skip_tracking":false,"_monsterinsights_sitenote_active":false,"_monsterinsights_sitenote_note":"","_monsterinsights_sitenote_category":0,"footnotes":""},"categories":[49],"tags":[],"class_list":["post-156737","post","type-post","status-publish","format-standard","has-post-thumbnail","hentry","category-news-18","category-49","description-off"],"img_url":"https:\/\/www.radiopiu.net\/wordpress\/wp-content\/uploads\/2020\/08\/118187659_757730408400288_8596930696808936262_n.png","_links":{"self":[{"href":"https:\/\/www.radiopiu.net\/wordpress\/wp-json\/wp\/v2\/posts\/156737","targetHints":{"allow":["GET"]}}],"collection":[{"href":"https:\/\/www.radiopiu.net\/wordpress\/wp-json\/wp\/v2\/posts"}],"about":[{"href":"https:\/\/www.radiopiu.net\/wordpress\/wp-json\/wp\/v2\/types\/post"}],"author":[{"embeddable":true,"href":"https:\/\/www.radiopiu.net\/wordpress\/wp-json\/wp\/v2\/users\/4"}],"replies":[{"embeddable":true,"href":"https:\/\/www.radiopiu.net\/wordpress\/wp-json\/wp\/v2\/comments?post=156737"}],"version-history":[{"count":0,"href":"https:\/\/www.radiopiu.net\/wordpress\/wp-json\/wp\/v2\/posts\/156737\/revisions"}],"wp:featuredmedia":[{"embeddable":true,"href":"https:\/\/www.radiopiu.net\/wordpress\/wp-json\/wp\/v2\/media\/156739"}],"wp:attachment":[{"href":"https:\/\/www.radiopiu.net\/wordpress\/wp-json\/wp\/v2\/media?parent=156737"}],"wp:term":[{"taxonomy":"category","embeddable":true,"href":"https:\/\/www.radiopiu.net\/wordpress\/wp-json\/wp\/v2\/categories?post=156737"},{"taxonomy":"post_tag","embeddable":true,"href":"https:\/\/www.radiopiu.net\/wordpress\/wp-json\/wp\/v2\/tags?post=156737"}],"curies":[{"name":"wp","href":"https:\/\/api.w.org\/{rel}","templated":true}]}}