{"id":156787,"date":"2020-08-24T13:30:06","date_gmt":"2020-08-24T11:30:06","guid":{"rendered":"https:\/\/www.radiopiu.net\/wordpress\/?p=156787"},"modified":"2020-08-23T18:22:47","modified_gmt":"2020-08-23T16:22:47","slug":"i-racconti-di-paolo-soppelsa-trentasettesima-puntata","status":"publish","type":"post","link":"https:\/\/www.radiopiu.net\/wordpress\/i-racconti-di-paolo-soppelsa-trentasettesima-puntata\/","title":{"rendered":"I RACCONTI DI PAOLO SOPPELSA TRENTASETTESIMA PUNTATA"},"content":{"rendered":"<p><strong>ROMANO E IL SILENZIO\u00a0<\/strong><strong>(storie di fantasia ma non troppo dal lockdown)<\/strong><\/p>\n<p><em><strong>AUDIO<\/strong><\/em><\/p>\n<audio class=\"wp-audio-shortcode\" id=\"audio-156787-1\" preload=\"none\" style=\"width: 100%;\" controls=\"controls\"><source type=\"audio\/mpeg\" src=\"https:\/\/www.radiopiu.net\/wordpress\/wp-content\/uploads\/2020\/08\/PAOLO-SOPPELSA-ROMANO-E-IL-SILENZIO.mp3?_=1\" \/><a href=\"https:\/\/www.radiopiu.net\/wordpress\/wp-content\/uploads\/2020\/08\/PAOLO-SOPPELSA-ROMANO-E-IL-SILENZIO.mp3\">https:\/\/www.radiopiu.net\/wordpress\/wp-content\/uploads\/2020\/08\/PAOLO-SOPPELSA-ROMANO-E-IL-SILENZIO.mp3<\/a><\/audio>\n<p>&nbsp;<\/p>\n<p><a class=\"dt-pswp-item\" href=\"https:\/\/www.radiopiu.net\/wordpress\/wp-content\/uploads\/2020\/08\/01248d52-64f3-441a-9b77-22fbffa99f62.jpg\" data-dt-img-description=\"\" data-large_image_width=\"1080\" data-large_image_height=\"609\"><img loading=\"lazy\" decoding=\"async\" class=\"size-medium wp-image-156789 alignleft\" src=\"https:\/\/www.radiopiu.net\/wordpress\/wp-content\/uploads\/2020\/08\/01248d52-64f3-441a-9b77-22fbffa99f62-300x169.jpg\" alt=\"\" width=\"300\" height=\"169\" srcset=\"https:\/\/www.radiopiu.net\/wordpress\/wp-content\/uploads\/2020\/08\/01248d52-64f3-441a-9b77-22fbffa99f62-300x169.jpg 300w, https:\/\/www.radiopiu.net\/wordpress\/wp-content\/uploads\/2020\/08\/01248d52-64f3-441a-9b77-22fbffa99f62-1024x577.jpg 1024w, https:\/\/www.radiopiu.net\/wordpress\/wp-content\/uploads\/2020\/08\/01248d52-64f3-441a-9b77-22fbffa99f62-768x433.jpg 768w, https:\/\/www.radiopiu.net\/wordpress\/wp-content\/uploads\/2020\/08\/01248d52-64f3-441a-9b77-22fbffa99f62.jpg 1080w\" sizes=\"auto, (max-width: 300px) 100vw, 300px\" \/><\/a>Romano vive lass\u00f9, dove il sole d\u2019estate scavalca il Pelsa poco dopo le otto. E\u2019 nato nella casa dove abita, situata in una piccola frazione con poche case ad ancor meno persone. Corporatura robusta, baffo ingrigito ed un po\u2019 di mal di schiena \u201cma no me lamente pi de tant, le ki che sta pedo ala m\u00e8 et\u00e0\u2026\u201d Che l\u2019et\u00e0 \u00e8 quasi settanta ma portati bene. Romano \u00e8 il guardiano di un mondo di silenzi dove il Coronavirus \u00e8 solo un\u2019idea sfuocata, per lui. Che vive da sempre in una quarantena perenne fatta di solitudine e tacere. Cordiale, di poche parole che escono centellinate da sotto il baffo. Centellinati sono pure i soldi della sua pensione. Quella \u201cminima\u201d che un giorno ha scelto lui stesso. Quanti soldi gli sarebbero serviti al mese per vivere la sua vita di silenzi? Non tanti, quelli che avrebbe guadagnato gli sarebbero bastati per ci\u00f2 che desiderava. Avrebbe sicuramente guadagnato altre cose che avevano ed hanno pi\u00f9 valore. Romano vive da solo, un po&#8217; per scelta ed un po\u2019 perch\u00e9 il destino ha deciso cos\u00ec. Libero di prendere le sue decisioni, libero di avere tempo per vivere la sua vita di silenzi. Perch\u00e9 l\u2019ha capito in fretta che l\u2019avere tempo \u00e8 una delle pi\u00f9 grandi ricchezze. Il suo \u00e8 un vivere ordinato, scandito dalle stagioni che lass\u00f9 sono ancora stagioni normali. Con gli autunni colorati e gli inverni dove la neve si fa vedere ancora abbastanza spesso. I lavori da fare intorno a casa scandiscono le sue giornate: il grande orto con le file tirate con lo spago, d\u2019estate l\u2019erba da tenere rasata come su di un campo da golf. E poi la legna, accatastata in ordine a tonnellate. Messa a stagionare secondo una logica precisa, appresa dai suoi genitori e dai suoi nonni. Qualche ora di lavoro alla settimana per assicurarsi il calore sprigionato dal &#8220;fornel&#8221; nella stagione dove i silenzi sono ancora pi\u00f9 silenzi. Una vita quasi autarchica, pressoch\u00e9 autosufficiente. La legna, le uova delle quattro o cinque galline. La verdura del grande orto. Il resto lo compra quando scende in paese con l\u2019Ape. Poi ritorna su a curare i meli che ogni anno gli regalano piccoli e succulenti frutti che vanno a profumare la cantina. Verso la fine dell\u2019autunno, quando i larici sono ormai spogli, l\u2019acquisto di un po\u2019 di carne per \u201cfa su en cin de becaria\u201d. Giusto per mantenere un po\u2019 la tradizione e gustarsi qualche salame e \u201c\u2026\u2019npoche de luganeghe\u201d. Romano non ha frequentato le \u201cscole alte\u201d, non \u00e8 laureato in psicologia. Ma lo sa bene che la solitudine pu\u00f2 essere una compagna cattiva. Tanti, troppi ne ha visti finire male. Vite lasciate cadere nel baratro dell\u2019alcool, nell\u2019inedia del far sempre meno fino a spegnersi. Un bicchiere di rosso a pranzo ed uno a cena. Sveglia all\u2019alba e la sera a dormire presto. Che la TV ce l\u2019ha ma la guarda poco, giusto per sapere cosa accade aldil\u00e0 di quelle montagne che sono la sua vita. Il tenersi in ordine, con le sue camicie a quadri ed i suoi jeans fuori moda ma sempre puliti. Un\u2019essenzialit\u00e0 curata e voluta. Una vita che ha avuto il coraggio di scegliersi, un rallentare il ritmo quando il mondo stava accelerando sempre di pi\u00f9. Romano non \u00e8 maestro in niente ma \u00e8 maestro in tutto. Laureato con lode nella gestione di quella cosa che spaventa il nostro mondo iper-connesso e che si chiama solitudine. Romano avr\u00e0 sentito parlare del Coronavirus. Si sar\u00e0 pure fornito di guanti e mascherina per quando scender\u00e0 in paese a fare la spesa. Se scender\u00e0. Forse per un bel po\u2019 in paese non vedranno nemmeno arrivare l\u2019Ape verde. Rimarr\u00e0 lass\u00f9, a vivere la sua perenne quarantena curando l\u2019orto e spaccando le sue \u201clegne\u201d. Ed un mezzo sorriso apparir\u00e0 sotto il baffo. Perch\u00e9, alla fine, aveva ragione lui.<\/p>\n","protected":false},"excerpt":{"rendered":"<p>ROMANO E IL SILENZIO\u00a0(storie di fantasia ma non troppo dal lockdown) AUDIO &nbsp; Romano vive lass\u00f9, dove il sole d\u2019estate scavalca il Pelsa poco dopo le otto. E\u2019 nato nella casa dove abita, situata in una piccola frazione con poche case ad ancor meno persone. Corporatura robusta, baffo ingrigito ed un po\u2019 di mal di&hellip;<\/p>\n","protected":false},"author":4,"featured_media":156789,"comment_status":"closed","ping_status":"closed","sticky":false,"template":"","format":"standard","meta":{"_monsterinsights_skip_tracking":false,"_monsterinsights_sitenote_active":false,"_monsterinsights_sitenote_note":"","_monsterinsights_sitenote_category":0,"footnotes":""},"categories":[49,112],"tags":[],"class_list":["post-156787","post","type-post","status-publish","format-standard","has-post-thumbnail","hentry","category-news-18","category-racconti-soppelsa","category-49","category-112","description-off"],"img_url":"https:\/\/www.radiopiu.net\/wordpress\/wp-content\/uploads\/2020\/08\/01248d52-64f3-441a-9b77-22fbffa99f62.jpg","_links":{"self":[{"href":"https:\/\/www.radiopiu.net\/wordpress\/wp-json\/wp\/v2\/posts\/156787","targetHints":{"allow":["GET"]}}],"collection":[{"href":"https:\/\/www.radiopiu.net\/wordpress\/wp-json\/wp\/v2\/posts"}],"about":[{"href":"https:\/\/www.radiopiu.net\/wordpress\/wp-json\/wp\/v2\/types\/post"}],"author":[{"embeddable":true,"href":"https:\/\/www.radiopiu.net\/wordpress\/wp-json\/wp\/v2\/users\/4"}],"replies":[{"embeddable":true,"href":"https:\/\/www.radiopiu.net\/wordpress\/wp-json\/wp\/v2\/comments?post=156787"}],"version-history":[{"count":0,"href":"https:\/\/www.radiopiu.net\/wordpress\/wp-json\/wp\/v2\/posts\/156787\/revisions"}],"wp:featuredmedia":[{"embeddable":true,"href":"https:\/\/www.radiopiu.net\/wordpress\/wp-json\/wp\/v2\/media\/156789"}],"wp:attachment":[{"href":"https:\/\/www.radiopiu.net\/wordpress\/wp-json\/wp\/v2\/media?parent=156787"}],"wp:term":[{"taxonomy":"category","embeddable":true,"href":"https:\/\/www.radiopiu.net\/wordpress\/wp-json\/wp\/v2\/categories?post=156787"},{"taxonomy":"post_tag","embeddable":true,"href":"https:\/\/www.radiopiu.net\/wordpress\/wp-json\/wp\/v2\/tags?post=156787"}],"curies":[{"name":"wp","href":"https:\/\/api.w.org\/{rel}","templated":true}]}}