{"id":156794,"date":"2020-08-24T06:00:11","date_gmt":"2020-08-24T04:00:11","guid":{"rendered":"https:\/\/www.radiopiu.net\/wordpress\/?p=156794"},"modified":"2020-08-24T08:23:54","modified_gmt":"2020-08-24T06:23:54","slug":"anche-la-minoranza-ladina-al-forum-di-alpbach","status":"publish","type":"post","link":"https:\/\/www.radiopiu.net\/wordpress\/anche-la-minoranza-ladina-al-forum-di-alpbach\/","title":{"rendered":"ANCHE LA MINORANZA LADINA AL FORUM DI ALPBACH"},"content":{"rendered":"<p><strong><a class=\"dt-pswp-item\" href=\"https:\/\/www.radiopiu.net\/wordpress\/wp-content\/uploads\/2020\/08\/118230333_10217271115518141_7430592553861705634_n.jpg\" data-dt-img-description=\"\" data-large_image_width=\"960\" data-large_image_height=\"720\"><img loading=\"lazy\" decoding=\"async\" class=\" wp-image-156795 alignleft\" src=\"https:\/\/www.radiopiu.net\/wordpress\/wp-content\/uploads\/2020\/08\/118230333_10217271115518141_7430592553861705634_n-300x225.jpg\" alt=\"\" width=\"235\" height=\"175\" srcset=\"https:\/\/www.radiopiu.net\/wordpress\/wp-content\/uploads\/2020\/08\/118230333_10217271115518141_7430592553861705634_n-300x225.jpg 300w, https:\/\/www.radiopiu.net\/wordpress\/wp-content\/uploads\/2020\/08\/118230333_10217271115518141_7430592553861705634_n-768x576.jpg 768w, https:\/\/www.radiopiu.net\/wordpress\/wp-content\/uploads\/2020\/08\/118230333_10217271115518141_7430592553861705634_n.jpg 960w\" sizes=\"auto, (max-width: 235px) 100vw, 235px\" \/><\/a><strong class=\"photoswipe-wrapper\">COLLE SANTA LUCIA<\/strong><\/strong> Denni Dorigo, direttore dell\u2019Istitut Cultural Ladin Cesa de Jan con la sua presenza ad Alpbach ha garantito la presenza ladina di Col, Ampezo e Livinallongo \u00a0al Forum Europeo. In questa occasione i rappresentanti delle istituzioni pi\u00f9 importanti dell\u2019Euregio si sono confrontati su come sar\u00e0 possibile, nel futuro, portare avanti importanti progettualit\u00e0 comuni che vadano oltre i confini provinciali, regionali e nazionali! <em>\u201cLa minoranza ladina era presente\u201d<\/em> rimarca con orgoglio Denni Dorigo anche con un messaggio in ladino<em> \u201cNcuoi \u00e8 b\u00f9 l onour de t\u00f2 pert al Tiroltag del European Forum de Alpbach! L \u00e9 st\u00e9 n moment de confront n\u00e1nter le istituzion del Euregio, per cap\u00ed co f\u00e8 per port\u00e9 nnav\u00e1nt deberiada <\/em><strong><em>n valgugn aspec de gran mport\u00e1nza per le comunit\u00e9\u2026ence soura i confins provinziai, regionai e nazionai!\u201d<\/em><br \/>\n<\/strong><\/p>\n<p><strong>AI MICROFONI DI RADIO PIU, DENNI DORIGO<\/strong><\/p>\n<audio class=\"wp-audio-shortcode\" id=\"audio-156794-1\" preload=\"none\" style=\"width: 100%;\" controls=\"controls\"><source type=\"audio\/mpeg\" src=\"https:\/\/www.radiopiu.net\/wordpress\/wp-content\/uploads\/2020\/08\/denni-dorigo.mp3?_=1\" \/><a href=\"https:\/\/www.radiopiu.net\/wordpress\/wp-content\/uploads\/2020\/08\/denni-dorigo.mp3\">https:\/\/www.radiopiu.net\/wordpress\/wp-content\/uploads\/2020\/08\/denni-dorigo.mp3<\/a><\/audio>\n<p>&nbsp;<\/p>\n","protected":false},"excerpt":{"rendered":"<p>COLLE SANTA LUCIA Denni Dorigo, direttore dell\u2019Istitut Cultural Ladin Cesa de Jan con la sua presenza ad Alpbach ha garantito la presenza ladina di Col, Ampezo e Livinallongo \u00a0al Forum Europeo. In questa occasione i rappresentanti delle istituzioni pi\u00f9 importanti dell\u2019Euregio si sono confrontati su come sar\u00e0 possibile, nel futuro, portare avanti importanti progettualit\u00e0 comuni&hellip;<\/p>\n","protected":false},"author":4,"featured_media":156795,"comment_status":"closed","ping_status":"closed","sticky":false,"template":"","format":"standard","meta":{"_monsterinsights_skip_tracking":false,"_monsterinsights_sitenote_active":false,"_monsterinsights_sitenote_note":"","_monsterinsights_sitenote_category":0,"footnotes":""},"categories":[49],"tags":[],"class_list":["post-156794","post","type-post","status-publish","format-standard","has-post-thumbnail","hentry","category-news-18","category-49","description-off"],"img_url":"https:\/\/www.radiopiu.net\/wordpress\/wp-content\/uploads\/2020\/08\/118230333_10217271115518141_7430592553861705634_n.jpg","_links":{"self":[{"href":"https:\/\/www.radiopiu.net\/wordpress\/wp-json\/wp\/v2\/posts\/156794","targetHints":{"allow":["GET"]}}],"collection":[{"href":"https:\/\/www.radiopiu.net\/wordpress\/wp-json\/wp\/v2\/posts"}],"about":[{"href":"https:\/\/www.radiopiu.net\/wordpress\/wp-json\/wp\/v2\/types\/post"}],"author":[{"embeddable":true,"href":"https:\/\/www.radiopiu.net\/wordpress\/wp-json\/wp\/v2\/users\/4"}],"replies":[{"embeddable":true,"href":"https:\/\/www.radiopiu.net\/wordpress\/wp-json\/wp\/v2\/comments?post=156794"}],"version-history":[{"count":0,"href":"https:\/\/www.radiopiu.net\/wordpress\/wp-json\/wp\/v2\/posts\/156794\/revisions"}],"wp:featuredmedia":[{"embeddable":true,"href":"https:\/\/www.radiopiu.net\/wordpress\/wp-json\/wp\/v2\/media\/156795"}],"wp:attachment":[{"href":"https:\/\/www.radiopiu.net\/wordpress\/wp-json\/wp\/v2\/media?parent=156794"}],"wp:term":[{"taxonomy":"category","embeddable":true,"href":"https:\/\/www.radiopiu.net\/wordpress\/wp-json\/wp\/v2\/categories?post=156794"},{"taxonomy":"post_tag","embeddable":true,"href":"https:\/\/www.radiopiu.net\/wordpress\/wp-json\/wp\/v2\/tags?post=156794"}],"curies":[{"name":"wp","href":"https:\/\/api.w.org\/{rel}","templated":true}]}}