{"id":156836,"date":"2020-08-23T21:30:06","date_gmt":"2020-08-23T19:30:06","guid":{"rendered":"https:\/\/www.radiopiu.net\/wordpress\/?p=156836"},"modified":"2020-08-23T21:30:06","modified_gmt":"2020-08-23T19:30:06","slug":"un-inno-alla-gioia-doppio-concerto-di-silvia-tessari-a-falcade","status":"publish","type":"post","link":"https:\/\/www.radiopiu.net\/wordpress\/un-inno-alla-gioia-doppio-concerto-di-silvia-tessari-a-falcade\/","title":{"rendered":"UN INNO ALLA GIOIA: DOPPIO CONCERTO DI SILVIA TESSARI A FALCADE"},"content":{"rendered":"<blockquote>\n<h3><\/h3>\n<\/blockquote>\n<p><strong><a class=\"dt-pswp-item\" href=\"https:\/\/www.radiopiu.net\/wordpress\/wp-content\/uploads\/2020\/08\/SILVIA-TESSARI.jpg\" data-dt-img-description=\"\" data-large_image_width=\"2266\" data-large_image_height=\"2463\"><img loading=\"lazy\" decoding=\"async\" class=\"size-medium wp-image-156711 alignleft\" src=\"https:\/\/www.radiopiu.net\/wordpress\/wp-content\/uploads\/2020\/08\/SILVIA-TESSARI-276x300.jpg\" alt=\"\" width=\"276\" height=\"300\" srcset=\"https:\/\/www.radiopiu.net\/wordpress\/wp-content\/uploads\/2020\/08\/SILVIA-TESSARI-276x300.jpg 276w, https:\/\/www.radiopiu.net\/wordpress\/wp-content\/uploads\/2020\/08\/SILVIA-TESSARI-942x1024.jpg 942w, https:\/\/www.radiopiu.net\/wordpress\/wp-content\/uploads\/2020\/08\/SILVIA-TESSARI-768x835.jpg 768w, https:\/\/www.radiopiu.net\/wordpress\/wp-content\/uploads\/2020\/08\/SILVIA-TESSARI-1413x1536.jpg 1413w, https:\/\/www.radiopiu.net\/wordpress\/wp-content\/uploads\/2020\/08\/SILVIA-TESSARI-1884x2048.jpg 1884w\" sizes=\"auto, (max-width: 276px) 100vw, 276px\" \/><\/a>FALCADE\u00a0<\/strong>Rigoroso rispetto delle misure di sicurezza sanitaria, rinascita delle arti, comunicazione del bello unito alla speranza, desiderio di imbandire ancora una tavola di spettacolo, divertimento, ma anche commozione per valligiani e turisti. Questo ha portato la pianista Silvia Tessari, con il sostegno del comune di Falcade, della Proloco di Caviola e della parrocchia, a organizzare anche in questi tempi \u201ccomplicati\u201d per il 12 agosto alla Casa della Giovent\u00f9 di Caviola il tradizionale recital estivo, quest\u2019anno intitolato \u201cUn inno alla gioia\u201d.\u00a0La contingenza ha causato un superlavoro organizzativo non da poco: dell\u2019ampia e confortevole sala, chiusa e solitaria dall\u2019inverno, pronta ad accogliere oltre 180 persone, se n\u2019\u00e8 potuta riempire meno della met\u00e0, per garantire l\u2019opportuno distanziamento. \u00c8 stato necessario ricevere le prenotazioni, assegnare i posti nominativi, oltre alle operazioni di sanificazione. Le numerose prenotazioni giunte alla Tessari l\u2019hanno portata a tenere gratuitamente un secondo recital (sempre ad ingresso libero) lo stesso giorno, per consentire cos\u00ec a quasi tutti di assistere allo spettacolo.\u00a0Ad inizio programma, la colossale trascrizione di Franz Liszt dell\u2019ultimo movimento della Nona Sinfonia di Ludwig van Beethoven, con il famosissimo Inno alla gioia. Un tripudio di colori e passaggi di elevato virtuosismo per rendere la forte dichiarazione beethoveniana d\u2019amore per l\u2019umanit\u00e0 e di speranza in una futura gioiosa libert\u00e0 per tutti. Pi\u00f9 delicate e introspettive tre pagine chopiniane, pronte a comunicare all\u2019ascoltatore lontane nostalgie e sentimenti preziosi. Tra i brani eseguiti, anche la <i>Fantasia del viandante<\/i> di Franz Schubert, sempre tesa a ricercare una patria del cuore cui pare impossibile giungere, il sarcastico e brillante <i>Mephisto Valzer <\/i>di Liszt, ispirato al mito di Faust, e, per concludere, la celeberrima <i>Ave Maria <\/i>di Schubert in una trascrizione di Liszt che ne rende al meglio l\u2019atmosfera di preghiera.\u00a0\u00a0Un concerto che ha appassionato il pubblico e che si \u00e8 fatto portatore di una speranza di salute, sicurezza e ripresa per le nostre vallate.<\/p>\n","protected":false},"excerpt":{"rendered":"<p>FALCADE\u00a0Rigoroso rispetto delle misure di sicurezza sanitaria, rinascita delle arti, comunicazione del bello unito alla speranza, desiderio di imbandire ancora una tavola di spettacolo, divertimento, ma anche commozione per valligiani e turisti. Questo ha portato la pianista Silvia Tessari, con il sostegno del comune di Falcade, della Proloco di Caviola e della parrocchia, a organizzare&hellip;<\/p>\n","protected":false},"author":4,"featured_media":156711,"comment_status":"closed","ping_status":"closed","sticky":false,"template":"","format":"standard","meta":{"_monsterinsights_skip_tracking":false,"_monsterinsights_sitenote_active":false,"_monsterinsights_sitenote_note":"","_monsterinsights_sitenote_category":0,"footnotes":""},"categories":[49],"tags":[],"class_list":["post-156836","post","type-post","status-publish","format-standard","has-post-thumbnail","hentry","category-news-18","category-49","description-off"],"img_url":"https:\/\/www.radiopiu.net\/wordpress\/wp-content\/uploads\/2020\/08\/SILVIA-TESSARI.jpg","_links":{"self":[{"href":"https:\/\/www.radiopiu.net\/wordpress\/wp-json\/wp\/v2\/posts\/156836","targetHints":{"allow":["GET"]}}],"collection":[{"href":"https:\/\/www.radiopiu.net\/wordpress\/wp-json\/wp\/v2\/posts"}],"about":[{"href":"https:\/\/www.radiopiu.net\/wordpress\/wp-json\/wp\/v2\/types\/post"}],"author":[{"embeddable":true,"href":"https:\/\/www.radiopiu.net\/wordpress\/wp-json\/wp\/v2\/users\/4"}],"replies":[{"embeddable":true,"href":"https:\/\/www.radiopiu.net\/wordpress\/wp-json\/wp\/v2\/comments?post=156836"}],"version-history":[{"count":0,"href":"https:\/\/www.radiopiu.net\/wordpress\/wp-json\/wp\/v2\/posts\/156836\/revisions"}],"wp:featuredmedia":[{"embeddable":true,"href":"https:\/\/www.radiopiu.net\/wordpress\/wp-json\/wp\/v2\/media\/156711"}],"wp:attachment":[{"href":"https:\/\/www.radiopiu.net\/wordpress\/wp-json\/wp\/v2\/media?parent=156836"}],"wp:term":[{"taxonomy":"category","embeddable":true,"href":"https:\/\/www.radiopiu.net\/wordpress\/wp-json\/wp\/v2\/categories?post=156836"},{"taxonomy":"post_tag","embeddable":true,"href":"https:\/\/www.radiopiu.net\/wordpress\/wp-json\/wp\/v2\/tags?post=156836"}],"curies":[{"name":"wp","href":"https:\/\/api.w.org\/{rel}","templated":true}]}}