{"id":156845,"date":"2020-08-24T06:01:17","date_gmt":"2020-08-24T04:01:17","guid":{"rendered":"https:\/\/www.radiopiu.net\/wordpress\/?p=156845"},"modified":"2020-08-24T09:15:30","modified_gmt":"2020-08-24T07:15:30","slug":"ponte-nelle-alpi-riecco-i-vandali","status":"publish","type":"post","link":"https:\/\/www.radiopiu.net\/wordpress\/ponte-nelle-alpi-riecco-i-vandali\/","title":{"rendered":"PONTE NELLE ALPI, RIECCO I VANDALI"},"content":{"rendered":"<blockquote>\n<h3><\/h3>\n<\/blockquote>\n<p><strong><a class=\"dt-pswp-item\" href=\"https:\/\/www.radiopiu.net\/wordpress\/wp-content\/uploads\/2020\/08\/118135879_2664047397187606_642860293540736432_o.jpg\" data-dt-img-description=\"\" data-large_image_width=\"960\" data-large_image_height=\"960\"><img loading=\"lazy\" decoding=\"async\" class=\"size-medium wp-image-156844 alignleft\" src=\"https:\/\/www.radiopiu.net\/wordpress\/wp-content\/uploads\/2020\/08\/118135879_2664047397187606_642860293540736432_o-300x300.jpg\" alt=\"\" width=\"300\" height=\"300\" srcset=\"https:\/\/www.radiopiu.net\/wordpress\/wp-content\/uploads\/2020\/08\/118135879_2664047397187606_642860293540736432_o-300x300.jpg 300w, https:\/\/www.radiopiu.net\/wordpress\/wp-content\/uploads\/2020\/08\/118135879_2664047397187606_642860293540736432_o-150x150.jpg 150w, https:\/\/www.radiopiu.net\/wordpress\/wp-content\/uploads\/2020\/08\/118135879_2664047397187606_642860293540736432_o-768x768.jpg 768w, https:\/\/www.radiopiu.net\/wordpress\/wp-content\/uploads\/2020\/08\/118135879_2664047397187606_642860293540736432_o.jpg 960w\" sizes=\"auto, (max-width: 300px) 100vw, 300px\" \/><\/a>PONTE NELLE ALPI<\/strong>Di nuovo i vandali a ponte nella Alpi, dalla pagina Pontenellealpi.eu del comitato frazionale:&#8221;<br \/>\n<em>E ci risiamo, di nuovo, incessantemente. Ci troviamo davanti ad uno scempio allucinante, scritte, graffiti volgarit\u00e0 incisi su beni pubblici. Sono ragazzini, forse appena adolescenti, ai quali noi vogliamo dire con esasperazione: &#8220;vergognatevi deficienti&#8221;. Non ci possono essere mezzi termini per descrivere la delusione e la frustrazione di trovarsi ogni settimana &#8220;punto a capo&#8221;, di pulire e rimuovere sporcizia, scritte e altri atti di vandalismo che questi lavativi fanno di continuo per sentirsi grandi o per provare un p\u00f2 di brivido. La cosa che pi\u00f9 preoccupa per\u00f2 sono i genitori che, come gi\u00e0 accaduto recentemente, difendono a spada tratta i loro poveri pupilli anche davanti all&#8217;ovviet\u00e0 delle prove incriminanti presentate loro.\u00a0 Non c&#8217;\u00e8 rispetto, ne&#8217; per gli spazi pubblici, ne&#8217; per il lavoro di VOLONTARIATO che svolgiamo quotidianamente. Ora, per l&#8217;ennesima volta ci rivolgeremo alle autorit\u00e0, e grazie all&#8217;aiuto del Comune di Ponte nelle Alpi e della Polizia Locale, andremo a visionare le immagini delle telecamere di sorveglianza per individuare i responsabili di questi atti vandalici vergognosi. Non ci vuole solo senso civico, bens\u00ec senso di responsabilit\u00e0 per quello che si fa e per quello che fanno i nostri figli.<\/em><strong><br \/>\n<\/strong><\/p>\n<p>&nbsp;<\/p>\n","protected":false},"excerpt":{"rendered":"<p>PONTE NELLE ALPIDi nuovo i vandali a ponte nella Alpi, dalla pagina Pontenellealpi.eu del comitato frazionale:&#8221; E ci risiamo, di nuovo, incessantemente. Ci troviamo davanti ad uno scempio allucinante, scritte, graffiti volgarit\u00e0 incisi su beni pubblici. Sono ragazzini, forse appena adolescenti, ai quali noi vogliamo dire con esasperazione: &#8220;vergognatevi deficienti&#8221;. Non ci possono essere mezzi&hellip;<\/p>\n","protected":false},"author":4,"featured_media":156844,"comment_status":"closed","ping_status":"closed","sticky":false,"template":"","format":"standard","meta":{"_monsterinsights_skip_tracking":false,"_monsterinsights_sitenote_active":false,"_monsterinsights_sitenote_note":"","_monsterinsights_sitenote_category":0,"footnotes":""},"categories":[49],"tags":[],"class_list":["post-156845","post","type-post","status-publish","format-standard","has-post-thumbnail","hentry","category-news-18","category-49","description-off"],"img_url":"https:\/\/www.radiopiu.net\/wordpress\/wp-content\/uploads\/2020\/08\/118135879_2664047397187606_642860293540736432_o.jpg","_links":{"self":[{"href":"https:\/\/www.radiopiu.net\/wordpress\/wp-json\/wp\/v2\/posts\/156845","targetHints":{"allow":["GET"]}}],"collection":[{"href":"https:\/\/www.radiopiu.net\/wordpress\/wp-json\/wp\/v2\/posts"}],"about":[{"href":"https:\/\/www.radiopiu.net\/wordpress\/wp-json\/wp\/v2\/types\/post"}],"author":[{"embeddable":true,"href":"https:\/\/www.radiopiu.net\/wordpress\/wp-json\/wp\/v2\/users\/4"}],"replies":[{"embeddable":true,"href":"https:\/\/www.radiopiu.net\/wordpress\/wp-json\/wp\/v2\/comments?post=156845"}],"version-history":[{"count":0,"href":"https:\/\/www.radiopiu.net\/wordpress\/wp-json\/wp\/v2\/posts\/156845\/revisions"}],"wp:featuredmedia":[{"embeddable":true,"href":"https:\/\/www.radiopiu.net\/wordpress\/wp-json\/wp\/v2\/media\/156844"}],"wp:attachment":[{"href":"https:\/\/www.radiopiu.net\/wordpress\/wp-json\/wp\/v2\/media?parent=156845"}],"wp:term":[{"taxonomy":"category","embeddable":true,"href":"https:\/\/www.radiopiu.net\/wordpress\/wp-json\/wp\/v2\/categories?post=156845"},{"taxonomy":"post_tag","embeddable":true,"href":"https:\/\/www.radiopiu.net\/wordpress\/wp-json\/wp\/v2\/tags?post=156845"}],"curies":[{"name":"wp","href":"https:\/\/api.w.org\/{rel}","templated":true}]}}