{"id":156904,"date":"2020-08-24T11:37:11","date_gmt":"2020-08-24T09:37:11","guid":{"rendered":"https:\/\/www.radiopiu.net\/wordpress\/?p=156904"},"modified":"2020-08-24T11:37:11","modified_gmt":"2020-08-24T09:37:11","slug":"alla-guida-dopo-aver-assunto-alcool-patente-ritirata","status":"publish","type":"post","link":"https:\/\/www.radiopiu.net\/wordpress\/alla-guida-dopo-aver-assunto-alcool-patente-ritirata\/","title":{"rendered":"ALLA GUIDA DOPO AVER ASSUNTO ALCOOL, PATENTE RITIRATA"},"content":{"rendered":"<div class=\"im_history_message_wrap\">\n<div class=\"im_message_outer_wrap hasselect\" data-msg-id=\"13840\">\n<div class=\"im_message_wrap clearfix\">\n<div class=\"im_content_message_wrap im_message_in\">\n<div class=\"im_message_body\">\n<div>\n<div class=\"im_message_text\" dir=\"auto\"><strong><img loading=\"lazy\" decoding=\"async\" class=\"alignleft\" src=\"https:\/\/www.radiopiu.net\/wordpress\/wp-content\/uploads\/2015\/05\/CARABINIERI-FOTO-300x199.jpg\" width=\"96\" height=\"64\" \/>FALCADE<\/strong>\u00a0 Nel fine settimana i Carabinieri di Falcade hanno fermato un agordino, G.F. di 56 anni, per un normale controllo. Al test alcoolimetrico il valore \u00e8 schizzato a 1,05, poco pi\u00f9 del doppio del consentito (0,50). Per questo \u00e8 scattata la denuncia con sanzione, ritiro di patente e fermo amministrativo del mezzo.<\/div>\n<div dir=\"auto\"><\/div>\n<\/div>\n<\/div>\n<\/div>\n<\/div>\n<\/div>\n<\/div>\n<div class=\"im_history_message_wrap im_grouped_short\">\n<div class=\"im_message_outer_wrap hasselect\" data-msg-id=\"13841\">\n<div class=\"im_message_wrap clearfix\">\n<div class=\"im_content_message_wrap im_message_in\">\n<div class=\"im_message_meta pull-right text-right noselect\"><\/div>\n<div class=\"im_message_body\">\n<div><\/div>\n<\/div>\n<\/div>\n<\/div>\n<\/div>\n<\/div>\n","protected":false},"excerpt":{"rendered":"<p>FALCADE\u00a0 Nel fine settimana i Carabinieri di Falcade hanno fermato un agordino, G.F. di 56 anni, per un normale controllo. Al test alcoolimetrico il valore \u00e8 schizzato a 1,05, poco pi\u00f9 del doppio del consentito (0,50). Per questo \u00e8 scattata la denuncia con sanzione, ritiro di patente e fermo amministrativo del mezzo.<\/p>\n","protected":false},"author":4,"featured_media":0,"comment_status":"closed","ping_status":"closed","sticky":false,"template":"","format":"standard","meta":{"_monsterinsights_skip_tracking":false,"_monsterinsights_sitenote_active":false,"_monsterinsights_sitenote_note":"","_monsterinsights_sitenote_category":0,"footnotes":""},"categories":[104,49],"tags":[],"class_list":["post-156904","post","type-post","status-publish","format-standard","hentry","category-evidenza_3","category-news-18","category-104","category-49","description-off"],"img_url":false,"_links":{"self":[{"href":"https:\/\/www.radiopiu.net\/wordpress\/wp-json\/wp\/v2\/posts\/156904","targetHints":{"allow":["GET"]}}],"collection":[{"href":"https:\/\/www.radiopiu.net\/wordpress\/wp-json\/wp\/v2\/posts"}],"about":[{"href":"https:\/\/www.radiopiu.net\/wordpress\/wp-json\/wp\/v2\/types\/post"}],"author":[{"embeddable":true,"href":"https:\/\/www.radiopiu.net\/wordpress\/wp-json\/wp\/v2\/users\/4"}],"replies":[{"embeddable":true,"href":"https:\/\/www.radiopiu.net\/wordpress\/wp-json\/wp\/v2\/comments?post=156904"}],"version-history":[{"count":0,"href":"https:\/\/www.radiopiu.net\/wordpress\/wp-json\/wp\/v2\/posts\/156904\/revisions"}],"wp:attachment":[{"href":"https:\/\/www.radiopiu.net\/wordpress\/wp-json\/wp\/v2\/media?parent=156904"}],"wp:term":[{"taxonomy":"category","embeddable":true,"href":"https:\/\/www.radiopiu.net\/wordpress\/wp-json\/wp\/v2\/categories?post=156904"},{"taxonomy":"post_tag","embeddable":true,"href":"https:\/\/www.radiopiu.net\/wordpress\/wp-json\/wp\/v2\/tags?post=156904"}],"curies":[{"name":"wp","href":"https:\/\/api.w.org\/{rel}","templated":true}]}}