{"id":156916,"date":"2020-08-25T06:06:41","date_gmt":"2020-08-25T04:06:41","guid":{"rendered":"https:\/\/www.radiopiu.net\/wordpress\/?p=156916"},"modified":"2020-08-25T06:14:00","modified_gmt":"2020-08-25T04:14:00","slug":"dopo-10-anni-il-dirigente-chiocchetti-passa-il-testimone-al-prof-zanin","status":"publish","type":"post","link":"https:\/\/www.radiopiu.net\/wordpress\/dopo-10-anni-il-dirigente-chiocchetti-passa-il-testimone-al-prof-zanin\/","title":{"rendered":"DOPO 10 ANNI IL DIRIGENTE CHIOCCHETTI PASSA IL TESTIMONE AL PROF. ZANIN"},"content":{"rendered":"<p>&nbsp;<\/p>\n<p><strong><a class=\"dt-pswp-item\" href=\"https:\/\/www.radiopiu.net\/wordpress\/wp-content\/uploads\/2020\/08\/ZANIN.jpg\" data-dt-img-description=\"\" data-large_image_width=\"1000\" data-large_image_height=\"1333\"><img loading=\"lazy\" decoding=\"async\" class=\"wp-image-156917 alignright\" src=\"https:\/\/www.radiopiu.net\/wordpress\/wp-content\/uploads\/2020\/08\/ZANIN-225x300.jpg\" alt=\"\" width=\"128\" height=\"171\" srcset=\"https:\/\/www.radiopiu.net\/wordpress\/wp-content\/uploads\/2020\/08\/ZANIN-225x300.jpg 225w, https:\/\/www.radiopiu.net\/wordpress\/wp-content\/uploads\/2020\/08\/ZANIN-768x1024.jpg 768w, https:\/\/www.radiopiu.net\/wordpress\/wp-content\/uploads\/2020\/08\/ZANIN.jpg 1000w\" sizes=\"auto, (max-width: 128px) 100vw, 128px\" \/><\/a>AGORDO<\/strong> Bernardino Chiocchetti, dirigente scolastico al comprensivo di Agordo dal settembre 2010 a fine agosto passa il testimone al professor Giovanni Paolo Zanin essendo arrivato all&#8217;et\u00e0 pensionabile. Il &#8220;preside&#8221; che ha gi\u00e0 incontrato il professor Zanin (foto a destra) per avviare il passaggio di consegne cos\u00ec da non aggravare la gi\u00e0 difficile situazione in atto per l&#8217;emergenza sanitaria, attraverso Radio Pi\u00f9 invia un messaggio di saluto e ringraziamento.<\/p>\n<p>&nbsp;<\/p>\n<blockquote><p><em>Durante questi dieci anni la costante collaborazione di Radiopi\u00f9 nei confronti dell\u2019Istituto Comprensivo si \u00e8 espressa nella puntuale comunicazione rivolta alle famiglie degli alunni alla vigilia delle consuete scadenze dell\u2019anno scolastico, \u00e8 intervenuta in occasione delle modifiche organizzative e si \u00e8 rivelata preziosa nei frangenti di maggiore difficolt\u00e0, derivanti dalle emergenze che ci hanno coinvolto soprattutto nell\u2019ultimo periodo. Sono quindi a ringraziare per l\u2019attenzione che ci \u00e8 stata riservata e che senz\u2019altro continuer\u00e0 nei prossimi anni, perfezionandosi. Con l\u2019occasione intendo rivolgere un sentito ringraziamento ai Sindaci e alle amministrazioni comunali, ai presidenti del <a class=\"dt-pswp-item\" href=\"https:\/\/www.radiopiu.net\/wordpress\/wp-content\/uploads\/2020\/08\/download-18.jpg\" data-dt-img-description=\"\" data-large_image_width=\"159\" data-large_image_height=\"318\"><img loading=\"lazy\" decoding=\"async\" class=\"size-medium wp-image-156918 alignright\" src=\"https:\/\/www.radiopiu.net\/wordpress\/wp-content\/uploads\/2020\/08\/download-18-150x300.jpg\" alt=\"\" width=\"150\" height=\"300\" srcset=\"https:\/\/www.radiopiu.net\/wordpress\/wp-content\/uploads\/2020\/08\/download-18-150x300.jpg 150w, https:\/\/www.radiopiu.net\/wordpress\/wp-content\/uploads\/2020\/08\/download-18.jpg 159w\" sizes=\"auto, (max-width: 150px) 100vw, 150px\" \/><\/a>Consiglio d\u2019Istituto, ai rappresentanti dei genitori negli organi collegiali e ai numerosi volontari, oltre cento quelli in elenco, che a diverso titolo si sono prodigati per corrispondere alle necessit\u00e0 delle quattro Scuole d\u2019Infanzia, dei sei plessi di Scuola Primaria e della Scuola secondaria Antonio Pertile. Ad essi si aggiungono i molti genitori che si sono attivati per tutte le iniziative avviate a favore delle varie sedi. Il loro apporto ha contribuito in modo significativo al positivo procedere della Scuola che, pur tra complicazioni note e impreviste, ha potuto riproporre il suo ruolo di salvaguardia del territorio, significativo soprattutto in relazione al contesto montano, migliorare le posizioni di partenza certificate dall\u2019esterno e ottenere dei riscontri in grado di confermare una tradizione di notevole rilievo. <\/em><em>Ringrazio inoltre le insegnanti che mi hanno affiancato, talvolta in modo decisivo, nel coordinamento delle attivit\u00e0 scolastiche e tutti i docenti e non docenti che a fine anno hanno inteso salutarmi con dei riconoscimenti inaspettati, che mi hanno gratificato mitigando gli effetti derivanti dalla conclusione del mio attuale percorso professionale.<\/em><br \/>\n<em>Sul piano personale posso affermare che questa esperienza decennale, senz\u2019altro impegnativa per vari motivi, mi ha consentito di completare la conoscenza delle realt\u00e0 geografiche che circondano la zona nella quale risiedo, permettendomi di apprezzare le caratteristiche del territorio agordino, un ambiente che ho potuto conoscere meglio, nel quale mi sono sentito ben presto a mio agio e dal quale prendo congedo a malincuore. Un cordiale saluto, di nuovo tramite Radiopi\u00f9, alle alunne e agli alunni, alle loro famiglie, a tutto il personale docente, amministrativo e ausiliario, con l\u2019augurio di una buona continuazione del lavoro svolto in sintonia, a vantaggio della crescita sociale e culturale dell\u2019intera comunit\u00e0. <\/em><strong>Il Dirigente Scolastico prof. Bernardino Chiocchetti<\/strong><\/p><\/blockquote>\n","protected":false},"excerpt":{"rendered":"<p>&nbsp; AGORDO Bernardino Chiocchetti, dirigente scolastico al comprensivo di Agordo dal settembre 2010 a fine agosto passa il testimone al professor Giovanni Paolo Zanin essendo arrivato all&#8217;et\u00e0 pensionabile. Il &#8220;preside&#8221; che ha gi\u00e0 incontrato il professor Zanin (foto a destra) per avviare il passaggio di consegne cos\u00ec da non aggravare la gi\u00e0 difficile situazione in&hellip;<\/p>\n","protected":false},"author":4,"featured_media":0,"comment_status":"closed","ping_status":"closed","sticky":false,"template":"","format":"standard","meta":{"_monsterinsights_skip_tracking":false,"_monsterinsights_sitenote_active":false,"_monsterinsights_sitenote_note":"","_monsterinsights_sitenote_category":0,"footnotes":""},"categories":[49],"tags":[],"class_list":["post-156916","post","type-post","status-publish","format-standard","hentry","category-news-18","category-49","description-off"],"img_url":false,"_links":{"self":[{"href":"https:\/\/www.radiopiu.net\/wordpress\/wp-json\/wp\/v2\/posts\/156916","targetHints":{"allow":["GET"]}}],"collection":[{"href":"https:\/\/www.radiopiu.net\/wordpress\/wp-json\/wp\/v2\/posts"}],"about":[{"href":"https:\/\/www.radiopiu.net\/wordpress\/wp-json\/wp\/v2\/types\/post"}],"author":[{"embeddable":true,"href":"https:\/\/www.radiopiu.net\/wordpress\/wp-json\/wp\/v2\/users\/4"}],"replies":[{"embeddable":true,"href":"https:\/\/www.radiopiu.net\/wordpress\/wp-json\/wp\/v2\/comments?post=156916"}],"version-history":[{"count":0,"href":"https:\/\/www.radiopiu.net\/wordpress\/wp-json\/wp\/v2\/posts\/156916\/revisions"}],"wp:attachment":[{"href":"https:\/\/www.radiopiu.net\/wordpress\/wp-json\/wp\/v2\/media?parent=156916"}],"wp:term":[{"taxonomy":"category","embeddable":true,"href":"https:\/\/www.radiopiu.net\/wordpress\/wp-json\/wp\/v2\/categories?post=156916"},{"taxonomy":"post_tag","embeddable":true,"href":"https:\/\/www.radiopiu.net\/wordpress\/wp-json\/wp\/v2\/tags?post=156916"}],"curies":[{"name":"wp","href":"https:\/\/api.w.org\/{rel}","templated":true}]}}