{"id":156934,"date":"2020-08-25T06:07:17","date_gmt":"2020-08-25T04:07:17","guid":{"rendered":"https:\/\/www.radiopiu.net\/wordpress\/?p=156934"},"modified":"2020-08-25T06:14:28","modified_gmt":"2020-08-25T04:14:28","slug":"rocca-pietore-valle-di-cadore-e-cortina-rientrano-nel-provvedimento-per-lo-stato-di-crisi","status":"publish","type":"post","link":"https:\/\/www.radiopiu.net\/wordpress\/rocca-pietore-valle-di-cadore-e-cortina-rientrano-nel-provvedimento-per-lo-stato-di-crisi\/","title":{"rendered":"ROCCA PIETORE, VALLE DI CADORE E CORTINA RIENTRANO NEL PROVVEDIMENTO PER LO STATO DI CRISI"},"content":{"rendered":"<blockquote>\n<h3>NUBIFRAGI RECORD IN VENETO. A VERONA VENTO A 100 CHILOMETRI ALL&#8217;ORA<\/h3>\n<\/blockquote>\n<h1 class=\"gmail-documentFirstHeading\" style=\"text-align: left;\"><span style=\"font-size: 14px; font-weight: normal;\"><a class=\"dt-pswp-item\" href=\"https:\/\/www.radiopiu.net\/wordpress\/wp-content\/uploads\/2020\/08\/Verona-nubifragio-1.jpg\" data-dt-img-description=\"\" data-large_image_width=\"991\" data-large_image_height=\"1023\"><img loading=\"lazy\" decoding=\"async\" class=\" wp-image-156912 alignleft\" src=\"https:\/\/www.radiopiu.net\/wordpress\/wp-content\/uploads\/2020\/08\/Verona-nubifragio-1-291x300.jpg\" alt=\"\" width=\"156\" height=\"161\" srcset=\"https:\/\/www.radiopiu.net\/wordpress\/wp-content\/uploads\/2020\/08\/Verona-nubifragio-1-291x300.jpg 291w, https:\/\/www.radiopiu.net\/wordpress\/wp-content\/uploads\/2020\/08\/Verona-nubifragio-1-768x793.jpg 768w, https:\/\/www.radiopiu.net\/wordpress\/wp-content\/uploads\/2020\/08\/Verona-nubifragio-1.jpg 991w\" sizes=\"auto, (max-width: 156px) 100vw, 156px\" \/><\/a><\/span><\/h1>\n<h1 class=\"gmail-documentFirstHeading\"><span style=\"font-size: 14px; font-weight: normal;\"><strong>PADOVA<\/strong> In Veneto nel pomeriggio di domenica 23 agosto temporali molto intensi con grandinate, forti rovesci e forti raffiche di vento. Interessato soprattutto il Veronese, il Vicentino e parte del Padovano. Registrati diversi nubifragi con massimi di precipitazione intorno ai 20mm in 5minuti, 30mm\/10min, 40mm\/15min e 60mm\/30min, valori record per alcune localit\u00e0 e tra i pi\u00f9 intensi registrati in Veneto negli ultimi 30 anni. Raffiche di vento fino a 100 chilometri orari nella citt\u00e0 di Verona. Formalizzata la dichiarazione dello stato di crisi Il provvedimento si \u00e8 reso necessario per fronteggiare le conseguenze del nubifragio nelle province di Belluno, Verona, Vicenza e Padova. Nel pomeriggio di sabato 22, rileva il decreto, violenti temporali hanno colpito l\u2019area dolomitica della provincia di Belluno, causando colate di fango e, a causa del forte vento, lo scoperchiamento e il danneggiamento di alcune abitazioni. I forti temporali di domenica 23 agosto hanno poi interessato l\u2019intero territorio regionale, ma la loro intensit\u00e0 \u00e8 risultata eccezionalmente forte in provincia di Verona, e in particolare nel capoluogo, nel vicentino, e nei colli padovani, causando l\u2019abbattimento di centinaia di alberi, danni alle abitazioni e allagamenti diffusi. La Protezione Civile regionale ha gi\u00e0 stilato un primo elenco di Comuni colpiti, elenco che potr\u00e0 essere successivamente ampliato man mano che verranno formalizzate alla Regione le segnalazioni dei danni subiti da altre Amministrazioni, attraverso l\u2019inserimento dei nuovi Comuni nell\u2019attuale decreto. Per la provincia di Belluno rientrano nell&#8217;elenco: Rocca Pietore, Valle di Cadore, Cortina d\u2019Ampezzo.<\/span><\/h1>\n","protected":false},"excerpt":{"rendered":"<p>NUBIFRAGI RECORD IN VENETO. A VERONA VENTO A 100 CHILOMETRI ALL&#8217;ORA PADOVA In Veneto nel pomeriggio di domenica 23 agosto temporali molto intensi con grandinate, forti rovesci e forti raffiche di vento. Interessato soprattutto il Veronese, il Vicentino e parte del Padovano. Registrati diversi nubifragi con massimi di precipitazione intorno ai 20mm in 5minuti, 30mm\/10min,&hellip;<\/p>\n","protected":false},"author":4,"featured_media":156813,"comment_status":"closed","ping_status":"closed","sticky":false,"template":"","format":"standard","meta":{"_monsterinsights_skip_tracking":false,"_monsterinsights_sitenote_active":false,"_monsterinsights_sitenote_note":"","_monsterinsights_sitenote_category":0,"footnotes":""},"categories":[49],"tags":[],"class_list":["post-156934","post","type-post","status-publish","format-standard","has-post-thumbnail","hentry","category-news-18","category-49","description-off"],"img_url":"https:\/\/www.radiopiu.net\/wordpress\/wp-content\/uploads\/2020\/08\/71184b7c-1f88-4169-8af8-793fa5593adb.jpg","_links":{"self":[{"href":"https:\/\/www.radiopiu.net\/wordpress\/wp-json\/wp\/v2\/posts\/156934","targetHints":{"allow":["GET"]}}],"collection":[{"href":"https:\/\/www.radiopiu.net\/wordpress\/wp-json\/wp\/v2\/posts"}],"about":[{"href":"https:\/\/www.radiopiu.net\/wordpress\/wp-json\/wp\/v2\/types\/post"}],"author":[{"embeddable":true,"href":"https:\/\/www.radiopiu.net\/wordpress\/wp-json\/wp\/v2\/users\/4"}],"replies":[{"embeddable":true,"href":"https:\/\/www.radiopiu.net\/wordpress\/wp-json\/wp\/v2\/comments?post=156934"}],"version-history":[{"count":0,"href":"https:\/\/www.radiopiu.net\/wordpress\/wp-json\/wp\/v2\/posts\/156934\/revisions"}],"wp:featuredmedia":[{"embeddable":true,"href":"https:\/\/www.radiopiu.net\/wordpress\/wp-json\/wp\/v2\/media\/156813"}],"wp:attachment":[{"href":"https:\/\/www.radiopiu.net\/wordpress\/wp-json\/wp\/v2\/media?parent=156934"}],"wp:term":[{"taxonomy":"category","embeddable":true,"href":"https:\/\/www.radiopiu.net\/wordpress\/wp-json\/wp\/v2\/categories?post=156934"},{"taxonomy":"post_tag","embeddable":true,"href":"https:\/\/www.radiopiu.net\/wordpress\/wp-json\/wp\/v2\/tags?post=156934"}],"curies":[{"name":"wp","href":"https:\/\/api.w.org\/{rel}","templated":true}]}}