{"id":156940,"date":"2020-08-25T06:06:14","date_gmt":"2020-08-25T04:06:14","guid":{"rendered":"https:\/\/www.radiopiu.net\/wordpress\/?p=156940"},"modified":"2020-08-25T06:11:23","modified_gmt":"2020-08-25T04:11:23","slug":"acc-responsabilita-e-coraggio-da-parte-delle-banche-per-un-progetto-di-rilancio-che-e-unopportunita","status":"publish","type":"post","link":"https:\/\/www.radiopiu.net\/wordpress\/acc-responsabilita-e-coraggio-da-parte-delle-banche-per-un-progetto-di-rilancio-che-e-unopportunita\/","title":{"rendered":"ACC: RESPONSABILITA&#8217; E CORAGGIO DA PARTE DELLE BANCHE &#8220;PER UN PROGETTO DI RILANCIO CHE E&#8217; UN&#8217;OPPORTUNITA'&#8221;"},"content":{"rendered":"<div align=\"left\"><\/div>\n<div align=\"left\"><strong><a class=\"dt-pswp-item\" href=\"https:\/\/www.radiopiu.net\/wordpress\/wp-content\/uploads\/2020\/08\/download-20.jpg\" data-dt-img-description=\"\" data-large_image_width=\"260\" data-large_image_height=\"194\"><img loading=\"lazy\" decoding=\"async\" class=\"size-full wp-image-156942 alignleft\" src=\"https:\/\/www.radiopiu.net\/wordpress\/wp-content\/uploads\/2020\/08\/download-20.jpg\" alt=\"\" width=\"260\" height=\"194\" \/><\/a>BORGOVALBELLUNA<\/strong> Le banche sono un&#8217;importante ago della bilancia nel futuro della Acc di Mel, le decisioni che saranno prese avranno forti ricadute sul territorio e sulla comunit\u00e0 in un settore, quello del freddo, che ha una prospettiva a lngo termine di forte richiesta sul mercato. Di qui le grandi potenzialit\u00e0 dello stabilimento bellunese. L&#8217;azienda \u00e8 al lavoro sul nuovo piano industriale per lo sviluppo di nuovi prodotti di alta qualit\u00e0.\u00a0 <span style=\"color: #000000; font-family: Helvetica;\"><em>\u201cServe responsabilit\u00e0 e coraggio anche da parte del sistema bancario per tutelare il patrimonio e il know-how<b> <\/b>del nostro manifatturiero\u201d.<\/em> Rudy Roffar\u00e8, segretario generale aggiunto della Cisl Belluno Treviso, rinnova l\u2019appello alle banche a impegnarsi per garantire il sostegno finanziario necessario al percorso di ripresa e alla ripartenza di Acc. <\/span><em><span style=\"color: #000000; font-family: Helvetica;\">\u201cIl caso Acc &#8211; afferma Roffar\u00e8 &#8211; rappresenta un banco di prova per gli istituti di credito per capire quanto possano essere decisive le loro decisioni prese considerando i progetti di rilancio di una importante azienda non solo sulla logica del rientro del <a class=\"dt-pswp-item\" href=\"https:\/\/www.radiopiu.net\/wordpress\/wp-content\/uploads\/2018\/05\/roffare.jpg\" data-dt-img-description=\"\" data-large_image_width=\"960\" data-large_image_height=\"959\"><img loading=\"lazy\" decoding=\"async\" class=\" wp-image-48457 alignright\" src=\"https:\/\/www.radiopiu.net\/wordpress\/wp-content\/uploads\/2018\/05\/roffare-300x300.jpg\" alt=\"\" width=\"144\" height=\"144\" srcset=\"https:\/\/www.radiopiu.net\/wordpress\/wp-content\/uploads\/2018\/05\/roffare-300x300.jpg 300w, https:\/\/www.radiopiu.net\/wordpress\/wp-content\/uploads\/2018\/05\/roffare-150x150.jpg 150w, https:\/\/www.radiopiu.net\/wordpress\/wp-content\/uploads\/2018\/05\/roffare-768x767.jpg 768w, https:\/\/www.radiopiu.net\/wordpress\/wp-content\/uploads\/2018\/05\/roffare.jpg 960w\" sizes=\"auto, (max-width: 144px) 100vw, 144px\" \/><\/a>finanziamento nel breve tempo, ma piuttosto considerando un arco temporale pi\u00f9 lungo\u201d.<\/span><\/em><span style=\"color: #000000; font-family: Helvetica;\"> Per il segretario aggiunto della Cisl territoriale l<\/span><span style=\"color: #000000; font-family: Helvetica;\">a comunit\u00e0 e i lavoratori\u00a0 stanno dimostrando che tutti lavorano per il bene comune, l\u2019impresa, creando le condizioni per l\u2019inesistenza di conflitti sociali, unit\u00e0 di intenti, alta produttivit\u00e0, basso assenteismo e una capacit\u00e0 di risolvere i problemi aziendali con ingegno e capacit\u00e0.<em> &#8220;Le banche -insiste &#8211;\u00a0 devono rendersi conto che tutti (Regione Veneto, governo, Provincia, sindaci, sindacati e associazioni) hanno lavorato per creare tutte le premesse per vincere una sfida che potrebbe essere da esempio a centinaia di altre realt\u00e0\u201d. <\/em><\/span><span style=\"color: #000000; font-family: Helvetica;\">La partecipazione dei lavoratori nella gestione dell\u2019impresa \u00e8 solo uno dei tanti elementi che contraddistinguono questa esperienza. <em>\u201cDietro per\u00f2 &#8211; conclude Roffar\u00e8 &#8211; ci sono lavoratori, prodotti di qualit\u00e0 e processi produttivi che sono tra i migliori al mondo. Non possiamo immaginare che i motivi del mancato finanziamento sia dovuta alla lontananza delle attuali banche dal territorio. Sarebbe una sconfitta per il sistema industriale italiano. Invitiamo dunque le banche, a valutare tutti gli aspetti del progetto di rilancio della Acc: \u00e8 una opportunit\u00e0 per lo stesso sistema bancario\u201d.<\/em><\/span><\/div>\n","protected":false},"excerpt":{"rendered":"<p>BORGOVALBELLUNA Le banche sono un&#8217;importante ago della bilancia nel futuro della Acc di Mel, le decisioni che saranno prese avranno forti ricadute sul territorio e sulla comunit\u00e0 in un settore, quello del freddo, che ha una prospettiva a lngo termine di forte richiesta sul mercato. Di qui le grandi potenzialit\u00e0 dello stabilimento bellunese. L&#8217;azienda \u00e8&hellip;<\/p>\n","protected":false},"author":4,"featured_media":0,"comment_status":"closed","ping_status":"closed","sticky":false,"template":"","format":"standard","meta":{"_monsterinsights_skip_tracking":false,"_monsterinsights_sitenote_active":false,"_monsterinsights_sitenote_note":"","_monsterinsights_sitenote_category":0,"footnotes":""},"categories":[49],"tags":[],"class_list":["post-156940","post","type-post","status-publish","format-standard","hentry","category-news-18","category-49","description-off"],"img_url":false,"_links":{"self":[{"href":"https:\/\/www.radiopiu.net\/wordpress\/wp-json\/wp\/v2\/posts\/156940","targetHints":{"allow":["GET"]}}],"collection":[{"href":"https:\/\/www.radiopiu.net\/wordpress\/wp-json\/wp\/v2\/posts"}],"about":[{"href":"https:\/\/www.radiopiu.net\/wordpress\/wp-json\/wp\/v2\/types\/post"}],"author":[{"embeddable":true,"href":"https:\/\/www.radiopiu.net\/wordpress\/wp-json\/wp\/v2\/users\/4"}],"replies":[{"embeddable":true,"href":"https:\/\/www.radiopiu.net\/wordpress\/wp-json\/wp\/v2\/comments?post=156940"}],"version-history":[{"count":0,"href":"https:\/\/www.radiopiu.net\/wordpress\/wp-json\/wp\/v2\/posts\/156940\/revisions"}],"wp:attachment":[{"href":"https:\/\/www.radiopiu.net\/wordpress\/wp-json\/wp\/v2\/media?parent=156940"}],"wp:term":[{"taxonomy":"category","embeddable":true,"href":"https:\/\/www.radiopiu.net\/wordpress\/wp-json\/wp\/v2\/categories?post=156940"},{"taxonomy":"post_tag","embeddable":true,"href":"https:\/\/www.radiopiu.net\/wordpress\/wp-json\/wp\/v2\/tags?post=156940"}],"curies":[{"name":"wp","href":"https:\/\/api.w.org\/{rel}","templated":true}]}}