{"id":156974,"date":"2020-08-24T16:47:16","date_gmt":"2020-08-24T14:47:16","guid":{"rendered":"https:\/\/www.radiopiu.net\/wordpress\/?p=156974"},"modified":"2020-08-24T16:47:16","modified_gmt":"2020-08-24T14:47:16","slug":"meteo-in-serata-possibilita-di-precipitazioni-sulle-aree-montane-domani-cielo-sereno-fase-di-attenzione-su-prealpi-e-pedemontana","status":"publish","type":"post","link":"https:\/\/www.radiopiu.net\/wordpress\/meteo-in-serata-possibilita-di-precipitazioni-sulle-aree-montane-domani-cielo-sereno-fase-di-attenzione-su-prealpi-e-pedemontana\/","title":{"rendered":"METEO. IN SERATA POSSIBILITA\u2019 DI PRECIPITAZIONI SULLE AREE MONTANE, DOMANI CIELO SERENO. FASE DI \u201cATTENZIONE\u201d SU PREALPI E PEDEMONTANA"},"content":{"rendered":"<p><strong><a class=\"dt-pswp-item\" href=\"https:\/\/www.radiopiu.net\/wordpress\/wp-content\/uploads\/2018\/04\/previsioni-meteo.jpg\" data-dt-img-description=\"\" data-large_image_width=\"500\" data-large_image_height=\"392\"><img loading=\"lazy\" decoding=\"async\" class=\"size-medium wp-image-46370 alignleft\" src=\"https:\/\/www.radiopiu.net\/wordpress\/wp-content\/uploads\/2018\/04\/previsioni-meteo-300x235.jpg\" alt=\"\" width=\"300\" height=\"235\" srcset=\"https:\/\/www.radiopiu.net\/wordpress\/wp-content\/uploads\/2018\/04\/previsioni-meteo-300x235.jpg 300w, https:\/\/www.radiopiu.net\/wordpress\/wp-content\/uploads\/2018\/04\/previsioni-meteo.jpg 500w\" sizes=\"auto, (max-width: 300px) 100vw, 300px\" \/><\/a>VENEZIA \u00a0<\/strong>Il meteo regionale segnala sul Veneto gi\u00e0 nella serata di oggi un accenno di variabilit\u00e0 con possibilit\u00e0 di addensamenti nuvolosi, pi\u00f9 significativi in montagna, alternati a spazi di sereno anche ampi specie in pianura. Non si esclude l\u2019eventualit\u00e0 di precipitazioni, in moderato aumento nelle zone pi\u00f9 interne, che potranno manifestarsi con qualche fenomeno localmente intenso, in particolare su Prealpi e fascia Pedemontana.\u00a0Per domani, marted\u00ec 25 agosto, si prevede cielo sereno od al pi\u00f9 localmente e temporaneamente poco nuvoloso. Le temperature subiranno un generale calo pur rimanendo le massime, in pianura su valori superiori alla media.\u00a0Fino alla mezzanotte di questa sera, considerati i fenomeni meteorologici previsti sul territorio regionale, il Centro Funzionale Decentrato della Regione del Veneto ha confermata la fase di \u201cAttenzione\u201d per criticit\u00e0 idrogeologica nei bacini idrografici Alto Piave (BL), Piave Pedemontano (BL-TV), Alto Brenta-Bacchiglione-Alpone (TV-BL-VI-VR), Adige-Garda-Monti Lessini (VR).<\/p>\n","protected":false},"excerpt":{"rendered":"<p>VENEZIA \u00a0Il meteo regionale segnala sul Veneto gi\u00e0 nella serata di oggi un accenno di variabilit\u00e0 con possibilit\u00e0 di addensamenti nuvolosi, pi\u00f9 significativi in montagna, alternati a spazi di sereno anche ampi specie in pianura. Non si esclude l\u2019eventualit\u00e0 di precipitazioni, in moderato aumento nelle zone pi\u00f9 interne, che potranno manifestarsi con qualche fenomeno localmente&hellip;<\/p>\n","protected":false},"author":4,"featured_media":46370,"comment_status":"closed","ping_status":"closed","sticky":false,"template":"","format":"standard","meta":{"_monsterinsights_skip_tracking":false,"_monsterinsights_sitenote_active":false,"_monsterinsights_sitenote_note":"","_monsterinsights_sitenote_category":0,"footnotes":""},"categories":[49],"tags":[],"class_list":["post-156974","post","type-post","status-publish","format-standard","has-post-thumbnail","hentry","category-news-18","category-49","description-off"],"img_url":"https:\/\/www.radiopiu.net\/wordpress\/wp-content\/uploads\/2018\/04\/previsioni-meteo.jpg","_links":{"self":[{"href":"https:\/\/www.radiopiu.net\/wordpress\/wp-json\/wp\/v2\/posts\/156974","targetHints":{"allow":["GET"]}}],"collection":[{"href":"https:\/\/www.radiopiu.net\/wordpress\/wp-json\/wp\/v2\/posts"}],"about":[{"href":"https:\/\/www.radiopiu.net\/wordpress\/wp-json\/wp\/v2\/types\/post"}],"author":[{"embeddable":true,"href":"https:\/\/www.radiopiu.net\/wordpress\/wp-json\/wp\/v2\/users\/4"}],"replies":[{"embeddable":true,"href":"https:\/\/www.radiopiu.net\/wordpress\/wp-json\/wp\/v2\/comments?post=156974"}],"version-history":[{"count":0,"href":"https:\/\/www.radiopiu.net\/wordpress\/wp-json\/wp\/v2\/posts\/156974\/revisions"}],"wp:featuredmedia":[{"embeddable":true,"href":"https:\/\/www.radiopiu.net\/wordpress\/wp-json\/wp\/v2\/media\/46370"}],"wp:attachment":[{"href":"https:\/\/www.radiopiu.net\/wordpress\/wp-json\/wp\/v2\/media?parent=156974"}],"wp:term":[{"taxonomy":"category","embeddable":true,"href":"https:\/\/www.radiopiu.net\/wordpress\/wp-json\/wp\/v2\/categories?post=156974"},{"taxonomy":"post_tag","embeddable":true,"href":"https:\/\/www.radiopiu.net\/wordpress\/wp-json\/wp\/v2\/tags?post=156974"}],"curies":[{"name":"wp","href":"https:\/\/api.w.org\/{rel}","templated":true}]}}