{"id":156988,"date":"2020-08-25T06:08:21","date_gmt":"2020-08-25T04:08:21","guid":{"rendered":"https:\/\/www.radiopiu.net\/wordpress\/?p=156988"},"modified":"2020-08-25T06:10:15","modified_gmt":"2020-08-25T04:10:15","slug":"bloccati-tra-gli-schianti-che-fare-ma-ovviamente-chiamare-il-soccorso-alpino","status":"publish","type":"post","link":"https:\/\/www.radiopiu.net\/wordpress\/bloccati-tra-gli-schianti-che-fare-ma-ovviamente-chiamare-il-soccorso-alpino\/","title":{"rendered":"BLOCCATI TRA GLI SCHIANTI. CHE FARE? MA OVVIAMENTE CHIAMARE IL SOCCORSO ALPINO"},"content":{"rendered":"<p><strong>SAN TOMASO\u00a0<\/strong> Attorno a mezzogiorno il Soccorso alpino della Val Biois e stato attivato per una coppia di escursionisti bloccata tra gli schianti di Vaia sopra un salto di roccia tra il Piz Zorlet e Forcella San Tomaso. I due, G.C., 31 anni, di Silea (TV) lui, e B.C., 25 anni, di Roncade (TV), lei, erano partiti da Piaz, frazione di Vallada Agordina, per salire al Rifugio Sasso Bianco percorrendo l&#8217;Alta via dei pastori, ma lungo il tragitto avevano seguito una traccia sbagliata finendo bloccati tra le piante abbattute. I soccorritori hanno avviato la non facile ricerca, senza alcun punto di riferimento, finch\u00e9, dopo un paio di ore, li hanno individuati e raggiunti. La coppia \u00e8 quindi stata aiutata a tornare sul sentiero e a raggiungere Forcella San Tomaso da dove \u00e8 rientrata in autonomia.<\/p>\n","protected":false},"excerpt":{"rendered":"<p>SAN TOMASO\u00a0 Attorno a mezzogiorno il Soccorso alpino della Val Biois e stato attivato per una coppia di escursionisti bloccata tra gli schianti di Vaia sopra un salto di roccia tra il Piz Zorlet e Forcella San Tomaso. I due, G.C., 31 anni, di Silea (TV) lui, e B.C., 25 anni, di Roncade (TV), lei,&hellip;<\/p>\n","protected":false},"author":4,"featured_media":154483,"comment_status":"closed","ping_status":"closed","sticky":false,"template":"","format":"standard","meta":{"_monsterinsights_skip_tracking":false,"_monsterinsights_sitenote_active":false,"_monsterinsights_sitenote_note":"","_monsterinsights_sitenote_category":0,"footnotes":""},"categories":[49],"tags":[],"class_list":["post-156988","post","type-post","status-publish","format-standard","has-post-thumbnail","hentry","category-news-18","category-49","description-off"],"img_url":"https:\/\/www.radiopiu.net\/wordpress\/wp-content\/uploads\/2020\/08\/salt_20200810_173518_037_resized.jpg","_links":{"self":[{"href":"https:\/\/www.radiopiu.net\/wordpress\/wp-json\/wp\/v2\/posts\/156988","targetHints":{"allow":["GET"]}}],"collection":[{"href":"https:\/\/www.radiopiu.net\/wordpress\/wp-json\/wp\/v2\/posts"}],"about":[{"href":"https:\/\/www.radiopiu.net\/wordpress\/wp-json\/wp\/v2\/types\/post"}],"author":[{"embeddable":true,"href":"https:\/\/www.radiopiu.net\/wordpress\/wp-json\/wp\/v2\/users\/4"}],"replies":[{"embeddable":true,"href":"https:\/\/www.radiopiu.net\/wordpress\/wp-json\/wp\/v2\/comments?post=156988"}],"version-history":[{"count":0,"href":"https:\/\/www.radiopiu.net\/wordpress\/wp-json\/wp\/v2\/posts\/156988\/revisions"}],"wp:featuredmedia":[{"embeddable":true,"href":"https:\/\/www.radiopiu.net\/wordpress\/wp-json\/wp\/v2\/media\/154483"}],"wp:attachment":[{"href":"https:\/\/www.radiopiu.net\/wordpress\/wp-json\/wp\/v2\/media?parent=156988"}],"wp:term":[{"taxonomy":"category","embeddable":true,"href":"https:\/\/www.radiopiu.net\/wordpress\/wp-json\/wp\/v2\/categories?post=156988"},{"taxonomy":"post_tag","embeddable":true,"href":"https:\/\/www.radiopiu.net\/wordpress\/wp-json\/wp\/v2\/tags?post=156988"}],"curies":[{"name":"wp","href":"https:\/\/api.w.org\/{rel}","templated":true}]}}