{"id":157014,"date":"2020-08-25T06:09:51","date_gmt":"2020-08-25T04:09:51","guid":{"rendered":"https:\/\/www.radiopiu.net\/wordpress\/?p=157014"},"modified":"2020-08-25T06:09:25","modified_gmt":"2020-08-25T04:09:25","slug":"dopo-mesi-riapre-la-terapia-intensiva-per-una-paziente-covid-positiva-contatto-dellinfermiera-feltrina","status":"publish","type":"post","link":"https:\/\/www.radiopiu.net\/wordpress\/dopo-mesi-riapre-la-terapia-intensiva-per-una-paziente-covid-positiva-contatto-dellinfermiera-feltrina\/","title":{"rendered":"DOPO TRE MESI RIAPRE LA TERAPIA INTENSIVA PER UNA PAZIENTE COVID POSITIVA, CONTATTO DELL&#8217;INFERMIERA FELTRINA"},"content":{"rendered":"<p><strong><a class=\"dt-pswp-item\" href=\"https:\/\/www.radiopiu.net\/wordpress\/wp-content\/uploads\/2020\/03\/covid-importante.jpg\" data-dt-img-description=\"\" data-large_image_width=\"800\" data-large_image_height=\"600\"><img loading=\"lazy\" decoding=\"async\" class=\" wp-image-121793 alignleft\" src=\"https:\/\/www.radiopiu.net\/wordpress\/wp-content\/uploads\/2020\/03\/covid-importante-300x225.jpg\" alt=\"\" width=\"245\" height=\"184\" srcset=\"https:\/\/www.radiopiu.net\/wordpress\/wp-content\/uploads\/2020\/03\/covid-importante-300x225.jpg 300w, https:\/\/www.radiopiu.net\/wordpress\/wp-content\/uploads\/2020\/03\/covid-importante-768x576.jpg 768w, https:\/\/www.radiopiu.net\/wordpress\/wp-content\/uploads\/2020\/03\/covid-importante.jpg 800w\" sizes=\"auto, (max-width: 245px) 100vw, 245px\" \/><\/a>BELLUNO Quello che molti temevano, quello che tutti auspicavano di non dover pi\u00f9 sentire ovvero i ricoveri in terapia intensiva, intubati ai respirato di covid 19. Non succedeva da mesi, la casella nella tabelle era sempre orgogliosamente caratterizzata dal numero zero. Ma non da questo pomeriggio. Una \u00a0paziente contatto di caso dell\u2019infermiera attiva a Feltre, Covid positiva, \u00e8 stata ricoverata in rianimazione al San Martino di Belluno per l\u2019aggravarsi della patologia pre-esistente alla positivit\u00e0 COVID.\u00a0<\/strong><\/p>\n<p>Oggi successivamente al bollettino inoltrato alle 15 il Laboratorio ha refertato inoltre 3 nuove positivit\u00e0 al SARS CoV2: 2 familiari conviventi di soggetto positivo, di nazionalit\u00e0 straniera, rientrato alcuni giorni fa da una vacanza in Croazia e sottoposto al tampone al drive-in di Feltre. I due familiari erano gi\u00e0 isolati in quanto contatto di caso; un soggetto gi\u00e0 isolato per positivit\u00e0 riscontrata in laboratorio privato (ora confermata), dopo rientro da vacanza all\u2019estero.<\/p>\n","protected":false},"excerpt":{"rendered":"<p>BELLUNO Quello che molti temevano, quello che tutti auspicavano di non dover pi\u00f9 sentire ovvero i ricoveri in terapia intensiva, intubati ai respirato di covid 19. Non succedeva da mesi, la casella nella tabelle era sempre orgogliosamente caratterizzata dal numero zero. Ma non da questo pomeriggio. Una \u00a0paziente contatto di caso dell\u2019infermiera attiva a Feltre,&hellip;<\/p>\n","protected":false},"author":4,"featured_media":121793,"comment_status":"closed","ping_status":"closed","sticky":false,"template":"","format":"standard","meta":{"_monsterinsights_skip_tracking":false,"_monsterinsights_sitenote_active":false,"_monsterinsights_sitenote_note":"","_monsterinsights_sitenote_category":0,"footnotes":""},"categories":[49],"tags":[],"class_list":["post-157014","post","type-post","status-publish","format-standard","has-post-thumbnail","hentry","category-news-18","category-49","description-off"],"img_url":"https:\/\/www.radiopiu.net\/wordpress\/wp-content\/uploads\/2020\/03\/covid-importante.jpg","_links":{"self":[{"href":"https:\/\/www.radiopiu.net\/wordpress\/wp-json\/wp\/v2\/posts\/157014","targetHints":{"allow":["GET"]}}],"collection":[{"href":"https:\/\/www.radiopiu.net\/wordpress\/wp-json\/wp\/v2\/posts"}],"about":[{"href":"https:\/\/www.radiopiu.net\/wordpress\/wp-json\/wp\/v2\/types\/post"}],"author":[{"embeddable":true,"href":"https:\/\/www.radiopiu.net\/wordpress\/wp-json\/wp\/v2\/users\/4"}],"replies":[{"embeddable":true,"href":"https:\/\/www.radiopiu.net\/wordpress\/wp-json\/wp\/v2\/comments?post=157014"}],"version-history":[{"count":0,"href":"https:\/\/www.radiopiu.net\/wordpress\/wp-json\/wp\/v2\/posts\/157014\/revisions"}],"wp:featuredmedia":[{"embeddable":true,"href":"https:\/\/www.radiopiu.net\/wordpress\/wp-json\/wp\/v2\/media\/121793"}],"wp:attachment":[{"href":"https:\/\/www.radiopiu.net\/wordpress\/wp-json\/wp\/v2\/media?parent=157014"}],"wp:term":[{"taxonomy":"category","embeddable":true,"href":"https:\/\/www.radiopiu.net\/wordpress\/wp-json\/wp\/v2\/categories?post=157014"},{"taxonomy":"post_tag","embeddable":true,"href":"https:\/\/www.radiopiu.net\/wordpress\/wp-json\/wp\/v2\/tags?post=157014"}],"curies":[{"name":"wp","href":"https:\/\/api.w.org\/{rel}","templated":true}]}}