{"id":157081,"date":"2020-08-25T06:03:22","date_gmt":"2020-08-25T04:03:22","guid":{"rendered":"https:\/\/www.radiopiu.net\/wordpress\/?p=157081"},"modified":"2020-08-25T06:06:50","modified_gmt":"2020-08-25T04:06:50","slug":"il-lupo-uccide-per-sopravvivenza-luomo-per-diletto-devastando-le-altrui-propieta","status":"publish","type":"post","link":"https:\/\/www.radiopiu.net\/wordpress\/il-lupo-uccide-per-sopravvivenza-luomo-per-diletto-devastando-le-altrui-propieta\/","title":{"rendered":"IL LUPO UCCIDE PER SOPRAVVIVENZA, L&#8217;UOMO PER DILETTO DEVASTANDO LE ALTRUI PROPIETA&#8217;"},"content":{"rendered":"<p><strong><a class=\"dt-pswp-item\" href=\"https:\/\/www.radiopiu.net\/wordpress\/wp-content\/uploads\/2020\/08\/118256156_10217321533981266_576413737651102893_n.jpg\" data-dt-img-description=\"\" data-large_image_width=\"626\" data-large_image_height=\"626\"><img loading=\"lazy\" decoding=\"async\" class=\" wp-image-157082 alignleft\" src=\"https:\/\/www.radiopiu.net\/wordpress\/wp-content\/uploads\/2020\/08\/118256156_10217321533981266_576413737651102893_n-300x300.jpg\" alt=\"\" width=\"188\" height=\"188\" srcset=\"https:\/\/www.radiopiu.net\/wordpress\/wp-content\/uploads\/2020\/08\/118256156_10217321533981266_576413737651102893_n-300x300.jpg 300w, https:\/\/www.radiopiu.net\/wordpress\/wp-content\/uploads\/2020\/08\/118256156_10217321533981266_576413737651102893_n-150x150.jpg 150w, https:\/\/www.radiopiu.net\/wordpress\/wp-content\/uploads\/2020\/08\/118256156_10217321533981266_576413737651102893_n.jpg 626w\" sizes=\"auto, (max-width: 188px) 100vw, 188px\" \/><\/a>GOSALDO<\/strong> Hanno forzato la porta d&#8217;ingresso di una baita abbandonandone al suo interno un cervo morto, forse sono stati i bracconieri con lo scopo di tornare successivamente per recuperare il palco di corna una volta che il corpo dell&#8217;animale risulti decomposto.\u00a0 Senza dubbio l&#8217;animale \u00e8 stato ammazzato da un proiettile\u00a0 a pochi giorni dall&#8217;apertura della stagione venatoria <em>&#8220;Ho letto spesso delle malefatte sanguinarie di certi appassionati del fucile, ma mai avrei pensato che un episodio del genere potesse toccarmi &#8211; dice Sarita Graziani &#8211; da poco mio marito ha ereditato una casera nei boschi sopra Renon, territorio che una volta diventava &#8220;residenza estiva&#8221; per le famiglie locali, che vi si trasferivano con le loro mucche una specie di alpeggio con casera e stalla. Questo fine settimana mio marito, insieme a mio figlio, sono andati a fare un sopralluogo, curiosi ed entusiasti, pregustando il posto, ma consapevoli che, dopo Vaia la casera poteva anche essere diventata un mucchietto di sassi e &#8220;breghe&#8221;.\u00a0 \u00a0Una volta aperta la porta della casera la\u00a0 sorpresa,\u00a0 all\u2019 interno \u00e8 stato portato un cervo. Fucilato! e in decomposizione&#8221;. <\/em>Un gesto grave da denuncia penale, gente che gira armata per i boschi, che abbatte un&#8217;animale e che danneggia una propiet\u00e0 privata.<span class=\"text_exposed_show\"><em> &#8220;Disprezzando cos\u00ec tanto la propriet\u00e0 altrui &#8211; continua Sarita Graziani\u00a0 &#8211;\u00a0 quanto la vita di quel povero cervo, ucciso, probabilmente solo per il suo palco di corna,\u00a0 lasciato li impietosamente a decomporsi, in attesa di poter tornare sul posto, riviolare la propriet\u00e0 privata e appropriarsi del macabro trofeo&#8221;. <\/em>Il fatto \u00e8 stato denunciato agli organi competenti <em>&#8220;Il lupo uccide per sopravvivere <\/em><\/span><span class=\"text_exposed_show\"><em>e ci sono indennizzi, l\u2019uomo per sfizio e noi gente comune non veniamo risarciti. L\u2019animale andr\u00e0 rimosso, ma chi toglier\u00e0 dagli occhi di mio figlio quella scena? Chi avr\u00e0 voglia di rientrare in quel posto?&#8221;.<\/em><br \/>\n<\/span><\/p>\n<p>&nbsp;<\/p>\n<div class=\"_xlr\">\n<div id=\"fbPhotoSnowliftLegacyTagList\" class=\"pts fbPhotoLegacyTagList\">\n<div><\/div>\n<\/div>\n<div id=\"fbPhotoSnowliftCallToActionButton\" class=\"fbPhotosPhotoButtons\"><\/div>\n<div id=\"fbPhotoSnowliftPhotoFundraiser\"><\/div>\n<div id=\"fbPhotoSnowliftOwnerButtons\" class=\"mvm fbPhotosPhotoOwnerButtons stat_elem\"><\/div>\n<div id=\"fbPhotoSnowliftOriginalStory\" class=\"_56lj\"><\/div>\n<div id=\"fbPhotoSnowliftComputerVisionAnnotation\" class=\"fbPhotosPhotoCVAnnotation\"><\/div>\n<\/div>\n<div id=\"fbPhotoSnowliftVideoFundraiser\"><\/div>\n<div id=\"fbPhotoSnowliftGeneric Inform Treatments\" class=\"_98zx\"><\/div>\n<div id=\"fbPhotoSnowliftViews\" class=\"_4p3v\"><\/div>\n<form id=\"u_e_2\" class=\"fbPhotosSnowliftFeedbackForm commentable_item collapsible_comments\" action=\"https:\/\/www.facebook.com\/ajax\/ufi\/modify.php\" method=\"post\" data-ft=\"{&quot;tn&quot;:&quot;]&quot;}\">\n<div id=\"fbPhotoSnowliftFeedback\" class=\"fbPhotosSnowliftFeedback\"><\/div>\n<div>\n<div>\n<div class=\"_6iib\">\n<div class=\"_6iic\">\n<div class=\"_6iid\"><\/div>\n<\/div>\n<\/div>\n<\/div>\n<\/div>\n<\/form>\n","protected":false},"excerpt":{"rendered":"<p>GOSALDO Hanno forzato la porta d&#8217;ingresso di una baita abbandonandone al suo interno un cervo morto, forse sono stati i bracconieri con lo scopo di tornare successivamente per recuperare il palco di corna una volta che il corpo dell&#8217;animale risulti decomposto.\u00a0 Senza dubbio l&#8217;animale \u00e8 stato ammazzato da un proiettile\u00a0 a pochi giorni dall&#8217;apertura della&hellip;<\/p>\n","protected":false},"author":4,"featured_media":157082,"comment_status":"closed","ping_status":"closed","sticky":false,"template":"","format":"standard","meta":{"_monsterinsights_skip_tracking":false,"_monsterinsights_sitenote_active":false,"_monsterinsights_sitenote_note":"","_monsterinsights_sitenote_category":0,"footnotes":""},"categories":[51,49],"tags":[],"class_list":["post-157081","post","type-post","status-publish","format-standard","has-post-thumbnail","hentry","category-evidenza-top","category-news-18","category-51","category-49","description-off"],"img_url":"https:\/\/www.radiopiu.net\/wordpress\/wp-content\/uploads\/2020\/08\/118256156_10217321533981266_576413737651102893_n.jpg","_links":{"self":[{"href":"https:\/\/www.radiopiu.net\/wordpress\/wp-json\/wp\/v2\/posts\/157081","targetHints":{"allow":["GET"]}}],"collection":[{"href":"https:\/\/www.radiopiu.net\/wordpress\/wp-json\/wp\/v2\/posts"}],"about":[{"href":"https:\/\/www.radiopiu.net\/wordpress\/wp-json\/wp\/v2\/types\/post"}],"author":[{"embeddable":true,"href":"https:\/\/www.radiopiu.net\/wordpress\/wp-json\/wp\/v2\/users\/4"}],"replies":[{"embeddable":true,"href":"https:\/\/www.radiopiu.net\/wordpress\/wp-json\/wp\/v2\/comments?post=157081"}],"version-history":[{"count":0,"href":"https:\/\/www.radiopiu.net\/wordpress\/wp-json\/wp\/v2\/posts\/157081\/revisions"}],"wp:featuredmedia":[{"embeddable":true,"href":"https:\/\/www.radiopiu.net\/wordpress\/wp-json\/wp\/v2\/media\/157082"}],"wp:attachment":[{"href":"https:\/\/www.radiopiu.net\/wordpress\/wp-json\/wp\/v2\/media?parent=157081"}],"wp:term":[{"taxonomy":"category","embeddable":true,"href":"https:\/\/www.radiopiu.net\/wordpress\/wp-json\/wp\/v2\/categories?post=157081"},{"taxonomy":"post_tag","embeddable":true,"href":"https:\/\/www.radiopiu.net\/wordpress\/wp-json\/wp\/v2\/tags?post=157081"}],"curies":[{"name":"wp","href":"https:\/\/api.w.org\/{rel}","templated":true}]}}