{"id":157157,"date":"2020-08-27T06:20:44","date_gmt":"2020-08-27T04:20:44","guid":{"rendered":"https:\/\/www.radiopiu.net\/wordpress\/?p=157157"},"modified":"2020-08-27T06:21:46","modified_gmt":"2020-08-27T04:21:46","slug":"quattro-ore-senzacqua-in-via-xx-agosto","status":"publish","type":"post","link":"https:\/\/www.radiopiu.net\/wordpress\/quattro-ore-senzacqua-in-via-xx-agosto\/","title":{"rendered":"OGGI QUATTRO ORE SENZ&#8217;ACQUA IN VIA XX AGOSTO. A SAN TOMASO NON SE NE PUO&#8217; PIU&#8217; DEI DISSERVIZI IDRICI"},"content":{"rendered":"<p><strong><img loading=\"lazy\" decoding=\"async\" class=\"alignleft\" src=\"https:\/\/www.radiopiu.net\/wordpress\/wp-content\/uploads\/2020\/06\/CANALE-DAGORDO-5.jpg\" width=\"180\" height=\"135\" \/>CANALE D&#8217;AGORDO<\/strong>\u00a0 Gestione Servizi Pubblici informa che, per lavori alla rete idrica comunale, oggi\u00a0 dalle 8.30 alle 12, verr\u00e0 sospesa l\u2019erogazione dell\u2019acqua a in via\u00a0 XX Agosto. Il personale addetto operer\u00e0 per limitare il pi\u00f9 possibile i disagi alla popolazione. Per informazioni \u00e8 possibile contattare il Servizio Clienti al numero 800 306 999 o +39 0445 230521 (da estero) . Per emergenze il numero del Pronto<\/p>\n<p>&nbsp;<\/p>\n<p>&nbsp;<\/p>\n<blockquote>\n<h3>A SAN TOMASO SONO OLTRE DUE SETTIMANE CHE LA GENTE DEVE RIFORNIRSI D&#8217;ACQUA DALLE AUTOBOTTI. DA NON POTERNE PIU&#8217;.<\/h3>\n<\/blockquote>\n<p><strong><strong class=\"photoswipe-wrapper\"><a class=\"dt-pswp-item pspw-wrap-ready\" href=\"https:\/\/i2.wp.com\/www.radiopiu.net\/wordpress\/wp-content\/uploads\/2018\/08\/ACQUA.jpeg?ssl=1\" data-dt-img-description=\"\" data-large_image_width=\"1280\" data-large_image_height=\"768\"><img loading=\"lazy\" decoding=\"async\" class=\"wp-image-57052 alignleft\" src=\"https:\/\/i2.wp.com\/www.radiopiu.net\/wordpress\/wp-content\/uploads\/2018\/08\/ACQUA.jpeg?resize=198%2C119&amp;ssl=1\" sizes=\"auto, (max-width: 198px) 100vw, 198px\" srcset=\"https:\/\/i2.wp.com\/www.radiopiu.net\/wordpress\/wp-content\/uploads\/2018\/08\/ACQUA.jpeg?resize=300%2C180&amp;ssl=1 300w, https:\/\/i2.wp.com\/www.radiopiu.net\/wordpress\/wp-content\/uploads\/2018\/08\/ACQUA.jpeg?resize=768%2C461&amp;ssl=1 768w, https:\/\/i2.wp.com\/www.radiopiu.net\/wordpress\/wp-content\/uploads\/2018\/08\/ACQUA.jpeg?resize=1024%2C614&amp;ssl=1 1024w, https:\/\/i2.wp.com\/www.radiopiu.net\/wordpress\/wp-content\/uploads\/2018\/08\/ACQUA.jpeg?w=1280&amp;ssl=1 1280w\" alt=\"\" width=\"198\" height=\"119\" data-recalc-dims=\"1\" \/><\/a><\/strong>SAN TOMASO AGORDINO<\/strong> nelle localit\u00e0 ROI E PIANEZZE l\u2019acqua erogata dall\u2019acquedotto non \u00e8 potabile e non pu\u00f2 essere usata per scopi alimentari nemmeno mediante bollitura come di solito avviene per gran parte delle localit\u00e0 interessate da inquinamenti temporanei a seguito della analisi degli uffici competententi. Viene effettuato da settimane un servizio sostitutivo con autobotte. Se la burocrazia lo permetter\u00e0 per il tardo autunno il problema potrebbe essere risolto, se i cantieri apriranno, se saranno cambiate le condotte con una spesa stimata non inferiore ai 500 mila euro. L&#8217;acquedotto della Val Caldiera ha messo in evidenza i problemi dal dicembre 2018, dopo i giorni di Vaia. Le condotte si &#8220;squagliano&#8221; e le polveri ferrose finiscono diritte nelle abitazioni dei cittadini che aprendo il rubinetto si ritrovano nel lavandino acqua dal fastidioso colore marroncino che invita a chiudere il rubinetto. Insomma l&#8217;acquedotto della Val Caldiera necessita di interventi urgenti per rispetto degli utenti, anche loro pagano regolarmente le bollette d&#8217;acqua, anche loro hanno pagato profumatamente l&#8217;acqua nell&#8217;era in cui l&#8217;amministratore delegato ha raccolto complimenti per aver risanato il debito creato da chi l&#8217;ha preceeduto, bella forza, erano i giorni in cui le popolazioni bellunesi sono state soggette ad aumenti esponenziali delle fatture. Ma almeno il resto della popolazione oltre Roi e Pianezze ha pagato per avere un servizio decente.<\/p>\n<p>Intervento \u00e8 800 757678.<\/p>\n","protected":false},"excerpt":{"rendered":"<p>CANALE D&#8217;AGORDO\u00a0 Gestione Servizi Pubblici informa che, per lavori alla rete idrica comunale, oggi\u00a0 dalle 8.30 alle 12, verr\u00e0 sospesa l\u2019erogazione dell\u2019acqua a in via\u00a0 XX Agosto. Il personale addetto operer\u00e0 per limitare il pi\u00f9 possibile i disagi alla popolazione. Per informazioni \u00e8 possibile contattare il Servizio Clienti al numero 800 306 999 o +39&hellip;<\/p>\n","protected":false},"author":4,"featured_media":142142,"comment_status":"closed","ping_status":"closed","sticky":false,"template":"","format":"standard","meta":{"_monsterinsights_skip_tracking":false,"_monsterinsights_sitenote_active":false,"_monsterinsights_sitenote_note":"","_monsterinsights_sitenote_category":0,"footnotes":""},"categories":[49],"tags":[],"class_list":["post-157157","post","type-post","status-publish","format-standard","has-post-thumbnail","hentry","category-news-18","category-49","description-off"],"img_url":"https:\/\/www.radiopiu.net\/wordpress\/wp-content\/uploads\/2020\/06\/CANALE-DAGORDO-5.jpg","_links":{"self":[{"href":"https:\/\/www.radiopiu.net\/wordpress\/wp-json\/wp\/v2\/posts\/157157","targetHints":{"allow":["GET"]}}],"collection":[{"href":"https:\/\/www.radiopiu.net\/wordpress\/wp-json\/wp\/v2\/posts"}],"about":[{"href":"https:\/\/www.radiopiu.net\/wordpress\/wp-json\/wp\/v2\/types\/post"}],"author":[{"embeddable":true,"href":"https:\/\/www.radiopiu.net\/wordpress\/wp-json\/wp\/v2\/users\/4"}],"replies":[{"embeddable":true,"href":"https:\/\/www.radiopiu.net\/wordpress\/wp-json\/wp\/v2\/comments?post=157157"}],"version-history":[{"count":0,"href":"https:\/\/www.radiopiu.net\/wordpress\/wp-json\/wp\/v2\/posts\/157157\/revisions"}],"wp:featuredmedia":[{"embeddable":true,"href":"https:\/\/www.radiopiu.net\/wordpress\/wp-json\/wp\/v2\/media\/142142"}],"wp:attachment":[{"href":"https:\/\/www.radiopiu.net\/wordpress\/wp-json\/wp\/v2\/media?parent=157157"}],"wp:term":[{"taxonomy":"category","embeddable":true,"href":"https:\/\/www.radiopiu.net\/wordpress\/wp-json\/wp\/v2\/categories?post=157157"},{"taxonomy":"post_tag","embeddable":true,"href":"https:\/\/www.radiopiu.net\/wordpress\/wp-json\/wp\/v2\/tags?post=157157"}],"curies":[{"name":"wp","href":"https:\/\/api.w.org\/{rel}","templated":true}]}}