{"id":157165,"date":"2020-08-26T06:10:03","date_gmt":"2020-08-26T04:10:03","guid":{"rendered":"https:\/\/www.radiopiu.net\/wordpress\/?p=157165"},"modified":"2020-08-26T06:26:01","modified_gmt":"2020-08-26T04:26:01","slug":"polizia-ferroviaria-a-ferragosto-denunciate-81-persone","status":"publish","type":"post","link":"https:\/\/www.radiopiu.net\/wordpress\/polizia-ferroviaria-a-ferragosto-denunciate-81-persone\/","title":{"rendered":"POLIZIA FERROVIARIA: A FERRAGOSTO DENUNCIATE 81 PERSONE"},"content":{"rendered":"<p><span style=\"font-family: Times New Roman, serif;\"><span style=\"font-size: medium;\"><b><a class=\"dt-pswp-item\" href=\"https:\/\/www.radiopiu.net\/wordpress\/wp-content\/uploads\/2020\/01\/polfer1.jpg\" data-dt-img-description=\"\" data-large_image_width=\"1599\" data-large_image_height=\"1200\"><img loading=\"lazy\" decoding=\"async\" class=\"size-medium wp-image-114124 alignleft\" src=\"https:\/\/www.radiopiu.net\/wordpress\/wp-content\/uploads\/2020\/01\/polfer1-300x225.jpg\" alt=\"\" width=\"300\" height=\"225\" srcset=\"https:\/\/www.radiopiu.net\/wordpress\/wp-content\/uploads\/2020\/01\/polfer1-300x225.jpg 300w, https:\/\/www.radiopiu.net\/wordpress\/wp-content\/uploads\/2020\/01\/polfer1-1024x768.jpg 1024w, https:\/\/www.radiopiu.net\/wordpress\/wp-content\/uploads\/2020\/01\/polfer1-768x576.jpg 768w, https:\/\/www.radiopiu.net\/wordpress\/wp-content\/uploads\/2020\/01\/polfer1-1536x1153.jpg 1536w, https:\/\/www.radiopiu.net\/wordpress\/wp-content\/uploads\/2020\/01\/polfer1.jpg 1599w\" sizes=\"auto, (max-width: 300px) 100vw, 300px\" \/><\/a>VENEZIA\u00a0 <\/b><\/span><\/span><span style=\"font-family: Times New Roman, serif;\"><span style=\"font-size: medium;\">E\u2019 di 1911 identificati e 8 denunciati il bilancio dei controlli della Polizia Ferroviaria per il Veneto nella settimana appena trascorsa; 186 sono stati i pattugliamenti nelle stazioni e 7 i servizi antiborseggio, attuati in abiti civili da personale della Squadra di Polizia Giudiziaria. <\/span><\/span><span style=\"font-family: Times New Roman, serif;\"><span style=\"font-size: medium;\">In concomitanza con l\u2019aumentato flusso di viaggiatori collegato al primo controesodo estivo, gli operatori Polfer hanno intensificato le misure di vigilanza e controllo negli scali ferroviari di competenza, soprattutto in quelli maggiormente interessati dal transito di passeggeri, dove \u00e8 stata riservata una particolare attenzione anche al monitoraggio del rispetto della normativa anti contagio da COVID-19. <\/span><\/span><span style=\"font-family: Times New Roman, serif;\"><span style=\"font-size: medium;\">Sono state denunciate all\u2019Autorit\u00e0 Giudiziaria 8 persone: a Venezia\u00a0 \u00e8 stato denunciato un cittadino rumeno, che era a bordo treno privo di mascherina. Ripreso dal capotreno, lo straniero lo ha afferrato e strattonato con forza. <\/span><\/span><span style=\"font-size: medium; font-family: 'Times New Roman', serif;\">Gli Agenti della Sezione Polizia Ferroviaria di Venezia-Mestre hanno proceduto nei confronti di tre persone per rifiuto a declinare le generalit\u00e0, per inosservanza della normativa sull\u2019immigrazione e per inottemperanza all\u2019obbligo di soggiorno. <\/span><span style=\"font-family: Times New Roman, serif;\"><span style=\"font-size: medium;\">Nella stazione di Padova, un giovane originario del Gambia \u00e8 stato indagato per il tentato furto di una bicicletta e una 27enne nigeriana, priva di documenti identificativi, per essersi rifiutata di declinare le proprie generalit\u00e0. <\/span><\/span><span style=\"font-family: Times New Roman, serif;\"><span style=\"font-size: medium;\">Un italiano di 56 anni \u00e8 stato segnalato all\u2019Autorit\u00e0 Giudiziaria per atti osceni compiuti a bordo treno, nei confronti di una giovane passeggera. <\/span><\/span><span style=\"font-family: Times New Roman, serif;\"><span style=\"font-size: medium;\">Nella stazione di Treviso, \u00e8 stato denunciato un 44enne residente in provincia di Venezia perch\u00e9 si \u00e8 impossessato della borsa dimenticata in stazione da una viaggiatrice. Le indagini, svolte anche con il supporto della visione delle telecamere, hanno consentito agli Agenti di individuare il responsabile e procedere nei suoi confronti; il maltolto \u00e8 stato restituito alla legittima proprietaria, integro del suo contenuto.<\/span><\/span><\/p>\n<p align=\"JUSTIFY\">\n","protected":false},"excerpt":{"rendered":"<p>VENEZIA\u00a0 E\u2019 di 1911 identificati e 8 denunciati il bilancio dei controlli della Polizia Ferroviaria per il Veneto nella settimana appena trascorsa; 186 sono stati i pattugliamenti nelle stazioni e 7 i servizi antiborseggio, attuati in abiti civili da personale della Squadra di Polizia Giudiziaria. In concomitanza con l\u2019aumentato flusso di viaggiatori collegato al primo&hellip;<\/p>\n","protected":false},"author":4,"featured_media":69691,"comment_status":"closed","ping_status":"closed","sticky":false,"template":"","format":"standard","meta":{"_monsterinsights_skip_tracking":false,"_monsterinsights_sitenote_active":false,"_monsterinsights_sitenote_note":"","_monsterinsights_sitenote_category":0,"footnotes":""},"categories":[49],"tags":[],"class_list":["post-157165","post","type-post","status-publish","format-standard","has-post-thumbnail","hentry","category-news-18","category-49","description-off"],"img_url":"https:\/\/www.radiopiu.net\/wordpress\/wp-content\/uploads\/2018\/12\/Polfer-Belluno-6.png","_links":{"self":[{"href":"https:\/\/www.radiopiu.net\/wordpress\/wp-json\/wp\/v2\/posts\/157165","targetHints":{"allow":["GET"]}}],"collection":[{"href":"https:\/\/www.radiopiu.net\/wordpress\/wp-json\/wp\/v2\/posts"}],"about":[{"href":"https:\/\/www.radiopiu.net\/wordpress\/wp-json\/wp\/v2\/types\/post"}],"author":[{"embeddable":true,"href":"https:\/\/www.radiopiu.net\/wordpress\/wp-json\/wp\/v2\/users\/4"}],"replies":[{"embeddable":true,"href":"https:\/\/www.radiopiu.net\/wordpress\/wp-json\/wp\/v2\/comments?post=157165"}],"version-history":[{"count":0,"href":"https:\/\/www.radiopiu.net\/wordpress\/wp-json\/wp\/v2\/posts\/157165\/revisions"}],"wp:featuredmedia":[{"embeddable":true,"href":"https:\/\/www.radiopiu.net\/wordpress\/wp-json\/wp\/v2\/media\/69691"}],"wp:attachment":[{"href":"https:\/\/www.radiopiu.net\/wordpress\/wp-json\/wp\/v2\/media?parent=157165"}],"wp:term":[{"taxonomy":"category","embeddable":true,"href":"https:\/\/www.radiopiu.net\/wordpress\/wp-json\/wp\/v2\/categories?post=157165"},{"taxonomy":"post_tag","embeddable":true,"href":"https:\/\/www.radiopiu.net\/wordpress\/wp-json\/wp\/v2\/tags?post=157165"}],"curies":[{"name":"wp","href":"https:\/\/api.w.org\/{rel}","templated":true}]}}