{"id":157173,"date":"2020-08-26T06:09:05","date_gmt":"2020-08-26T04:09:05","guid":{"rendered":"https:\/\/www.radiopiu.net\/wordpress\/?p=157173"},"modified":"2020-08-26T06:25:43","modified_gmt":"2020-08-26T04:25:43","slug":"record-di-pioggia-nellalto-agordino-di-vento-in-cadore-e-marmolada","status":"publish","type":"post","link":"https:\/\/www.radiopiu.net\/wordpress\/record-di-pioggia-nellalto-agordino-di-vento-in-cadore-e-marmolada\/","title":{"rendered":"RECORD DI PIOGGIA NELL&#8217;ALTO AGORDINO, DI VENTO IN CADORE E MARMOLADA"},"content":{"rendered":"<p><strong><img loading=\"lazy\" decoding=\"async\" class=\"alignleft\" src=\"https:\/\/www.radiopiu.net\/wordpress\/wp-content\/uploads\/2020\/08\/9a7ae5cf-e697-457e-b450-9a026dd56b29.jpg\" width=\"402\" height=\"201\" \/>PADOVA\u00a0<\/strong> Nell&#8217;ultimo weekend\u00a0 la regione \u00e8 stata interessata da un primo debole fronte perturbato, che ha marginalmente coinvolto le zone montane nel pomeriggio-sera di sabato, e da un secondo fronte freddo pi\u00f9 deciso e organizzato che ha provocato un forte aumento dell\u2019instabilit\u00e0 atmosferica su gran parte del territorio nella seconda parte di domenica. Sabato i fenomeni meteorologici pi\u00f9 significativi hanno riguardato soprattutto l\u2019area dolomitica con rovesci e temporali a tratti anche diffusi e con segnali localmente intensi quali forti precipitazioni e forti raffiche di vento. I quantitativi massimi di precipitazione rilevati dalla rete di stazioni Arpav sono stati registrati nell\u2019Alto Agordino con poco pi\u00f9 di 22 mm totali ad Arabba e a Passo Pordoi e scrosci massimi di 13mm in 10 minuti a Malga Ciapela, mentre le raffiche di vento pi\u00f9 elevate hanno raggiunto i 91 Km\/h a Perarolo di Cadore e i 109 Km\/h sulla Marmolada. Domenica\u00a0 da met\u00e0 pomeriggio il fronte in avvicinamento dai settori nord-occidentali della regione, ai confini con Trentino e Lombardia, si \u00e8 organizzato in un sistema convettivo piuttosto ampio con precipitazioni diffuse a prevalente carattere di rovescio e temporale, lungo una fascia compresa tra Trento e Brescia. Dalle 16.30 il fronte temporalesco ha iniziato ad interessare la zona del Garda e nel suo spostamento verso est si \u00e8 ulteriormente intensificato registrando proprio in prossimit\u00e0 della citt\u00e0 di Verona e zone limitrofe<\/p>\n","protected":false},"excerpt":{"rendered":"<p>PADOVA\u00a0 Nell&#8217;ultimo weekend\u00a0 la regione \u00e8 stata interessata da un primo debole fronte perturbato, che ha marginalmente coinvolto le zone montane nel pomeriggio-sera di sabato, e da un secondo fronte freddo pi\u00f9 deciso e organizzato che ha provocato un forte aumento dell\u2019instabilit\u00e0 atmosferica su gran parte del territorio nella seconda parte di domenica. Sabato i&hellip;<\/p>\n","protected":false},"author":4,"featured_media":157174,"comment_status":"closed","ping_status":"closed","sticky":false,"template":"","format":"standard","meta":{"_monsterinsights_skip_tracking":false,"_monsterinsights_sitenote_active":false,"_monsterinsights_sitenote_note":"","_monsterinsights_sitenote_category":0,"footnotes":""},"categories":[49],"tags":[],"class_list":["post-157173","post","type-post","status-publish","format-standard","has-post-thumbnail","hentry","category-news-18","category-49","description-off"],"img_url":"https:\/\/www.radiopiu.net\/wordpress\/wp-content\/uploads\/2020\/08\/9a7ae5cf-e697-457e-b450-9a026dd56b29.jpg","_links":{"self":[{"href":"https:\/\/www.radiopiu.net\/wordpress\/wp-json\/wp\/v2\/posts\/157173","targetHints":{"allow":["GET"]}}],"collection":[{"href":"https:\/\/www.radiopiu.net\/wordpress\/wp-json\/wp\/v2\/posts"}],"about":[{"href":"https:\/\/www.radiopiu.net\/wordpress\/wp-json\/wp\/v2\/types\/post"}],"author":[{"embeddable":true,"href":"https:\/\/www.radiopiu.net\/wordpress\/wp-json\/wp\/v2\/users\/4"}],"replies":[{"embeddable":true,"href":"https:\/\/www.radiopiu.net\/wordpress\/wp-json\/wp\/v2\/comments?post=157173"}],"version-history":[{"count":0,"href":"https:\/\/www.radiopiu.net\/wordpress\/wp-json\/wp\/v2\/posts\/157173\/revisions"}],"wp:featuredmedia":[{"embeddable":true,"href":"https:\/\/www.radiopiu.net\/wordpress\/wp-json\/wp\/v2\/media\/157174"}],"wp:attachment":[{"href":"https:\/\/www.radiopiu.net\/wordpress\/wp-json\/wp\/v2\/media?parent=157173"}],"wp:term":[{"taxonomy":"category","embeddable":true,"href":"https:\/\/www.radiopiu.net\/wordpress\/wp-json\/wp\/v2\/categories?post=157173"},{"taxonomy":"post_tag","embeddable":true,"href":"https:\/\/www.radiopiu.net\/wordpress\/wp-json\/wp\/v2\/tags?post=157173"}],"curies":[{"name":"wp","href":"https:\/\/api.w.org\/{rel}","templated":true}]}}