{"id":157177,"date":"2020-08-25T14:23:23","date_gmt":"2020-08-25T12:23:23","guid":{"rendered":"https:\/\/www.radiopiu.net\/wordpress\/?p=157177"},"modified":"2020-08-25T14:23:23","modified_gmt":"2020-08-25T12:23:23","slug":"investimenti-e-sinergie-per-far-ripartire-leconomia-roffare-della-cisl","status":"publish","type":"post","link":"https:\/\/www.radiopiu.net\/wordpress\/investimenti-e-sinergie-per-far-ripartire-leconomia-roffare-della-cisl\/","title":{"rendered":"INVESTIMENTI E SINERGIE PER FAR RIPARTIRE L&#8217;ECONOMIA, ROFFARE&#8217; DELLA CISL"},"content":{"rendered":"<p><strong>TAIBON<\/strong> Sono passati pi\u00f9 di sei mesi da quando \u00e8 iniziata l\u2019emergenza del Coronavirus in Italia, il mondo \u00e8 cambiato. Solitamente, con la fine della pausa estiva delle attivit\u00e0 produttive, si iniziano a tirare le somme dell\u2019anno in corso e si comincia a ragionare su come programmare le attivit\u00e0 produttive dei prossimi mesi. Riceviamo e volentieri pubblichiamo una riflessione del Segretario Generale aggiunto della Cisl Belluno Treviso, Rudy Roffar\u00e8.<\/p>\n<p>&nbsp;<\/p>\n<p><strong>di Rudy Roffare&#8217;<\/strong><\/p>\n<blockquote><p><em><a class=\"dt-pswp-item\" href=\"https:\/\/www.radiopiu.net\/wordpress\/wp-content\/uploads\/2020\/06\/ingegnere-dell-industria-della-raffineria-che-indossa-la-coronavirus-co-protettiva-a-partire-dal-2019-o-che-covid-19-maschera-triste-perche-causa-di-disoccupazione_33835-1276.jpg\" data-dt-img-description=\"\" data-large_image_width=\"626\" data-large_image_height=\"417\"><img loading=\"lazy\" decoding=\"async\" class=\"size-medium wp-image-142820 alignleft\" src=\"https:\/\/www.radiopiu.net\/wordpress\/wp-content\/uploads\/2020\/06\/ingegnere-dell-industria-della-raffineria-che-indossa-la-coronavirus-co-protettiva-a-partire-dal-2019-o-che-covid-19-maschera-triste-perche-causa-di-disoccupazione_33835-1276-300x200.jpg\" alt=\"\" width=\"300\" height=\"200\" srcset=\"https:\/\/www.radiopiu.net\/wordpress\/wp-content\/uploads\/2020\/06\/ingegnere-dell-industria-della-raffineria-che-indossa-la-coronavirus-co-protettiva-a-partire-dal-2019-o-che-covid-19-maschera-triste-perche-causa-di-disoccupazione_33835-1276-300x200.jpg 300w, https:\/\/www.radiopiu.net\/wordpress\/wp-content\/uploads\/2020\/06\/ingegnere-dell-industria-della-raffineria-che-indossa-la-coronavirus-co-protettiva-a-partire-dal-2019-o-che-covid-19-maschera-triste-perche-causa-di-disoccupazione_33835-1276.jpg 626w\" sizes=\"auto, (max-width: 300px) 100vw, 300px\" \/><\/a>Purtroppo ad oggi ci sono poche certezze e tanti dubbi su come affrontare il futuro. Ma come Cisl pensiamo, seppur nelle emergenze, che occorrano coraggio, fermezza nelle decisioni e uno spirito ottimistico che sappia cogliere le opportunit\u00e0, che se cercate, ci sono, a patto di partire dal mettere al centro la persona per costruire una societ\u00e0 fondata, come da nostra cultura e tradizione, sulla comunit\u00e0 di cittadini.\u00a0 In questo contesto di forti turbolenze economiche, variabili sanitarie legate al virus e gli effetti che questi elementi producono nella vita sociale e lavorativa di ognuno di noi e delle nostre famiglie, \u00e8 necessario che ognuno faccia la sua parte. A partire dalla politica, dalle associazioni di rappresentanza e da tutti quelli che in questa societ\u00e0 ricoprono un ruolo.<\/em><br \/>\n<em>Di fronte a una societ\u00e0 che si espone a una politica fatta di aiuti a pioggia e a una infinit\u00e0 di bonus, si rischia di perdere il treno delle risorse che a vario titolo vengono ora messe a disposizione dell\u2019Europa. Senza entrare nel merito della tipologia di risorse disponibili, va evidenziato come serva pi\u00f9 che mai una seria programmazione attraverso una visione di Paese: che lavorazioni tenere, quale politica industriale, quale modello scolastico, quale organizzazione socio-sanitaria? Sono alcune delle domande a cui il Governo non riesce a dare una risposta concreta e strutturata.\u00a0 La Cisl sostiene convintamente che per far ripartire il Paese siano necessari investimenti nelle infrastrutture, nella digitalizzazione, nello sblocco dei cantieri e nel settore sanitario. Il Decreto Agosto prevede un pacchetto complessivo, dove si sostiene il lavoro e le imprese, creando cos\u00ec le condizioni per non chiudere le aziende e per evitare di licenziare i lavoratori. La Cisl lo dice con vigore a Confindustria: i lavoratori sono un patrimonio delle aziende e occorre sfruttare questo tempo di ammortizzatori per proporre formazione continua e creare le condizioni per la ripartenza. Ecco perch\u00e9 \u00e8 importante prorogare gli ammortizzatori sociali, cos\u00ec come proseguire con il blocco dei licenziamenti e gli interventi a favore delle imprese. Ma questo periodo di minor lavoro, legato al forte rallentamento dell\u2019export, non pu\u00f2 essere buttato invano. Parlavamo di cogliere le opportunit\u00e0. Ebbene, come la storia ci insegna, <a class=\"dt-pswp-item\" href=\"https:\/\/www.radiopiu.net\/wordpress\/wp-content\/uploads\/2019\/10\/ROFFARE.jpg\" data-dt-img-description=\"\" data-large_image_width=\"225\" data-large_image_height=\"225\"><img loading=\"lazy\" decoding=\"async\" class=\"size-full wp-image-101754 alignright\" src=\"https:\/\/www.radiopiu.net\/wordpress\/wp-content\/uploads\/2019\/10\/ROFFARE.jpg\" alt=\"\" width=\"225\" height=\"225\" srcset=\"https:\/\/www.radiopiu.net\/wordpress\/wp-content\/uploads\/2019\/10\/ROFFARE.jpg 225w, https:\/\/www.radiopiu.net\/wordpress\/wp-content\/uploads\/2019\/10\/ROFFARE-150x150.jpg 150w\" sizes=\"auto, (max-width: 225px) 100vw, 225px\" \/><\/a>proprio nel momento di difficolt\u00e0, l\u2019arretramento pu\u00f2 servire a recuperare energie, idee e prepararsi per il dopo. Questi mesi possono essere utilizzati per pianificare e cogliere le occasioni, come la rivoluzione della transizione energetica alle fonti rinnovabilie l\u2019introduzione delle nuove tecnologie.<\/em><br \/>\n<em>A livello locale, le imprese possono trovare grandi opportunit\u00e0 nella cura del territorio, in alcune forme di economia circolare e, per quanto riguarda il manifatturiero, alcune aziende del settore moda, chimico e metalmeccanico hanno la possibilit\u00e0 di rilanciare il made in Italy attraverso i concetti di bellezza, qualit\u00e0 e ingegnosit\u00e0 dei prodotti. Si pu\u00f2 immaginare un nuovo tipo di turismo, con un territorio che offre un ambiente favorevole, dove l\u2019accoglienza diffusa pu\u00f2 diventare un\u2019importante entrata economica per le famiglie e valorizzare cos\u00ec le vallate. A patto che vi sia vera sostenibilit\u00e0 che presuppone prima di tutto una profonda conoscenza della montagna, dei suoi limiti e dei suoi delicati equilibri. Va evitato che il territorio diventi solo un grande parco giochi: la provincia di Belluno ha bisogno di un turismo onesto e sostenibile, che permetta alla gente di montagna di continuare a vivere con dignit\u00e0. Ma \u00e8 indubbio che i grandi eventi sportivi, insieme al rilancio di laghi e montagne e alle piccole iniziative culturali e sportive, possano essere per Belluno un\u2019alternativa di sviluppo economico e sociale favorendoil rallentamentodello spopolamento e dell\u2019abbandono della montagna, che per la Cisl, sono temi cruciali. Ecco perch\u00e9 sosteniamo che servono investimenti infrastrutturali (banda larga e superamento dei vincoli stradali con una strada scorrimento veloce) e servizi alla cittadinanza, soprattutto nelle zone alte della montagna. Per questo la Cisl sta lavorando per rilanciare con forza \u201cWelfare Dolomiti\u201d, il fondo territoriale che vuole contrastare lo spopolamento con progetti pensati per i giovani. Il territorio bellunese deve lavorare tanto per essere anche attrattivo per i giovani, attraverso percorsi di laurea creati ad hoc, e per medici, insegnanti e professioni altamente qualificate, prevedendo abitazioni con prezzi calmierati e stipendi adeguati. Tre gli elementi cruciali per raggiungere questi obiettivi: il gioco di squadra, che a livello territoriale fatica ancora a concretizzarsi; la contrattazione, che va rimessa al centro, perch\u00e9 solo con una forte cooperazione tra datori di lavoro e lavoratori si potr\u00e0 uscire dalla crisi; politiche attive per il lavoro e formazione.\u00a0 Serve un impegno maggiore per capire di quali competenze necessitano le aziende nei prossimi anni. La transizione economica verso il digitale e l\u2019economia verde modificher\u00e0 radicalmente le mansioni di lavoro, per le quali servir\u00e0 molta formazione costante nel tempo. Le aziende possono gi\u00e0 ora utilizzare le risorse dei fondi interprofessionali, a partire da Fondimpresa.\u00a0 Con queste priorit\u00e0, sar\u00e0 possibile rendere le imprese pi\u00f9 produttive e competitive nello scenario internazionale e creare per il territorio anche delle alternative all\u2019industria. \u201cRiprogettiamo il nostro territorio in maniera intelligente\u201d \u00e8 anche un invito che la Cisl rivolge a tutti i candidati alle prossime lezioni regionali e comunali.<\/em><\/p><\/blockquote>\n","protected":false},"excerpt":{"rendered":"<p>TAIBON Sono passati pi\u00f9 di sei mesi da quando \u00e8 iniziata l\u2019emergenza del Coronavirus in Italia, il mondo \u00e8 cambiato. Solitamente, con la fine della pausa estiva delle attivit\u00e0 produttive, si iniziano a tirare le somme dell\u2019anno in corso e si comincia a ragionare su come programmare le attivit\u00e0 produttive dei prossimi mesi. Riceviamo e&hellip;<\/p>\n","protected":false},"author":4,"featured_media":101754,"comment_status":"closed","ping_status":"closed","sticky":false,"template":"","format":"standard","meta":{"_monsterinsights_skip_tracking":false,"_monsterinsights_sitenote_active":false,"_monsterinsights_sitenote_note":"","_monsterinsights_sitenote_category":0,"footnotes":""},"categories":[49],"tags":[],"class_list":["post-157177","post","type-post","status-publish","format-standard","has-post-thumbnail","hentry","category-news-18","category-49","description-off"],"img_url":"https:\/\/www.radiopiu.net\/wordpress\/wp-content\/uploads\/2019\/10\/ROFFARE.jpg","_links":{"self":[{"href":"https:\/\/www.radiopiu.net\/wordpress\/wp-json\/wp\/v2\/posts\/157177","targetHints":{"allow":["GET"]}}],"collection":[{"href":"https:\/\/www.radiopiu.net\/wordpress\/wp-json\/wp\/v2\/posts"}],"about":[{"href":"https:\/\/www.radiopiu.net\/wordpress\/wp-json\/wp\/v2\/types\/post"}],"author":[{"embeddable":true,"href":"https:\/\/www.radiopiu.net\/wordpress\/wp-json\/wp\/v2\/users\/4"}],"replies":[{"embeddable":true,"href":"https:\/\/www.radiopiu.net\/wordpress\/wp-json\/wp\/v2\/comments?post=157177"}],"version-history":[{"count":0,"href":"https:\/\/www.radiopiu.net\/wordpress\/wp-json\/wp\/v2\/posts\/157177\/revisions"}],"wp:featuredmedia":[{"embeddable":true,"href":"https:\/\/www.radiopiu.net\/wordpress\/wp-json\/wp\/v2\/media\/101754"}],"wp:attachment":[{"href":"https:\/\/www.radiopiu.net\/wordpress\/wp-json\/wp\/v2\/media?parent=157177"}],"wp:term":[{"taxonomy":"category","embeddable":true,"href":"https:\/\/www.radiopiu.net\/wordpress\/wp-json\/wp\/v2\/categories?post=157177"},{"taxonomy":"post_tag","embeddable":true,"href":"https:\/\/www.radiopiu.net\/wordpress\/wp-json\/wp\/v2\/tags?post=157177"}],"curies":[{"name":"wp","href":"https:\/\/api.w.org\/{rel}","templated":true}]}}