{"id":157205,"date":"2020-08-25T23:59:58","date_gmt":"2020-08-25T21:59:58","guid":{"rendered":"https:\/\/www.radiopiu.net\/wordpress\/?p=157205"},"modified":"2020-08-26T05:58:59","modified_gmt":"2020-08-26T03:58:59","slug":"agosto-il-mese-di-luciani-papa-e-della-scomparsa-di-2-vescovi-di-renato-bona","status":"publish","type":"post","link":"https:\/\/www.radiopiu.net\/wordpress\/agosto-il-mese-di-luciani-papa-e-della-scomparsa-di-2-vescovi-di-renato-bona\/","title":{"rendered":"AGOSTO: IL MESE DI LUCIANI PAPA  E DELLA SCOMPARSA DI 2 VESCOVI di Renato Bona"},"content":{"rendered":"<p><strong><a class=\"dt-pswp-item\" href=\"https:\/\/www.radiopiu.net\/wordpress\/wp-content\/uploads\/2019\/08\/553085_385905871470280_1626001170_n.jpg\" data-dt-img-description=\"\" data-large_image_width=\"855\" data-large_image_height=\"569\"><img loading=\"lazy\" decoding=\"async\" class=\" wp-image-94070 alignleft\" src=\"https:\/\/www.radiopiu.net\/wordpress\/wp-content\/uploads\/2019\/08\/553085_385905871470280_1626001170_n-300x200.jpg\" alt=\"\" width=\"144\" height=\"96\" \/><\/a>di\u00a0Renato\u00a0<\/strong><b>Bona\u00a0<\/b><\/p>\n<p>Diligentemente, l\u2019arcidiacono della Basilica di Belluno, monsignor Attilio Zanderigo Jona, ha affisso appena oltre la porta laterale di sinistra della cattedrale-basilica e nella bacheca esterna, all\u2019ingresso di destra, un avviso ai fedeli per ricordare tre anniversari che ricorrono in questi giorni: uno fa riferimento ad un evento lieto (ma durer\u00e0 purtroppo solo 33 giorni!) e gli altri due tristi. Si tratta dell\u2019ascesa sul soglio di Pietro, il 26 agosto 1978, di Albino Luciani, patriarca di Venezia, divenuto pontefice col nome di Giovanni Paolo I; quindi dell\u2019anniversario della scomparsa, il 27 agosto, del vescovo Gioacchino Muccin; e dell\u2019anniversario della morte, il 28 agosto, del vescovo Maffeo Ducoli; nel ricordo dei due presuli verranno celebrate messe alle 18,30 nella stessa cattedrale. Per Luciani c\u2019\u00e8 invece un nutrito programma di iniziative, non solo religiose, nel paese natale. ALBINO LUCIANI, il secondo papa bellunese della storia dopo Gregorio XVI, \u00e8 stato il 263. Vescovo di Roma e Palpa della Chiesa cattolica, finora l\u2019ultimo di nazionalit\u00e0 italiana; quinto sovrano dello Stato della Citt\u00e0 del Vaticano, accanto agli altri titoli connessi al suo ufficio. Nato il 17 ottobre a Canale d\u2019Agordo, \u00e8 mancato nel Palazzo apostolico di Citt\u00e0 del Vaticano il 28 settembre 1978 dopo soli 33 giorni di pontificato. Era stato infatti eletto nel pomeriggio del 26 agosto. Appartenente alla diocesi di Belluno e Feltre, era stato nominato vescovo di Vittorio Veneto da Papa Giovanni XXIII e consacrato dallo stesso pontefice il 27 dello stesso mese, quindi creato cardinale il 5 marzo 1973 da papa Paolo VI, i due pontefici che il \u201cPapa bellunese del sorriso\u201d aveva voluto ricordare quando assunse il nome di Giovanni Paolo I. GIOACCHINO MUCCIN: era nato il 25 novembre 1889 a Casarsa della Delizia (Diocesi di Concordia) in Friuli; \u00e8 mancato il 27 agosto 1991. Fu nominato vescovo il 19 maggio 1949 da Papa Pio XII e consacrato dall\u2019arcivescovo Giovanni Costantini il 19 giugno 1949. Durante la Grande Guerra \u2013 come ricorda il sito chiesabellunofeltre \u2013 fu uno dei \u201cRagazzi del \u201899\u201d; venne ordinato sacerdote nel 1923 e fu parroco a Castelnuovo del Friuli, insegnante nel seminario e assistente dell\u2019Azione cattolica; fu quindi arciprete di San Marco a Pordenone e nel 1949 vescovo di Feltre e Belluno: 26 anni di intensa proficua attivit\u00e0; a lui si deve la proposta di nomina a vescovo di Albino Luciani. Ma si ricordano anche la formazione di nuove parrocchie, la rifondazione dei seminari, dell\u2019istituto Sperti, la Casa del clero, la realizzazione del centro Giovanni XXIII. Visse con profonda partecipazione momenti tragici per il bellunese e la sua gente come la catastrofe del Vajont, la tragedia di Mattmark e la disastrosa alluvione del novembre 1966. Dopo le dimissioni per limiti d\u2019et\u00e0 fu ospite a San Pietro di Feletto per 16 anni nella villa del Patriarcato di Venezia fino al 27 agosto 1991 quando sopravvenne la morte. La salma, per espressa volont\u00e0 del presule, \u00e8 tumulata nel cimitero delle vittime del Vajont, a Longarone. MAFFEO DUCOLI: era nato a San Mauro di Saline in provincia di Verona il 7 novembre 1918; ordinato sacerdote il 30 maggio 1942, era stato alunno del Pontificio seminario lombardo dal 1943 al 1945 conseguendo la laurea in \u2018utroque iure\u2019 alla Pontificia universit\u00e0 lateranense. Il 22 aprile 1967 la nomina a vescovo ausiliare di Verona (titolare di Fidene) ricevette l\u2019ordinazione episcopale dal vescovo Giuseppe Carraro. E\u2019 del 7 ottobre 1975 la nomina a vescovo delle diocesi di Belluno e Feltre. Di Ducoli si ricorda l\u2019impegno per la realizzazione di importanti progetti quali il restauro della Cattedrale, del Villaggio San Paolo a Cavallino, della Villa gregoriana a San Marco di Auronzo; si prodig\u00f2 inoltre per la costruzione del centro di spiritualit\u00e0 e cultura \u201cPapa Luciani\u201d di Col Cumano a Santa Giustina e del santuario Santa Maria Immacolata Nostra signora di Lourdes sul col Nevegal. A lui si deve l\u2019avvio della missione di Sakassou in Costa d\u2019Avorio. Il 26 agosto 1979 accompagn\u00f2 Giovanni Paolo II nella storica visita alla terra natale del predecessore: Canale d\u2019Agordo, in Marmolada, a Belluno e ricevette il pontefice in occasione delle sue vacanze in Cadore, a Lorenzago. Il 21 gennaio 1996 concluse per limiti d\u2019et\u00e0 il servizio episcopale in diocesi. Cess\u00f2 di vivere a Negrar, nel veronese, il 28 agosto 2012, a 93 anni di et\u00e0. La salma \u00e8 tumulata nella chiesa campestre di San Maurizio, a Breno in Val Camonica.<\/p>\n\n\t\t\t<style type='text\/css'>\n\t\t\t\t#gallery-1 {\n\t\t\t\t\tmargin: auto;\n\t\t\t\t}\n\t\t\t\t#gallery-1 .gallery-item {\n\t\t\t\t\tfloat: left;\n\t\t\t\t\tmargin-top: 10px;\n\t\t\t\t\ttext-align: center;\n\t\t\t\t\twidth: 25%;\n\t\t\t\t}\n\t\t\t\t#gallery-1 img {\n\t\t\t\t\tborder: 2px solid #cfcfcf;\n\t\t\t\t}\n\t\t\t\t#gallery-1 .gallery-caption {\n\t\t\t\t\tmargin-left: 0;\n\t\t\t\t}\n\t\t\t\t\/* see gallery_shortcode() in wp-includes\/media.php *\/\n\t\t\t<\/style>\n\t\t<div id='gallery-1' class='dt-gallery-container gallery galleryid-157205 gallery-columns-4 gallery-size-thumbnail'><dl class='gallery-item'>\n\t\t\t\t<dt class='gallery-icon portrait'>\n\t\t\t\t\t<a class=\"rollover rollover-zoom dt-pswp-item\" title=\"118306768_330126631472031_1887767511987545487_n\" data-dt-img-description=\"\" data-large_image_width=\"1814\" data-large_image_height=\"2560\"href='https:\/\/www.radiopiu.net\/wordpress\/wp-content\/uploads\/2020\/08\/118306768_330126631472031_1887767511987545487_n-scaled.jpg'><img loading=\"lazy\" decoding=\"async\" width=\"150\" height=\"150\" src=\"https:\/\/www.radiopiu.net\/wordpress\/wp-content\/uploads\/2020\/08\/118306768_330126631472031_1887767511987545487_n-150x150.jpg\" class=\"attachment-thumbnail size-thumbnail\" alt=\"\" \/><\/a>\n\t\t\t\t<\/dt><\/dl><dl class='gallery-item'>\n\t\t\t\t<dt class='gallery-icon landscape'>\n\t\t\t\t\t<a class=\"rollover rollover-zoom dt-pswp-item\" title=\"118285011_2661469310783591_3584881512339790368_n\" data-dt-img-description=\"\" data-large_image_width=\"1024\" data-large_image_height=\"682\"href='https:\/\/www.radiopiu.net\/wordpress\/wp-content\/uploads\/2020\/08\/118285011_2661469310783591_3584881512339790368_n.jpg'><img loading=\"lazy\" decoding=\"async\" width=\"150\" height=\"150\" src=\"https:\/\/www.radiopiu.net\/wordpress\/wp-content\/uploads\/2020\/08\/118285011_2661469310783591_3584881512339790368_n-150x150.jpg\" class=\"attachment-thumbnail size-thumbnail\" alt=\"\" \/><\/a>\n\t\t\t\t<\/dt><\/dl><dl class='gallery-item'>\n\t\t\t\t<dt class='gallery-icon portrait'>\n\t\t\t\t\t<a class=\"rollover rollover-zoom dt-pswp-item\" title=\"118293519_600973810599156_2300245222440540355_n\" data-dt-img-description=\"\" data-large_image_width=\"573\" data-large_image_height=\"832\"href='https:\/\/www.radiopiu.net\/wordpress\/wp-content\/uploads\/2020\/08\/118293519_600973810599156_2300245222440540355_n.jpg'><img loading=\"lazy\" decoding=\"async\" width=\"150\" height=\"150\" src=\"https:\/\/www.radiopiu.net\/wordpress\/wp-content\/uploads\/2020\/08\/118293519_600973810599156_2300245222440540355_n-150x150.jpg\" class=\"attachment-thumbnail size-thumbnail\" alt=\"\" \/><\/a>\n\t\t\t\t<\/dt><\/dl><dl class='gallery-item'>\n\t\t\t\t<dt class='gallery-icon portrait'>\n\t\t\t\t\t<a class=\"rollover rollover-zoom dt-pswp-item\" title=\"118282960_645860982704422_9171869285594538313_n\" data-dt-img-description=\"\" data-large_image_width=\"996\" data-large_image_height=\"1226\"href='https:\/\/www.radiopiu.net\/wordpress\/wp-content\/uploads\/2020\/08\/118282960_645860982704422_9171869285594538313_n.png'><img loading=\"lazy\" decoding=\"async\" width=\"150\" height=\"150\" src=\"https:\/\/www.radiopiu.net\/wordpress\/wp-content\/uploads\/2020\/08\/118282960_645860982704422_9171869285594538313_n-150x150.png\" class=\"attachment-thumbnail size-thumbnail\" alt=\"\" \/><\/a>\n\t\t\t\t<\/dt><\/dl><br style=\"clear: both\" \/>\n\t\t\t<\/div>\n\n<p>&nbsp;<\/p>\n<p>NELLE FOTO (Wikipedia, sito chiesabellunofeltre): l\u2019annuncio dei tre anniversari; Albino Luciani il \u201cPapa bellunese del sorriso\u201d; il vescovo Gioacchino Muccin; il vescovo Maffeo Ducoli.<\/p>\n","protected":false},"excerpt":{"rendered":"<p>di\u00a0Renato\u00a0Bona\u00a0 Diligentemente, l\u2019arcidiacono della Basilica di Belluno, monsignor Attilio Zanderigo Jona, ha affisso appena oltre la porta laterale di sinistra della cattedrale-basilica e nella bacheca esterna, all\u2019ingresso di destra, un avviso ai fedeli per ricordare tre anniversari che ricorrono in questi giorni: uno fa riferimento ad un evento lieto (ma durer\u00e0 purtroppo solo 33 giorni!)&hellip;<\/p>\n","protected":false},"author":4,"featured_media":157207,"comment_status":"closed","ping_status":"closed","sticky":false,"template":"","format":"standard","meta":{"_monsterinsights_skip_tracking":false,"_monsterinsights_sitenote_active":false,"_monsterinsights_sitenote_note":"","_monsterinsights_sitenote_category":0,"footnotes":""},"categories":[49],"tags":[],"class_list":["post-157205","post","type-post","status-publish","format-standard","has-post-thumbnail","hentry","category-news-18","category-49","description-off"],"img_url":"https:\/\/www.radiopiu.net\/wordpress\/wp-content\/uploads\/2020\/08\/118282960_645860982704422_9171869285594538313_n.png","_links":{"self":[{"href":"https:\/\/www.radiopiu.net\/wordpress\/wp-json\/wp\/v2\/posts\/157205","targetHints":{"allow":["GET"]}}],"collection":[{"href":"https:\/\/www.radiopiu.net\/wordpress\/wp-json\/wp\/v2\/posts"}],"about":[{"href":"https:\/\/www.radiopiu.net\/wordpress\/wp-json\/wp\/v2\/types\/post"}],"author":[{"embeddable":true,"href":"https:\/\/www.radiopiu.net\/wordpress\/wp-json\/wp\/v2\/users\/4"}],"replies":[{"embeddable":true,"href":"https:\/\/www.radiopiu.net\/wordpress\/wp-json\/wp\/v2\/comments?post=157205"}],"version-history":[{"count":0,"href":"https:\/\/www.radiopiu.net\/wordpress\/wp-json\/wp\/v2\/posts\/157205\/revisions"}],"wp:featuredmedia":[{"embeddable":true,"href":"https:\/\/www.radiopiu.net\/wordpress\/wp-json\/wp\/v2\/media\/157207"}],"wp:attachment":[{"href":"https:\/\/www.radiopiu.net\/wordpress\/wp-json\/wp\/v2\/media?parent=157205"}],"wp:term":[{"taxonomy":"category","embeddable":true,"href":"https:\/\/www.radiopiu.net\/wordpress\/wp-json\/wp\/v2\/categories?post=157205"},{"taxonomy":"post_tag","embeddable":true,"href":"https:\/\/www.radiopiu.net\/wordpress\/wp-json\/wp\/v2\/tags?post=157205"}],"curies":[{"name":"wp","href":"https:\/\/api.w.org\/{rel}","templated":true}]}}