{"id":157756,"date":"2020-08-26T15:29:06","date_gmt":"2020-08-26T13:29:06","guid":{"rendered":"https:\/\/www.radiopiu.net\/wordpress\/?p=157756"},"modified":"2020-08-26T15:29:06","modified_gmt":"2020-08-26T13:29:06","slug":"seconda-edizione-di-fiera-festival-delle-foreste","status":"publish","type":"post","link":"https:\/\/www.radiopiu.net\/wordpress\/seconda-edizione-di-fiera-festival-delle-foreste\/","title":{"rendered":"SECONDA EDIZIONE DI FIERA &#038; FESTIVAL DELLE FORESTE"},"content":{"rendered":"<p>&nbsp;<\/p>\n<p><strong>LONGARONE<\/strong> Mancano un paio di settimane, alla seconda edizione di Fiera &amp; Festival delle Foreste, che si terr\u00e0 venerd\u00ec 11, sabato 12 e domenica 13 settembre. Nella tre giorni \u00e8 previsto un programma d\u2019iniziative divise tra i <a class=\"dt-pswp-item\" href=\"https:\/\/www.radiopiu.net\/wordpress\/wp-content\/uploads\/2020\/08\/109838967_1188356261518530_4730127682920895944_n.jpg\" data-dt-img-description=\"\" data-large_image_width=\"851\" data-large_image_height=\"315\"><img loading=\"lazy\" decoding=\"async\" class=\"size-medium wp-image-157758 alignleft\" src=\"https:\/\/www.radiopiu.net\/wordpress\/wp-content\/uploads\/2020\/08\/109838967_1188356261518530_4730127682920895944_n-300x111.jpg\" alt=\"\" width=\"300\" height=\"111\" srcset=\"https:\/\/www.radiopiu.net\/wordpress\/wp-content\/uploads\/2020\/08\/109838967_1188356261518530_4730127682920895944_n-300x111.jpg 300w, https:\/\/www.radiopiu.net\/wordpress\/wp-content\/uploads\/2020\/08\/109838967_1188356261518530_4730127682920895944_n-768x284.jpg 768w, https:\/\/www.radiopiu.net\/wordpress\/wp-content\/uploads\/2020\/08\/109838967_1188356261518530_4730127682920895944_n-640x237.jpg 640w, https:\/\/www.radiopiu.net\/wordpress\/wp-content\/uploads\/2020\/08\/109838967_1188356261518530_4730127682920895944_n.jpg 851w\" sizes=\"auto, (max-width: 300px) 100vw, 300px\" \/><\/a>padiglioni di Longarone Fiere, dove ci saranno le conferenze e gli eventi culturali, e i boschi del Cansiglio, dove si terranno le dimostrazioni nei cantieri per l\u2019esbosco delle ceppaie rimaste dopo l\u2019abbattimento degli alberi per la tempesta Vaia, la lavorazione dei terreni e la viabilit\u00e0 forestale. Particolarmente importante \u00e8 la giornata di venerd\u00ec 11 settembre, che si aprir\u00e0 a Longarone e proseguir\u00e0 nel pomeriggio sul Cansiglio con un\u00a0 press tour\u00a0 e il convegno nell\u2019hangar di Veneto Agricoltura, a seguire, le dimostrazioni nelle localit\u00e0 Pian Rosada e Valscura.<\/p>\n<blockquote><p><em>Il presidente di Longarone fiere: \u201cSi apre un\u2019edizione speciale, di grande prestigio internazionale per il numero e la qualit\u00e0 dei soggetti proponenti. Un\u2019occasione d\u2019oro per ragionare assieme di cambiamenti climatici, gestione e rilancio del territorio e delle montagne, con un focus particolare sul Green Deal, l\u2019importante programma europeo per la sostenibilit\u00e0 futura del pianeta\u201d.<\/em><\/p><\/blockquote>\n","protected":false},"excerpt":{"rendered":"<p>&nbsp; LONGARONE Mancano un paio di settimane, alla seconda edizione di Fiera &amp; Festival delle Foreste, che si terr\u00e0 venerd\u00ec 11, sabato 12 e domenica 13 settembre. Nella tre giorni \u00e8 previsto un programma d\u2019iniziative divise tra i padiglioni di Longarone Fiere, dove ci saranno le conferenze e gli eventi culturali, e i boschi del&hellip;<\/p>\n","protected":false},"author":4,"featured_media":157758,"comment_status":"closed","ping_status":"closed","sticky":false,"template":"","format":"standard","meta":{"_monsterinsights_skip_tracking":false,"_monsterinsights_sitenote_active":false,"_monsterinsights_sitenote_note":"","_monsterinsights_sitenote_category":0,"footnotes":""},"categories":[49],"tags":[],"class_list":["post-157756","post","type-post","status-publish","format-standard","has-post-thumbnail","hentry","category-news-18","category-49","description-off"],"img_url":"https:\/\/www.radiopiu.net\/wordpress\/wp-content\/uploads\/2020\/08\/109838967_1188356261518530_4730127682920895944_n.jpg","_links":{"self":[{"href":"https:\/\/www.radiopiu.net\/wordpress\/wp-json\/wp\/v2\/posts\/157756","targetHints":{"allow":["GET"]}}],"collection":[{"href":"https:\/\/www.radiopiu.net\/wordpress\/wp-json\/wp\/v2\/posts"}],"about":[{"href":"https:\/\/www.radiopiu.net\/wordpress\/wp-json\/wp\/v2\/types\/post"}],"author":[{"embeddable":true,"href":"https:\/\/www.radiopiu.net\/wordpress\/wp-json\/wp\/v2\/users\/4"}],"replies":[{"embeddable":true,"href":"https:\/\/www.radiopiu.net\/wordpress\/wp-json\/wp\/v2\/comments?post=157756"}],"version-history":[{"count":0,"href":"https:\/\/www.radiopiu.net\/wordpress\/wp-json\/wp\/v2\/posts\/157756\/revisions"}],"wp:featuredmedia":[{"embeddable":true,"href":"https:\/\/www.radiopiu.net\/wordpress\/wp-json\/wp\/v2\/media\/157758"}],"wp:attachment":[{"href":"https:\/\/www.radiopiu.net\/wordpress\/wp-json\/wp\/v2\/media?parent=157756"}],"wp:term":[{"taxonomy":"category","embeddable":true,"href":"https:\/\/www.radiopiu.net\/wordpress\/wp-json\/wp\/v2\/categories?post=157756"},{"taxonomy":"post_tag","embeddable":true,"href":"https:\/\/www.radiopiu.net\/wordpress\/wp-json\/wp\/v2\/tags?post=157756"}],"curies":[{"name":"wp","href":"https:\/\/api.w.org\/{rel}","templated":true}]}}