{"id":157780,"date":"2020-08-27T06:27:54","date_gmt":"2020-08-27T04:27:54","guid":{"rendered":"https:\/\/www.radiopiu.net\/wordpress\/?p=157780"},"modified":"2020-08-27T09:30:01","modified_gmt":"2020-08-27T07:30:01","slug":"42-dalle-elezioni-di-giovanni-paolo-i-la-messa-in-diretta-da-canale-dagordo-parrocchie-canale-e-caviola","status":"publish","type":"post","link":"https:\/\/www.radiopiu.net\/wordpress\/42-dalle-elezioni-di-giovanni-paolo-i-la-messa-in-diretta-da-canale-dagordo-parrocchie-canale-e-caviola\/","title":{"rendered":"42\u00b0 DALLA ELEZIONE DI GIOVANNI PAOLO I A PONTEFICE DELLA CHIESA DI ROMA LA MESSA IN DIRETTA DA CANALE D\u2019AGORDO, PARROCCHIE CANALE E CAVIOLA"},"content":{"rendered":"<p>&nbsp;<\/p>\n<p>&nbsp;<\/p>\n<div class=\"page-title-head hgroup\">\n<blockquote>\n<div class=\"page-title-head hgroup\">\n<blockquote><p>Il vescovo Renato Marangoni: <em>\u00abGiorno dopo giorno il ricordo vivo di don Albino rende questo luogo una casa che ospita e accoglie cos\u00ec si caratterizzano anche i sentimenti, il pensiero, le parole, lo spirito e lo stile di questa comunit\u00e0. \u00c8 la prima santit\u00e0 che vorremmo accogliere come dono riconosciuto di questo nostro conterraneo&#8221;.\u00a0<\/em><\/p><\/blockquote>\n<\/div>\n<p><strong>CANALE D\u2019AGORDO<\/strong> In piazza papa Luciani si \u00e8 tenuta\u00a0 la Santa Messa in occasione del 42\u00b0 anniversario dell\u2019elezione di papa Giovanni Paolo I. <span lang=\"it-IT\">La messa\u00a0 \u00e8 stata celebrata da Sua Eccellenza <\/span><span lang=\"it-IT\">Monsignor Giancarlo Perego<\/span><span lang=\"it-IT\">,\u00a0<\/span><span lang=\"it-IT\">arcivescovo di Ferrara-Comacchio e abate di Pomposa<\/span><span lang=\"it-IT\">, e dal\u00a0<\/span><span lang=\"it-IT\">vescovo di Belluno-Feltre<\/span><span lang=\"it-IT\">,\u00a0<\/span><span lang=\"it-IT\">Renato Marangoni<\/span><span lang=\"it-IT\">. Conclusioni del sindaco di Canale d&#8217;Agordo Flavio Colcergnan: <em>\u00abUn pap\u00e0 attuale &#8211; ha detto &#8211;\u00a0 avendo indicato la strada ai suoi predecessor per\u00a0 azioni innovative per la Chiesa. Non ebbe tempo, ma ha tracciato una via riconosciuta postuma anche dai suoi successori, come chiedere scusa alla Scienza, scagliarsi con terribili anatemi contro il malaffare e la Mafia. Senza di lui forse non sarebbe stato possibile. Oggi abbiamo un Papa che anche se in modo diverso, ricorda gli umili, gli emigranti, condanna senza mezzi termini le guerre e i produttori di guerra. Si rivolge al mondo in maniera umile, comprensibile ai popoli. Certo, non ai sordi che non vogliono sentire, ma \u00e8 una chiesa di cui tutto il mondo ha bisogno. Se dopo 42 anni, ancora siamo qui a ricordare Papa Luciani \u00e8 perch\u00e9\u00a0 sappiamo che ci\u00f2 che egli aveva iniziato, ora \u00e8 proseguito e che tutti noi dobbiamo dirgli grazie\u00bb. <\/em>L&#8217;Arcivescovo di Ferrara ha incentrato il suo intervento sulla povert\u00e0 di Luciani e sull&#8217;emigrazione della famiglia. Nell&#8217;Omelia riferimenti agli eventi del 1978: l&#8217;uccisione di Aldo Moro, i 3 Papi di cui 2 santi e uno venerabile e poi la fame facendo riferimento all&#8217;insegnamento di Luciani\u00a0 che\u00a0 aveva ammesso di averla provata in prima persona<\/span><\/p><\/blockquote>\n<\/div>\n<p>&nbsp;<\/p>\n<p>https:\/\/www.facebook.com\/parrocchiecanalevallada\/videos\/644393872949688\/<\/p>\n<p>&nbsp;<\/p>\n","protected":false},"excerpt":{"rendered":"<p>&nbsp; &nbsp; Il vescovo Renato Marangoni: \u00abGiorno dopo giorno il ricordo vivo di don Albino rende questo luogo una casa che ospita e accoglie cos\u00ec si caratterizzano anche i sentimenti, il pensiero, le parole, lo spirito e lo stile di questa comunit\u00e0. \u00c8 la prima santit\u00e0 che vorremmo accogliere come dono riconosciuto di questo nostro&hellip;<\/p>\n","protected":false},"author":4,"featured_media":157781,"comment_status":"closed","ping_status":"closed","sticky":false,"template":"","format":"standard","meta":{"_monsterinsights_skip_tracking":false,"_monsterinsights_sitenote_active":false,"_monsterinsights_sitenote_note":"","_monsterinsights_sitenote_category":0,"footnotes":""},"categories":[49],"tags":[],"class_list":["post-157780","post","type-post","status-publish","format-standard","has-post-thumbnail","hentry","category-news-18","category-49","description-off"],"img_url":"https:\/\/www.radiopiu.net\/wordpress\/wp-content\/uploads\/2020\/08\/6b374f06-a6b6-472c-b535-114c4e64fe75.jpg","_links":{"self":[{"href":"https:\/\/www.radiopiu.net\/wordpress\/wp-json\/wp\/v2\/posts\/157780","targetHints":{"allow":["GET"]}}],"collection":[{"href":"https:\/\/www.radiopiu.net\/wordpress\/wp-json\/wp\/v2\/posts"}],"about":[{"href":"https:\/\/www.radiopiu.net\/wordpress\/wp-json\/wp\/v2\/types\/post"}],"author":[{"embeddable":true,"href":"https:\/\/www.radiopiu.net\/wordpress\/wp-json\/wp\/v2\/users\/4"}],"replies":[{"embeddable":true,"href":"https:\/\/www.radiopiu.net\/wordpress\/wp-json\/wp\/v2\/comments?post=157780"}],"version-history":[{"count":0,"href":"https:\/\/www.radiopiu.net\/wordpress\/wp-json\/wp\/v2\/posts\/157780\/revisions"}],"wp:featuredmedia":[{"embeddable":true,"href":"https:\/\/www.radiopiu.net\/wordpress\/wp-json\/wp\/v2\/media\/157781"}],"wp:attachment":[{"href":"https:\/\/www.radiopiu.net\/wordpress\/wp-json\/wp\/v2\/media?parent=157780"}],"wp:term":[{"taxonomy":"category","embeddable":true,"href":"https:\/\/www.radiopiu.net\/wordpress\/wp-json\/wp\/v2\/categories?post=157780"},{"taxonomy":"post_tag","embeddable":true,"href":"https:\/\/www.radiopiu.net\/wordpress\/wp-json\/wp\/v2\/tags?post=157780"}],"curies":[{"name":"wp","href":"https:\/\/api.w.org\/{rel}","templated":true}]}}