{"id":157907,"date":"2020-08-27T11:59:11","date_gmt":"2020-08-27T09:59:11","guid":{"rendered":"https:\/\/www.radiopiu.net\/wordpress\/?p=157907"},"modified":"2020-08-27T12:13:02","modified_gmt":"2020-08-27T10:13:02","slug":"linda-neve-benvenuta-tra-amati-luoghi","status":"publish","type":"post","link":"https:\/\/www.radiopiu.net\/wordpress\/linda-neve-benvenuta-tra-amati-luoghi\/","title":{"rendered":"LINDA NEVE BENVENUTA TRA AMATI LUOGHI"},"content":{"rendered":"<p><strong><a class=\"dt-pswp-item\" href=\"https:\/\/www.radiopiu.net\/wordpress\/wp-content\/uploads\/2020\/08\/75cdfc23-9ae8-4037-9a63-0bb0b6b276f6.jpg\" data-dt-img-description=\"\" data-large_image_width=\"1191\" data-large_image_height=\"736\"><img loading=\"lazy\" decoding=\"async\" class=\" wp-image-157908 alignleft\" src=\"https:\/\/www.radiopiu.net\/wordpress\/wp-content\/uploads\/2020\/08\/75cdfc23-9ae8-4037-9a63-0bb0b6b276f6-300x185.jpg\" alt=\"\" width=\"227\" height=\"140\" srcset=\"https:\/\/www.radiopiu.net\/wordpress\/wp-content\/uploads\/2020\/08\/75cdfc23-9ae8-4037-9a63-0bb0b6b276f6-300x185.jpg 300w, https:\/\/www.radiopiu.net\/wordpress\/wp-content\/uploads\/2020\/08\/75cdfc23-9ae8-4037-9a63-0bb0b6b276f6-1024x633.jpg 1024w, https:\/\/www.radiopiu.net\/wordpress\/wp-content\/uploads\/2020\/08\/75cdfc23-9ae8-4037-9a63-0bb0b6b276f6-768x475.jpg 768w, https:\/\/www.radiopiu.net\/wordpress\/wp-content\/uploads\/2020\/08\/75cdfc23-9ae8-4037-9a63-0bb0b6b276f6-640x395.jpg 640w, https:\/\/www.radiopiu.net\/wordpress\/wp-content\/uploads\/2020\/08\/75cdfc23-9ae8-4037-9a63-0bb0b6b276f6.jpg 1191w\" sizes=\"auto, (max-width: 227px) 100vw, 227px\" \/><\/a>SAN TOMASO<\/strong>\u00a0 Canacede, una delle 25 localit\u00e0 di San Tomaso saluta con amore la piccola LindaNeve,\u00a0 nata il 20 marzo a Mirandola in pieno covid19, gi\u00e0 il nome \u00e8 un programma e chiarisce quanto mamma Katia Veneri e pap\u00e0 Giuseppe Vezzani amino quel luogo da dove il panorama sul Civetta, Pelmo, Agner e Focobon \u00e8 di quelli da togliere il fiato.<\/p>\n<p>E&#8217; una notizia l&#8217;arrivo della sorellina del quattordicenne Leonardo, accolta con immenso piacere da valligiani e villeggianti della frazione che conta 6 abitanti e da 30 anni non vede un neonato. LindaNeve, concepita a San Tomaso,\u00a0 sar\u00e0 battezzata domenica nella Chiesa del paese a Celat. La mamma e tutta la famiglia \u00e8 innamorata di San Tomaso e la decisione di battezzare la nuova arrivata nel paese dove\u00a0 Katia Veneri \u00e8 anche consigliere comunale (candidata a sindaco) ne \u00e8 ulteriore conferma.<\/p>\n<blockquote><p><strong>La mamma:<\/strong><em>&#8220;\u00c8 arrivata dopo tanto tempo e poteva arrivare solo nel nostro posto del cuore per questa ragione la battezziamo qui dove\u00a0 lei ha scelto di arrivare&#8221;<\/em><\/p><\/blockquote>\n<p>&nbsp;<\/p>\n","protected":false},"excerpt":{"rendered":"<p>SAN TOMASO\u00a0 Canacede, una delle 25 localit\u00e0 di San Tomaso saluta con amore la piccola LindaNeve,\u00a0 nata il 20 marzo a Mirandola in pieno covid19, gi\u00e0 il nome \u00e8 un programma e chiarisce quanto mamma Katia Veneri e pap\u00e0 Giuseppe Vezzani amino quel luogo da dove il panorama sul Civetta, Pelmo, Agner e Focobon \u00e8&hellip;<\/p>\n","protected":false},"author":4,"featured_media":157908,"comment_status":"closed","ping_status":"closed","sticky":false,"template":"","format":"standard","meta":{"_monsterinsights_skip_tracking":false,"_monsterinsights_sitenote_active":false,"_monsterinsights_sitenote_note":"","_monsterinsights_sitenote_category":0,"footnotes":""},"categories":[51,49],"tags":[],"class_list":["post-157907","post","type-post","status-publish","format-standard","has-post-thumbnail","hentry","category-evidenza-top","category-news-18","category-51","category-49","description-off"],"img_url":"https:\/\/www.radiopiu.net\/wordpress\/wp-content\/uploads\/2020\/08\/75cdfc23-9ae8-4037-9a63-0bb0b6b276f6.jpg","_links":{"self":[{"href":"https:\/\/www.radiopiu.net\/wordpress\/wp-json\/wp\/v2\/posts\/157907","targetHints":{"allow":["GET"]}}],"collection":[{"href":"https:\/\/www.radiopiu.net\/wordpress\/wp-json\/wp\/v2\/posts"}],"about":[{"href":"https:\/\/www.radiopiu.net\/wordpress\/wp-json\/wp\/v2\/types\/post"}],"author":[{"embeddable":true,"href":"https:\/\/www.radiopiu.net\/wordpress\/wp-json\/wp\/v2\/users\/4"}],"replies":[{"embeddable":true,"href":"https:\/\/www.radiopiu.net\/wordpress\/wp-json\/wp\/v2\/comments?post=157907"}],"version-history":[{"count":0,"href":"https:\/\/www.radiopiu.net\/wordpress\/wp-json\/wp\/v2\/posts\/157907\/revisions"}],"wp:featuredmedia":[{"embeddable":true,"href":"https:\/\/www.radiopiu.net\/wordpress\/wp-json\/wp\/v2\/media\/157908"}],"wp:attachment":[{"href":"https:\/\/www.radiopiu.net\/wordpress\/wp-json\/wp\/v2\/media?parent=157907"}],"wp:term":[{"taxonomy":"category","embeddable":true,"href":"https:\/\/www.radiopiu.net\/wordpress\/wp-json\/wp\/v2\/categories?post=157907"},{"taxonomy":"post_tag","embeddable":true,"href":"https:\/\/www.radiopiu.net\/wordpress\/wp-json\/wp\/v2\/tags?post=157907"}],"curies":[{"name":"wp","href":"https:\/\/api.w.org\/{rel}","templated":true}]}}