{"id":157916,"date":"2020-08-27T12:47:34","date_gmt":"2020-08-27T10:47:34","guid":{"rendered":"https:\/\/www.radiopiu.net\/wordpress\/?p=157916"},"modified":"2020-08-27T13:35:18","modified_gmt":"2020-08-27T11:35:18","slug":"summer","status":"publish","type":"post","link":"https:\/\/www.radiopiu.net\/wordpress\/summer\/","title":{"rendered":"SUMMER FEST DI CORTINA: TROVATO UN POSITIVO, TEST PER  500"},"content":{"rendered":"<p><strong>CORTINA<\/strong> La notizia ufficiale l&#8217;ha data il presidente Luca Zaia nel corso della conferenza stampa delle 12.30 da Marghera. Al summer fest del 20 agosto a Cortina (oltre 500 partecipanti, forse 600) \u00e8 stato trovato un positivo. Per questo \u00e8 stato previsto il test in emergenza per tutti coloro che erano presenti alla festa. Il positivo \u00e8 stato &#8220;beccato&#8221; con uno screening pare non sia sintomatico. I test domani dalle 14.30 alle 18.30 al palaghiaccio di Cortina<\/p>\n<blockquote><p>ZAIA:\u00a0 <em>\u00abAvviso chi \u00e8 andato a questo incontro di recarsi al &#8216;drive in&#8217; allestito allo stadio del ghiaccio domani dalle 14.30 alle 18.30, per effettuare il test\u00bb<\/em><\/p><\/blockquote>\n","protected":false},"excerpt":{"rendered":"<p>CORTINA La notizia ufficiale l&#8217;ha data il presidente Luca Zaia nel corso della conferenza stampa delle 12.30 da Marghera. Al summer fest del 20 agosto a Cortina (oltre 500 partecipanti, forse 600) \u00e8 stato trovato un positivo. Per questo \u00e8 stato previsto il test in emergenza per tutti coloro che erano presenti alla festa. Il&hellip;<\/p>\n","protected":false},"author":4,"featured_media":157928,"comment_status":"closed","ping_status":"closed","sticky":false,"template":"","format":"standard","meta":{"_monsterinsights_skip_tracking":false,"_monsterinsights_sitenote_active":false,"_monsterinsights_sitenote_note":"","_monsterinsights_sitenote_category":0,"footnotes":""},"categories":[51,49],"tags":[],"class_list":["post-157916","post","type-post","status-publish","format-standard","has-post-thumbnail","hentry","category-evidenza-top","category-news-18","category-51","category-49","description-off"],"img_url":"https:\/\/www.radiopiu.net\/wordpress\/wp-content\/uploads\/2020\/08\/1200px-Faloria_Cortina_dAmpezzo_10.jpg","_links":{"self":[{"href":"https:\/\/www.radiopiu.net\/wordpress\/wp-json\/wp\/v2\/posts\/157916","targetHints":{"allow":["GET"]}}],"collection":[{"href":"https:\/\/www.radiopiu.net\/wordpress\/wp-json\/wp\/v2\/posts"}],"about":[{"href":"https:\/\/www.radiopiu.net\/wordpress\/wp-json\/wp\/v2\/types\/post"}],"author":[{"embeddable":true,"href":"https:\/\/www.radiopiu.net\/wordpress\/wp-json\/wp\/v2\/users\/4"}],"replies":[{"embeddable":true,"href":"https:\/\/www.radiopiu.net\/wordpress\/wp-json\/wp\/v2\/comments?post=157916"}],"version-history":[{"count":0,"href":"https:\/\/www.radiopiu.net\/wordpress\/wp-json\/wp\/v2\/posts\/157916\/revisions"}],"wp:featuredmedia":[{"embeddable":true,"href":"https:\/\/www.radiopiu.net\/wordpress\/wp-json\/wp\/v2\/media\/157928"}],"wp:attachment":[{"href":"https:\/\/www.radiopiu.net\/wordpress\/wp-json\/wp\/v2\/media?parent=157916"}],"wp:term":[{"taxonomy":"category","embeddable":true,"href":"https:\/\/www.radiopiu.net\/wordpress\/wp-json\/wp\/v2\/categories?post=157916"},{"taxonomy":"post_tag","embeddable":true,"href":"https:\/\/www.radiopiu.net\/wordpress\/wp-json\/wp\/v2\/tags?post=157916"}],"curies":[{"name":"wp","href":"https:\/\/api.w.org\/{rel}","templated":true}]}}