{"id":157945,"date":"2020-08-27T15:12:26","date_gmt":"2020-08-27T13:12:26","guid":{"rendered":"https:\/\/www.radiopiu.net\/wordpress\/?p=157945"},"modified":"2020-08-27T15:12:26","modified_gmt":"2020-08-27T13:12:26","slug":"linea-mare-fino-al-13-settembre-la-provincia-allunga-le-corse-per-jesolo","status":"publish","type":"post","link":"https:\/\/www.radiopiu.net\/wordpress\/linea-mare-fino-al-13-settembre-la-provincia-allunga-le-corse-per-jesolo\/","title":{"rendered":"LINEA MARE FINO AL 13 SETTEMBRE: LA PROVINCIA ALLUNGA LE CORSE PER JESOLO"},"content":{"rendered":"<p><strong><a class=\"dt-pswp-item\" href=\"https:\/\/www.radiopiu.net\/wordpress\/wp-content\/uploads\/2020\/06\/80c303ed-9a2e-49f0-8b20-3dd5e061bbf3.jpg\" data-dt-img-description=\"\" data-large_image_width=\"1280\" data-large_image_height=\"960\"><img loading=\"lazy\" decoding=\"async\" class=\"size-medium wp-image-145520 alignleft\" src=\"https:\/\/www.radiopiu.net\/wordpress\/wp-content\/uploads\/2020\/06\/80c303ed-9a2e-49f0-8b20-3dd5e061bbf3-300x225.jpg\" alt=\"\" width=\"300\" height=\"225\" srcset=\"https:\/\/www.radiopiu.net\/wordpress\/wp-content\/uploads\/2020\/06\/80c303ed-9a2e-49f0-8b20-3dd5e061bbf3-300x225.jpg 300w, https:\/\/www.radiopiu.net\/wordpress\/wp-content\/uploads\/2020\/06\/80c303ed-9a2e-49f0-8b20-3dd5e061bbf3-1024x768.jpg 1024w, https:\/\/www.radiopiu.net\/wordpress\/wp-content\/uploads\/2020\/06\/80c303ed-9a2e-49f0-8b20-3dd5e061bbf3-768x576.jpg 768w, https:\/\/www.radiopiu.net\/wordpress\/wp-content\/uploads\/2020\/06\/80c303ed-9a2e-49f0-8b20-3dd5e061bbf3.jpg 1280w\" sizes=\"auto, (max-width: 300px) 100vw, 300px\" \/><\/a>BELLUNO\u00a0<\/strong>La Provincia di Belluno ha dato il via libera alla prosecuzione oltre il 30 agosto delle corse Dolomitibus verso il mare. I pullman da Belluno a Jesolo (servizio su prenotazione) circoleranno quindi fino a domenica 13 settembre, ultimo giorno dell\u2019orario estivo.\u00a0Si tratta di un servizio che \u00e8 in vigore da inizio luglio e che in due mesi ha visto una grande frequentazione. Tanto che Dolomitibus ha ricevuto numerose richieste per proseguire anche nel mese di settembre. La linea mare pertanto verr\u00e0 prorogata di altre due settimane, per maggiori percorrenze di circa 4.200 chilometri.\u00a0\u00ab<em>Anche in questo caso, forniamo un servizio che risponde alle richieste dell\u2019utenza, soprattutto dei giovani che in giornata si spostano da Belluno verso il mare &#8211; afferma il presidente della Provincia -. I collegamenti con Jesolo, come quelli per le localit\u00e0 montane della nostra provincia, sono stati un piccolo passo verso il ritorno alla normalit\u00e0. Che sar\u00e0 completa dal 14 settembre, con l\u2019entrata in vigore dell\u2019orario invernale e con la riapertura delle scuole<\/em>\u00bb.<\/p>\n","protected":false},"excerpt":{"rendered":"<p>BELLUNO\u00a0La Provincia di Belluno ha dato il via libera alla prosecuzione oltre il 30 agosto delle corse Dolomitibus verso il mare. I pullman da Belluno a Jesolo (servizio su prenotazione) circoleranno quindi fino a domenica 13 settembre, ultimo giorno dell\u2019orario estivo.\u00a0Si tratta di un servizio che \u00e8 in vigore da inizio luglio e che in&hellip;<\/p>\n","protected":false},"author":4,"featured_media":145520,"comment_status":"closed","ping_status":"closed","sticky":false,"template":"","format":"standard","meta":{"_monsterinsights_skip_tracking":false,"_monsterinsights_sitenote_active":false,"_monsterinsights_sitenote_note":"","_monsterinsights_sitenote_category":0,"footnotes":""},"categories":[49],"tags":[],"class_list":["post-157945","post","type-post","status-publish","format-standard","has-post-thumbnail","hentry","category-news-18","category-49","description-off"],"img_url":"https:\/\/www.radiopiu.net\/wordpress\/wp-content\/uploads\/2020\/06\/80c303ed-9a2e-49f0-8b20-3dd5e061bbf3.jpg","_links":{"self":[{"href":"https:\/\/www.radiopiu.net\/wordpress\/wp-json\/wp\/v2\/posts\/157945","targetHints":{"allow":["GET"]}}],"collection":[{"href":"https:\/\/www.radiopiu.net\/wordpress\/wp-json\/wp\/v2\/posts"}],"about":[{"href":"https:\/\/www.radiopiu.net\/wordpress\/wp-json\/wp\/v2\/types\/post"}],"author":[{"embeddable":true,"href":"https:\/\/www.radiopiu.net\/wordpress\/wp-json\/wp\/v2\/users\/4"}],"replies":[{"embeddable":true,"href":"https:\/\/www.radiopiu.net\/wordpress\/wp-json\/wp\/v2\/comments?post=157945"}],"version-history":[{"count":0,"href":"https:\/\/www.radiopiu.net\/wordpress\/wp-json\/wp\/v2\/posts\/157945\/revisions"}],"wp:featuredmedia":[{"embeddable":true,"href":"https:\/\/www.radiopiu.net\/wordpress\/wp-json\/wp\/v2\/media\/145520"}],"wp:attachment":[{"href":"https:\/\/www.radiopiu.net\/wordpress\/wp-json\/wp\/v2\/media?parent=157945"}],"wp:term":[{"taxonomy":"category","embeddable":true,"href":"https:\/\/www.radiopiu.net\/wordpress\/wp-json\/wp\/v2\/categories?post=157945"},{"taxonomy":"post_tag","embeddable":true,"href":"https:\/\/www.radiopiu.net\/wordpress\/wp-json\/wp\/v2\/tags?post=157945"}],"curies":[{"name":"wp","href":"https:\/\/api.w.org\/{rel}","templated":true}]}}