{"id":157997,"date":"2020-08-28T05:55:05","date_gmt":"2020-08-28T03:55:05","guid":{"rendered":"https:\/\/www.radiopiu.net\/wordpress\/?p=157997"},"modified":"2020-08-28T06:03:34","modified_gmt":"2020-08-28T04:03:34","slug":"ulss-1-dolomiti-5-nuovi-positivi-dal-rientro-dalle-vacanze-torna-positiva-anche-una-anziana","status":"publish","type":"post","link":"https:\/\/www.radiopiu.net\/wordpress\/ulss-1-dolomiti-5-nuovi-positivi-dal-rientro-dalle-vacanze-torna-positiva-anche-una-anziana\/","title":{"rendered":"ULSS 1 DOLOMITI: 5 NUOVI POSITIVI DAL RIENTRO DALLE VACANZE. TORNA POSITIVA ANCHE UNA ANZIANA DI UNA CASA DI SOGGIORNO"},"content":{"rendered":"<p><strong><a class=\"dt-pswp-item\" href=\"https:\/\/www.radiopiu.net\/wordpress\/wp-content\/uploads\/2020\/03\/covid-ulss.jpg\" data-dt-img-description=\"\" data-large_image_width=\"800\" data-large_image_height=\"600\"><img loading=\"lazy\" decoding=\"async\" class=\"size-medium wp-image-121260 alignleft\" src=\"https:\/\/www.radiopiu.net\/wordpress\/wp-content\/uploads\/2020\/03\/covid-ulss-300x225.jpg\" alt=\"\" width=\"300\" height=\"225\" srcset=\"https:\/\/www.radiopiu.net\/wordpress\/wp-content\/uploads\/2020\/03\/covid-ulss-300x225.jpg 300w, https:\/\/www.radiopiu.net\/wordpress\/wp-content\/uploads\/2020\/03\/covid-ulss-768x576.jpg 768w, https:\/\/www.radiopiu.net\/wordpress\/wp-content\/uploads\/2020\/03\/covid-ulss.jpg 800w\" sizes=\"auto, (max-width: 300px) 100vw, 300px\" \/><\/a>BELLUNO\u00a0<\/strong>Si segnala quanto segue.\u00a0<b>Nuove positivit\u00e0:\u00a0<\/b>Dal rapporto laboratoristico aggiornato alle 14.00, attestante la refertazione di 427 tamponi, emergono 5 nuove positivit\u00e0 Covid:\u00a02 coniugi rumeni recentemente rientrati dal Paese d\u2019origine,\u00a01 giovane di rientro dalla vacanza in Sardegna gi\u00e0 isolato e preso in carico per sintomatologia simil covid,\u00a01 soggetto di nazionalit\u00e0 kossovara, rientrato da questo paese,\u00a01 contatto stretto di un soggetto positivo afferente a un piccolo focolaio di importazione.\u00a0Come da protocollo il Dipartimento di Prevenzione, per tutti questi soggetti, dopo la presa in carico, ha allargato\/attivato il<span class=\"Apple-converted-space\">\u00a0 <\/span>contact tracing disponendo i provvedimenti contumaciali necessari e programmando i tamponi di controllo.\u00a0Oltre a ci\u00f2 si segnala una \u201cpositivit\u00e0 di ritorno\u201d (terza positivit\u00e0 dopo due negativizzazioni) di un\u2019anziana ospite di una casa di risposo del territorio, risultata per la prima volta positiva in fase epidemica. Tale ripositivizzazione, come osservato in altre simili situazioni, non assume di regola particolare rilievo epidemiologico. Nella struttura saranno comunque condotte tutte le azioni di sanit\u00e0 pubblica previste per la situazione.\u00a0Nella mattinata sono state isolate 6 persone con sintomatologia simil covid e quarantenati<span class=\"Apple-converted-space\">\u00a0 <\/span>7 soggetti derivanti dal contact tracing.<span class=\"Apple-converted-space\">\u00a0\u00a0<\/span><b>Tamponi drive-in ad accesso diretto a Cortina per partecipanti summer party:\u00a0<\/b>A seguito della positivit\u00e0 riscontrata in un partecipante alla Summer Fest del 20 agosto scorso a Cortina, per massima precauzione, le persone che hanno partecipato all\u2019evento sono invitate ad eseguire un tampone di controllo in un drive-che sar\u00e0 attivato appositamente dall\u2019Ulss Dolomiti, in collaborazione col Comune di Cortina, domani 28 agosto 2020 dalle 14.30 e 18.30 allo Stadio del Ghiaccio.\u00a0I cittadini interessati dovranno presentarsi allo Stadio del Ghiaccio in auto, con mascherina e tessera sanitaria per la registrazione.\u00a0Il tampone sar\u00e0 eseguito attraverso il finestrino abbassato senza necessit\u00e0 di scendere dall\u2019auto. L\u2019esito del test sar\u00e0 comunicato, se negativo, via SMS al numero indicato al momento della registrazione, entro 48 ore dall\u2019esecuzione del test. In caso di positivit\u00e0, il cittadino sar\u00e0 contattato telefonicamente dal Dipartimento di Prevenzione per la presa in carico.<span class=\"Apple-converted-space\"> <a class=\"dt-pswp-item\" href=\"https:\/\/www.radiopiu.net\/wordpress\/wp-content\/uploads\/2020\/08\/TAMPONE.jpg\" data-dt-img-description=\"\" data-large_image_width=\"1920\" data-large_image_height=\"1280\"><img loading=\"lazy\" decoding=\"async\" class=\"size-medium wp-image-155278 alignright\" src=\"https:\/\/www.radiopiu.net\/wordpress\/wp-content\/uploads\/2020\/08\/TAMPONE-300x200.jpg\" alt=\"\" width=\"300\" height=\"200\" srcset=\"https:\/\/www.radiopiu.net\/wordpress\/wp-content\/uploads\/2020\/08\/TAMPONE-300x200.jpg 300w, https:\/\/www.radiopiu.net\/wordpress\/wp-content\/uploads\/2020\/08\/TAMPONE-1024x683.jpg 1024w, https:\/\/www.radiopiu.net\/wordpress\/wp-content\/uploads\/2020\/08\/TAMPONE-768x512.jpg 768w, https:\/\/www.radiopiu.net\/wordpress\/wp-content\/uploads\/2020\/08\/TAMPONE-1536x1024.jpg 1536w, https:\/\/www.radiopiu.net\/wordpress\/wp-content\/uploads\/2020\/08\/TAMPONE.jpg 1920w\" sizes=\"auto, (max-width: 300px) 100vw, 300px\" \/><\/a><\/span><b>Tamponi per rientro dall\u2019estero:\u00a0<\/b>Prosegue l\u2019attivit\u00e0 di esecuzione tamponi ad accesso libero presso il drive-in di Feltre a favore dei soggetti di rientro da Croazia, Spagna Grecia e Malta. Oggi sono stati eseguiti 53 tamponi a rientri dalla Croazia e 6 dalla Spagna.<span class=\"Apple-converted-space\">\u00a0<\/span><b>Tamponi per rientro dalla Sardegna:\u00a0<\/b>In base alle disposizioni della Regione Veneto i soggetti rientranti dalla Sardegna possono sottoporsi in chiave volontaria a un tampone di controllo al drive-in di Feltre, senza prenotazione,<span class=\"Apple-converted-space\">\u00a0<\/span>da domani 28 agosto con orario 7.00 -13.00, in via Borgo Ruga- accesso da via Panoramica.\u00a0<b>Screening scuole:\u00a0<\/b>Continua con regolarit\u00e0 l\u2019attivit\u00e0 di monitoraggio degli insegnanti e degli altri dipendenti delle scuole da parte dei 53 medici di famiglia aderenti al progetto nazionale di esecuzione di test sierologici. Nel report di stamane risultavano testate circa 250 persone e prenotati circa 500 soggetti. Da luned\u00ec 31 agosto, per il personale della scuola non assistiti da medici di medicina generale aderenti (vedi allegato) inizier\u00e0 l\u2019esecuzione di test sierologici su appuntamento (telefono 0439\/883805 dalle 9.00 alle 13.00 mail <a href=\"mailto:screening.scuole@aulss1.veneto.it\">screening.scuole@aulss1.veneto.it<\/a> ) presso i 4 drive-in attivati dall\u2019ulss Dolomiti: Belluno, Feltre, Tai di Cadore e Caprile Sono ad oggi prenotati circa 1.000<span class=\"Apple-converted-space\">\u00a0 <\/span>docenti-operatori.\u00a0<b>Ospedale di Feltre:\u00a0<\/b>L\u2019attivit\u00e0 dell\u2019ospedale di Feltre si sta avviando alla normalit\u00e0. Oltre ai due casi noti gi\u00e0 descritti, non sono emerse nuove positivit\u00e0 nonostante un\u2019ampia serie di tamponi somministrati a degenti ed operatori. Alla luce di ci\u00f2 e delle valutazioni odierne, e dopo le necessarie attivit\u00e0 di sanificazione prevista nel weekend, luned\u00ec 31 agosto vi sar\u00e0 sostanziale ripresa della normalit\u00e0 operativa per tutti i reparti ospedalieri.<\/p>\n","protected":false},"excerpt":{"rendered":"<p>BELLUNO\u00a0Si segnala quanto segue.\u00a0Nuove positivit\u00e0:\u00a0Dal rapporto laboratoristico aggiornato alle 14.00, attestante la refertazione di 427 tamponi, emergono 5 nuove positivit\u00e0 Covid:\u00a02 coniugi rumeni recentemente rientrati dal Paese d\u2019origine,\u00a01 giovane di rientro dalla vacanza in Sardegna gi\u00e0 isolato e preso in carico per sintomatologia simil covid,\u00a01 soggetto di nazionalit\u00e0 kossovara, rientrato da questo paese,\u00a01 contatto stretto&hellip;<\/p>\n","protected":false},"author":4,"featured_media":121260,"comment_status":"closed","ping_status":"closed","sticky":false,"template":"","format":"standard","meta":{"_monsterinsights_skip_tracking":false,"_monsterinsights_sitenote_active":false,"_monsterinsights_sitenote_note":"","_monsterinsights_sitenote_category":0,"footnotes":""},"categories":[104,49],"tags":[],"class_list":["post-157997","post","type-post","status-publish","format-standard","has-post-thumbnail","hentry","category-evidenza_3","category-news-18","category-104","category-49","description-off"],"img_url":"https:\/\/www.radiopiu.net\/wordpress\/wp-content\/uploads\/2020\/03\/covid-ulss.jpg","_links":{"self":[{"href":"https:\/\/www.radiopiu.net\/wordpress\/wp-json\/wp\/v2\/posts\/157997","targetHints":{"allow":["GET"]}}],"collection":[{"href":"https:\/\/www.radiopiu.net\/wordpress\/wp-json\/wp\/v2\/posts"}],"about":[{"href":"https:\/\/www.radiopiu.net\/wordpress\/wp-json\/wp\/v2\/types\/post"}],"author":[{"embeddable":true,"href":"https:\/\/www.radiopiu.net\/wordpress\/wp-json\/wp\/v2\/users\/4"}],"replies":[{"embeddable":true,"href":"https:\/\/www.radiopiu.net\/wordpress\/wp-json\/wp\/v2\/comments?post=157997"}],"version-history":[{"count":0,"href":"https:\/\/www.radiopiu.net\/wordpress\/wp-json\/wp\/v2\/posts\/157997\/revisions"}],"wp:featuredmedia":[{"embeddable":true,"href":"https:\/\/www.radiopiu.net\/wordpress\/wp-json\/wp\/v2\/media\/121260"}],"wp:attachment":[{"href":"https:\/\/www.radiopiu.net\/wordpress\/wp-json\/wp\/v2\/media?parent=157997"}],"wp:term":[{"taxonomy":"category","embeddable":true,"href":"https:\/\/www.radiopiu.net\/wordpress\/wp-json\/wp\/v2\/categories?post=157997"},{"taxonomy":"post_tag","embeddable":true,"href":"https:\/\/www.radiopiu.net\/wordpress\/wp-json\/wp\/v2\/tags?post=157997"}],"curies":[{"name":"wp","href":"https:\/\/api.w.org\/{rel}","templated":true}]}}