{"id":158042,"date":"2020-08-29T06:25:48","date_gmt":"2020-08-29T04:25:48","guid":{"rendered":"https:\/\/www.radiopiu.net\/wordpress\/?p=158042"},"modified":"2020-08-29T06:25:48","modified_gmt":"2020-08-29T04:25:48","slug":"giornale-radiopiu-29-agosto-2020-direttore-mirko-mezzacasa","status":"publish","type":"post","link":"https:\/\/www.radiopiu.net\/wordpress\/giornale-radiopiu-29-agosto-2020-direttore-mirko-mezzacasa\/","title":{"rendered":"GIORNALE RADIOPIU 29 AGOSTO 2020 DIRETTORE MIRKO MEZZACASA"},"content":{"rendered":"<h3><strong>PER RICEVERE QUESTO NOTIZIARIO DIRETTAMENTE SUL TUO CELLULARE ISCRIVITI AL CANALE TELEGRAM\u00a0<\/strong><strong>\u201cRADIO PIU\u00a0 INFORMAZIONE<\/strong><\/h3>\n<p><em>ATTENZIONE: LA NUOVA APP PER IOS-IPHONE<\/em><\/p>\n<div>\n<div><a href=\"https:\/\/apps.apple.com\/it\/app\/radio-pi%C3%B9-emittente-agordina\/id1515939845\">https:\/\/apps.apple.com\/it\/app\/radio-pi%C3%B9-emittente-agordina\/id1515939845<\/a><\/div>\n<\/div>\n<div><\/div>\n<div>\n<div dir=\"auto\"><em>ATTENZIONE: LA NUOVA APP RADIO\u00a0 PER ANDROID<\/em><\/div>\n<\/div>\n<p><a href=\"https:\/\/play.google.com\/store\/apps\/details?id=net.radiopiu.iniko\" target=\"_blank\" rel=\"noopener noreferrer\">https:\/\/play.google.com\/store\/apps\/details?id=net.radiopiu.iniko \u00a0\u00a0\u00a0\u00a0\u00a0<\/a><\/p>\n<p>&nbsp;<\/p>\n<hr \/>\n<p>&nbsp;<\/p>\n<h2 style=\"text-align: center;\"><strong>LA FOTO DEL GIORNO<\/strong><\/h2>\n<p><strong>AGORDO<\/strong> In frazione Valcozzena di Agordo i frazionisti si sono dati da fare ed hanno pulito la fontana della frazione<\/p>\n<h3><a class=\"dt-pswp-item\" href=\"https:\/\/www.radiopiu.net\/wordpress\/wp-content\/uploads\/2020\/08\/679722e4-54d0-49b5-9f54-ca3109064465.jpg\" data-dt-img-description=\"\" data-large_image_width=\"1200\" data-large_image_height=\"1600\"><img loading=\"lazy\" decoding=\"async\" class=\"aligncenter wp-image-158200 size-large\" src=\"https:\/\/www.radiopiu.net\/wordpress\/wp-content\/uploads\/2020\/08\/679722e4-54d0-49b5-9f54-ca3109064465-768x1024.jpg\" alt=\"\" width=\"768\" height=\"1024\" srcset=\"https:\/\/www.radiopiu.net\/wordpress\/wp-content\/uploads\/2020\/08\/679722e4-54d0-49b5-9f54-ca3109064465-768x1024.jpg 768w, https:\/\/www.radiopiu.net\/wordpress\/wp-content\/uploads\/2020\/08\/679722e4-54d0-49b5-9f54-ca3109064465-225x300.jpg 225w, https:\/\/www.radiopiu.net\/wordpress\/wp-content\/uploads\/2020\/08\/679722e4-54d0-49b5-9f54-ca3109064465-1152x1536.jpg 1152w, https:\/\/www.radiopiu.net\/wordpress\/wp-content\/uploads\/2020\/08\/679722e4-54d0-49b5-9f54-ca3109064465-360x480.jpg 360w, https:\/\/www.radiopiu.net\/wordpress\/wp-content\/uploads\/2020\/08\/679722e4-54d0-49b5-9f54-ca3109064465.jpg 1200w\" sizes=\"auto, (max-width: 768px) 100vw, 768px\" \/><\/a><\/h3>\n<p>&nbsp;<\/p>\n<p>&nbsp;<\/p>\n<hr \/>\n<p>&nbsp;<\/p>\n<p><strong><strong class=\"photoswipe-wrapper\"><a class=\"dt-pswp-item pspw-wrap-ready\" href=\"https:\/\/i2.wp.com\/www.radiopiu.net\/wordpress\/wp-content\/uploads\/2018\/08\/ACQUA.jpeg?ssl=1\" data-dt-img-description=\"\" data-large_image_width=\"1280\" data-large_image_height=\"768\"><img loading=\"lazy\" decoding=\"async\" class=\"wp-image-57052 alignleft\" src=\"https:\/\/i2.wp.com\/www.radiopiu.net\/wordpress\/wp-content\/uploads\/2018\/08\/ACQUA.jpeg?resize=198%2C119&amp;ssl=1\" sizes=\"auto, (max-width: 198px) 100vw, 198px\" srcset=\"https:\/\/i2.wp.com\/www.radiopiu.net\/wordpress\/wp-content\/uploads\/2018\/08\/ACQUA.jpeg?resize=300%2C180&amp;ssl=1 300w, https:\/\/i2.wp.com\/www.radiopiu.net\/wordpress\/wp-content\/uploads\/2018\/08\/ACQUA.jpeg?resize=768%2C461&amp;ssl=1 768w, https:\/\/i2.wp.com\/www.radiopiu.net\/wordpress\/wp-content\/uploads\/2018\/08\/ACQUA.jpeg?resize=1024%2C614&amp;ssl=1 1024w, https:\/\/i2.wp.com\/www.radiopiu.net\/wordpress\/wp-content\/uploads\/2018\/08\/ACQUA.jpeg?w=1280&amp;ssl=1 1280w\" alt=\"\" width=\"198\" height=\"119\" data-recalc-dims=\"1\" \/><\/a><\/strong>SAN TOMASO AGORDINO<\/strong> nelle localit\u00e0 ROI E PIANEZZE l\u2019acqua erogata dall\u2019acquedotto non \u00e8 potabile e non pu\u00f2 essere usata per scopi alimentari nemmeno mediante bollitura. Viene effettuato da settimane un servizio sostitutivo con autobotte.<\/p>\n<p>&nbsp;<\/p>\n<p>&nbsp;<\/p>\n<p>&nbsp;<\/p>\n<hr \/>\n<p>&nbsp;<\/p>\n<blockquote>\n<h3>BLACK OUT A VALLADA: MARTEDI 4 ORE SENZA CORRENTE<\/h3>\n<\/blockquote>\n<p><strong><a class=\"dt-pswp-item\" href=\"https:\/\/www.radiopiu.net\/wordpress\/wp-content\/uploads\/2020\/08\/a26c9737-a77d-45c3-adcf-eb4c3eb40e21.jpg\" data-dt-img-description=\"\" data-large_image_width=\"900\" data-large_image_height=\"1600\"><img loading=\"lazy\" decoding=\"async\" class=\"size-medium wp-image-157905 alignleft\" src=\"https:\/\/www.radiopiu.net\/wordpress\/wp-content\/uploads\/2020\/08\/a26c9737-a77d-45c3-adcf-eb4c3eb40e21-169x300.jpg\" alt=\"\" width=\"169\" height=\"300\" srcset=\"https:\/\/www.radiopiu.net\/wordpress\/wp-content\/uploads\/2020\/08\/a26c9737-a77d-45c3-adcf-eb4c3eb40e21-169x300.jpg 169w, https:\/\/www.radiopiu.net\/wordpress\/wp-content\/uploads\/2020\/08\/a26c9737-a77d-45c3-adcf-eb4c3eb40e21-576x1024.jpg 576w, https:\/\/www.radiopiu.net\/wordpress\/wp-content\/uploads\/2020\/08\/a26c9737-a77d-45c3-adcf-eb4c3eb40e21-768x1365.jpg 768w, https:\/\/www.radiopiu.net\/wordpress\/wp-content\/uploads\/2020\/08\/a26c9737-a77d-45c3-adcf-eb4c3eb40e21-864x1536.jpg 864w, https:\/\/www.radiopiu.net\/wordpress\/wp-content\/uploads\/2020\/08\/a26c9737-a77d-45c3-adcf-eb4c3eb40e21-270x480.jpg 270w, https:\/\/www.radiopiu.net\/wordpress\/wp-content\/uploads\/2020\/08\/a26c9737-a77d-45c3-adcf-eb4c3eb40e21.jpg 900w\" sizes=\"auto, (max-width: 169px) 100vw, 169px\" \/><\/a>VALLADA<\/strong> Enel comunica che martedi 1 settembre dalle 9 alle 13 sar\u00e0 interrotta l&#8217;erogazione di energia elettrica per effettuare lavori sugli impianti. La corrente mancher\u00e0 in frazione Sacchet ed Andrich.<\/p>\n<p>Purtroppo a questa linea elettrica \u00e8 &#8220;agganciata&#8221; anche la postazione radio-televisiva di Monte Celentone, significa che martedi mattina radio e televisioni non riceveranno i segnali dei programmi per la ripetizione verso: Canale d&#8217;Agordo, Caviola, Falcade. E&#8217; interessata anche l&#8217;emittente RADIO PIU&#8217;, infatti non essendo la postazione prevista di gruppi elettrogeni e non avendo l&#8217;Enel previsto soluzioni alternative la radio sar\u00e0 spenta per 4 ore.<\/p>\n<p>Fortunatamente potr\u00e0 scattare il piano B, lo streaming, quindi il segnale radiofonico sar\u00e0 disponibile su cellulari e computer direttamente dal sito internet www.radiopiu.net o ancora meglio tramite la nuova app per IOS e ANDROID disponibile tanto sul sito che negli app store.<\/p>\n<blockquote><p><em>Radio Pi\u00f9 si scusa per il disagio come facilmente intuibile indipendente dalla volont\u00e0 dell&#8217;azienda.<\/em><\/p><\/blockquote>\n<p>&nbsp;<\/p>\n<p>&nbsp;<\/p>\n<hr \/>\n<p>&nbsp;<\/p>\n<blockquote>\n<h3>NUOVA ONDATA DI MALTEMPO IN ARRIVO IN VENETO. DICHIARATA ALLERTA GIALLA E ARANCIONE FINO A DOMENICA POMERIGGIO<\/h3>\n<\/blockquote>\n<p><strong><a class=\"dt-pswp-item\" href=\"https:\/\/www.radiopiu.net\/wordpress\/wp-content\/uploads\/2015\/06\/temporale1.jpg\" data-dt-img-description=\"\" data-large_image_width=\"550\" data-large_image_height=\"454\"><img loading=\"lazy\" decoding=\"async\" class=\"size-medium wp-image-6562 alignleft\" src=\"https:\/\/www.radiopiu.net\/wordpress\/wp-content\/uploads\/2015\/06\/temporale1-300x248.jpg\" alt=\"\" width=\"300\" height=\"248\" \/><\/a>VENEZIA\u00a0<\/strong>Una nuova fase di intenso maltempo \u00e8 in arrivo sul Veneto, con forti rovesci, forti raffiche di vento e locali grandinate che interesseranno, con diversa intensit\u00e0, tutta la regione fino al pomeriggio di domenica 30 agosto.\u00a0Alla luce di queste previsioni, il Centro Funzionale Decentrato della Protezione Civile della Regione Veneto ha emesso lo Stato di Attenzione (allerta gialla) in alcuni bacini idrografici e lo Stato di Preallarme (allerta arancione) in altri per criticit\u00e0 sulla rete idraulica principale e criticit\u00e0 idrogeologica.\u00a0La valutazione della situazione idrogeologica e idraulica fatta dagli esperti della Protezione Civile del Veneto indica che le precipitazioni attese, localmente anche intense, determineranno l\u2019innalzamento idrometrico nella rete secondaria; potrebbero crearsi disagi per il sistema di smaltimento delle acque in ambito urbano, oltre che nella rete minore. E\u2019 inoltre segnalata la possibilit\u00e0 di innesco di fenomeni franosi sui versanti, oltre che la possibilit\u00e0 di innesco di colate rapide, specie nelle zone dei bacini idrografici Alto Piave, Piave-Pedemontano, Alto Brenta-Bacchiglione-Alpone, Adige-Garda-Monti Lessini.\u00a0Il quadro sul quale \u00e8 stato fatto scattare l\u2019allarme \u00e8 il seguente:\u00a0<b>Stato di Preallarme (allerta arancione)<\/b> per criticit\u00e0 idrogeologica sui bacini idrografici Piave Pedemontano, Alto Brenta-Bacchiglione-Alpone, Adige-Garda e Monti Lessini.\u00a0<b>Stato di Attenzione (allerta gialla) per criticit\u00e0 idraulica sulla rete principale<\/b> su tutti i bacini veneti ad esclusione di quelli Alto Piave e Po-Fissero-Tartaro-Canalbianco-Basso Adige.\u00a0<b>Stato di Attenzione (allerta gialla) per criticit\u00e0 idrogeologica<\/b> sui bacini Alto Piave, Po-Fissero-Tartaro-Canalbianco e Basso Adige, Basso Brenta-Bacchiglione, Basso Piave-Sile-Bacino scolante in laguna, Livenza-Lemene-Tagliamento<\/p>\n<p>&nbsp;<\/p>\n<p>&nbsp;<\/p>\n<hr \/>\n<p>&nbsp;<\/p>\n<blockquote>\n<h3>MALTEMPO, RICHIAMO DELLA PROVINCIA SULLA NECESSIT\u00c0 DI INTERVENTI DI PREVENZIONE<\/h3>\n<\/blockquote>\n<p><strong><a class=\"dt-pswp-item\" href=\"https:\/\/www.radiopiu.net\/wordpress\/wp-content\/uploads\/2015\/07\/nubifragio-maltempo-allerta-allarme_DWN.jpg\" data-dt-img-description=\"\" data-large_image_width=\"572\" data-large_image_height=\"429\"><img loading=\"lazy\" decoding=\"async\" class=\"size-medium wp-image-7785 alignleft\" src=\"https:\/\/www.radiopiu.net\/wordpress\/wp-content\/uploads\/2015\/07\/nubifragio-maltempo-allerta-allarme_DWN-300x225.jpg\" alt=\"\" width=\"300\" height=\"225\" \/><\/a>BELLUNO\u00a0<\/strong>Attenzione massima alla rete idraulica secondaria: la Provincia propone ai Comuni di fare squadra. E invita le amministrazioni locali a effettuare periodicamente le manutenzioni, \u00abquelle che una volta venivano eseguite dai residenti della montagna &#8211; sottolinea il consigliere provinciale delegato alla Difesa del Suolo e alla Protezione Civile &#8211; e che oggi a causa dello spopolamento non vengono pi\u00f9 fatte\u00bb.\u00a0Le previsioni meteo per le prossime ore annunciano violenti temporali e acquazzoni. Canali di scolo, tombotti e sistema di scorrimento delle acque saranno messi a dura prova. E in Provincia il settore di Difesa del Suolo \u00e8 gi\u00e0 pronto per raccogliere eventuali segnalazioni di dissesti da parte dei Comuni. \u00abDopo Vaia il nostro territorio \u00e8 fragile e ogni evento meteo palesa ferite rimaste aperte &#8211; continua il consigliere provinciale delegato -. Ma il problema principale resta la scarsa manutenzione del territorio, causata dallo spopolamento. La pulizia dei corsi d\u2019acqua minori, dei canali e dei tombotti \u00e8 fondamentale per evitare problemi e sviluppo di nuovi dissesti. Come Provincia siamo molto sensibili a questo tema e il settore Difesa del Suolo \u00e8 sempre intervenuto con puntualit\u00e0 su tutte le criticit\u00e0 che ci sono state segnalate. Adesso dobbiamo passare dall\u2019intervento di sistemazione all\u2019opera di prevenzione. Facciamo squadra con i Comuni: la Provincia, come gi\u00e0 successo nei mesi scorsi in convenzione con alcune amministrazioni, pu\u00f2 finanziare piccoli progetti contro il dissesto. Se lo spopolamento crea problemi alla montagna, cerchiamo di prevenire criticit\u00e0 pi\u00f9 grandi, pensando alla pianificazione del territorio e mettendo in campo anche interventi funzionali a salvare i paesi dagli effetti collaterali del maltempo\u00bb.<\/p>\n<p>&nbsp;<\/p>\n<p>&nbsp;<\/p>\n<hr \/>\n<p>&nbsp;<\/p>\n<blockquote>\n<h3>INCIDENTE ALLA PALESTRA DI ROCCIA A CORTINA<\/h3>\n<\/blockquote>\n<p><strong><a class=\"dt-pswp-item\" href=\"https:\/\/www.radiopiu.net\/wordpress\/wp-content\/uploads\/2019\/05\/ELI-SUEM-SOCC-3-1.jpg\" data-dt-img-description=\"\" data-large_image_width=\"1600\" data-large_image_height=\"900\"><img loading=\"lazy\" decoding=\"async\" class=\"size-medium wp-image-86194 alignleft\" src=\"https:\/\/www.radiopiu.net\/wordpress\/wp-content\/uploads\/2019\/05\/ELI-SUEM-SOCC-3-1-300x169.jpg\" alt=\"\" width=\"300\" height=\"169\" srcset=\"https:\/\/www.radiopiu.net\/wordpress\/wp-content\/uploads\/2019\/05\/ELI-SUEM-SOCC-3-1-300x169.jpg 300w, https:\/\/www.radiopiu.net\/wordpress\/wp-content\/uploads\/2019\/05\/ELI-SUEM-SOCC-3-1-768x432.jpg 768w, https:\/\/www.radiopiu.net\/wordpress\/wp-content\/uploads\/2019\/05\/ELI-SUEM-SOCC-3-1-1024x576.jpg 1024w, https:\/\/www.radiopiu.net\/wordpress\/wp-content\/uploads\/2019\/05\/ELI-SUEM-SOCC-3-1.jpg 1600w\" sizes=\"auto, (max-width: 300px) 100vw, 300px\" \/><\/a>CORTINA<\/strong>\u00a0Ieri, poco prima delle 13, l&#8217;elicottero del Suem \u00e8 decollato da Belluno in direzione della falesia del Piccolo Lagazuoi, poich\u00e9 durante un tiro di arrampicata sportiva un uomo, che si trovava con la famiglia, era volato per alcuni metri sbattendo un piede e riportando un probabile trauma alla caviglia. A.R., 60 anni, di Roma, che si trovava alla base della parete, allertato il Soccorso alpino di Cortina, \u00e8 stato raggiunto da una squadra del Sagf che gli ha prestato le prime cure. L&#8217;infortunato \u00e8 stato poi preso in carico dall&#8217;equipaggio dell&#8217;eliambulanza, che lo ha imbarcato con il verricello per trasportarlo all&#8217;ospedale di Cortina.<\/p>\n<p>&nbsp;<\/p>\n<p>&nbsp;<\/p>\n<hr \/>\n<p>&nbsp;<\/p>\n<p>&nbsp;<\/p>\n<blockquote>\n<h3><em><a class=\"dt-pswp-item\" href=\"https:\/\/www.radiopiu.net\/wordpress\/wp-content\/uploads\/2020\/08\/SSSSSSS.jpg\" data-dt-img-description=\"\" data-large_image_width=\"768\" data-large_image_height=\"432\"><img loading=\"lazy\" decoding=\"async\" class=\" wp-image-158130 alignleft\" src=\"https:\/\/www.radiopiu.net\/wordpress\/wp-content\/uploads\/2020\/08\/SSSSSSS-300x169.jpg\" alt=\"\" width=\"238\" height=\"134\" srcset=\"https:\/\/www.radiopiu.net\/wordpress\/wp-content\/uploads\/2020\/08\/SSSSSSS-300x169.jpg 300w, https:\/\/www.radiopiu.net\/wordpress\/wp-content\/uploads\/2020\/08\/SSSSSSS-640x360.jpg 640w, https:\/\/www.radiopiu.net\/wordpress\/wp-content\/uploads\/2020\/08\/SSSSSSS.jpg 768w\" sizes=\"auto, (max-width: 238px) 100vw, 238px\" \/><\/a>NO AL COLLEGAMENTO SCIISTICO CORTINA-FODOM: DEPOSITATE IN MUNICIPIO LE FIRME RACCOLTE E CHIESTO\u00a0 UN INCONTRO URGENTE AL SINDACO<\/em><\/h3>\n<\/blockquote>\n<p><strong>DAL GIORNALE RADIO PRINCIPALE DI IERI IL PRESIDENTE DEL COMITATO DENNI DORIGO<\/strong><\/p>\n<audio class=\"wp-audio-shortcode\" id=\"audio-158042-1\" preload=\"none\" style=\"width: 100%;\" controls=\"controls\"><source type=\"audio\/mpeg\" src=\"https:\/\/www.radiopiu.net\/wordpress\/wp-content\/uploads\/2020\/08\/DENNI-DORIGO.mp3?_=1\" \/><a href=\"https:\/\/www.radiopiu.net\/wordpress\/wp-content\/uploads\/2020\/08\/DENNI-DORIGO.mp3\">https:\/\/www.radiopiu.net\/wordpress\/wp-content\/uploads\/2020\/08\/DENNI-DORIGO.mp3<\/a><\/audio>\n<p>&nbsp;<\/p>\n<p>&nbsp;<\/p>\n<p>&nbsp;<\/p>\n<hr \/>\n<h2><\/h2>\n<blockquote>\n<h3>LUXOTTICA REGALA UN PAIO DI OAKLEY A TUTTI I DIPENDENTI<\/h3>\n<\/blockquote>\n<p><strong><a class=\"dt-pswp-item\" href=\"https:\/\/www.radiopiu.net\/wordpress\/wp-content\/uploads\/2020\/08\/OAKLEY-REGALO-LUXOTTICA.png\" data-dt-img-description=\"\" data-large_image_width=\"1330\" data-large_image_height=\"742\"><img loading=\"lazy\" decoding=\"async\" class=\"size-medium wp-image-158181 alignleft\" src=\"https:\/\/www.radiopiu.net\/wordpress\/wp-content\/uploads\/2020\/08\/OAKLEY-REGALO-LUXOTTICA-300x167.png\" alt=\"\" width=\"300\" height=\"167\" srcset=\"https:\/\/www.radiopiu.net\/wordpress\/wp-content\/uploads\/2020\/08\/OAKLEY-REGALO-LUXOTTICA-300x167.png 300w, https:\/\/www.radiopiu.net\/wordpress\/wp-content\/uploads\/2020\/08\/OAKLEY-REGALO-LUXOTTICA-1024x571.png 1024w, https:\/\/www.radiopiu.net\/wordpress\/wp-content\/uploads\/2020\/08\/OAKLEY-REGALO-LUXOTTICA-768x428.png 768w, https:\/\/www.radiopiu.net\/wordpress\/wp-content\/uploads\/2020\/08\/OAKLEY-REGALO-LUXOTTICA-640x357.png 640w, https:\/\/www.radiopiu.net\/wordpress\/wp-content\/uploads\/2020\/08\/OAKLEY-REGALO-LUXOTTICA.png 1330w\" sizes=\"auto, (max-width: 300px) 100vw, 300px\" \/><\/a>AGORDO <\/strong>Luxottica ha informato con un messaggio tutti i dipendenti che prossimamente l&#8217;azienda regaler\u00e0 un paio di occhiali marchiati Oakley, Non un paio di occhiali normali ma una montatura specifica per il posto di lavoro. Si chiamano Oakley Industrial M-Frame 3.0 e sono il top di gamma fra i modelli di sicurezza certificati. Nei prossimi giorni tutte le maestranze impegnate nei reparti produttivi e nella logistica avranno modo di ricevere questo regalo da Luxottica perch\u00e9 la salute e la sicurezza sul posto di lavoro rimane al centro di ogni iniziativa del gruppo capitanato da Leonardo Del Vecchio. Occhiali versatili e leggeri con lenti antiriflesso, specifici per i lavoratori. Sono antiappannamento e contro le schegge, dei veri e propri DPI che possono sostituire quelli attuali. Ancora un regalo importante, dopo le mascherine, da parte del gruppo Luxottica ai suoi dipendenti.<\/p>\n<p>&nbsp;<\/p>\n<p>&nbsp;<\/p>\n<hr \/>\n<p>&nbsp;<\/p>\n<blockquote>\n<h3>NASCE IL COMITATO PER IL RITORNO DEL TRENO NELL AGORDINO CUORE DELLE DOLOMITI<\/h3>\n<\/blockquote>\n<p><strong><a class=\"dt-pswp-item\" href=\"https:\/\/www.radiopiu.net\/wordpress\/wp-content\/uploads\/2020\/08\/FERROVIA-DOLOMITI-BELLUNESI.jpg\" data-dt-img-description=\"\" data-large_image_width=\"1131\" data-large_image_height=\"1600\"><img loading=\"lazy\" decoding=\"async\" class=\"size-medium wp-image-158186 alignleft\" src=\"https:\/\/www.radiopiu.net\/wordpress\/wp-content\/uploads\/2020\/08\/FERROVIA-DOLOMITI-BELLUNESI-212x300.jpg\" alt=\"\" width=\"212\" height=\"300\" srcset=\"https:\/\/www.radiopiu.net\/wordpress\/wp-content\/uploads\/2020\/08\/FERROVIA-DOLOMITI-BELLUNESI-212x300.jpg 212w, https:\/\/www.radiopiu.net\/wordpress\/wp-content\/uploads\/2020\/08\/FERROVIA-DOLOMITI-BELLUNESI-724x1024.jpg 724w, https:\/\/www.radiopiu.net\/wordpress\/wp-content\/uploads\/2020\/08\/FERROVIA-DOLOMITI-BELLUNESI-768x1086.jpg 768w, https:\/\/www.radiopiu.net\/wordpress\/wp-content\/uploads\/2020\/08\/FERROVIA-DOLOMITI-BELLUNESI-1086x1536.jpg 1086w, https:\/\/www.radiopiu.net\/wordpress\/wp-content\/uploads\/2020\/08\/FERROVIA-DOLOMITI-BELLUNESI-339x480.jpg 339w, https:\/\/www.radiopiu.net\/wordpress\/wp-content\/uploads\/2020\/08\/FERROVIA-DOLOMITI-BELLUNESI.jpg 1131w\" sizes=\"auto, (max-width: 212px) 100vw, 212px\" \/><\/a>AGORDO <\/strong>Nasce il comitato per il ritorno del treno nell Agordino cuore delle dolomiti<\/p>\n<blockquote><p><em>L\u2019Agordino rappresenta un importante polo turistico sia estivo che invernale; infatti le sue aree sciistiche, assieme al comprensorio Ampezzano, costituiscono la maggior parte degli impianti di risalita della Provincia di Belluno e del Veneto. Oltre all\u2019indiscussa attrattivit\u00e0 turistica, in Agordino esiste un polo manifatturiero di importanza mondiale, che genera giornalmente un elevato flusso pendolare. Per supportare lo sviluppo delle economie territoriali \u00e8 necessario intervenire a livello infrastrutturale con opere in grado di invertire il processo di spopolamento e impoverimento delle aree pi\u00f9 periferiche. Sono queste le motivazioni che hanno spinto alcuni cittadini a costituire il Comitato Ferrovia Dolomiti Bellunesi. \u00c8 idea comune infatti che la costruzione di una ferrovia da Belluno a Cortina possa sia diventare un volano economico e sia portare indubbi benefici a tutti i residenti in provincia. Nei prossimi mesi il Comitato organizzer\u00e0 eventi pubblici per spiegare a tutti il progetto della ferrovia lungo la Valle del Cordevole, illustrandone i contenuti e potenzialit\u00e0. \u201cCome comitato ci piacerebbe che questo progetto diventasse patrimonio di tutti i Bellunesi (e non solo), espressione non degli interessi economici di pochi ma di un pensiero comune e condiviso sul futuro delle Nostre Dolomiti\u201d. La Regione Veneto ha pi\u00f9 volte manifestato la propria volont\u00e0 di collegare Venezia con Cortina e le Dolomiti, vedremo se questo ambizioso progetto possa esser realizzato in un futuro non troppo lontano.<\/em><\/p><\/blockquote>\n<div class=\"page\" title=\"Page 1\">\n<div class=\"layoutArea\">\n<div class=\"column\">\n<blockquote><p><em>Per info: www.ferroviadolomitibellunesi.it o FB: https:\/\/www.facebook.com\/FerroviaDolomitiBellunesi<\/em><\/p><\/blockquote>\n<p>&nbsp;<\/p>\n<p><strong>AI MICROFONI DI RADIO PIU&#8217; PAOLO SELVA MORETTI<\/strong><\/p>\n<\/div>\n<\/div>\n<\/div>\n<audio class=\"wp-audio-shortcode\" id=\"audio-158042-2\" preload=\"none\" style=\"width: 100%;\" controls=\"controls\"><source type=\"audio\/mpeg\" src=\"https:\/\/www.radiopiu.net\/wordpress\/wp-content\/uploads\/2020\/08\/SELVA-MORETTI-FERROVIA.mp3?_=2\" \/><a href=\"https:\/\/www.radiopiu.net\/wordpress\/wp-content\/uploads\/2020\/08\/SELVA-MORETTI-FERROVIA.mp3\">https:\/\/www.radiopiu.net\/wordpress\/wp-content\/uploads\/2020\/08\/SELVA-MORETTI-FERROVIA.mp3<\/a><\/audio>\n<p>&nbsp;<\/p>\n<hr \/>\n<p>&nbsp;<\/p>\n<blockquote class=\"wp-embedded-content\" data-secret=\"DAzZH44evE\"><p><a href=\"https:\/\/www.radiopiu.net\/wordpress\/coronavirus-aggiornamento-nazionale-28-agosto\/\">CORONAVIRUS: AGGIORNAMENTO NAZIONALE 28 AGOSTO<\/a><\/p><\/blockquote>\n<p><iframe loading=\"lazy\" class=\"wp-embedded-content\" sandbox=\"allow-scripts\" security=\"restricted\" style=\"position: absolute; clip: rect(1px, 1px, 1px, 1px);\" title=\"&#8220;CORONAVIRUS: AGGIORNAMENTO NAZIONALE 28 AGOSTO&#8221; &#8212; Radio Pi\u00f9\" src=\"https:\/\/www.radiopiu.net\/wordpress\/coronavirus-aggiornamento-nazionale-28-agosto\/embed\/#?secret=DAzZH44evE\" data-secret=\"DAzZH44evE\" width=\"600\" height=\"338\" frameborder=\"0\" marginwidth=\"0\" marginheight=\"0\" scrolling=\"no\"><\/iframe><\/p>\n<p>&nbsp;<\/p>\n<hr \/>\n<p>&nbsp;<\/p>\n<blockquote class=\"wp-embedded-content\" data-secret=\"95wiSWv323\"><p><a href=\"https:\/\/www.radiopiu.net\/wordpress\/nel-veneto-125-positivi-in-piu-nelle-ultime-24-ore-un-decesso-e-54-negativizzati-a-belluno-i-positivi-aumentano-di-5-unita-al-san-martino-sempre-2-ricoveri\/\">NEL VENETO 125 POSITIVI IN PI\u00d9 NELLE ULTIME 24 ORE. UN DECESSO E 54 NEGATIVIZZATI. A BELLUNO I POSITIVI AUMENTANO DI 5 UNIT\u00c0, AL SAN MARTINO SEMPRE 2 RICOVERI<\/a><\/p><\/blockquote>\n<p><iframe loading=\"lazy\" class=\"wp-embedded-content\" sandbox=\"allow-scripts\" security=\"restricted\" style=\"position: absolute; clip: rect(1px, 1px, 1px, 1px);\" title=\"&#8220;NEL VENETO 125 POSITIVI IN PI\u00d9 NELLE ULTIME 24 ORE. UN DECESSO E 54 NEGATIVIZZATI. A BELLUNO I POSITIVI AUMENTANO DI 5 UNIT\u00c0, AL SAN MARTINO SEMPRE 2 RICOVERI&#8221; &#8212; Radio Pi\u00f9\" src=\"https:\/\/www.radiopiu.net\/wordpress\/nel-veneto-125-positivi-in-piu-nelle-ultime-24-ore-un-decesso-e-54-negativizzati-a-belluno-i-positivi-aumentano-di-5-unita-al-san-martino-sempre-2-ricoveri\/embed\/#?secret=95wiSWv323\" data-secret=\"95wiSWv323\" width=\"600\" height=\"338\" frameborder=\"0\" marginwidth=\"0\" marginheight=\"0\" scrolling=\"no\"><\/iframe><\/p>\n<p>&nbsp;<\/p>\n<p><em><strong>DAI E GRAFICI DI TIZIANO DE COL<\/strong><\/em><\/p>\n\n\t\t\t<style type='text\/css'>\n\t\t\t\t#gallery-1 {\n\t\t\t\t\tmargin: auto;\n\t\t\t\t}\n\t\t\t\t#gallery-1 .gallery-item {\n\t\t\t\t\tfloat: left;\n\t\t\t\t\tmargin-top: 10px;\n\t\t\t\t\ttext-align: center;\n\t\t\t\t\twidth: 33%;\n\t\t\t\t}\n\t\t\t\t#gallery-1 img {\n\t\t\t\t\tborder: 2px solid #cfcfcf;\n\t\t\t\t}\n\t\t\t\t#gallery-1 .gallery-caption {\n\t\t\t\t\tmargin-left: 0;\n\t\t\t\t}\n\t\t\t\t\/* see gallery_shortcode() in wp-includes\/media.php *\/\n\t\t\t<\/style>\n\t\t<div id='gallery-1' class='dt-gallery-container gallery galleryid-158042 gallery-columns-3 gallery-size-medium'><dl class='gallery-item'>\n\t\t\t\t<dt class='gallery-icon landscape'>\n\t\t\t\t\t<a class=\"rollover rollover-zoom dt-pswp-item\" title=\"94828ac0-b3d3-49c6-845e-f0f6f433baf2\" data-dt-img-description=\"\" data-large_image_width=\"1024\" data-large_image_height=\"557\"href='https:\/\/www.radiopiu.net\/wordpress\/wp-content\/uploads\/2020\/08\/94828ac0-b3d3-49c6-845e-f0f6f433baf2.jpg'><img loading=\"lazy\" decoding=\"async\" width=\"300\" height=\"163\" src=\"https:\/\/www.radiopiu.net\/wordpress\/wp-content\/uploads\/2020\/08\/94828ac0-b3d3-49c6-845e-f0f6f433baf2-300x163.jpg\" class=\"attachment-medium size-medium\" alt=\"\" srcset=\"https:\/\/www.radiopiu.net\/wordpress\/wp-content\/uploads\/2020\/08\/94828ac0-b3d3-49c6-845e-f0f6f433baf2-300x163.jpg 300w, https:\/\/www.radiopiu.net\/wordpress\/wp-content\/uploads\/2020\/08\/94828ac0-b3d3-49c6-845e-f0f6f433baf2-768x418.jpg 768w, https:\/\/www.radiopiu.net\/wordpress\/wp-content\/uploads\/2020\/08\/94828ac0-b3d3-49c6-845e-f0f6f433baf2-640x348.jpg 640w, https:\/\/www.radiopiu.net\/wordpress\/wp-content\/uploads\/2020\/08\/94828ac0-b3d3-49c6-845e-f0f6f433baf2.jpg 1024w\" sizes=\"auto, (max-width: 300px) 100vw, 300px\" \/><\/a>\n\t\t\t\t<\/dt><\/dl><dl class='gallery-item'>\n\t\t\t\t<dt class='gallery-icon portrait'>\n\t\t\t\t\t<a class=\"rollover rollover-zoom dt-pswp-item\" title=\"d09c1313-6f26-465d-a021-0fa1994ebe59\" data-dt-img-description=\"\" data-large_image_width=\"602\" data-large_image_height=\"635\"href='https:\/\/www.radiopiu.net\/wordpress\/wp-content\/uploads\/2020\/08\/d09c1313-6f26-465d-a021-0fa1994ebe59.jpg'><img loading=\"lazy\" decoding=\"async\" width=\"284\" height=\"300\" src=\"https:\/\/www.radiopiu.net\/wordpress\/wp-content\/uploads\/2020\/08\/d09c1313-6f26-465d-a021-0fa1994ebe59-284x300.jpg\" class=\"attachment-medium size-medium\" alt=\"\" srcset=\"https:\/\/www.radiopiu.net\/wordpress\/wp-content\/uploads\/2020\/08\/d09c1313-6f26-465d-a021-0fa1994ebe59-284x300.jpg 284w, https:\/\/www.radiopiu.net\/wordpress\/wp-content\/uploads\/2020\/08\/d09c1313-6f26-465d-a021-0fa1994ebe59-455x480.jpg 455w, https:\/\/www.radiopiu.net\/wordpress\/wp-content\/uploads\/2020\/08\/d09c1313-6f26-465d-a021-0fa1994ebe59.jpg 602w\" sizes=\"auto, (max-width: 284px) 100vw, 284px\" \/><\/a>\n\t\t\t\t<\/dt><\/dl><dl class='gallery-item'>\n\t\t\t\t<dt class='gallery-icon landscape'>\n\t\t\t\t\t<a class=\"rollover rollover-zoom dt-pswp-item\" title=\"cbce21d8-bb85-4049-9fc6-32366a0040b4\" data-dt-img-description=\"\" data-large_image_width=\"480\" data-large_image_height=\"335\"href='https:\/\/www.radiopiu.net\/wordpress\/wp-content\/uploads\/2020\/08\/cbce21d8-bb85-4049-9fc6-32366a0040b4.jpg'><img loading=\"lazy\" decoding=\"async\" width=\"300\" height=\"209\" src=\"https:\/\/www.radiopiu.net\/wordpress\/wp-content\/uploads\/2020\/08\/cbce21d8-bb85-4049-9fc6-32366a0040b4-300x209.jpg\" class=\"attachment-medium size-medium\" alt=\"\" srcset=\"https:\/\/www.radiopiu.net\/wordpress\/wp-content\/uploads\/2020\/08\/cbce21d8-bb85-4049-9fc6-32366a0040b4-300x209.jpg 300w, https:\/\/www.radiopiu.net\/wordpress\/wp-content\/uploads\/2020\/08\/cbce21d8-bb85-4049-9fc6-32366a0040b4.jpg 480w\" sizes=\"auto, (max-width: 300px) 100vw, 300px\" \/><\/a>\n\t\t\t\t<\/dt><\/dl><br style=\"clear: both\" \/>\n\t\t\t<\/div>\n\n<p>&nbsp;<\/p>\n<p>&nbsp;<\/p>\n<hr \/>\n<p>&nbsp;<\/p>\n<div class=\"page-title-head hgroup\">\n<blockquote>\n<h3 class=\"entry-title\">ANCORA DUE POSITIVI: DUE GIOVANI ASINTOMATICI<\/h3>\n<\/blockquote>\n<\/div>\n<div class=\"page-title-breadcrumbs\">\n<p><strong><img loading=\"lazy\" decoding=\"async\" class=\"alignleft jetpack-lazy-image jetpack-lazy-image--handled\" src=\"https:\/\/i1.wp.com\/www.radiopiu.net\/wordpress\/wp-content\/uploads\/2020\/03\/covid-ulss.jpg?resize=187%2C140&amp;ssl=1\" width=\"187\" height=\"140\" data-recalc-dims=\"1\" data-lazy-loaded=\"1\" \/>BELLUNO Nelle ultime\u00a0<\/strong>ore ancora due nuovi positivi nel bellunesi su 325 tamponi: una giovane di rientro da una vacanza in Campania, contatto stretto di soggetto positivo durante il soggiorno fuori regione e un giovane gi\u00e0 isolato per sintomatologia simil Covid. Entrambi i soggetti sono asintomatici.<b> \u00a0<\/b>Nella mattinata sono state sottoposte a provvedimenti contumaciali 30 persone (16 per sintomatologia simil covid, 1 per ingresso da Paese regolamentato, 13 per contatto di caso noto).<\/p>\n<blockquote>\n<h4><em>Il drive-in di Feltre ha eseguito oggi 91 tamponi per rientri da Croazia (40), Grecia (3), Spagna (2) e Sardegna (46) come da ordinanza regionale.<\/em><\/h4>\n<\/blockquote>\n<p>&nbsp;<\/p>\n<p>&nbsp;<\/p>\n<hr \/>\n<p>&nbsp;<\/p>\n<blockquote>\n<h3>SUMMER PARTY CORTINA: 285 TAMPONI<\/h3>\n<\/blockquote>\n<p><strong><a class=\"dt-pswp-item\" href=\"https:\/\/www.radiopiu.net\/wordpress\/wp-content\/uploads\/2020\/08\/cortina-tamponi.jpg\" data-dt-img-description=\"\" data-large_image_width=\"1024\" data-large_image_height=\"768\"><img loading=\"lazy\" decoding=\"async\" class=\"size-medium wp-image-158199 alignleft\" src=\"https:\/\/www.radiopiu.net\/wordpress\/wp-content\/uploads\/2020\/08\/cortina-tamponi-300x225.jpg\" alt=\"\" width=\"300\" height=\"225\" srcset=\"https:\/\/www.radiopiu.net\/wordpress\/wp-content\/uploads\/2020\/08\/cortina-tamponi-300x225.jpg 300w, https:\/\/www.radiopiu.net\/wordpress\/wp-content\/uploads\/2020\/08\/cortina-tamponi-768x576.jpg 768w, https:\/\/www.radiopiu.net\/wordpress\/wp-content\/uploads\/2020\/08\/cortina-tamponi-640x480.jpg 640w, https:\/\/www.radiopiu.net\/wordpress\/wp-content\/uploads\/2020\/08\/cortina-tamponi.jpg 1024w\" sizes=\"auto, (max-width: 300px) 100vw, 300px\" \/><\/a>CORTINA\u00a0<\/strong>Concluse le operazioni di esecuzione tamponi a favore dei partecipanti al Summer Party svoltosi a Cortina il 20 agosto scorso. L\u2019Ulss Dolomiti ha operato con doppia squadra garantendo il tampone in modalit\u00e0 drive-in in doppia fila allo stadio del ghiaccio di Cortina a partire dalle 14.30 di ieri.\u00a0\u00a0Nonostante qualche piccolo rallentamento legato soprattutto alla registrazione informatica di alcuni soggetti provenienti da fuori Regione e all\u2019accesso al tampone da parte di persone non partecipanti al Party non invitate allo screening, tutto si \u00e8 svolto con ordine.\u00a0Sono stati eseguiti complessivamente 285 tamponi che saranno caricati nel sistema di laboratorio durante la notte e refertati entro 48 ore. I referti negativi saranno segnalati via SMS a tutti i soggetti sottoposti a tampone sul numero di telefono depositato. I casi positivi saranno presi in carico telefonicamente dal Dipartimento di Prevenzione.\u00a0L\u2019Ulss Dolomiti ringrazia l\u2019Amministrazione comunale di Cortina, sempre presente con assessori e operatori sul posto, le Forze dell\u2019ordine, la Polizia Locale e la Protezione Civile, che hanno gestito con precisione il traffico e l\u2019accesso allo stadio del ghiaccio, e gli organizzatori del Summer Party che hanno sostenuto con messaggi di rinforzo l\u2019 invito al tampone.<\/p>\n<p>&nbsp;<\/p>\n<p>&nbsp;<\/p>\n<hr \/>\n<p>&nbsp;<\/p>\n<blockquote>\n<h3>PRESENTATI I CANDIDATI DEL PD ALLE PROSSIME ELEZIONI REGIONALI<\/h3>\n<\/blockquote>\n<p><strong><a class=\"dt-pswp-item\" href=\"https:\/\/www.radiopiu.net\/wordpress\/wp-content\/uploads\/2020\/08\/8b9d3694-a440-4949-ad42-4c4f34d40aa8.jpg\" data-dt-img-description=\"\" data-large_image_width=\"1600\" data-large_image_height=\"737\"><img loading=\"lazy\" decoding=\"async\" class=\"size-medium wp-image-158173 alignleft\" src=\"https:\/\/www.radiopiu.net\/wordpress\/wp-content\/uploads\/2020\/08\/8b9d3694-a440-4949-ad42-4c4f34d40aa8-300x138.jpg\" alt=\"\" width=\"300\" height=\"138\" srcset=\"https:\/\/www.radiopiu.net\/wordpress\/wp-content\/uploads\/2020\/08\/8b9d3694-a440-4949-ad42-4c4f34d40aa8-300x138.jpg 300w, https:\/\/www.radiopiu.net\/wordpress\/wp-content\/uploads\/2020\/08\/8b9d3694-a440-4949-ad42-4c4f34d40aa8-1024x472.jpg 1024w, https:\/\/www.radiopiu.net\/wordpress\/wp-content\/uploads\/2020\/08\/8b9d3694-a440-4949-ad42-4c4f34d40aa8-768x354.jpg 768w, https:\/\/www.radiopiu.net\/wordpress\/wp-content\/uploads\/2020\/08\/8b9d3694-a440-4949-ad42-4c4f34d40aa8-1536x708.jpg 1536w, https:\/\/www.radiopiu.net\/wordpress\/wp-content\/uploads\/2020\/08\/8b9d3694-a440-4949-ad42-4c4f34d40aa8-640x295.jpg 640w, https:\/\/www.radiopiu.net\/wordpress\/wp-content\/uploads\/2020\/08\/8b9d3694-a440-4949-ad42-4c4f34d40aa8.jpg 1600w\" sizes=\"auto, (max-width: 300px) 100vw, 300px\" \/><\/a>BELLUNO<\/strong><\/p>\n<p>di Moreno Gioli<\/p>\n<audio class=\"wp-audio-shortcode\" id=\"audio-158042-3\" preload=\"none\" style=\"width: 100%;\" controls=\"controls\"><source type=\"audio\/mpeg\" src=\"https:\/\/www.radiopiu.net\/wordpress\/wp-content\/uploads\/2020\/08\/MORENO-GIOLI-PD.mp3?_=3\" \/><a href=\"https:\/\/www.radiopiu.net\/wordpress\/wp-content\/uploads\/2020\/08\/MORENO-GIOLI-PD.mp3\">https:\/\/www.radiopiu.net\/wordpress\/wp-content\/uploads\/2020\/08\/MORENO-GIOLI-PD.mp3<\/a><\/audio>\n<p>&nbsp;<\/p>\n<hr \/>\n<p>&nbsp;<\/p>\n<\/div>\n<blockquote>\n<h2>LA MANUTENZIONE DEL VERDE PUBBLICO HA IMPEGNATO 60 RAGAZZI<\/h2>\n<\/blockquote>\n<p><b><a class=\"dt-pswp-item\" href=\"https:\/\/www.radiopiu.net\/wordpress\/wp-content\/uploads\/2020\/08\/2ac09405-64d4-4229-8444-c34c097c1db7.jpg\" data-dt-img-description=\"\" data-large_image_width=\"1200\" data-large_image_height=\"1600\"><img loading=\"lazy\" decoding=\"async\" class=\"size-medium wp-image-158086 alignleft\" src=\"https:\/\/www.radiopiu.net\/wordpress\/wp-content\/uploads\/2020\/08\/2ac09405-64d4-4229-8444-c34c097c1db7-225x300.jpg\" alt=\"\" width=\"225\" height=\"300\" srcset=\"https:\/\/www.radiopiu.net\/wordpress\/wp-content\/uploads\/2020\/08\/2ac09405-64d4-4229-8444-c34c097c1db7-225x300.jpg 225w, https:\/\/www.radiopiu.net\/wordpress\/wp-content\/uploads\/2020\/08\/2ac09405-64d4-4229-8444-c34c097c1db7-768x1024.jpg 768w, https:\/\/www.radiopiu.net\/wordpress\/wp-content\/uploads\/2020\/08\/2ac09405-64d4-4229-8444-c34c097c1db7-1152x1536.jpg 1152w, https:\/\/www.radiopiu.net\/wordpress\/wp-content\/uploads\/2020\/08\/2ac09405-64d4-4229-8444-c34c097c1db7-360x480.jpg 360w, https:\/\/www.radiopiu.net\/wordpress\/wp-content\/uploads\/2020\/08\/2ac09405-64d4-4229-8444-c34c097c1db7.jpg 1200w\" sizes=\"auto, (max-width: 225px) 100vw, 225px\" \/><\/a>ALPAGO\u00a0<\/b>Carta vetrata, spazzole di ferro, pennelli e vernici, guanti e rastrelli, ma soprattutto \u201colio di gomito\u201d e tanta buona volont\u00e0. Sono questi gli strumenti con cui i ragazzi del GOG 2020 si sono dati da fare nelle scorse settimane per rendere pi\u00f9 belli e funzionali alcuni punti del territorio comunale di Alpago. I partecipanti al gruppo si sono dedicati, in particolar modo, alle manutenzioni del verde e dei parchi, svolte in collaborazione con gli operai comunali e l\u2019ufficio tecnico, alla sistemazione dei \u00a0giochi dell&#8217;asilo di Puos di concerto con i membri del comitato parrocchiale, alla cura dei sentieri di nordic walking in collaborazione con il Cai Alpago, in particolare nella persona del presidente Luca Dal Paos, e, ancora, alla sistemazione e verniciatura delle panchine nelle piazze del comune. Non sono inoltre mancate, tra le attivit\u00e0 svolte nelle giornate di lavoro, le riverniciature di ringhiere e cancellate e la sistemazione di aree e attrezzi sportivi; un lungo elenco di piccoli-grandi<a class=\"dt-pswp-item\" href=\"https:\/\/www.radiopiu.net\/wordpress\/wp-content\/uploads\/2020\/08\/d4c68391-c8c3-40b5-b575-fe50de5dbd67.jpg\" data-dt-img-description=\"\" data-large_image_width=\"1080\" data-large_image_height=\"1371\"><img loading=\"lazy\" decoding=\"async\" class=\"size-medium wp-image-158087 alignright\" src=\"https:\/\/www.radiopiu.net\/wordpress\/wp-content\/uploads\/2020\/08\/d4c68391-c8c3-40b5-b575-fe50de5dbd67-236x300.jpg\" alt=\"\" width=\"236\" height=\"300\" srcset=\"https:\/\/www.radiopiu.net\/wordpress\/wp-content\/uploads\/2020\/08\/d4c68391-c8c3-40b5-b575-fe50de5dbd67-236x300.jpg 236w, https:\/\/www.radiopiu.net\/wordpress\/wp-content\/uploads\/2020\/08\/d4c68391-c8c3-40b5-b575-fe50de5dbd67-807x1024.jpg 807w, https:\/\/www.radiopiu.net\/wordpress\/wp-content\/uploads\/2020\/08\/d4c68391-c8c3-40b5-b575-fe50de5dbd67-768x975.jpg 768w, https:\/\/www.radiopiu.net\/wordpress\/wp-content\/uploads\/2020\/08\/d4c68391-c8c3-40b5-b575-fe50de5dbd67-378x480.jpg 378w, https:\/\/www.radiopiu.net\/wordpress\/wp-content\/uploads\/2020\/08\/d4c68391-c8c3-40b5-b575-fe50de5dbd67.jpg 1080w\" sizes=\"auto, (max-width: 236px) 100vw, 236px\" \/><\/a> interventi che hanno contribuito a rendere pi\u00f9 gradevoli e decorosi alcuni scorci e aree pubbliche del territorio comunale. Parallelamente, un\u2019altra parte dei 60 ragazzi che hanno preso parte al GOG 2020 si \u00e8 invece impegnata nei laboratori artistici, sotto la guida di Giorgio Vazza per la Land Art all\u2019oasi naturalistica del lago di Santa Croce e di Iris Bernard per quanto riguarda il rifacimento del murales al parco di Puos.<\/p>\n<blockquote><p><em>\u201cNon possiamo che essere soddisfatti e orgogliosi per come i nostri ragazzi hanno vissuto l\u2019esperienza del GOG, che vuole avvicinarli al loro territorio, in una sorta di laboratorio di cittadinanza attiva e di educazione al senso civico e al bene comune\u201d, commenta l\u2019assessore alle politiche giovanili del Comune di Alpago, che aggiunge: \u201cIl progetto, ormai rodato, riesce a coinvolgere ogni anno un numero sempre crescente di ragazzi, a testimonianza del valore dell\u2019iniziativa e della voglia di fare dei nostri giovani, anche in un anno particolare e difficile come quello che stiamo attraversando. A nome dell\u2019amministrazione, conclude l\u2019assessore, rinnovo il pi\u00f9 sincero \u201cgrazie\u201d ai tutor, adulti che si sono resi disponibili a seguire le attivit\u00e0 dei ragazzi in maniera totalmente volontaristica, alla Pro Loco di Puos, a Francesca Gaio &#8211; coordinatrice dell\u2019intero progetto -, agli operai e ai tecnici comunali e a tutti coloro che a vario titolo hanno collaborato a questa splendida iniziativa\u201d.<\/em><\/p><\/blockquote>\n<p>&nbsp;<\/p>\n<hr \/>\n<p>&nbsp;<\/p>\n<blockquote>\n<h3>NUOVO BANDO PER LA CONCESSIONE DI TERRENI COMUNALI AD IMPRENDITORI AGRICOLI<\/h3>\n<\/blockquote>\n<p><span style=\"color: #1c2024;\"><span style=\"font-family: Times New Roman, serif;\"><span style=\"font-size: large;\"><b><img loading=\"lazy\" decoding=\"async\" class=\"alignleft\" src=\"https:\/\/www.radiopiu.net\/wordpress\/wp-content\/uploads\/2020\/06\/94e3b68b-d386-4f94-8aa8-30105c25932b.jpg\" width=\"264\" height=\"198\" \/>FELTRE\u00a0 <\/b><\/span><\/span><\/span><span style=\"font-family: Times New Roman, serif;\"><span style=\"font-size: large;\">La giunta comunale ha a provato nella sua ultima seduta il nuovo bando relativo alla c<span style=\"color: #1c2024;\">oncessione dei terreni di propriet\u00e0 comunale ad imprenditori agricoli. Il prossimo 10 novembre <\/span><span style=\"color: #1c2024;\">vengono infatti a scadere le assegnazioni relative al bando del 2014. <\/span><\/span><\/span><span style=\"font-family: Times New Roman, serif;\"><span style=\"font-size: large;\">Potranno partecipare alla procedura di assegnazione gli imprenditori agricoli a titolo principale o part-time titolari di partita IVA e iscrizione alla camera di commercio. <\/span><\/span><span style=\"font-family: Times New Roman, serif;\"><span style=\"font-size: large;\">Costituir\u00e0 titolo preferenziale l&#8217;aver conseguito per il lotto richiesto, gi\u00e0 oggetto di assegnazione con il bando 2014\/2020, la certificazione biologica e l&#8217;impegno a mantenere tali metodi di coltivazione. <\/span><\/span><span style=\"font-family: Times New Roman, serif;\"><span style=\"font-size: large;\">La durata della concessione sar\u00e0 di <b>sei<\/b> annate agrarie, con inizio dalla data di stipula del contratto. <\/span><\/span><span style=\"font-family: Times New Roman, serif;\"><span style=\"font-size: large;\">Decisamente significativa l&#8217;area coperta dal progetto: i lotti a disposizione nel bando sono infatti complessivamente 11, dislocati in varie localit\u00e0 del territorio comunale per una superficie totale che sfiora i 13 ettari. <\/span><\/span>\u201c<span style=\"font-family: Times New Roman, serif;\"><span style=\"font-size: large;\">Con questa iniziativa diamo continuit\u00e0 a quella avviata nel 2014 e che ha riscontrato il favore dei cittadini e delle imprese agricole\u201d, sottolinea l&#8217;assessore all&#8217;ambiente del Comune di Feltre. \u201cCome si potr\u00e0 evincere dai punteggi assegnati ai vari criteri per la formazione della graduatoria di assegnazione \u2013 continua l&#8217;assessore \u2013 l&#8217;iniziativa persegue numerosi obiettivi, quali \u2013 tra gli altri &#8211; favorire le produzioni biologiche, promuoverne la filiera corta, sostenere l&#8217;attivit\u00e0 dei giovani imprenditori e di quelli che operano in ambito feltrino; supportare insomma un approccio alla terra e alla sua coltivazione che non sia soltanto un metodo per integrare il reddito, ma un modo consapevole e sostenibile di vivere e curare il nostro ambiente e il nostro territorio.<\/span><\/span><\/p>\n<p>&nbsp;<\/p>\n<hr \/>\n<p>&nbsp;<\/p>\n<blockquote>\n<h3>55\u00b0 ANNIVERSARIO DI MATTMARK, DOMANI IL RICORDO A MAS DI SEDICO<\/h3>\n<\/blockquote>\n<blockquote><p><em>Domani 30 agosto alle 17.15 (ora della tragedia) in tutti i comuni d&#8217;Italia che ebbero dei caduti a Mattmark suoneranno per un minuto le campane.<\/em><\/p><\/blockquote>\n<p><strong><a class=\"dt-pswp-item\" href=\"https:\/\/www.radiopiu.net\/wordpress\/wp-content\/uploads\/2020\/08\/mattmark_2020.jpg\" data-dt-img-description=\"\" data-large_image_width=\"794\" data-large_image_height=\"1123\"><img loading=\"lazy\" decoding=\"async\" class=\" wp-image-157715 alignleft\" src=\"https:\/\/www.radiopiu.net\/wordpress\/wp-content\/uploads\/2020\/08\/mattmark_2020-212x300.jpg\" alt=\"\" width=\"115\" height=\"163\" srcset=\"https:\/\/www.radiopiu.net\/wordpress\/wp-content\/uploads\/2020\/08\/mattmark_2020-212x300.jpg 212w, https:\/\/www.radiopiu.net\/wordpress\/wp-content\/uploads\/2020\/08\/mattmark_2020-724x1024.jpg 724w, https:\/\/www.radiopiu.net\/wordpress\/wp-content\/uploads\/2020\/08\/mattmark_2020-768x1086.jpg 768w, https:\/\/www.radiopiu.net\/wordpress\/wp-content\/uploads\/2020\/08\/mattmark_2020-339x480.jpg 339w, https:\/\/www.radiopiu.net\/wordpress\/wp-content\/uploads\/2020\/08\/mattmark_2020.jpg 794w\" sizes=\"auto, (max-width: 115px) 100vw, 115px\" \/><\/a>BELLUNO<\/strong> Domani saranno trascorsi cinquantacinque anni\u00a0 dal disastro di Mattmark. Una tragedia sul lavoro che colp\u00ec pesantemente la provincia di Belluno, all&#8217;epoca segnata da un&#8217;emigrazione di massa che ogni anno portava centinaia di bellunesi all&#8217;estero in cerca di un futuro migliore. L&#8217;evento si terr\u00e0 domani alle 10.00 presso il parco \u201cVittime di Mattmark\u201d, in via Dino Buzzati a Mas di Sedico. Per quanti non potranno partecipare, l&#8217;Associazione Bellunesi nel Mondo garantisce la trasmissione della cerimonia in diretta sulla propria pagina Facebook (@bellunesi.nelmondo).<\/p>\n<p><strong>DOMEGGE DI CADORE <\/strong>L&#8217;Amministrazione comunale di Domegge di Cadore, con il patrocinio dell&#8217;Associazione Bellunesi nel Mondo, commemora il 55\u00b0 anniversario della Tragedia di Mattmark con un Santa Messa nella chiesa di Domegge che sar\u00e0 celebrata alle ore 18.00 di domenica 30 agosto, giorno dell&#8217;anniversario. Oltre al sindaco di Domegge sar\u00e0 presente la Famiglia Ex emigranti del Cadore, con il vice presidente e consigliere Abm Giuseppe Cian. Parteciperanno inoltre il superstite Gianni Da Deppo e i perenti delle vittime di Domegge.<\/p>\n<p>&nbsp;<\/p>\n<p>&nbsp;<\/p>\n<hr \/>\n<p>&nbsp;<\/p>\n<blockquote>\n<h3>OMAGGIO A ENNIO MORRICONE, 9 SETTEMBRE A COL MARGHERITA<\/h3>\n<\/blockquote>\n<p><strong><a class=\"dt-pswp-item\" href=\"https:\/\/www.radiopiu.net\/wordpress\/wp-content\/uploads\/2020\/08\/concerto-col-margherita-definitivo-01-1.jpg\" data-dt-img-description=\"\" data-large_image_width=\"2516\" data-large_image_height=\"1789\"><img loading=\"lazy\" decoding=\"async\" class=\"size-medium wp-image-158078 alignleft\" src=\"https:\/\/www.radiopiu.net\/wordpress\/wp-content\/uploads\/2020\/08\/concerto-col-margherita-definitivo-01-1-300x213.jpg\" alt=\"\" width=\"300\" height=\"213\" srcset=\"https:\/\/www.radiopiu.net\/wordpress\/wp-content\/uploads\/2020\/08\/concerto-col-margherita-definitivo-01-1-300x213.jpg 300w, https:\/\/www.radiopiu.net\/wordpress\/wp-content\/uploads\/2020\/08\/concerto-col-margherita-definitivo-01-1-1024x728.jpg 1024w, https:\/\/www.radiopiu.net\/wordpress\/wp-content\/uploads\/2020\/08\/concerto-col-margherita-definitivo-01-1-768x546.jpg 768w, https:\/\/www.radiopiu.net\/wordpress\/wp-content\/uploads\/2020\/08\/concerto-col-margherita-definitivo-01-1-1536x1092.jpg 1536w, https:\/\/www.radiopiu.net\/wordpress\/wp-content\/uploads\/2020\/08\/concerto-col-margherita-definitivo-01-1-2048x1456.jpg 2048w, https:\/\/www.radiopiu.net\/wordpress\/wp-content\/uploads\/2020\/08\/concerto-col-margherita-definitivo-01-1-640x455.jpg 640w\" sizes=\"auto, (max-width: 300px) 100vw, 300px\" \/><\/a>FALCADE<\/strong>\u00a0 Dopo il grande successo ottenuto nel concerto di Le Buse con l&#8217;orchestra diretta da Diego Basso il 9 settembre ecco un secondo appuntamento dove il protagonista principale sar\u00e0 Andrea Griminelli che gi\u00e0 ha suonato in alcuni brani nell&#8217;evento d&#8217;agosto &#8220;La mia terra&#8221;. Mercoledi 9 settembre alle 10.30 ai 2514 metri di Col Margheria (accesso libero con prenotazione obbligatoria (infomoena@fassa.com) sar\u00e0 presente L&#8217;Orchestra Ritmico Sinfonica Italiana diretta al maestro Diego Basso, il Coro Lirico Opera House, il Coro Art Voice Academy e lo speciale guest Andrea Griminelli.<\/p>\n<p>&nbsp;<\/p>\n<p>&nbsp;<\/p>\n<h2>IL CONCERTO D&#8217;AGOSTO A LE BUSE<\/h2>\n<blockquote class=\"wp-embedded-content\" data-secret=\"Dk2wgTtB6o\"><p><a href=\"https:\/\/www.radiopiu.net\/wordpress\/la-mia-terra-un-grande-successo-lorchestra-di-diego-basso-ai-2000-metri-nella-ski-area-falcade-san-pellegrino\/\">LA MIA TERRA: UN GRANDE SUCCESSO L&#8217;ORCHESTRA DI DIEGO BASSO AI 2000 METRI NELLA SKI AREA FALCADE-SAN PELLEGRINO<\/a><\/p><\/blockquote>\n<p><iframe loading=\"lazy\" class=\"wp-embedded-content\" sandbox=\"allow-scripts\" security=\"restricted\" style=\"position: absolute; clip: rect(1px, 1px, 1px, 1px);\" title=\"&#8220;LA MIA TERRA: UN GRANDE SUCCESSO L&#8217;ORCHESTRA DI DIEGO BASSO AI 2000 METRI NELLA SKI AREA FALCADE-SAN PELLEGRINO&#8221; &#8212; Radio Pi\u00f9\" src=\"https:\/\/www.radiopiu.net\/wordpress\/la-mia-terra-un-grande-successo-lorchestra-di-diego-basso-ai-2000-metri-nella-ski-area-falcade-san-pellegrino\/embed\/#?secret=Dk2wgTtB6o\" data-secret=\"Dk2wgTtB6o\" width=\"600\" height=\"338\" frameborder=\"0\" marginwidth=\"0\" marginheight=\"0\" scrolling=\"no\"><\/iframe><\/p>\n<p>&nbsp;<\/p>\n<p>&nbsp;<\/p>\n<hr \/>\n<div class=\"page-title-head hgroup\">\n<blockquote>\n<h3><\/h3>\n<h3 class=\"entry-title\">VAIA 2018: 150MILA EURO A DISPOSIZIONE DEI PRIVATI<\/h3>\n<\/blockquote>\n<\/div>\n<p><img loading=\"lazy\" decoding=\"async\" class=\"wp-image-69396 alignleft jetpack-lazy-image jetpack-lazy-image--handled\" src=\"https:\/\/i2.wp.com\/www.radiopiu.net\/wordpress\/wp-content\/uploads\/2018\/12\/rocca.jpg?resize=167%2C125&amp;ssl=1\" sizes=\"auto, (max-width: 167px) 100vw, 167px\" srcset=\"https:\/\/i2.wp.com\/www.radiopiu.net\/wordpress\/wp-content\/uploads\/2018\/12\/rocca.jpg?resize=300%2C225&amp;ssl=1 300w, https:\/\/i2.wp.com\/www.radiopiu.net\/wordpress\/wp-content\/uploads\/2018\/12\/rocca.jpg?resize=768%2C576&amp;ssl=1 768w, https:\/\/i2.wp.com\/www.radiopiu.net\/wordpress\/wp-content\/uploads\/2018\/12\/rocca.jpg?w=1024&amp;ssl=1 1024w\" alt=\"\" width=\"167\" height=\"125\" data-recalc-dims=\"1\" data-lazy-loaded=\"1\" \/><strong>ROCCA PIETORE<\/strong>\u00a0 Il Comune di Rocca Pietore ha comunicato la cifra a disposizione per ristorare i privati che hanno subito danni tra il 27 ottobre e il 5 novembre 2018. Si tratta di una somma complessiva di 150mila euro provenienti da donazioni di privati o associazioni. I beneficiari sono i proprietari di immobili residenti ell\u2019intero territorio comunale. Il termine della presentazione delle domande \u00e8 stato fissato al 15 ottobre. Le domande vanno presentate all\u2019ufficio protocollo del Comune, oppure per posta con raccomandata o tramite posta certificata.\u00a0 Tutta la documentazione per il bando \u00e8 disponibili sulla home Page del Comune di Rocca Pietore e nella Sezione Amministrazione Trasparente\/ Bandi di gara e contratti\/del sito del Comune di Rocca Pietore https:\/\/www.comune.roccapietore.bl.it\/<\/p>\n<p>&nbsp;<\/p>\n<p>&nbsp;<\/p>\n<hr \/>\n<p>&nbsp;<\/p>\n<p>&nbsp;<\/p>\n<blockquote>\n<h1>REGISTRAZIONE INTEGRALE DEL CONVEGNO DI ROCCA PIETORE<\/h1>\n<\/blockquote>\n<blockquote class=\"wp-embedded-content\" data-secret=\"5NPWE10v04\"><p><a href=\"https:\/\/www.radiopiu.net\/wordpress\/cambiamenti-climatici-il-convegno-di-rocca-pietore-a-cura-di-gianni-santomaso\/\">CAMBIAMENTI CLIMATICI, IL CONVEGNO DI ROCCA PIETORE a cura di Gianni Santomaso<\/a><\/p><\/blockquote>\n<p><iframe loading=\"lazy\" class=\"wp-embedded-content\" sandbox=\"allow-scripts\" security=\"restricted\" style=\"position: absolute; clip: rect(1px, 1px, 1px, 1px);\" title=\"&#8220;CAMBIAMENTI CLIMATICI, IL CONVEGNO DI ROCCA PIETORE a cura di Gianni Santomaso&#8221; &#8212; Radio Pi\u00f9\" src=\"https:\/\/www.radiopiu.net\/wordpress\/cambiamenti-climatici-il-convegno-di-rocca-pietore-a-cura-di-gianni-santomaso\/embed\/#?secret=5NPWE10v04\" data-secret=\"5NPWE10v04\" width=\"600\" height=\"338\" frameborder=\"0\" marginwidth=\"0\" marginheight=\"0\" scrolling=\"no\"><\/iframe><\/p>\n<p>&nbsp;<\/p>\n<p><strong>IL SERVIZIO DI GIANNI SANTOMASO DAL CORRIERE DELLE ALPI DI OGGI<\/strong><\/p>\n<audio class=\"wp-audio-shortcode\" id=\"audio-158042-4\" preload=\"none\" style=\"width: 100%;\" controls=\"controls\"><source type=\"audio\/mpeg\" src=\"https:\/\/www.radiopiu.net\/wordpress\/wp-content\/uploads\/2020\/08\/GIANNI-LEGAMBIENTE.mp3?_=4\" \/><a href=\"https:\/\/www.radiopiu.net\/wordpress\/wp-content\/uploads\/2020\/08\/GIANNI-LEGAMBIENTE.mp3\">https:\/\/www.radiopiu.net\/wordpress\/wp-content\/uploads\/2020\/08\/GIANNI-LEGAMBIENTE.mp3<\/a><\/audio>\n<p>&nbsp;<\/p>\n<p>&nbsp;<\/p>\n<hr \/>\n<p>&nbsp;<\/p>\n<blockquote>\n<h3>IL SINDACO DI AGORDO ROBERTO CHISSAL\u00c8 SI COMPLIMENTA PER LA SISTEMAZIONE DELLA FONTANA DI VILLALTA<\/h3>\n<\/blockquote>\n<p><strong>AGORDO\u00a0<\/strong>Il Sindaco di Agordo Roberto Chissal\u00e8 fa i complimenti a chi ha sistemato la fontana di Villalta.<\/p>\n<p><strong>AI MICROFONI DI RADIO PIU&#8217; IL SINDACO ROBERTO CHISSALE&#8217;<\/strong><\/p>\n<audio class=\"wp-audio-shortcode\" id=\"audio-158042-5\" preload=\"none\" style=\"width: 100%;\" controls=\"controls\"><source type=\"audio\/mpeg\" src=\"https:\/\/www.radiopiu.net\/wordpress\/wp-content\/uploads\/2020\/08\/ROBERTO-CHISSALE-FONTANA.mp3?_=5\" \/><a href=\"https:\/\/www.radiopiu.net\/wordpress\/wp-content\/uploads\/2020\/08\/ROBERTO-CHISSALE-FONTANA.mp3\">https:\/\/www.radiopiu.net\/wordpress\/wp-content\/uploads\/2020\/08\/ROBERTO-CHISSALE-FONTANA.mp3<\/a><\/audio>\n<p>&nbsp;<\/p>\n<p><strong>DAL GR DI IERI<\/strong><\/p>\n<blockquote class=\"wp-embedded-content\" data-secret=\"o55bNm6eux\"><p><a href=\"https:\/\/www.radiopiu.net\/wordpress\/rimessa-a-nuovo-la-fontana-de-villalta\/\">RIMESSA A NUOVO LA FONTANA DE VILLALTA<\/a><\/p><\/blockquote>\n<p><iframe loading=\"lazy\" class=\"wp-embedded-content\" sandbox=\"allow-scripts\" security=\"restricted\" style=\"position: absolute; clip: rect(1px, 1px, 1px, 1px);\" title=\"&#8220;RIMESSA A NUOVO LA FONTANA DE VILLALTA&#8221; &#8212; Radio Pi\u00f9\" src=\"https:\/\/www.radiopiu.net\/wordpress\/rimessa-a-nuovo-la-fontana-de-villalta\/embed\/#?secret=o55bNm6eux\" data-secret=\"o55bNm6eux\" width=\"600\" height=\"338\" frameborder=\"0\" marginwidth=\"0\" marginheight=\"0\" scrolling=\"no\"><\/iframe><\/p>\n<p>&nbsp;<\/p>\n<p>&nbsp;<\/p>\n<hr \/>\n<p>&nbsp;<\/p>\n<blockquote>\n<h3>NUOVO BANDO PER I NEGOZI DI VICINATO, CON UN OCCHIO ALLA RIPARTENZA POST-COVID<\/h3>\n<\/blockquote>\n<p><strong><a class=\"dt-pswp-item\" href=\"https:\/\/www.radiopiu.net\/wordpress\/wp-content\/uploads\/2020\/02\/UNCEM_negozio_montagna_rid.jpg\" data-dt-img-description=\"\" data-large_image_width=\"567\" data-large_image_height=\"425\"><img loading=\"lazy\" decoding=\"async\" class=\"size-medium wp-image-119082 alignleft\" src=\"https:\/\/www.radiopiu.net\/wordpress\/wp-content\/uploads\/2020\/02\/UNCEM_negozio_montagna_rid-300x225.jpg\" alt=\"\" width=\"300\" height=\"225\" srcset=\"https:\/\/www.radiopiu.net\/wordpress\/wp-content\/uploads\/2020\/02\/UNCEM_negozio_montagna_rid-300x225.jpg 300w, https:\/\/www.radiopiu.net\/wordpress\/wp-content\/uploads\/2020\/02\/UNCEM_negozio_montagna_rid.jpg 567w\" sizes=\"auto, (max-width: 300px) 100vw, 300px\" \/><\/a>BELLUNO\u00a0<\/strong>La Provincia di Belluno guarda alle aree montane e periferiche, e agevola la ripartenza post-Covid. Due azioni contenute nel\u00a0progetto strategico \u201cSviluppo di un nuovo modello di intervento per garantire i servizi essenziali nelle aree marginali attraverso il sostegno dei negozi polifunzionali\u201d. Si tratta della seconda edizione del bando a favore degli esercizi commerciali di vicinato che nell\u2019autunno scorso aveva riscosso grande successo, garantendo contributi per un centinaio di attivit\u00e0 (tra cui anche l\u2019apertura di un nuovo negozio a Danta di Cadore, dopo anni di sole serrande abbassate).\u00a0Il nuovo bando ha un plafond di 1.430.000 euro (930mila euro finanziati attraverso Fondo Comuni di confine e 500mila euro stanziati dall\u2019amministrazione provinciale). Le agevolazioni saranno accordate sotto forma di contributo a fondo perduto per un importo massimo del 40% sulla spesa sostenuta ed effettivamente ammissibile. Possono beneficiare delle agevolazioni le piccole imprese che svolgono attivit\u00e0 di commercio nella tipologia di esercizio di vicinato o esercizi di somministrazione di alimenti e bevande. E anche le imprese artigiane come pasticcerie, panifici e altre attivit\u00e0 similari. Il bando vuole premiare i progetti di miglioramento e sviluppo degli esercizi di vicinato e dei pubblici esercizi nell\u2019ottica del raggiungimento della polifunzionalit\u00e0 dei servizi resi, con l\u2019obiettivo ultimo di mantenere nelle terre alte i servizi minimi utili a scongiurare lo spopolamento della montagna.\u00a0Le spese che possono essere finanziate riguardano macchinari, impianti produttivi, attrezzature nuove di fabbrica, impianti di illuminazione e di sicurezza, arredi nuovi di fabbrica, ristrutturazione e ammodernamento di beni immobili finalizzati allo svolgimento delle attivit\u00e0 commerciali, hardware, programmi informatici, interventi di innovazione digitale, sistemi per l\u2019accettazione di pagamenti innovativi, vetrine intelligenti, realt\u00e0 aumentata.<\/p>\n<p>&nbsp;<\/p>\n<p>&nbsp;<\/p>\n<hr \/>\n<p>&nbsp;<\/p>\n<blockquote>\n<h3>FORUM DELLA GELATERIA GLI STRUMENTI PER RIPARTIRE CON SUCCESSO NEL 2021<\/h3>\n<\/blockquote>\n<p><a class=\"dt-pswp-item\" href=\"https:\/\/www.radiopiu.net\/wordpress\/wp-content\/uploads\/2020\/08\/e49d374b-6260-47aa-8d5f-e8bc3c80de2e.jpg\" data-dt-img-description=\"\" data-large_image_width=\"851\" data-large_image_height=\"315\"><img loading=\"lazy\" decoding=\"async\" class=\"size-medium wp-image-158128 alignleft\" src=\"https:\/\/www.radiopiu.net\/wordpress\/wp-content\/uploads\/2020\/08\/e49d374b-6260-47aa-8d5f-e8bc3c80de2e-300x111.jpg\" alt=\"\" width=\"300\" height=\"111\" srcset=\"https:\/\/www.radiopiu.net\/wordpress\/wp-content\/uploads\/2020\/08\/e49d374b-6260-47aa-8d5f-e8bc3c80de2e-300x111.jpg 300w, https:\/\/www.radiopiu.net\/wordpress\/wp-content\/uploads\/2020\/08\/e49d374b-6260-47aa-8d5f-e8bc3c80de2e-768x284.jpg 768w, https:\/\/www.radiopiu.net\/wordpress\/wp-content\/uploads\/2020\/08\/e49d374b-6260-47aa-8d5f-e8bc3c80de2e-640x237.jpg 640w, https:\/\/www.radiopiu.net\/wordpress\/wp-content\/uploads\/2020\/08\/e49d374b-6260-47aa-8d5f-e8bc3c80de2e.jpg 851w\" sizes=\"auto, (max-width: 300px) 100vw, 300px\" \/><\/a><strong>LONGARONE<\/strong> Nonostante il rinvio della 61. edizione della MIG \u2013 Mostra Internazionale del Gelato Artigianale, prevista dal 29 novembre al 2 dicembre, Longarone Fiere ha deciso di garantire anche quest\u2019anno un\u2019occasione di incontro per il mondo del gelato organizzando nei giorni 1 e 2 dicembre, con l\u2019adozione di idonee misure di sicurezza, il Forum della Gelateria. L\u2019anno 2020 per il gelato sar\u00e0 particolarmente negativo, con riduzioni di fatturato stimate a seconda delle localizzazioni, che vanno dal 20 ad oltre il 40 per cento. Le attivit\u00e0, sia pur con tante limitazioni, sono ripartite soltanto da poco, dopo un inizio di stagione assai critico salvato solo in parte dall\u2019intraprendenza di quei gelatieri che si sono organizzati con la vendita a domicilio prima e successivamente con il solo asporto. Il Forum della Gelateria sar\u00e0, dunque, occasione per fare il punto della situazione con il coinvolgimento delle Associazioni di categoria e dei principali attori del settore per verificare anche le tante nuove idee e servizi che sono stati proposti in questo periodo. \u00a0Forum della Gelateria sar\u00e0 anche Convention del Gelato Veneto con la consegna di riconoscimenti alle gelaterie della Regione in attivit\u00e0 da pi\u00f9 anni, punto di incontro dei gelatieri italiani all\u2019estero con assemblee ed altre iniziative associative, dimostrazioni e presentazione dei gusti gelato che hanno incontrato maggiore successo in questo difficile periodo, senza dimenticare lo svolgimento del Concorso Coppa d\u2019Oro giunto alla 51. edizione.<\/p>\n<p>&nbsp;<\/p>\n<hr \/>\n<blockquote>\n<h3><\/h3>\n<h3>DOLOMITI HORECA CONVENTION:\u00a0 FOCUS SULL\u2019OSPITALITA\u2019 E LA RISTORAZIONE DELLE MONTAGNE DEL TRIVENETO<\/h3>\n<\/blockquote>\n<p><strong><a class=\"dt-pswp-item\" href=\"https:\/\/www.radiopiu.net\/wordpress\/wp-content\/uploads\/2020\/08\/IMG_0622-scaled.jpg\" data-dt-img-description=\"\" data-large_image_width=\"2560\" data-large_image_height=\"1707\"><img loading=\"lazy\" decoding=\"async\" class=\"size-medium wp-image-158133 alignleft\" src=\"https:\/\/www.radiopiu.net\/wordpress\/wp-content\/uploads\/2020\/08\/IMG_0622-300x200.jpg\" alt=\"\" width=\"300\" height=\"200\" srcset=\"https:\/\/www.radiopiu.net\/wordpress\/wp-content\/uploads\/2020\/08\/IMG_0622-300x200.jpg 300w, https:\/\/www.radiopiu.net\/wordpress\/wp-content\/uploads\/2020\/08\/IMG_0622-1024x683.jpg 1024w, https:\/\/www.radiopiu.net\/wordpress\/wp-content\/uploads\/2020\/08\/IMG_0622-768x512.jpg 768w, https:\/\/www.radiopiu.net\/wordpress\/wp-content\/uploads\/2020\/08\/IMG_0622-1536x1024.jpg 1536w, https:\/\/www.radiopiu.net\/wordpress\/wp-content\/uploads\/2020\/08\/IMG_0622-2048x1365.jpg 2048w, https:\/\/www.radiopiu.net\/wordpress\/wp-content\/uploads\/2020\/08\/IMG_0622-640x427.jpg 640w\" sizes=\"auto, (max-width: 300px) 100vw, 300px\" \/><\/a>LONGARONE<\/strong> Incontro e dialogo tra gli operatori del settore turistico delle Dolomiti alla Fiera di Longarone. Si terr\u00e0 il 12 e 13 ottobre la seconda edizione della fiera dedicata agli operatori del settore alberghiero, ristorazione e pubblici esercizi delle Dolomiti. Una fiera che nella prima edizione del 2019, come \u201cExpo Dolomiti HoReCa\u201d, ha registrato quasi 1900 ingressi, operatori professionali provenienti da Veneto, Friuli Venezia Giulia e Trentino Alto Adige, quest\u2019anno cambia e diventa CONVENTION dando l\u2019opportunit\u00e0 di essere punto di incontro tra fornitori e operatori per le aziende alberghiere, di ristorazione ed i pubblici servizi nella zona Dolomiti, e allo stesso tempo presentare i propri prodotti e servizi in piena sicurezza.\u00a0 <em>\u201cLe nostre montagne \u2013 afferma il Presidente di Longarone Fiere Gian Angelo Bellati \u2013 sono di fronte ad una sfida senza precedenti e ad un cambiamento importante che riguarda la tipologia degli ospiti. \u00c8 necessario che tutti gli attori del comparto alberghiero e della ristorazione si confrontino per affrontare con coesione e lungimiranza le nuove opportunit\u00e0 emergenti. I campionati del mondo di Sci Alpino e le Olimpiadi Invernali rappresentano un\u2019occasione di fronte alla quale non possiamo arrivare impreparati. Il nostro ruolo, come Fiera della Montagna, \u00e8 proprio quello di creare uno spazio di incontro e scambio per lo sviluppo del comparto\u201d. <\/em>Dolomiti HoReCa Convention si tiene in concomitanza con Dolomiti Show, la quarta edizione di un importante evento diventato punto di riferimento per gli addetti al lavoro nel settore turismo delle Dolomiti. L\u2019accesso a Dolomiti Horeca Convention \u00e8 gratuito ma riservato agli operatori del settore con registrazione su invito. Info: https:\/\/www.longaronefiere.it\/expo-dolomiti-horeca<\/p>\n<p>&nbsp;<\/p>\n<p>&nbsp;<\/p>\n<p>&nbsp;<\/p>\n<hr \/>\n<h3><\/h3>\n<blockquote>\n<h3>OGGI L&#8217;ASSEMBLEA DEL CIRCOLO AUSER COL BEL<\/h3>\n<\/blockquote>\n<p><strong>RIVAMONTE<\/strong> Oggi alle 15 \u00e8 in programma l&#8217;assemblea del Circolo Auser Col Bel presso la casa della giovent\u00f9 di Rivamonte. All&#8217;ordine del giorno: Nomina del presidente dell&#8217;assemblea, relazione del presidente, bilancio consuntivo 2019 e previsione 2020, saluto agli ospiti, varie ed eventuali.<\/p>\n<p>&nbsp;<\/p>\n<hr \/>\n<p>&nbsp;<\/p>\n<p>&nbsp;<\/p>\n<h1>IERI ALLA RADIO<\/h1>\n<blockquote>\n<h3>PISCINA COMPRENSORIALE DI AGORDO, OSPITI CRISTIANA CARAZZAI E ROBERTO BROGLIO<\/h3>\n<\/blockquote>\n<h3><span style=\"color: #ff6600;\"><strong><a class=\"dt-pswp-item\" href=\"https:\/\/www.radiopiu.net\/wordpress\/wp-content\/uploads\/2020\/05\/PISCINA-AGORDO.jpg\" data-dt-img-description=\"\" data-large_image_width=\"1600\" data-large_image_height=\"737\"><img loading=\"lazy\" decoding=\"async\" class=\"size-medium wp-image-140455 alignleft\" src=\"https:\/\/www.radiopiu.net\/wordpress\/wp-content\/uploads\/2020\/05\/PISCINA-AGORDO-300x138.jpg\" alt=\"\" width=\"300\" height=\"138\" srcset=\"https:\/\/www.radiopiu.net\/wordpress\/wp-content\/uploads\/2020\/05\/PISCINA-AGORDO-300x138.jpg 300w, https:\/\/www.radiopiu.net\/wordpress\/wp-content\/uploads\/2020\/05\/PISCINA-AGORDO-1024x472.jpg 1024w, https:\/\/www.radiopiu.net\/wordpress\/wp-content\/uploads\/2020\/05\/PISCINA-AGORDO-768x354.jpg 768w, https:\/\/www.radiopiu.net\/wordpress\/wp-content\/uploads\/2020\/05\/PISCINA-AGORDO-1536x708.jpg 1536w, https:\/\/www.radiopiu.net\/wordpress\/wp-content\/uploads\/2020\/05\/PISCINA-AGORDO.jpg 1600w\" sizes=\"auto, (max-width: 300px) 100vw, 300px\" \/><\/a>Alla Fabbrica delle Emozioni, in collaborazione con Dersut Giornale &amp; Caff\u00e8 di Taibon Agordino<\/strong><\/span><\/h3>\n<p><strong>di Claudio Fontanive<\/strong><\/p>\n<audio class=\"wp-audio-shortcode\" id=\"audio-158042-6\" preload=\"none\" style=\"width: 100%;\" controls=\"controls\"><source type=\"audio\/mpeg\" src=\"https:\/\/www.radiopiu.net\/wordpress\/wp-content\/uploads\/2020\/08\/piscina-28-agosto.mp3?_=6\" \/><a href=\"https:\/\/www.radiopiu.net\/wordpress\/wp-content\/uploads\/2020\/08\/piscina-28-agosto.mp3\">https:\/\/www.radiopiu.net\/wordpress\/wp-content\/uploads\/2020\/08\/piscina-28-agosto.mp3<\/a><\/audio>\n<p>&nbsp;<\/p>\n<p>&nbsp;<\/p>\n<hr \/>\n<p>&nbsp;<\/p>\n<blockquote>\n<h2>CORTINA D\u2019AMPEZZO PER L\u2019ULTIMA TAPPA di RENATO BONA<\/h2>\n<\/blockquote>\n<div class=\"\"><span class=\"_5yl5\"><img loading=\"lazy\" decoding=\"async\" class=\"img alignleft\" src=\"https:\/\/scontent-mxp1-1.xx.fbcdn.net\/v\/t1.0-1\/cp0\/c15.0.60.60a\/p60x60\/553085_385905871470280_1626001170_n.jpg?_nc_cat=110&amp;_nc_sid=7206a8&amp;_nc_ohc=TBUZpO0itCwAX9yxowM&amp;_nc_ht=scontent-mxp1-1.xx&amp;oh=2fe8bfb0c169c7c5fe92c056df3787b6&amp;oe=5F6F37C4\" alt=\"\" width=\"135\" height=\"135\" \/><strong>BELLUNO<\/strong> Per concludere il nostro \u201cviaggio\u201d in provincia, guidati dal libro di Giovanni Fabbiani e Giuseppe Sorge \u201cBelluno e provincia nelle vecchie cartoline\u201d, edito nel dicembre 1975 da Canova di Treviso per conto del Lions club bellunese, resta la tappa cortinese che articoleremo in due semitappe per ragioni di spazio. I due storici introducono le immagini ( per il prezioso volume &#8211; stampato nelle officine grafiche trevigiane Longo &amp; Zoppelli &#8211; ne hanno scelte e commentate 157) richiamando padre Felice Faber, che nell\u2019autunno del 1484 era reduce da un pellegrinaggio in terra Santa e nella sua cronaca defin\u00ec Cortina d\u2019Ampezzo cos\u00ec: \u201cEst loucs laetissimus inter montana in quo sunt prata multa ed bestiarum pascua, et in medio grandis villa\u201d e sottolineano che il personaggio \u201cNon poteva scrivere di meglio e di pi\u00f9 appropriato\u201d visto che \u201cCortina nasce infatti con l\u2019aureola del mito. Oltre che luogo incantevole e singolare per bellezza di montagne, di boschi e di prati, ha sempre rappresentato un tutto unico a s\u00e9 stante, un mondo non isolato e chiuso, ma orgoglioso e fiero della propria autonomia e della propria indiscussa superiorit\u00e0\u201d. Ed ammettono che \u201cCortina d\u2019Ampezzo \u00e8 solo Cortina. La sua gente \u00e8 solo gente di Cortina, con le sue tradizioni, i suoi costumi, con la sua vita immutata da secoli, ma nello stesso tempo presente dappertutto con i suoi uomini geniali, con i suoi campioni sportivi. Con la bellezza dei suoi luoghi che reggono a qualsiasi paragone\u201d. Ancora Fabbiani-Sorge: \u201cCortina, la capitale di tutto, dell\u2019eleganza, dello sport, del turismo, della tradizione. I pionieri dell\u2019alpinismo sono cortinesi, quelli della ospitalit\u00e0 alberghiera sono pure cortinesi, la mondanit\u00e0 ha sempre avuto in Cortina un preciso punto di riferimento\u201d. Ricordano poi che \u201cCortina \u00e8 Cadore fino al 1508, poi diventa Austria alle dirette dipendenze dell\u2019Imperatore. Ma anche allora rappresenta un sistema autonomo, equidistante fra Venezia ed Innsbruck\u201d. Passano quindi alle singole foto proposte, partendo con una panoramica che ha soltanto il titolo: \u201cCortina d\u2019Ampezzo all\u2019inizio del secolo\u201d. Tocca poi a quella intitolata \u201cLa Valle d\u2019Ampezzo\u201d, accostata a questa dicitura: \u201cUna donna ampezzana in costume scende lungo i tornanti della Strada delle Dolomiti. Tiene per mano due bambine. Cortina sullo sfondo. E\u2019 il 1908. C\u2019\u00e8 ancora molto spazio verde nella vallata\u201d. Tocca poi al titolo: \u201cDalla diligenza all\u2019automobile\u201d che presenta la bella immagine con la seguente didascalia: \u201cLa Strada delle Dolomiti alla Crepa: \u00e8 ancora stretta e sassosa. In fondo Cortina d\u2019Ampezzo sotto il Pomagagnon. La vecchia macchina sembra un mostro preistorico in agguato: l\u2019uomo e la donna che vi sono a bordo, favolosi personaggi di altri tempi\u201d. Segue il titolo: \u201cCortina \u2013 Il ponte della Strada delle Dolomiti\u201d con questa illustrazione: \u201cPrima di entrare in Cortina, chi arrivava dal Falzarego doveva attraversare un ponte. E\u2019 lo stesso che sorge tutt\u2019oggi. Ma quanto \u00e8 diverso il paesaggio!\u201d. Eccoci a: \u201cCortina. Una panoramica\u201d di cui si pu\u00f2 leggere: \u201cIl centro di Cortina visto dal campanile nel 1925. La gente passeggia per le strade senza preoccuparsi. In primo piano l\u2019Hotel Posta\u201d. E siamo cos\u00ec arrivati a: \u201cCortina \u2013 Il centro\u201d di cui \u00e8 scritto: \u201cIl centro di Cortina d\u2019Ampezzo col bel campanile eretto nel 18558, com\u2019era verso il 1910. A sinistra l\u2019Albergo Croce Bianca dei fratelli Verzi\u201d.<\/span><\/div>\n<div>\n\n\t\t\t<style type='text\/css'>\n\t\t\t\t#gallery-2 {\n\t\t\t\t\tmargin: auto;\n\t\t\t\t}\n\t\t\t\t#gallery-2 .gallery-item {\n\t\t\t\t\tfloat: left;\n\t\t\t\t\tmargin-top: 10px;\n\t\t\t\t\ttext-align: center;\n\t\t\t\t\twidth: 25%;\n\t\t\t\t}\n\t\t\t\t#gallery-2 img {\n\t\t\t\t\tborder: 2px solid #cfcfcf;\n\t\t\t\t}\n\t\t\t\t#gallery-2 .gallery-caption {\n\t\t\t\t\tmargin-left: 0;\n\t\t\t\t}\n\t\t\t\t\/* see gallery_shortcode() in wp-includes\/media.php *\/\n\t\t\t<\/style>\n\t\t<div id='gallery-2' class='dt-gallery-container gallery galleryid-158042 gallery-columns-4 gallery-size-thumbnail'><dl class='gallery-item'>\n\t\t\t\t<dt class='gallery-icon portrait'>\n\t\t\t\t\t<a class=\"rollover rollover-zoom dt-pswp-item\" title=\"118464446_3416137711742905_2828978487513108868_n\" data-dt-img-description=\"\" data-large_image_width=\"455\" data-large_image_height=\"960\"href='https:\/\/www.radiopiu.net\/wordpress\/wp-content\/uploads\/2020\/08\/118464446_3416137711742905_2828978487513108868_n.jpg'><img loading=\"lazy\" decoding=\"async\" width=\"150\" height=\"150\" src=\"https:\/\/www.radiopiu.net\/wordpress\/wp-content\/uploads\/2020\/08\/118464446_3416137711742905_2828978487513108868_n-150x150.jpg\" class=\"attachment-thumbnail size-thumbnail\" alt=\"\" srcset=\"https:\/\/www.radiopiu.net\/wordpress\/wp-content\/uploads\/2020\/08\/118464446_3416137711742905_2828978487513108868_n-150x150.jpg 150w, https:\/\/www.radiopiu.net\/wordpress\/wp-content\/uploads\/2020\/08\/118464446_3416137711742905_2828978487513108868_n-125x125.jpg 125w, https:\/\/www.radiopiu.net\/wordpress\/wp-content\/uploads\/2020\/08\/118464446_3416137711742905_2828978487513108868_n-200x200.jpg 200w, https:\/\/www.radiopiu.net\/wordpress\/wp-content\/uploads\/2020\/08\/118464446_3416137711742905_2828978487513108868_n-80x80.jpg 80w\" sizes=\"auto, (max-width: 150px) 100vw, 150px\" \/><\/a>\n\t\t\t\t<\/dt><\/dl><dl class='gallery-item'>\n\t\t\t\t<dt class='gallery-icon portrait'>\n\t\t\t\t\t<a class=\"rollover rollover-zoom dt-pswp-item\" title=\"118472250_723846171791036_5770072598230573294_n\" data-dt-img-description=\"\" data-large_image_width=\"720\" data-large_image_height=\"959\"href='https:\/\/www.radiopiu.net\/wordpress\/wp-content\/uploads\/2020\/08\/118472250_723846171791036_5770072598230573294_n.jpg'><img loading=\"lazy\" decoding=\"async\" width=\"150\" height=\"150\" src=\"https:\/\/www.radiopiu.net\/wordpress\/wp-content\/uploads\/2020\/08\/118472250_723846171791036_5770072598230573294_n-150x150.jpg\" class=\"attachment-thumbnail size-thumbnail\" alt=\"\" srcset=\"https:\/\/www.radiopiu.net\/wordpress\/wp-content\/uploads\/2020\/08\/118472250_723846171791036_5770072598230573294_n-150x150.jpg 150w, https:\/\/www.radiopiu.net\/wordpress\/wp-content\/uploads\/2020\/08\/118472250_723846171791036_5770072598230573294_n-125x125.jpg 125w, https:\/\/www.radiopiu.net\/wordpress\/wp-content\/uploads\/2020\/08\/118472250_723846171791036_5770072598230573294_n-200x200.jpg 200w, https:\/\/www.radiopiu.net\/wordpress\/wp-content\/uploads\/2020\/08\/118472250_723846171791036_5770072598230573294_n-80x80.jpg 80w\" sizes=\"auto, (max-width: 150px) 100vw, 150px\" \/><\/a>\n\t\t\t\t<\/dt><\/dl><dl class='gallery-item'>\n\t\t\t\t<dt class='gallery-icon landscape'>\n\t\t\t\t\t<a class=\"rollover rollover-zoom dt-pswp-item\" title=\"118472125_342020610285531_4332265810726234503_n\" data-dt-img-description=\"\" data-large_image_width=\"2048\" data-large_image_height=\"1239\"href='https:\/\/www.radiopiu.net\/wordpress\/wp-content\/uploads\/2020\/08\/118472125_342020610285531_4332265810726234503_n.jpg'><img loading=\"lazy\" decoding=\"async\" width=\"150\" height=\"150\" src=\"https:\/\/www.radiopiu.net\/wordpress\/wp-content\/uploads\/2020\/08\/118472125_342020610285531_4332265810726234503_n-150x150.jpg\" class=\"attachment-thumbnail size-thumbnail\" alt=\"\" srcset=\"https:\/\/www.radiopiu.net\/wordpress\/wp-content\/uploads\/2020\/08\/118472125_342020610285531_4332265810726234503_n-150x150.jpg 150w, https:\/\/www.radiopiu.net\/wordpress\/wp-content\/uploads\/2020\/08\/118472125_342020610285531_4332265810726234503_n-125x125.jpg 125w, https:\/\/www.radiopiu.net\/wordpress\/wp-content\/uploads\/2020\/08\/118472125_342020610285531_4332265810726234503_n-200x200.jpg 200w, https:\/\/www.radiopiu.net\/wordpress\/wp-content\/uploads\/2020\/08\/118472125_342020610285531_4332265810726234503_n-80x80.jpg 80w\" sizes=\"auto, (max-width: 150px) 100vw, 150px\" \/><\/a>\n\t\t\t\t<\/dt><\/dl><dl class='gallery-item'>\n\t\t\t\t<dt class='gallery-icon landscape'>\n\t\t\t\t\t<a class=\"rollover rollover-zoom dt-pswp-item\" title=\"118600886_584373138907102_8917191305325264000_n\" data-dt-img-description=\"\" data-large_image_width=\"2048\" data-large_image_height=\"1272\"href='https:\/\/www.radiopiu.net\/wordpress\/wp-content\/uploads\/2020\/08\/118600886_584373138907102_8917191305325264000_n.jpg'><img loading=\"lazy\" decoding=\"async\" width=\"150\" height=\"150\" src=\"https:\/\/www.radiopiu.net\/wordpress\/wp-content\/uploads\/2020\/08\/118600886_584373138907102_8917191305325264000_n-150x150.jpg\" class=\"attachment-thumbnail size-thumbnail\" alt=\"\" srcset=\"https:\/\/www.radiopiu.net\/wordpress\/wp-content\/uploads\/2020\/08\/118600886_584373138907102_8917191305325264000_n-150x150.jpg 150w, https:\/\/www.radiopiu.net\/wordpress\/wp-content\/uploads\/2020\/08\/118600886_584373138907102_8917191305325264000_n-125x125.jpg 125w, https:\/\/www.radiopiu.net\/wordpress\/wp-content\/uploads\/2020\/08\/118600886_584373138907102_8917191305325264000_n-200x200.jpg 200w, https:\/\/www.radiopiu.net\/wordpress\/wp-content\/uploads\/2020\/08\/118600886_584373138907102_8917191305325264000_n-80x80.jpg 80w\" sizes=\"auto, (max-width: 150px) 100vw, 150px\" \/><\/a>\n\t\t\t\t<\/dt><\/dl><br style=\"clear: both\" \/><dl class='gallery-item'>\n\t\t\t\t<dt class='gallery-icon landscape'>\n\t\t\t\t\t<a class=\"rollover rollover-zoom dt-pswp-item\" title=\"118450806_326267175286329_4991756558628558047_n\" data-dt-img-description=\"\" data-large_image_width=\"2048\" data-large_image_height=\"1249\"href='https:\/\/www.radiopiu.net\/wordpress\/wp-content\/uploads\/2020\/08\/118450806_326267175286329_4991756558628558047_n.jpg'><img loading=\"lazy\" decoding=\"async\" width=\"150\" height=\"150\" src=\"https:\/\/www.radiopiu.net\/wordpress\/wp-content\/uploads\/2020\/08\/118450806_326267175286329_4991756558628558047_n-150x150.jpg\" class=\"attachment-thumbnail size-thumbnail\" alt=\"\" srcset=\"https:\/\/www.radiopiu.net\/wordpress\/wp-content\/uploads\/2020\/08\/118450806_326267175286329_4991756558628558047_n-150x150.jpg 150w, https:\/\/www.radiopiu.net\/wordpress\/wp-content\/uploads\/2020\/08\/118450806_326267175286329_4991756558628558047_n-125x125.jpg 125w, https:\/\/www.radiopiu.net\/wordpress\/wp-content\/uploads\/2020\/08\/118450806_326267175286329_4991756558628558047_n-200x200.jpg 200w, https:\/\/www.radiopiu.net\/wordpress\/wp-content\/uploads\/2020\/08\/118450806_326267175286329_4991756558628558047_n-80x80.jpg 80w\" sizes=\"auto, (max-width: 150px) 100vw, 150px\" \/><\/a>\n\t\t\t\t<\/dt><\/dl><dl class='gallery-item'>\n\t\t\t\t<dt class='gallery-icon landscape'>\n\t\t\t\t\t<a class=\"rollover rollover-zoom dt-pswp-item\" title=\"118615743_1063047000764647_8680728374165363335_n\" data-dt-img-description=\"\" data-large_image_width=\"2048\" data-large_image_height=\"1240\"href='https:\/\/www.radiopiu.net\/wordpress\/wp-content\/uploads\/2020\/08\/118615743_1063047000764647_8680728374165363335_n.jpg'><img loading=\"lazy\" decoding=\"async\" width=\"150\" height=\"150\" src=\"https:\/\/www.radiopiu.net\/wordpress\/wp-content\/uploads\/2020\/08\/118615743_1063047000764647_8680728374165363335_n-150x150.jpg\" class=\"attachment-thumbnail size-thumbnail\" alt=\"\" srcset=\"https:\/\/www.radiopiu.net\/wordpress\/wp-content\/uploads\/2020\/08\/118615743_1063047000764647_8680728374165363335_n-150x150.jpg 150w, https:\/\/www.radiopiu.net\/wordpress\/wp-content\/uploads\/2020\/08\/118615743_1063047000764647_8680728374165363335_n-125x125.jpg 125w, https:\/\/www.radiopiu.net\/wordpress\/wp-content\/uploads\/2020\/08\/118615743_1063047000764647_8680728374165363335_n-200x200.jpg 200w, https:\/\/www.radiopiu.net\/wordpress\/wp-content\/uploads\/2020\/08\/118615743_1063047000764647_8680728374165363335_n-80x80.jpg 80w\" sizes=\"auto, (max-width: 150px) 100vw, 150px\" \/><\/a>\n\t\t\t\t<\/dt><\/dl><dl class='gallery-item'>\n\t\t\t\t<dt class='gallery-icon landscape'>\n\t\t\t\t\t<a class=\"rollover rollover-zoom dt-pswp-item\" title=\"118470995_256412455344200_6525750847018775481_n\" data-dt-img-description=\"\" data-large_image_width=\"2048\" data-large_image_height=\"1468\"href='https:\/\/www.radiopiu.net\/wordpress\/wp-content\/uploads\/2020\/08\/118470995_256412455344200_6525750847018775481_n.jpg'><img loading=\"lazy\" decoding=\"async\" width=\"150\" height=\"150\" src=\"https:\/\/www.radiopiu.net\/wordpress\/wp-content\/uploads\/2020\/08\/118470995_256412455344200_6525750847018775481_n-150x150.jpg\" class=\"attachment-thumbnail size-thumbnail\" alt=\"\" srcset=\"https:\/\/www.radiopiu.net\/wordpress\/wp-content\/uploads\/2020\/08\/118470995_256412455344200_6525750847018775481_n-150x150.jpg 150w, https:\/\/www.radiopiu.net\/wordpress\/wp-content\/uploads\/2020\/08\/118470995_256412455344200_6525750847018775481_n-125x125.jpg 125w, https:\/\/www.radiopiu.net\/wordpress\/wp-content\/uploads\/2020\/08\/118470995_256412455344200_6525750847018775481_n-200x200.jpg 200w, https:\/\/www.radiopiu.net\/wordpress\/wp-content\/uploads\/2020\/08\/118470995_256412455344200_6525750847018775481_n-80x80.jpg 80w\" sizes=\"auto, (max-width: 150px) 100vw, 150px\" \/><\/a>\n\t\t\t\t<\/dt><\/dl>\n\t\t\t\t<br style='clear: both' \/>\n\t\t\t<\/div>\n\n<p>&nbsp;<\/p>\n<\/div>\n<p>&nbsp;<\/p>\n<p>&nbsp;<\/p>\n<p>&nbsp;<\/p>\n<p><a class=\"dt-pswp-item\" href=\"https:\/\/www.radiopiu.net\/wordpress\/wp-content\/uploads\/2018\/09\/appuntamenti.jpeg\" data-dt-img-description=\"\" data-large_image_width=\"800\" data-large_image_height=\"100\"><img loading=\"lazy\" decoding=\"async\" class=\"aligncenter wp-image-61958 size-full\" src=\"https:\/\/www.radiopiu.net\/wordpress\/wp-content\/uploads\/2018\/09\/appuntamenti.jpeg\" alt=\"\" width=\"800\" height=\"100\" srcset=\"https:\/\/www.radiopiu.net\/wordpress\/wp-content\/uploads\/2018\/09\/appuntamenti.jpeg 800w, https:\/\/www.radiopiu.net\/wordpress\/wp-content\/uploads\/2018\/09\/appuntamenti-300x38.jpeg 300w, https:\/\/www.radiopiu.net\/wordpress\/wp-content\/uploads\/2018\/09\/appuntamenti-768x96.jpeg 768w\" sizes=\"auto, (max-width: 800px) 100vw, 800px\" \/><\/a><\/p>\n<p>&nbsp;<\/p>\n<blockquote>\n<h3>NUOVI ORARI PER LE VISTE AL CASTELLO DI ANDRAZ<\/h3>\n<\/blockquote>\n<p>Il Castello di Andraz, fino al 13 settembre, sar\u00e0 visitabile dal mercoled\u00ec alla domenica dalle 10 alle 12:30 e dalle 14:30 alle 18. Le visite guidate o libere vanno prenotate al 334 33 46 680 o via mail a info@castellodiandraz.it<\/p>\n<p>&nbsp;<\/p>\n<p>&nbsp;<\/p>\n<hr \/>\n<p>&nbsp;<\/p>\n<blockquote>\n<h3>ARTIGIANI IN MOSTRA AI CADINI DEL BRENTON<\/h3>\n<\/blockquote>\n<p><strong>SOSPIROLO<\/strong> Nei fine settimana di agosto e settembre i visitatori potranno vedere all\u2019opera un artigiano. Alterneranno la loro presenza nell\u2019area dei Cadini: Dario Sogmaister, che realizza mosaici utilizzando sassi colorati raccolti dal greto del Piave; Ilenia Gaio, che produce saponi artigianali, ottenuti con materie prime naturali e rivestiti con lana infeltrita e colorata; Luciano De Barba, che crea sculture in legno e terracotta e produce complementi di arredo utilizzando legno vecchio. A settembre \u00e8 prevista la partecipazione di altri artigiani del circuito Carta Qualit\u00e0.<\/p>\n<p>&nbsp;<\/p>\n<hr \/>\n<blockquote>\n<h3><\/h3>\n<\/blockquote>\n<blockquote>\n<h3>OGGI\u00a0 A CENCENIGHE: ARTE, POESIA, LETTERATURA E CULTURA AL NOF FIL\u00d2 DI CENCENIGHE<\/h3>\n<\/blockquote>\n<p><strong><a class=\"dt-pswp-item\" href=\"https:\/\/www.radiopiu.net\/wordpress\/wp-content\/uploads\/2015\/09\/Foto_Nof_Filo.jpg\" data-dt-img-description=\"\" data-large_image_width=\"440\" data-large_image_height=\"224\"><img loading=\"lazy\" decoding=\"async\" class=\"size-medium wp-image-11361 alignleft\" src=\"https:\/\/www.radiopiu.net\/wordpress\/wp-content\/uploads\/2015\/09\/Foto_Nof_Filo-300x153.jpg\" alt=\"\" width=\"300\" height=\"153\" \/><\/a>CENCENIGHE<\/strong><\/p>\n<p><strong>di\u00a0Gianni\u00a0<\/strong><b>Santomaso\u00a0<\/b><\/p>\n<audio class=\"wp-audio-shortcode\" id=\"audio-158042-7\" preload=\"none\" style=\"width: 100%;\" controls=\"controls\"><source type=\"audio\/mpeg\" src=\"https:\/\/www.radiopiu.net\/wordpress\/wp-content\/uploads\/2020\/08\/GIANNI-ARTE-POESIA-CENCENIGHE.mp3?_=7\" \/><a href=\"https:\/\/www.radiopiu.net\/wordpress\/wp-content\/uploads\/2020\/08\/GIANNI-ARTE-POESIA-CENCENIGHE.mp3\">https:\/\/www.radiopiu.net\/wordpress\/wp-content\/uploads\/2020\/08\/GIANNI-ARTE-POESIA-CENCENIGHE.mp3<\/a><\/audio>\n<p>&nbsp;<\/p>\n<hr \/>\n<blockquote><p>&nbsp;<\/p>\n<blockquote>\n<h2>IL NOSTRO PALIO IN SALA DON TAMIS<\/h2>\n<\/blockquote>\n<p><strong>AGORDO<\/strong> Visto il successo ottenuto in piazza la mostra sui 37 anni del Palio dei 100 replica: oggi\u00a0 e domani in sala Don Tamis di via 27 aprile. Orari: sabato dalle 9 alle 12.30 e dalle 16 alle 22.<br \/>\nDomenica\u00a0 dalle 9 alle 12.30 e dalle 16 alle 20.<\/p>\n<p>https:\/\/www.facebook.com\/radiopiu\/videos\/2626768297573100\/<\/p>\n<p>&nbsp;<\/p>\n<p>&nbsp;<\/p><\/blockquote>\n<p>&nbsp;<\/p>\n<hr \/>\n<div>\n<h3><\/h3>\n<blockquote>\n<h3>&#8220;Letture d&#8217;estate&#8221;, organizzata in collaborazione con le Biblioteche della Valle del Biois:<\/h3>\n<\/blockquote>\n<div><b><i>Venerd\u00ec 4 settembre, alle ore 20.45 presso la Sala agli Emigranti di via Lotta a Canale d&#8217;Agordo <\/i><\/b>Diego Baroni con &#8220;Ester delle montagne&#8221;. Presenter\u00e0 la serata e dialogher\u00e0 con l&#8217;autore Marilisa Luchetta.<\/div>\n<div><b><i>Sabato 12 settembre, alle ore 20.45 presso la Sala agli Emigranti di via Lotta a Canale d&#8217;Agordo <\/i><\/b>Nicola Scodro con &#8220;Naufragi di un&#8217;illusione&#8221;. Letture dell&#8217;autore ed intervento di Althea Ronzani<\/div>\n<blockquote>\n<div><em>Per la partecipazione agli eventi si raccomanda la<u> prenotazione allo 0437 1948030 <\/u>(e-mail: info@prolococanale.it) oppure direttamente alla reception dell&#8217;ufficio informazioni presso il Museo Albino Luciani di Canale d&#8217;Agordo.<\/em><\/div>\n<\/blockquote>\n<\/div>\n<p>&nbsp;<\/p>\n<hr \/>\n<p>&nbsp;<\/p>\n<blockquote>\n<h3>OTTAVIO ROSSI PROPHETA IN PATRIA<\/h3>\n<\/blockquote>\n<p><strong>SAN TOMASO<\/strong> \u201cEn giro per Zelat\u201d:\u00a0 riproduzioni artistiche tra le architetture di montagna. Le tappe con partenza ed arrivo a Celat. Organizzazione della Pro Loco di San Tomaso con il contributo della Cassa Rurale Dolomiti di Fassa Primiero e Belluno.<\/p>\n<p>&nbsp;<\/p>\n<hr \/>\n<p>&nbsp;<\/p>\n<blockquote>\n<h3>IL CIRCO PATUF A\u00a0 CESIOMAGGIORE FINO AL 5 SETTEMBRE<\/h3>\n<\/blockquote>\n<p><b>CESIOMAGGIORE <\/b>La carovana \u00e8 a Cesiomaggiore dove proporr\u00e0 gli spettacoli alle 21.15, la domenica anche alle 18.30<\/p>\n<p>&nbsp;<\/p>\n<hr \/>\n<blockquote>\n<h3><\/h3>\n<\/blockquote>\n<blockquote>\n<h3>EL CANAL DE AGORDO<\/h3>\n<\/blockquote>\n<p><strong>AGORDO<\/strong> Scavare nel passato, storia ed archeologia da San Gottardo a Pont del Cristo. La mostra \u00e8 allestita al Museo mineralogico e paleontologico di via 5 maggio con ingresso libero. Fino al 6 settembre il venerdi, sabato e domenica dalle 10 alle 12.30 e dalle 16 alle 19. Info: archeoagordo.arca@gmail.com<\/p>\n<p>&nbsp;<\/p>\n<hr \/>\n<p>&nbsp;<\/p>\n<blockquote>\n<h3>A CANALE E VALLADA MOSTRE INCONTRI\u00a0 E MUSEI<\/h3>\n<\/blockquote>\n<p><strong><a class=\"dt-pswp-item\" href=\"https:\/\/www.radiopiu.net\/wordpress\/wp-content\/uploads\/2020\/08\/Don-Licio-Boldrin-concessione-La-Voce-di-Rovigo.jpg\" data-dt-img-description=\"\" data-large_image_width=\"737\" data-large_image_height=\"442\"><img loading=\"lazy\" decoding=\"async\" class=\" wp-image-158159 alignleft\" src=\"https:\/\/www.radiopiu.net\/wordpress\/wp-content\/uploads\/2020\/08\/Don-Licio-Boldrin-concessione-La-Voce-di-Rovigo-300x180.jpg\" alt=\"\" width=\"255\" height=\"153\" srcset=\"https:\/\/www.radiopiu.net\/wordpress\/wp-content\/uploads\/2020\/08\/Don-Licio-Boldrin-concessione-La-Voce-di-Rovigo-300x180.jpg 300w, https:\/\/www.radiopiu.net\/wordpress\/wp-content\/uploads\/2020\/08\/Don-Licio-Boldrin-concessione-La-Voce-di-Rovigo-640x384.jpg 640w, https:\/\/www.radiopiu.net\/wordpress\/wp-content\/uploads\/2020\/08\/Don-Licio-Boldrin-concessione-La-Voce-di-Rovigo.jpg 737w\" sizes=\"auto, (max-width: 255px) 100vw, 255px\" \/><\/a>Oggi alle 20.30<\/strong> in sala del Musal <span style=\"font-family: Arial, sans-serif;\"><span style=\"font-size: small;\">l&#8217;<\/span><\/span><span style=\"font-family: Arial, sans-serif;\"><span style=\"font-size: small;\">incontro con don Licio Boldrin<\/span><\/span><span style=\"font-family: Arial, sans-serif;\"><span style=\"font-size: small;\"> dal titolo <\/span><\/span><span style=\"font-family: Arial, sans-serif;\"><span style=\"font-size: small;\">Un&#8217;amicizia che continua. L&#8217;appuntamento, organizzato dall&#8217;Associazione \u201cAmici di papa Luciani\u201d, inizier\u00e0 con la proiezione del filmato Rai L&#8217;uomo in bianco, realizzato per la Fondazione Vaticana Giovanni Paolo I. In seguito don Licio Boldrin, parroco di Frassinelle Polesine (Rovigo) dal 1970, parler\u00e0 del suo ricordo di papa Giovanni Paolo I, che ha conosciuto personalmente, e della sua partecipazione, nel 1981, alla trasmissione televisiva Flash (condotta da Mike Bongiorno) nel quale affront\u00f2 come tema proprio la vita di Albino Luciani.<\/span><\/span><\/p>\n<p><strong><span style=\"font-family: Arial, sans-serif;\"><span style=\"font-size: small;\">Fino al 31 agosto<\/span><\/span><\/strong><span style=\"font-family: Arial, sans-serif;\"><span style=\"font-size: small;\">presso la Casa delle Regole di Canale d&#8217;Agordo<\/span><\/span><span style=\"font-family: Arial, sans-serif;\"><span style=\"font-size: small;\">, \u00e8 visitabile la mostra <\/span><\/span><span style=\"color: #000000;\"><span style=\"font-family: Arial, sans-serif;\"><span style=\"font-size: small;\"><span lang=\"it-IT\"><i>Le Regole della Valle del Biois<\/i><\/span><\/span><\/span><\/span><\/p>\n<p><strong><span style=\"color: #000000;\"><span style=\"font-family: Arial, sans-serif;\"><span style=\"font-size: small;\"><span lang=\"it-IT\">Fino al 31 agosto <\/span><\/span><\/span><\/span><\/strong><span style=\"color: #000000;\"><span style=\"font-family: Arial, sans-serif;\"><span style=\"font-size: small;\"><span lang=\"it-IT\">\u00e8 possibile visitare <\/span><\/span><\/span><\/span><span style=\"color: #000000;\"><span style=\"font-family: Arial, sans-serif;\"><span style=\"font-size: small;\"><span lang=\"it-IT\">uno dei gioielli artistici pi\u00f9 importanti della zona<\/span><\/span><\/span><\/span><span style=\"color: #000000;\"><span style=\"font-family: Arial, sans-serif;\"><span style=\"font-size: small;\"><span lang=\"it-IT\">, a <\/span><\/span><\/span><\/span><span style=\"color: #000000;\"><span style=\"font-family: Arial, sans-serif;\"><span style=\"font-size: small;\"><span lang=\"it-IT\">Chiesa Monumentale di San Simon a Vallada Agordina<\/span><\/span><\/span><\/span><span style=\"color: #000000;\"><span style=\"font-family: Arial, sans-serif;\"><span style=\"font-size: small;\"><span lang=\"it-IT\">.<\/span><\/span><\/span><\/span><\/p>\n<p><strong><span style=\"color: #000000;\"><span style=\"font-family: Arial, sans-serif;\"><span style=\"font-size: small;\"><span lang=\"it-IT\">Presso il Musal<\/span><\/span><\/span><\/span><span style=\"color: #000000;\"><span style=\"font-family: Arial, sans-serif;\"><span style=\"font-size: small;\"><span lang=\"it-IT\">,<\/span><\/span><\/span><\/span><\/strong> <span style=\"color: #000000;\"><span style=\"font-family: Arial, sans-serif;\"><span style=\"font-size: small;\"><span lang=\"it-IT\">fino al 28 settembre <\/span><\/span><\/span><\/span><span style=\"color: #000000;\"><span style=\"font-family: Arial, sans-serif;\"><span style=\"font-size: small;\"><span lang=\"it-IT\">(fino al 13 settembre tutti i giorni 9.30-12.30; 15.30-18.30; dal 14 settembre: venerd\u00ec, sabato e domenica 9.00-12.00; 15.00-18.00), \u00e8 visitabile la mostra <\/span><\/span><\/span><\/span><span style=\"color: #000000;\"><span style=\"font-family: Arial, sans-serif;\"><span style=\"font-size: small;\"><span lang=\"it-IT\"><i>Gli ultimi papi europei: itinerari tra i paesi natali degli ultimi pontefici<\/i><\/span><\/span><\/span><\/span><span style=\"color: #000000;\"><span style=\"font-family: Arial, sans-serif;\"><span style=\"font-size: small;\"><span lang=\"it-IT\"><i>. <\/i><\/span><\/span><\/span><\/span><\/p>\n<p>&nbsp;<\/p>\n<hr \/>\n<blockquote>\n<h2 class=\"tw-data-text tw-text-large XcVN5d tw-ta\" dir=\"ltr\" data-placeholder=\"Traduzione\"><span lang=\"en\">appointments recommended by radio pi\u00f9<\/span><\/h2>\n<\/blockquote>\n\n\t\t\t<style type='text\/css'>\n\t\t\t\t#gallery-3 {\n\t\t\t\t\tmargin: auto;\n\t\t\t\t}\n\t\t\t\t#gallery-3 .gallery-item {\n\t\t\t\t\tfloat: left;\n\t\t\t\t\tmargin-top: 10px;\n\t\t\t\t\ttext-align: center;\n\t\t\t\t\twidth: 25%;\n\t\t\t\t}\n\t\t\t\t#gallery-3 img {\n\t\t\t\t\tborder: 2px solid #cfcfcf;\n\t\t\t\t}\n\t\t\t\t#gallery-3 .gallery-caption {\n\t\t\t\t\tmargin-left: 0;\n\t\t\t\t}\n\t\t\t\t\/* see gallery_shortcode() in wp-includes\/media.php *\/\n\t\t\t<\/style>\n\t\t<div id='gallery-3' class='dt-gallery-container gallery galleryid-158042 gallery-columns-4 gallery-size-thumbnail'><dl class='gallery-item'>\n\t\t\t\t<dt class='gallery-icon portrait'>\n\t\t\t\t\t<a class=\"rollover rollover-zoom dt-pswp-item\" title=\"2748ffeb-1a97-4edd-87da-2b5db1eb6670\" data-dt-img-description=\"\" data-large_image_width=\"1131\" data-large_image_height=\"1600\"href='https:\/\/www.radiopiu.net\/wordpress\/wp-content\/uploads\/2020\/08\/2748ffeb-1a97-4edd-87da-2b5db1eb6670-1.jpg'><img loading=\"lazy\" decoding=\"async\" width=\"150\" height=\"150\" src=\"https:\/\/www.radiopiu.net\/wordpress\/wp-content\/uploads\/2020\/08\/2748ffeb-1a97-4edd-87da-2b5db1eb6670-1-150x150.jpg\" class=\"attachment-thumbnail size-thumbnail\" alt=\"\" \/><\/a>\n\t\t\t\t<\/dt><\/dl><dl class='gallery-item'>\n\t\t\t\t<dt class='gallery-icon portrait'>\n\t\t\t\t\t<a class=\"rollover rollover-zoom dt-pswp-item\" title=\"yogaandraz\" data-dt-img-description=\"\" data-large_image_width=\"905\" data-large_image_height=\"1280\"href='https:\/\/www.radiopiu.net\/wordpress\/wp-content\/uploads\/2020\/07\/yogaandraz.jpg'><img loading=\"lazy\" decoding=\"async\" width=\"150\" height=\"150\" src=\"https:\/\/www.radiopiu.net\/wordpress\/wp-content\/uploads\/2020\/07\/yogaandraz-150x150.jpg\" class=\"attachment-thumbnail size-thumbnail\" alt=\"\" \/><\/a>\n\t\t\t\t<\/dt><\/dl><dl class='gallery-item'>\n\t\t\t\t<dt class='gallery-icon portrait'>\n\t\t\t\t\t<a class=\"rollover rollover-zoom dt-pswp-item\" title=\"fb0f2285-210f-4bba-8573-b8ff07a91fa8\" data-dt-img-description=\"\" data-large_image_width=\"726\" data-large_image_height=\"1024\"href='https:\/\/www.radiopiu.net\/wordpress\/wp-content\/uploads\/2020\/07\/fb0f2285-210f-4bba-8573-b8ff07a91fa8.jpg'><img loading=\"lazy\" decoding=\"async\" width=\"150\" height=\"150\" src=\"https:\/\/www.radiopiu.net\/wordpress\/wp-content\/uploads\/2020\/07\/fb0f2285-210f-4bba-8573-b8ff07a91fa8-150x150.jpg\" class=\"attachment-thumbnail size-thumbnail\" alt=\"\" \/><\/a>\n\t\t\t\t<\/dt><\/dl><dl class='gallery-item'>\n\t\t\t\t<dt class='gallery-icon portrait'>\n\t\t\t\t\t<a class=\"rollover rollover-zoom dt-pswp-item\" title=\"446199a0-ccb6-4daa-88f9-ee34f5a4944a\" data-dt-img-description=\"\" data-large_image_width=\"1080\" data-large_image_height=\"1350\"href='https:\/\/www.radiopiu.net\/wordpress\/wp-content\/uploads\/2020\/07\/446199a0-ccb6-4daa-88f9-ee34f5a4944a.jpg'><img loading=\"lazy\" decoding=\"async\" width=\"150\" height=\"150\" src=\"https:\/\/www.radiopiu.net\/wordpress\/wp-content\/uploads\/2020\/07\/446199a0-ccb6-4daa-88f9-ee34f5a4944a-150x150.jpg\" class=\"attachment-thumbnail size-thumbnail\" alt=\"\" \/><\/a>\n\t\t\t\t<\/dt><\/dl><br style=\"clear: both\" \/><dl class='gallery-item'>\n\t\t\t\t<dt class='gallery-icon portrait'>\n\t\t\t\t\t<a class=\"rollover rollover-zoom dt-pswp-item\" title=\"LOCANDINA_MOSTRA andraz\" data-dt-img-description=\"\" data-large_image_width=\"1753\" data-large_image_height=\"2480\"href='https:\/\/www.radiopiu.net\/wordpress\/wp-content\/uploads\/2020\/08\/LOCANDINA_MOSTRA-andraz.jpg'><img loading=\"lazy\" decoding=\"async\" width=\"150\" height=\"150\" src=\"https:\/\/www.radiopiu.net\/wordpress\/wp-content\/uploads\/2020\/08\/LOCANDINA_MOSTRA-andraz-150x150.jpg\" class=\"attachment-thumbnail size-thumbnail\" alt=\"\" \/><\/a>\n\t\t\t\t<\/dt><\/dl><dl class='gallery-item'>\n\t\t\t\t<dt class='gallery-icon portrait'>\n\t\t\t\t\t<a class=\"rollover rollover-zoom dt-pswp-item\" title=\"890a4078-1eac-4e06-bfd3-59033f51722d\" data-dt-img-description=\"\" data-large_image_width=\"640\" data-large_image_height=\"1600\"href='https:\/\/www.radiopiu.net\/wordpress\/wp-content\/uploads\/2020\/08\/890a4078-1eac-4e06-bfd3-59033f51722d.jpg'><img loading=\"lazy\" decoding=\"async\" width=\"150\" height=\"150\" src=\"https:\/\/www.radiopiu.net\/wordpress\/wp-content\/uploads\/2020\/08\/890a4078-1eac-4e06-bfd3-59033f51722d-150x150.jpg\" class=\"attachment-thumbnail size-thumbnail\" alt=\"\" \/><\/a>\n\t\t\t\t<\/dt><\/dl><dl class='gallery-item'>\n\t\t\t\t<dt class='gallery-icon portrait'>\n\t\t\t\t\t<a class=\"rollover rollover-zoom dt-pswp-item\" title=\"VERTICAL 107 RINVIATA 5 SETTEMBRE\" data-dt-img-description=\"\" data-large_image_width=\"748\" data-large_image_height=\"1074\"href='https:\/\/www.radiopiu.net\/wordpress\/wp-content\/uploads\/2020\/08\/VERTICAL-107-RINVIATA-5-SETTEMBRE.jpg'><img loading=\"lazy\" decoding=\"async\" width=\"150\" height=\"150\" src=\"https:\/\/www.radiopiu.net\/wordpress\/wp-content\/uploads\/2020\/08\/VERTICAL-107-RINVIATA-5-SETTEMBRE-150x150.jpg\" class=\"attachment-thumbnail size-thumbnail\" alt=\"\" srcset=\"https:\/\/www.radiopiu.net\/wordpress\/wp-content\/uploads\/2020\/08\/VERTICAL-107-RINVIATA-5-SETTEMBRE-150x150.jpg 150w, https:\/\/www.radiopiu.net\/wordpress\/wp-content\/uploads\/2020\/08\/VERTICAL-107-RINVIATA-5-SETTEMBRE-125x125.jpg 125w, https:\/\/www.radiopiu.net\/wordpress\/wp-content\/uploads\/2020\/08\/VERTICAL-107-RINVIATA-5-SETTEMBRE-200x200.jpg 200w, https:\/\/www.radiopiu.net\/wordpress\/wp-content\/uploads\/2020\/08\/VERTICAL-107-RINVIATA-5-SETTEMBRE-80x80.jpg 80w\" sizes=\"auto, (max-width: 150px) 100vw, 150px\" \/><\/a>\n\t\t\t\t<\/dt><\/dl><dl class='gallery-item'>\n\t\t\t\t<dt class='gallery-icon landscape'>\n\t\t\t\t\t<a class=\"rollover rollover-zoom dt-pswp-item\" title=\"castello andraz autunno2020\" data-dt-img-description=\"\" data-large_image_width=\"2000\" data-large_image_height=\"1414\"href='https:\/\/www.radiopiu.net\/wordpress\/wp-content\/uploads\/2020\/08\/castello-andraz-autunno2020.png'><img loading=\"lazy\" decoding=\"async\" width=\"150\" height=\"150\" src=\"https:\/\/www.radiopiu.net\/wordpress\/wp-content\/uploads\/2020\/08\/castello-andraz-autunno2020-150x150.png\" class=\"attachment-thumbnail size-thumbnail\" alt=\"\" srcset=\"https:\/\/www.radiopiu.net\/wordpress\/wp-content\/uploads\/2020\/08\/castello-andraz-autunno2020-150x150.png 150w, https:\/\/www.radiopiu.net\/wordpress\/wp-content\/uploads\/2020\/08\/castello-andraz-autunno2020-125x125.png 125w, https:\/\/www.radiopiu.net\/wordpress\/wp-content\/uploads\/2020\/08\/castello-andraz-autunno2020-200x200.png 200w, https:\/\/www.radiopiu.net\/wordpress\/wp-content\/uploads\/2020\/08\/castello-andraz-autunno2020-80x80.png 80w\" sizes=\"auto, (max-width: 150px) 100vw, 150px\" \/><\/a>\n\t\t\t\t<\/dt><\/dl><br style=\"clear: both\" \/>\n\t\t\t<\/div>\n\n<hr \/>\n<p>&nbsp;<\/p>\n<h2>IERI ALLA RADIO<\/h2>\n<h2><span style=\"color: #ff0000;\">DUE MINUTI UN LIBRO<\/span><\/h2>\n<blockquote class=\"wp-embedded-content\" data-secret=\"k2XGgassPh\"><p><a href=\"https:\/\/www.radiopiu.net\/wordpress\/vittima-numero-2117-2\/\">VITTIMA NUMERO 2117<\/a><\/p><\/blockquote>\n<p><iframe loading=\"lazy\" class=\"wp-embedded-content\" sandbox=\"allow-scripts\" security=\"restricted\" style=\"position: absolute; clip: rect(1px, 1px, 1px, 1px);\" title=\"&#8220;VITTIMA NUMERO 2117&#8221; &#8212; Radio Pi\u00f9\" src=\"https:\/\/www.radiopiu.net\/wordpress\/vittima-numero-2117-2\/embed\/#?secret=k2XGgassPh\" data-secret=\"k2XGgassPh\" width=\"600\" height=\"338\" frameborder=\"0\" marginwidth=\"0\" marginheight=\"0\" scrolling=\"no\"><\/iframe><\/p>\n<p><strong>LE ALTRE PUNTATE<\/strong><\/p>\n<blockquote class=\"wp-embedded-content\" data-secret=\"WcPE42zdjH\"><p><a href=\"https:\/\/www.radiopiu.net\/wordpress\/due-minuti-un-libro\/\">Due minuti un libro<\/a><\/p><\/blockquote>\n<p><iframe loading=\"lazy\" class=\"wp-embedded-content\" sandbox=\"allow-scripts\" security=\"restricted\" style=\"position: absolute; clip: rect(1px, 1px, 1px, 1px);\" title=\"&#8220;Due minuti un libro&#8221; &#8212; Radio Pi\u00f9\" src=\"https:\/\/www.radiopiu.net\/wordpress\/due-minuti-un-libro\/embed\/#?secret=WcPE42zdjH\" data-secret=\"WcPE42zdjH\" width=\"600\" height=\"338\" frameborder=\"0\" marginwidth=\"0\" marginheight=\"0\" scrolling=\"no\"><\/iframe><\/p>\n<p>&nbsp;<\/p>\n<hr \/>\n<p>&nbsp;<\/p>\n<div>\n<h2><span style=\"color: #000080;\">DON CESARE, IL PENSIERO DEL GIORNO. ALLA RADIO ALLE 7 DEL MATTINO E ALLE 19.30 DELLA SERA.<\/span><\/h2>\n<audio class=\"wp-audio-shortcode\" id=\"audio-158042-8\" preload=\"none\" style=\"width: 100%;\" controls=\"controls\"><source type=\"audio\/mpeg\" src=\"https:\/\/www.radiopiu.net\/wordpress\/wp-content\/uploads\/2020\/08\/CESARE-29-agosto.mp3?_=8\" \/><a href=\"https:\/\/www.radiopiu.net\/wordpress\/wp-content\/uploads\/2020\/08\/CESARE-29-agosto.mp3\">https:\/\/www.radiopiu.net\/wordpress\/wp-content\/uploads\/2020\/08\/CESARE-29-agosto.mp3<\/a><\/audio>\n<p>&nbsp;<\/p>\n<p>&nbsp;<\/p>\n<hr \/>\n<p>&nbsp;<\/p>\n<h2><span style=\"color: #008000;\">AGORDINOMERON&#8230;LA RACCOLTA<\/span><\/h2>\n<blockquote class=\"wp-embedded-content\" data-secret=\"LHrmJS0r3H\"><p><a href=\"https:\/\/www.radiopiu.net\/wordpress\/agordinomeron\/\">AGORDINOMERON, IL TERRITORIO SI RACCONTA Da un&#8217;idea di Gianni Santomaso<\/a><\/p><\/blockquote>\n<p><iframe loading=\"lazy\" class=\"wp-embedded-content\" sandbox=\"allow-scripts\" security=\"restricted\" style=\"position: absolute; clip: rect(1px, 1px, 1px, 1px);\" title=\"&#8220;AGORDINOMERON, IL TERRITORIO SI RACCONTA Da un&#8217;idea di Gianni Santomaso&#8221; &#8212; Radio Pi\u00f9\" src=\"https:\/\/www.radiopiu.net\/wordpress\/agordinomeron\/embed\/#?secret=LHrmJS0r3H\" data-secret=\"LHrmJS0r3H\" width=\"600\" height=\"338\" frameborder=\"0\" marginwidth=\"0\" marginheight=\"0\" scrolling=\"no\"><\/iframe><\/p>\n<p>&nbsp;<\/p>\n<hr \/>\n<p>&nbsp;<\/p>\n<p>&nbsp;<\/p>\n<h2><span style=\"color: #ff00ff;\">ZAINO DA VIAGGIO AL FEMMINILE DI PAOLA LANCIATO il martedi alle 10.30 e 1900 la domenica alle 11<\/span><\/h2>\n<h1>LA RACCOLTA COMPLETA<\/h1>\n<blockquote class=\"wp-embedded-content\" data-secret=\"hhJImqdOnR\"><p><a href=\"https:\/\/www.radiopiu.net\/wordpress\/zaino-femminile-lanciato\/\">Zaino da viaggio al femminile<\/a><\/p><\/blockquote>\n<p><iframe loading=\"lazy\" class=\"wp-embedded-content\" sandbox=\"allow-scripts\" security=\"restricted\" style=\"position: absolute; clip: rect(1px, 1px, 1px, 1px);\" title=\"&#8220;Zaino da viaggio al femminile&#8221; &#8212; Radio Pi\u00f9\" src=\"https:\/\/www.radiopiu.net\/wordpress\/zaino-femminile-lanciato\/embed\/#?secret=hhJImqdOnR\" data-secret=\"hhJImqdOnR\" width=\"600\" height=\"338\" frameborder=\"0\" marginwidth=\"0\" marginheight=\"0\" scrolling=\"no\"><\/iframe><\/p>\n<hr \/>\n<p>&nbsp;<\/p>\n<h2><span style=\"color: #33cccc;\">I RACCONTI DI PAOLO SOPPELSA il lunedi alle 9.30 e 18.30<\/span><\/h2>\n<h2><span style=\"color: #33cccc;\"><strong>LA RACCOLTA COMPLETA<\/strong><\/span><\/h2>\n<blockquote class=\"wp-embedded-content\" data-secret=\"lSndk476tk\"><p><a href=\"https:\/\/www.radiopiu.net\/wordpress\/i-racconti-di-paolo-soppelsa\/\">I racconti di Paolo Soppelsa<\/a><\/p><\/blockquote>\n<p><iframe loading=\"lazy\" class=\"wp-embedded-content\" sandbox=\"allow-scripts\" security=\"restricted\" style=\"position: absolute; clip: rect(1px, 1px, 1px, 1px);\" title=\"&#8220;I racconti di Paolo Soppelsa&#8221; &#8212; Radio Pi\u00f9\" src=\"https:\/\/www.radiopiu.net\/wordpress\/i-racconti-di-paolo-soppelsa\/embed\/#?secret=lSndk476tk\" data-secret=\"lSndk476tk\" width=\"600\" height=\"338\" frameborder=\"0\" marginwidth=\"0\" marginheight=\"0\" scrolling=\"no\"><\/iframe><\/p>\n<p>&nbsp;<\/p>\n<hr \/>\n<p>&nbsp;<\/p>\n<h2><span style=\"color: #99cc00;\">SUL SITO DI RADIO PIU&#8217; LA VIDEO GALLERY<\/span><\/h2>\n<blockquote class=\"wp-embedded-content\" data-secret=\"Le5IWBCrkZ\"><p><a href=\"https:\/\/www.radiopiu.net\/wordpress\/ep-center-video-gallery\/\">EP CENTER video gallery<\/a><\/p><\/blockquote>\n<p><iframe loading=\"lazy\" class=\"wp-embedded-content\" sandbox=\"allow-scripts\" security=\"restricted\" style=\"position: absolute; clip: rect(1px, 1px, 1px, 1px);\" title=\"&#8220;EP CENTER video gallery&#8221; &#8212; Radio Pi\u00f9\" src=\"https:\/\/www.radiopiu.net\/wordpress\/ep-center-video-gallery\/embed\/#?secret=Le5IWBCrkZ\" data-secret=\"Le5IWBCrkZ\" width=\"600\" height=\"338\" frameborder=\"0\" marginwidth=\"0\" marginheight=\"0\" scrolling=\"no\"><\/iframe><\/p>\n<p>&nbsp;<\/p>\n<hr \/>\n<p>&nbsp;<\/p>\n<p><a class=\"dt-pswp-item\" href=\"https:\/\/www.radiopiu.net\/wordpress\/wp-content\/uploads\/2018\/09\/viabilita.jpeg\" data-dt-img-description=\"\" data-large_image_width=\"800\" data-large_image_height=\"100\"><img loading=\"lazy\" decoding=\"async\" class=\"aligncenter wp-image-61954 size-full\" src=\"https:\/\/www.radiopiu.net\/wordpress\/wp-content\/uploads\/2018\/09\/viabilita.jpeg\" alt=\"\" width=\"800\" height=\"100\" srcset=\"https:\/\/www.radiopiu.net\/wordpress\/wp-content\/uploads\/2018\/09\/viabilita.jpeg 800w, https:\/\/www.radiopiu.net\/wordpress\/wp-content\/uploads\/2018\/09\/viabilita-300x38.jpeg 300w, https:\/\/www.radiopiu.net\/wordpress\/wp-content\/uploads\/2018\/09\/viabilita-768x96.jpeg 768w\" sizes=\"auto, (max-width: 800px) 100vw, 800px\" \/><\/a><\/p>\n<\/div>\n<p>&nbsp;<\/p>\n<p><strong>PROVINCIALE 473 CROCE D&#8217;AUNE<\/strong> Dal 31 agosto al 12 settembre interidizione totale alla transtiabilit\u00e0 nell&#8217;abitato di Pedavena inclusi sabato e domenica<\/p>\n<p><strong>SP473 CROCE D&#8217;AUNE<\/strong>\u00a0 In localit\u00e0 Gorna di Sovramonte dal 1 al 10 settembre interruzioni temporanee fino a 30 minuti dalle 8 alle 12 e dalle 13.30 alle 17.30 eclusi sabato e domenica<\/p>\n<p><strong>SP1 SINISTRA PIAVE<\/strong>\u00a0 Dal 31 agosto al 4 settembre, rotatoria Bardies-rotatoria Lentiai deviazione della corrente di traffico con direzione Feltre-Belluno lungo la vecchia SP1 in sinistra Piave per l&#8217;abitato di Lentiai e Bardies<\/p>\n<p><strong>SP 3 VALLE IMPERINA<\/strong> Tra Corde Mole e Vallasin dalle 8 alle 11.45 e dalle 13.30 alle 17.30 dal 1 settembre all&#8217;11 settembre (esclusi sabato e domenica) temporanee<strong> interruzioni<\/strong> alla viabilit\u00e0 massimo 30 minuti per esbosco.<\/p>\n<p><strong>SP 29 COL FALCON<\/strong>\u00a0 Tra Col Falcon e innesto strada del Servo dal 1 all&#8217;11 settembre (sabato e domenica escluso)\u00a0 dalle 7 alle 18 <strong>interdizione<\/strong> totale alla viabilit\u00e0 per asfaltatura.<\/p>\n<p><strong>SP 641 PASSO FEDAIA<\/strong> A\u00a0 Capanna Bill e\u00a0 a Col di Rocca dal 1 al 30 settembre senso unico alternato regolato da semaforo.<\/p>\n<p><strong>SP 251 VA CELLINA<\/strong> Da Pescul a Selva di Cadore dal 1 all&#8217;11 settembre (sabato e domenica esclusi) senso unico alternato per posa fibre ottiche<\/p>\n<p><strong>REGIONALE 203<\/strong> AGORDINA IL 1 SETTEMBRE ED IL 4 SETTEMBRE\u00a0 ALLE 8 ALLE 18 A LA MUDA SENSO UNICO ALTERNATO PER RIFACIMENTO LINEA AEREA FIBRE OTTICHE<\/p>\n<p><strong>REGIONALE 203 AGORDINA<\/strong> Dal 1 al 30 settembre (sabato e domenica esclusi) tra Candaten e La Stanga dalle 7.30 alle 9 e dalle 16.30 alle 18 con movieri e negli altri orari con semaforo, senso unico alternato.<\/p>\n<p><strong>S<\/strong><strong>P 347 DEL PASSO CEREDA E DURAN<\/strong> DAL 27 AGOSTO AL 4 SETTEMBRE, DALLE 8 ALLE 12 E DALLE 13 ALLE 17, TEMPORANEE INTERRUZIONI DELLA DURATA MASSIMA DI 20 MINUTI IN LOCALITA GAVAZ DEL COMUNE DI VAL DI ZOLDO PER DEMOLIZIONI PARTI PERICOLANTI DI UN EDIFICIO<\/p>\n<div>\n<p><strong>SR 48 DELLE DOLOMITI<\/strong> FINO\u00a0 AL 31 AGOSTO, DALLE 7 ALLE 17, ESCLUSI SABATO E DOMENICA, SALTUARIA ISTITUZIONE DI SENSO UNICO ALTERNATO REGOLATO DA MOVIERI PER PERIODI CONTINUATIVI NON SUPERIORI A 10 MINUTI NEI COMUNI DI CORTINA ED AURONZO DI CADORE PER CARICO SCARICO MATERIALI NECESSARI PER LA POSA DELL&#8217;ELTRODOTTO INTERRATO<\/p>\n<p><strong>SR 48 DELLE DOLOMITI<\/strong> DAL 1 AL 30 settembre in localit\u00e0 Pocol (Cortina) senso unico alternato, esclusi sabato e domenica<\/p>\n<p><strong>SR 48 DELLE DOLOMITI<\/strong> Dal 1 settembre al 9 ottobre senso unico alternato in localit\u00e0 Cernadoi, escluso sabato e domeniche<\/p>\n<p><strong>SR 48 DELLE DOLOMITI<\/strong> dal 1 al 30 settembre esclusi sabato e domenica senso unico alternato tra Cernadoi e Pian Falzarego<\/p>\n<p><strong>Provinciale 40, Val Senaiga-Arina,<\/strong> Comune di Lamon. Dal 1 all&#8217;11 settembre (sabato e domenica esclusi) per asfaltatura di tratti stradali INTERRUZIONE alla transitabilit\u00e0 dalle 8 alle 12 e dalle 14 alle 18. Nei periodi non interessati da chiusure \u00e8 previsto il senso unico alternato<\/p>\n<p><strong>SP 7 DI ZOPPE&#8217; DI CADORE,<\/strong> SENSO UNICO ALTERNATO REGOLATO DA MOVIERI CON BREVI INTERRUZIONI DI MASSIMO 10 MINUTI FINO\u00a0 AL 18 SETTEMBRE, DALLE 7:30 ALLE 17:30 ESCLUSI SABATI, DOMENICHE E FESTIVI INFRASETTIMANALI, PER MESSA IN SICUREZZA DELLA SEDE STRADALE<\/p>\n<p><strong>SP 40, COMUNE DI LAMON.<\/strong>\u00a0 FINO ALL&#8217;11 SETTEMBRE, ESCLUSI SABATO E DOMENICA, POSSIBILI INTERRUZIONI AL TRAFFICO DELLA DURATA MASSIMA DI 30 MINUTI DALLE 8 ALLE 12 E DALLE 13 ALLE 17 PER REALIZZAZIONE NUOVA TOMBINATURA. NEGLI ALTRI ORARI ISTITUZIONE DI SENSO UNICO ALTERNATO REGOLATO DA IMPIANTO SEMAFORICO O MOVIERI<\/p>\n<p>&nbsp;<\/p>\n<hr \/>\n<p>&nbsp;<\/p>\n<p class=\"photoswipe-wrapper\"><a class=\"dt-pswp-item pspw-wrap-ready\" href=\"https:\/\/i0.wp.com\/www.radiopiu.net\/wordpress\/wp-content\/uploads\/2018\/09\/WhatsApp-Image-2018-09-20-at-16.04.06.jpeg?ssl=1\" data-dt-img-description=\"\" data-large_image_width=\"800\" data-large_image_height=\"100\"><img loading=\"lazy\" decoding=\"async\" class=\"aligncenter wp-image-61378 size-full jetpack-lazy-image jetpack-lazy-image--handled\" src=\"https:\/\/i0.wp.com\/www.radiopiu.net\/wordpress\/wp-content\/uploads\/2018\/09\/WhatsApp-Image-2018-09-20-at-16.04.06.jpeg?resize=800%2C100&amp;ssl=1\" sizes=\"auto, (max-width: 800px) 100vw, 800px\" srcset=\"https:\/\/i0.wp.com\/www.radiopiu.net\/wordpress\/wp-content\/uploads\/2018\/09\/WhatsApp-Image-2018-09-20-at-16.04.06.jpeg?w=800&amp;ssl=1 800w, https:\/\/i0.wp.com\/www.radiopiu.net\/wordpress\/wp-content\/uploads\/2018\/09\/WhatsApp-Image-2018-09-20-at-16.04.06.jpeg?resize=300%2C38&amp;ssl=1 300w, https:\/\/i0.wp.com\/www.radiopiu.net\/wordpress\/wp-content\/uploads\/2018\/09\/WhatsApp-Image-2018-09-20-at-16.04.06.jpeg?resize=768%2C96&amp;ssl=1 768w\" alt=\"\" width=\"800\" height=\"100\" data-lazy-loaded=\"1\" \/><\/a><\/p>\n<p>&nbsp;<\/p>\n<\/div>\n<p><center><\/center><center><b>Sabato 29<\/b><\/center><b>Tempo atteso: <\/b>Al mattino tempo variabile con schiarite e nuvolosit\u00e0 irregolare, le schiarite potranno essere localmente ampie all&#8217;alba, salvo nubi basse. In questo ci sar\u00e0 una pausa senza fenomeni. Dalle ore centrali in poi il tempo sar\u00e0 assai pi\u00f9 instabile con cielo molto nuvoloso\/coperto. L&#8217;instabilit\u00e0 imperverser\u00e0 anche in serata. Clima leggermente pi\u00f9 fresco con ridotta escursione termica diurna.<br \/>\n<b>Precipitazioni: <\/b>Nottetempo proseguimento della fase temporalesca iniziata la sera prima (30\/40%). Al mattino probabile pausa senza fenomeni, ma entro la tarda mattinata il rischio di nuovi sporadici rovesci sar\u00e0 presente (20\/30%). Al pomeriggio la probabilit\u00e0 aumenter\u00e0 sensibilmente fino a molto alta (90\/100%) per rovesci e temporali. Non escluso possano verificarsi fenomeni localmente intensi e grandinigeni. I cumuli pioggia saranno molto variabili: 10\/30 mm, localmente non esclusi valori di 70\/90 mm in caso di forti temporali.<br \/>\n<b>Temperature: <\/b>In generale lieve calo. Sono previste punte di 19\/21\u00b0C nei fondovalle prealpini e di 16\/18\u00b0C a 1000\/1200 m. Su Prealpi a 1500 m min 11\u00b0C max 14\u00b0C, a 2000 m min 9\u00b0C max 12\u00b0C. Su Dolomiti a 2000 m min 8\u00b0C max 11\u00b0C, a 3000 m min 3\u00b0C max 5\u00b0C.<br \/>\n<b>Venti: <\/b>Nelle valli deboli di direzione variabile, senza escludere forti raffiche temporalesche; in quota moderati\/tesi sud-occidentali, anche forti sulle vette pi\u00f9 alte, a 10-25 km\/h a 2000 m e 45-70 km\/h a 3000 m.<\/p>\n<hr \/>\n<p><center><b>Domenica 30<\/b><\/center><b>Tempo atteso: <\/b>Tempo ancora in parte instabile\/perturbato tra la notte e il mattino. Tendenza alla variabilit\u00e0 con schiarite e minore rischio di fenomeni da met\u00e0 pomeriggio in poi sulle Dolomiti, mentre l&#8217;instabilit\u00e0 potrebbe perdurare sulla fascia prealpina. Clima uggioso e fresco con debole escursione termica diurna.<br \/>\n<b>Precipitazioni: <\/b>Probabilit\u00e0 molto alta (90\/100%) per rovesci e temporali tra la notte ed il mattino. Poi tendenza a esaurimento dei fenomeni sulle Dolomiti (20\/30%), ma non sulle Prealpi, dove il rischio persister\u00e0 (50\/70%) per rovesci, mentre linsidia temporalesca scemer\u00e0.<br \/>\n<b>Temperature: <\/b>In ulteriore generale lieve calo. Sono previste punte di 18\/20\u00b0C nei fondovalle prealpini e di 14\/16\u00b0C a 1000\/1200 m. Su Prealpi a 1500 m min 10\u00b0C max 13\u00b0C, a 2000 m min 8\u00b0C max 11\u00b0C. Su Dolomiti a 2000 m min 7\u00b0C max 10\u00b0C, a 3000 m min 1\u00b0C max 4\u00b0C.<br \/>\n<b>Venti: <\/b>Nelle valli deboli\/moderati di direzione variabile, senza escludere forti ed improvvise raffiche temporalesche; in quota tesi sud-occidentali, anche forti sulle vette pi\u00f9 alte e sulle dorsali prealpine, in attenuazione nel tardo pomeriggio\/sera, a 15-35 km\/h a 2000 m e 40-80 km\/h a 3000 m.<\/p>\n<hr \/>\n<p><center><b>Lunedi 31<\/b><\/center>Al mattino tempo variabile con rasserenamenti e annuvolamenti irregolari, anche per nubi basse. Al pomeriggio crescente nuvolosit\u00e0 con cielo molto nuvoloso e nuove deboli precipitazioni, localmente moderate ed temporalesche in caso d&#8217;iniziali ampi rasserenamenti. Con l&#8217;arrivo d&#8217;aria fredda un po&#8217; di neve scender\u00e0 fino sui 2600\/2700 m a fine giornata. Temperature in calo, pi\u00f9 sensibile in alta quota. In quota venti moderati da sud-ovest fino a met\u00e0 pomeriggio, poi in rotazione da nord nord-est attenuandosi; nelle valli deboli di direzione variabile.<\/p>\n<hr \/>\n<p><center><b>Martedi 1<\/b><\/center>Nottetempo residuo maltempo con precipitazioni, nevose oltre i 2500 m. Al mattino vi sar\u00e0 un parziale miglioramento prima di una ripresa dell&#8217;instabilit\u00e0 al pomeriggio, quando nuovi rovesci sparsi potranno verificarsi, assieme a un po&#8217; di neve sopra i 2600 m. Nel tardo pomeriggio\/sera rasserenamenti a partire dai settori occidentali, in estesione al resto della montagna veneta. Temperature in ulteriore calo. In quota venti deboli da nord-est al mattino, poi perlopi\u00f9 occidentali; nelle valli leggera ventilazione dai quadranti settentrionali. Previsore: R.L.Th.<\/p>\n<p>&nbsp;<\/p>\n<hr \/>\n<p>&nbsp;<\/p>\n<p><iframe loading=\"lazy\" title=\"Spot Buttalibene TV\" width=\"1200\" height=\"675\" src=\"https:\/\/www.youtube.com\/embed\/fjHWpfyAevE?feature=oembed\" frameborder=\"0\" allow=\"accelerometer; autoplay; clipboard-write; encrypted-media; gyroscope; picture-in-picture\" allowfullscreen><\/iframe><\/p>\n<hr \/>\n<p>&nbsp;<\/p>\n<p>&nbsp;<\/p>\n<p><a class=\"dt-pswp-item\" href=\"https:\/\/www.radiopiu.net\/wordpress\/wp-content\/uploads\/2018\/09\/sport.jpg\" data-dt-img-description=\"\" data-large_image_width=\"800\" data-large_image_height=\"100\"><img loading=\"lazy\" decoding=\"async\" class=\"aligncenter wp-image-60761 size-full\" src=\"https:\/\/www.radiopiu.net\/wordpress\/wp-content\/uploads\/2018\/09\/sport.jpg\" alt=\"\" width=\"800\" height=\"100\" srcset=\"https:\/\/www.radiopiu.net\/wordpress\/wp-content\/uploads\/2018\/09\/sport.jpg 800w, https:\/\/www.radiopiu.net\/wordpress\/wp-content\/uploads\/2018\/09\/sport-300x38.jpg 300w, https:\/\/www.radiopiu.net\/wordpress\/wp-content\/uploads\/2018\/09\/sport-768x96.jpg 768w\" sizes=\"auto, (max-width: 800px) 100vw, 800px\" \/><\/a><\/p>\n<p>&nbsp;<\/p>\n<blockquote>\n<h3>UNA GIORNATA ALL&#8217;IVANO DORIGO PER IL BELLUNO CALCIO, NEL RICORDO DI SILVANO MOSCA<\/h3>\n<\/blockquote>\n<p><strong><a class=\"dt-pswp-item\" href=\"https:\/\/www.radiopiu.net\/wordpress\/wp-content\/uploads\/2020\/08\/BELLUNO-AGORDINA-LE-VILLE.jpg\" data-dt-img-description=\"\" data-large_image_width=\"1600\" data-large_image_height=\"1600\"><img loading=\"lazy\" decoding=\"async\" class=\" wp-image-156946 alignleft\" src=\"https:\/\/www.radiopiu.net\/wordpress\/wp-content\/uploads\/2020\/08\/BELLUNO-AGORDINA-LE-VILLE-300x300.jpg\" alt=\"\" width=\"173\" height=\"173\" srcset=\"https:\/\/www.radiopiu.net\/wordpress\/wp-content\/uploads\/2020\/08\/BELLUNO-AGORDINA-LE-VILLE-300x300.jpg 300w, https:\/\/www.radiopiu.net\/wordpress\/wp-content\/uploads\/2020\/08\/BELLUNO-AGORDINA-LE-VILLE-1024x1024.jpg 1024w, https:\/\/www.radiopiu.net\/wordpress\/wp-content\/uploads\/2020\/08\/BELLUNO-AGORDINA-LE-VILLE-150x150.jpg 150w, https:\/\/www.radiopiu.net\/wordpress\/wp-content\/uploads\/2020\/08\/BELLUNO-AGORDINA-LE-VILLE-768x768.jpg 768w, https:\/\/www.radiopiu.net\/wordpress\/wp-content\/uploads\/2020\/08\/BELLUNO-AGORDINA-LE-VILLE-1536x1536.jpg 1536w, https:\/\/www.radiopiu.net\/wordpress\/wp-content\/uploads\/2020\/08\/BELLUNO-AGORDINA-LE-VILLE.jpg 1600w\" sizes=\"auto, (max-width: 173px) 100vw, 173px\" \/><\/a>AGORDO\u00a0<\/strong>Oggi il Belluno Calcio sar\u00e0 ospitato all&#8217;Ivano Dorigo di Agordo per una giornata di allenamento. La squadra del capoluogo di provincia arriver\u00e0 sul green di Agordo dal primo mattino per poi proseguire la giornata in localit\u00e0 Polane assieme all&#8217;Agordina e al Le Ville. Non solo allenamenti ma anche un momento per ricordare Silavno Mosca, giocatore, allenatore e vicepresidente della squadra biancoazzura.<\/p>\n<p>&nbsp;<\/p>\n<p>&nbsp;<\/p>\n<p>&nbsp;<\/p>\n<p>&nbsp;<\/p>\n<p>&nbsp;<\/p>\n<hr \/>\n<blockquote>\n<h2><\/h2>\n<h3>ALLEGHE HOCKEY: INCONTRO TRA DIRIGENZA E GIOCATORI PER IL PROSSIMO CAMPIONATO<\/h3>\n<\/blockquote>\n<p><strong><a class=\"dt-pswp-item\" href=\"https:\/\/www.radiopiu.net\/wordpress\/wp-content\/uploads\/2020\/08\/ALLEGHE-HOCKEY-GRUPPO-scaled.jpg\" data-dt-img-description=\"\" data-large_image_width=\"2560\" data-large_image_height=\"1703\"><img loading=\"lazy\" decoding=\"async\" class=\"size-medium wp-image-156065 alignleft\" src=\"https:\/\/www.radiopiu.net\/wordpress\/wp-content\/uploads\/2020\/08\/ALLEGHE-HOCKEY-GRUPPO-300x200.jpg\" alt=\"\" width=\"300\" height=\"200\" srcset=\"https:\/\/www.radiopiu.net\/wordpress\/wp-content\/uploads\/2020\/08\/ALLEGHE-HOCKEY-GRUPPO-300x200.jpg 300w, https:\/\/www.radiopiu.net\/wordpress\/wp-content\/uploads\/2020\/08\/ALLEGHE-HOCKEY-GRUPPO-1024x681.jpg 1024w, https:\/\/www.radiopiu.net\/wordpress\/wp-content\/uploads\/2020\/08\/ALLEGHE-HOCKEY-GRUPPO-768x511.jpg 768w, https:\/\/www.radiopiu.net\/wordpress\/wp-content\/uploads\/2020\/08\/ALLEGHE-HOCKEY-GRUPPO-1536x1022.jpg 1536w, https:\/\/www.radiopiu.net\/wordpress\/wp-content\/uploads\/2020\/08\/ALLEGHE-HOCKEY-GRUPPO-2048x1363.jpg 2048w\" sizes=\"auto, (max-width: 300px) 100vw, 300px\" \/><\/a>ALLEGHE\u00a0<\/strong>Nella serata di luned\u00ec le civette hanno iniziato la preparazione per la prossima stagione. All&#8217;Alvise De Toni di Alleghe i giocatori hanno effettuato la prima seduta di allenamento ufficiale. Presente anche la dirigenza dell&#8217;Alleghe Hockey che ha voluto fare il punto della situazione in vista del prossimo campionato IHL. Simone Luciani, Marco Soia, Igor Moretti, Patrick Meneghetti non faranno pi\u00f9 parte del roster. Assente anche Edgar De Toni che ha deciso di giocare il massimo campionato con il Cortina.<\/p>\n","protected":false},"excerpt":{"rendered":"<p>PER RICEVERE QUESTO NOTIZIARIO DIRETTAMENTE SUL TUO CELLULARE ISCRIVITI AL CANALE TELEGRAM\u00a0\u201cRADIO PIU\u00a0 INFORMAZIONE ATTENZIONE: LA NUOVA APP PER IOS-IPHONE https:\/\/apps.apple.com\/it\/app\/radio-pi%C3%B9-emittente-agordina\/id1515939845 ATTENZIONE: LA NUOVA APP RADIO\u00a0 PER ANDROID https:\/\/play.google.com\/store\/apps\/details?id=net.radiopiu.iniko \u00a0\u00a0\u00a0\u00a0\u00a0 &nbsp; &nbsp; LA FOTO DEL GIORNO AGORDO In frazione Valcozzena di Agordo i frazionisti si sono dati da fare ed hanno pulito la fontana della&hellip;<\/p>\n","protected":false},"author":4,"featured_media":158199,"comment_status":"closed","ping_status":"closed","sticky":false,"template":"","format":"standard","meta":{"_monsterinsights_skip_tracking":false,"_monsterinsights_sitenote_active":false,"_monsterinsights_sitenote_note":"","_monsterinsights_sitenote_category":0,"footnotes":""},"categories":[1,86,49],"tags":[],"class_list":["post-158042","post","type-post","status-publish","format-standard","has-post-thumbnail","hentry","category-senza-categoria","category-gr","category-news-18","category-1","category-86","category-49","description-off"],"img_url":"https:\/\/www.radiopiu.net\/wordpress\/wp-content\/uploads\/2020\/08\/cortina-tamponi.jpg","_links":{"self":[{"href":"https:\/\/www.radiopiu.net\/wordpress\/wp-json\/wp\/v2\/posts\/158042","targetHints":{"allow":["GET"]}}],"collection":[{"href":"https:\/\/www.radiopiu.net\/wordpress\/wp-json\/wp\/v2\/posts"}],"about":[{"href":"https:\/\/www.radiopiu.net\/wordpress\/wp-json\/wp\/v2\/types\/post"}],"author":[{"embeddable":true,"href":"https:\/\/www.radiopiu.net\/wordpress\/wp-json\/wp\/v2\/users\/4"}],"replies":[{"embeddable":true,"href":"https:\/\/www.radiopiu.net\/wordpress\/wp-json\/wp\/v2\/comments?post=158042"}],"version-history":[{"count":0,"href":"https:\/\/www.radiopiu.net\/wordpress\/wp-json\/wp\/v2\/posts\/158042\/revisions"}],"wp:featuredmedia":[{"embeddable":true,"href":"https:\/\/www.radiopiu.net\/wordpress\/wp-json\/wp\/v2\/media\/158199"}],"wp:attachment":[{"href":"https:\/\/www.radiopiu.net\/wordpress\/wp-json\/wp\/v2\/media?parent=158042"}],"wp:term":[{"taxonomy":"category","embeddable":true,"href":"https:\/\/www.radiopiu.net\/wordpress\/wp-json\/wp\/v2\/categories?post=158042"},{"taxonomy":"post_tag","embeddable":true,"href":"https:\/\/www.radiopiu.net\/wordpress\/wp-json\/wp\/v2\/tags?post=158042"}],"curies":[{"name":"wp","href":"https:\/\/api.w.org\/{rel}","templated":true}]}}