{"id":158254,"date":"2020-08-29T15:46:31","date_gmt":"2020-08-29T13:46:31","guid":{"rendered":"https:\/\/www.radiopiu.net\/wordpress\/?p=158254"},"modified":"2020-08-29T15:46:31","modified_gmt":"2020-08-29T13:46:31","slug":"inaugurato-il-balcone-panoramico-del-nevegal-sulle-dolomiti-unesco","status":"publish","type":"post","link":"https:\/\/www.radiopiu.net\/wordpress\/inaugurato-il-balcone-panoramico-del-nevegal-sulle-dolomiti-unesco\/","title":{"rendered":"INAUGURATO IL BALCONE PANORAMICO DEL NEVEGAL SULLE DOLOMITI UNESCO"},"content":{"rendered":"<p><strong><a class=\"dt-pswp-item\" href=\"https:\/\/www.radiopiu.net\/wordpress\/wp-content\/uploads\/2020\/08\/IMG_8027.jpg\" data-dt-img-description=\"\" data-large_image_width=\"1632\" data-large_image_height=\"1224\"><img loading=\"lazy\" decoding=\"async\" class=\"size-medium wp-image-158255 alignleft\" src=\"https:\/\/www.radiopiu.net\/wordpress\/wp-content\/uploads\/2020\/08\/IMG_8027-300x225.jpg\" alt=\"\" width=\"300\" height=\"225\" srcset=\"https:\/\/www.radiopiu.net\/wordpress\/wp-content\/uploads\/2020\/08\/IMG_8027-300x225.jpg 300w, https:\/\/www.radiopiu.net\/wordpress\/wp-content\/uploads\/2020\/08\/IMG_8027-1024x768.jpg 1024w, https:\/\/www.radiopiu.net\/wordpress\/wp-content\/uploads\/2020\/08\/IMG_8027-768x576.jpg 768w, https:\/\/www.radiopiu.net\/wordpress\/wp-content\/uploads\/2020\/08\/IMG_8027-1536x1152.jpg 1536w, https:\/\/www.radiopiu.net\/wordpress\/wp-content\/uploads\/2020\/08\/IMG_8027-640x480.jpg 640w, https:\/\/www.radiopiu.net\/wordpress\/wp-content\/uploads\/2020\/08\/IMG_8027.jpg 1632w\" sizes=\"auto, (max-width: 300px) 100vw, 300px\" \/><\/a>BELLUNO\u00a0<\/strong>\u00ab<em>Viviamo in un territorio splendido. Abbiamo il dovere di preservarlo, e questo \u00e8 possibile solo con le persone che abitano e vivono le nostre montagne. Ma abbiamo il dovere anche di condividere \u201cla grande bellezza\u201d con chi viene da fuori<\/em>\u00bb. Sono le parole con cui il presidente della Provincia di Belluno ha inaugurato questa mattina in Faverghera (Belluno) il balcone panoramico del Nevegal, affacciato sulle Dolomiti Patrimonio dell\u2019Umanit\u00e0. Si tratta del secondo balcone dopo quello del Monte Rite (il terzo, sul Monte Agudo, Auronzo, sar\u00e0 inaugurato nei prossimi mesi), un\u2019iniziativa del piano \u201cEsposizione Universale Expo 2015. Implementazione della prima parte del progetto \u2018Siti Unesco, Dolomiti Unesco, Laguna di Venezia, Parchi Regionali\u2019. Programmazione delle azioni a regia regionale relative alla valorizzazione del sito Dolomiti Unesco\u201d (Dgr n. 2759 del 29 dicembre 2014), che prevede iniziative per la valorizzazione e la promozione dei principali siti naturalistici regionali di particolare attrattiva, ponendo l\u2019accento sulle Dolomiti Unesco. Al taglio del nastro erano presenti, oltre all\u2019amministrazione provinciale, il presidente e il direttore della Fondazione Dolomiti Unesco, il questore di Belluno, il sindaco del capoluogo, il presidente del Parco Nazionale Dolomiti Bellunesi, il presidente del Fondo Comuni di confine e il Cai Veneto.\u00a0\u00ab<em>Con l\u2019inaugurazione di oggi concretizziamo un lavoro che \u00e8 partito da lontano, dal riconoscimento delle Dolomiti a Patrimonio dell\u2019Umanit\u00e0, fortemente voluto dall\u2019amministrazione provinciale di Sergio Reolon &#8211; ha ricordato il presidente della Provincia -. I balconi panoramici hanno l\u2019obiettivo di valorizzare alcuni dei luoghi pi\u00f9 significativi del nostro territorio. Questo del Nevegal offre una visuale favolosa sulla Valbelluna e su alcune vette delle Dolomiti. \u00c8 il coronamento di un bellissimo lavoro per cui ringrazio tutti coloro che hanno contribuito. Diamo il via a un elemento che ci consentir\u00e0 di promuovere la nostra montagna. Quest\u2019estate abbiamo visto le enormi potenzialit\u00e0 delle Dolomiti, un ambiente da preservare, ma anche da condividere. La gestione oculata dei flussi turistici deve essere uno dei motivi che spingono le nostre genti a rimanere a vivere e lavorare in provincia di Belluno, in questa \u201cgrande bellezza\u201d che ci circonda<\/em>\u00bb.\u00a0Dello stesso avviso anche il presidente della Fondazione Dolomiti Unesco, che ha sottolineato l\u2019importanza di diffondere cultura alpina e dolomitica. <a class=\"dt-pswp-item\" href=\"https:\/\/www.radiopiu.net\/wordpress\/wp-content\/uploads\/2020\/08\/IMG_8023.jpg\" data-dt-img-description=\"\" data-large_image_width=\"1632\" data-large_image_height=\"1224\"><img loading=\"lazy\" decoding=\"async\" class=\"size-medium wp-image-158257 alignright\" src=\"https:\/\/www.radiopiu.net\/wordpress\/wp-content\/uploads\/2020\/08\/IMG_8023-300x225.jpg\" alt=\"\" width=\"300\" height=\"225\" srcset=\"https:\/\/www.radiopiu.net\/wordpress\/wp-content\/uploads\/2020\/08\/IMG_8023-300x225.jpg 300w, https:\/\/www.radiopiu.net\/wordpress\/wp-content\/uploads\/2020\/08\/IMG_8023-1024x768.jpg 1024w, https:\/\/www.radiopiu.net\/wordpress\/wp-content\/uploads\/2020\/08\/IMG_8023-768x576.jpg 768w, https:\/\/www.radiopiu.net\/wordpress\/wp-content\/uploads\/2020\/08\/IMG_8023-1536x1152.jpg 1536w, https:\/\/www.radiopiu.net\/wordpress\/wp-content\/uploads\/2020\/08\/IMG_8023-640x480.jpg 640w, https:\/\/www.radiopiu.net\/wordpress\/wp-content\/uploads\/2020\/08\/IMG_8023.jpg 1632w\" sizes=\"auto, (max-width: 300px) 100vw, 300px\" \/><\/a>\u00ab<em>Tutti siamo parte di questo territorio e dobbiamo promuoverne la cultura, anche e soprattutto a chi viene a visitare questi luoghi &#8211; ha detto al taglio del nastro -. I balconi panoramici sono uno dei mezzi con cui promuovere questa cultura. Le Dolomiti sono tali perch\u00e9 ci sono persone che presidiano il territorio, lo vivono e ci lavorano. Quest\u2019estate abbiamo visto afflussi grandissimi di turisti: dobbiamo garantire l\u2019accoglienza e un\u2019offerta turistica che vada nella stessa direzione, migliorando in alcuni aspetti che ci consentano di avere una montagna sostenibile<\/em>\u00bb.\u00a0Soddisfatto e orgoglioso il sindaco di Belluno: \u00ab<em>Siamo l\u2019unico Comune capoluogo ad avere all&#8217;interno del\u00a0territorio comunale un sito delle Dolomiti Unesco e adesso anche un balcone panoramico sul Patrimonio dell\u2019Umanit\u00e0. Il Nevegal \u00e8 un colle stupendo ed \u00e8 tale per l\u2019ambiente naturale che lo circonda; per questo dobbiamo ragionare in chiave di attenzione ambientale e paesaggistica<\/em>\u00bb.<\/p>\n<p><strong>IL BALCONE<\/strong><\/p>\n<p><a class=\"dt-pswp-item\" href=\"https:\/\/www.radiopiu.net\/wordpress\/wp-content\/uploads\/2020\/08\/IMG_8038.jpg\" data-dt-img-description=\"\" data-large_image_width=\"1632\" data-large_image_height=\"1224\"><img loading=\"lazy\" decoding=\"async\" class=\"size-medium wp-image-158256 alignleft\" src=\"https:\/\/www.radiopiu.net\/wordpress\/wp-content\/uploads\/2020\/08\/IMG_8038-300x225.jpg\" alt=\"\" width=\"300\" height=\"225\" srcset=\"https:\/\/www.radiopiu.net\/wordpress\/wp-content\/uploads\/2020\/08\/IMG_8038-300x225.jpg 300w, https:\/\/www.radiopiu.net\/wordpress\/wp-content\/uploads\/2020\/08\/IMG_8038-1024x768.jpg 1024w, https:\/\/www.radiopiu.net\/wordpress\/wp-content\/uploads\/2020\/08\/IMG_8038-768x576.jpg 768w, https:\/\/www.radiopiu.net\/wordpress\/wp-content\/uploads\/2020\/08\/IMG_8038-1536x1152.jpg 1536w, https:\/\/www.radiopiu.net\/wordpress\/wp-content\/uploads\/2020\/08\/IMG_8038-640x480.jpg 640w, https:\/\/www.radiopiu.net\/wordpress\/wp-content\/uploads\/2020\/08\/IMG_8038.jpg 1632w\" sizes=\"auto, (max-width: 300px) 100vw, 300px\" \/><\/a>Il balcone panoramico del Nevegal &#8211; Faverghera, \u00e8 costituito da un semicerchio metallico. Il visitatore pu\u00f2 osservare il panorama, e contemporaneamente leggere i nomi delle creste tutt\u2019attorno, riproposti in bassorilievo sul semicerchio. La progettazione \u00e8 stata affidata al raggruppamento temporaneo di professionisti rappresentato dall\u2019architetto Tommaso Del Zenero. Il costo \u00e8 di 48mila euro. Nel dettaglio, \u00e8 stato realizzato in lamiera di acciaio corten e struttura in calcestruzzo armato. \u00c8 provvisto di bussola panoramica di 180 gradi, con intagliati al laser i profili su tre livelli delle montagne circostanti. Si raggiunge dalla strada silvo-pastorale che dal Nevegal prosegue verso il Visentin, poco distante dalla Malga Faverghera e dall\u2019ingresso del Giardino Botanico.<\/p>\n","protected":false},"excerpt":{"rendered":"<p>BELLUNO\u00a0\u00abViviamo in un territorio splendido. Abbiamo il dovere di preservarlo, e questo \u00e8 possibile solo con le persone che abitano e vivono le nostre montagne. Ma abbiamo il dovere anche di condividere \u201cla grande bellezza\u201d con chi viene da fuori\u00bb. Sono le parole con cui il presidente della Provincia di Belluno ha inaugurato questa mattina&hellip;<\/p>\n","protected":false},"author":4,"featured_media":158255,"comment_status":"closed","ping_status":"closed","sticky":false,"template":"","format":"standard","meta":{"_monsterinsights_skip_tracking":false,"_monsterinsights_sitenote_active":false,"_monsterinsights_sitenote_note":"","_monsterinsights_sitenote_category":0,"footnotes":""},"categories":[49],"tags":[],"class_list":["post-158254","post","type-post","status-publish","format-standard","has-post-thumbnail","hentry","category-news-18","category-49","description-off"],"img_url":"https:\/\/www.radiopiu.net\/wordpress\/wp-content\/uploads\/2020\/08\/IMG_8027.jpg","_links":{"self":[{"href":"https:\/\/www.radiopiu.net\/wordpress\/wp-json\/wp\/v2\/posts\/158254","targetHints":{"allow":["GET"]}}],"collection":[{"href":"https:\/\/www.radiopiu.net\/wordpress\/wp-json\/wp\/v2\/posts"}],"about":[{"href":"https:\/\/www.radiopiu.net\/wordpress\/wp-json\/wp\/v2\/types\/post"}],"author":[{"embeddable":true,"href":"https:\/\/www.radiopiu.net\/wordpress\/wp-json\/wp\/v2\/users\/4"}],"replies":[{"embeddable":true,"href":"https:\/\/www.radiopiu.net\/wordpress\/wp-json\/wp\/v2\/comments?post=158254"}],"version-history":[{"count":0,"href":"https:\/\/www.radiopiu.net\/wordpress\/wp-json\/wp\/v2\/posts\/158254\/revisions"}],"wp:featuredmedia":[{"embeddable":true,"href":"https:\/\/www.radiopiu.net\/wordpress\/wp-json\/wp\/v2\/media\/158255"}],"wp:attachment":[{"href":"https:\/\/www.radiopiu.net\/wordpress\/wp-json\/wp\/v2\/media?parent=158254"}],"wp:term":[{"taxonomy":"category","embeddable":true,"href":"https:\/\/www.radiopiu.net\/wordpress\/wp-json\/wp\/v2\/categories?post=158254"},{"taxonomy":"post_tag","embeddable":true,"href":"https:\/\/www.radiopiu.net\/wordpress\/wp-json\/wp\/v2\/tags?post=158254"}],"curies":[{"name":"wp","href":"https:\/\/api.w.org\/{rel}","templated":true}]}}