{"id":158332,"date":"2020-08-31T06:30:42","date_gmt":"2020-08-31T04:30:42","guid":{"rendered":"https:\/\/www.radiopiu.net\/wordpress\/?p=158332"},"modified":"2020-08-31T08:59:03","modified_gmt":"2020-08-31T06:59:03","slug":"giornale-radiopiu-31-agosto-2020-direttore-mirko-mezzacasa","status":"publish","type":"post","link":"https:\/\/www.radiopiu.net\/wordpress\/giornale-radiopiu-31-agosto-2020-direttore-mirko-mezzacasa\/","title":{"rendered":"GIORNALE RADIOPIU 31 AGOSTO 2020 DIRETTORE MIRKO MEZZACASA"},"content":{"rendered":"<h3><strong>PER RICEVERE QUESTO NOTIZIARIO DIRETTAMENTE SUL TUO CELLULARE ISCRIVITI AL CANALE TELEGRAM\u00a0<\/strong><strong>\u201cRADIO PIU\u00a0 INFORMAZIONE<\/strong><\/h3>\n<p><em>ATTENZIONE: LA NUOVA APP PER IOS-IPHONE<\/em><\/p>\n<div>\n<div><a href=\"https:\/\/apps.apple.com\/it\/app\/radio-pi%C3%B9-emittente-agordina\/id1515939845\">https:\/\/apps.apple.com\/it\/app\/radio-pi%C3%B9-emittente-agordina\/id1515939845<\/a><\/div>\n<\/div>\n<div><\/div>\n<div>\n<div dir=\"auto\"><em>ATTENZIONE: LA NUOVA APP RADIO\u00a0 PER ANDROID<\/em><\/div>\n<\/div>\n<p><a href=\"https:\/\/play.google.com\/store\/apps\/details?id=net.radiopiu.iniko\" target=\"_blank\" rel=\"noopener noreferrer\">https:\/\/play.google.com\/store\/apps\/details?id=net.radiopiu.iniko<\/a><\/p>\n<p>&nbsp;<\/p>\n<hr \/>\n<p>&nbsp;<\/p>\n<p><strong><strong class=\"photoswipe-wrapper\"><a class=\"dt-pswp-item pspw-wrap-ready\" href=\"https:\/\/i2.wp.com\/www.radiopiu.net\/wordpress\/wp-content\/uploads\/2018\/08\/ACQUA.jpeg?ssl=1\" data-dt-img-description=\"\" data-large_image_width=\"1280\" data-large_image_height=\"768\"><img loading=\"lazy\" decoding=\"async\" class=\"wp-image-57052 alignleft\" src=\"https:\/\/i2.wp.com\/www.radiopiu.net\/wordpress\/wp-content\/uploads\/2018\/08\/ACQUA.jpeg?resize=198%2C119&amp;ssl=1\" sizes=\"auto, (max-width: 198px) 100vw, 198px\" srcset=\"https:\/\/i2.wp.com\/www.radiopiu.net\/wordpress\/wp-content\/uploads\/2018\/08\/ACQUA.jpeg?resize=300%2C180&amp;ssl=1 300w, https:\/\/i2.wp.com\/www.radiopiu.net\/wordpress\/wp-content\/uploads\/2018\/08\/ACQUA.jpeg?resize=768%2C461&amp;ssl=1 768w, https:\/\/i2.wp.com\/www.radiopiu.net\/wordpress\/wp-content\/uploads\/2018\/08\/ACQUA.jpeg?resize=1024%2C614&amp;ssl=1 1024w, https:\/\/i2.wp.com\/www.radiopiu.net\/wordpress\/wp-content\/uploads\/2018\/08\/ACQUA.jpeg?w=1280&amp;ssl=1 1280w\" alt=\"\" width=\"198\" height=\"119\" data-recalc-dims=\"1\" \/><\/a><\/strong>SAN TOMASO AGORDINO<\/strong> nelle localit\u00e0 ROI E PIANEZZE l\u2019acqua erogata dall\u2019acquedotto non \u00e8 potabile e non pu\u00f2 essere usata per scopi alimentari nemmeno mediante bollitura. Viene effettuato da settimane un servizio sostitutivo con autobotte.<\/p>\n<p>&nbsp;<\/p>\n<p>&nbsp;<\/p>\n<p>&nbsp;<\/p>\n<hr \/>\n<p>&nbsp;<\/p>\n<blockquote>\n<h3>BLACK OUT A VALLADA: DOMANI 4 ORE SENZA CORRENTE<\/h3>\n<\/blockquote>\n<p><strong><a class=\"dt-pswp-item\" href=\"https:\/\/www.radiopiu.net\/wordpress\/wp-content\/uploads\/2020\/08\/a26c9737-a77d-45c3-adcf-eb4c3eb40e21.jpg\" data-dt-img-description=\"\" data-large_image_width=\"900\" data-large_image_height=\"1600\"><img loading=\"lazy\" decoding=\"async\" class=\"size-medium wp-image-157905 alignleft\" src=\"https:\/\/www.radiopiu.net\/wordpress\/wp-content\/uploads\/2020\/08\/a26c9737-a77d-45c3-adcf-eb4c3eb40e21-169x300.jpg\" alt=\"\" width=\"169\" height=\"300\" srcset=\"https:\/\/www.radiopiu.net\/wordpress\/wp-content\/uploads\/2020\/08\/a26c9737-a77d-45c3-adcf-eb4c3eb40e21-169x300.jpg 169w, https:\/\/www.radiopiu.net\/wordpress\/wp-content\/uploads\/2020\/08\/a26c9737-a77d-45c3-adcf-eb4c3eb40e21-576x1024.jpg 576w, https:\/\/www.radiopiu.net\/wordpress\/wp-content\/uploads\/2020\/08\/a26c9737-a77d-45c3-adcf-eb4c3eb40e21-768x1365.jpg 768w, https:\/\/www.radiopiu.net\/wordpress\/wp-content\/uploads\/2020\/08\/a26c9737-a77d-45c3-adcf-eb4c3eb40e21-864x1536.jpg 864w, https:\/\/www.radiopiu.net\/wordpress\/wp-content\/uploads\/2020\/08\/a26c9737-a77d-45c3-adcf-eb4c3eb40e21-270x480.jpg 270w, https:\/\/www.radiopiu.net\/wordpress\/wp-content\/uploads\/2020\/08\/a26c9737-a77d-45c3-adcf-eb4c3eb40e21.jpg 900w\" sizes=\"auto, (max-width: 169px) 100vw, 169px\" \/><\/a>VALLADA<\/strong> Enel comunica che domani dalle 9 alle 13 sar\u00e0 interrotta l&#8217;erogazione di energia elettrica per effettuare lavori sugli impianti. La corrente mancher\u00e0 in frazione Sacchet ed Andrich.<\/p>\n<p>Purtroppo a questa linea elettrica \u00e8 &#8220;agganciata&#8221; anche la postazione radio-televisiva di Monte Celentone, significa che martedi mattina radio e televisioni non riceveranno i segnali dei programmi per la ripetizione verso: Canale d&#8217;Agordo, Caviola, Falcade. E&#8217; interessata anche l&#8217;emittente RADIO PIU&#8217;, infatti non essendo la postazione prevista di gruppi elettrogeni e non avendo l&#8217;Enel previsto soluzioni alternative la radio sar\u00e0 spenta per 4 ore.<\/p>\n<p>Fortunatamente potr\u00e0 scattare il piano B, lo streaming, quindi il segnale radiofonico sar\u00e0 disponibile su cellulari e computer direttamente dal sito internet www.radiopiu.net o ancora meglio tramite la nuova app per IOS e ANDROID disponibile tanto sul sito che negli app store.<\/p>\n<blockquote><p><em>Radio Pi\u00f9 si scusa per il disagio come facilmente intuibile indipendente dalla volont\u00e0 dell&#8217;azienda.<\/em><\/p>\n<p>&nbsp;<\/p><\/blockquote>\n<p>&nbsp;<\/p>\n<hr \/>\n<p>&nbsp;<\/p>\n<blockquote>\n<h3>MALTEMPO VENETO: GLI INTERVENTI DEI VIGILI DEL FUOCO<\/h3>\n<\/blockquote>\n<p><strong><a class=\"dt-pswp-item\" href=\"https:\/\/www.radiopiu.net\/wordpress\/wp-content\/uploads\/2020\/08\/94182206-9bd5-42bc-9b65-b766cc5b53f4.jpg\" data-dt-img-description=\"\" data-large_image_width=\"1280\" data-large_image_height=\"720\"><img loading=\"lazy\" decoding=\"async\" class=\"size-medium wp-image-158636 alignleft\" src=\"https:\/\/www.radiopiu.net\/wordpress\/wp-content\/uploads\/2020\/08\/94182206-9bd5-42bc-9b65-b766cc5b53f4-300x169.jpg\" alt=\"\" width=\"300\" height=\"169\" srcset=\"https:\/\/www.radiopiu.net\/wordpress\/wp-content\/uploads\/2020\/08\/94182206-9bd5-42bc-9b65-b766cc5b53f4-300x169.jpg 300w, https:\/\/www.radiopiu.net\/wordpress\/wp-content\/uploads\/2020\/08\/94182206-9bd5-42bc-9b65-b766cc5b53f4-1024x576.jpg 1024w, https:\/\/www.radiopiu.net\/wordpress\/wp-content\/uploads\/2020\/08\/94182206-9bd5-42bc-9b65-b766cc5b53f4-768x432.jpg 768w, https:\/\/www.radiopiu.net\/wordpress\/wp-content\/uploads\/2020\/08\/94182206-9bd5-42bc-9b65-b766cc5b53f4-640x360.jpg 640w, https:\/\/www.radiopiu.net\/wordpress\/wp-content\/uploads\/2020\/08\/94182206-9bd5-42bc-9b65-b766cc5b53f4.jpg 1280w\" sizes=\"auto, (max-width: 300px) 100vw, 300px\" \/><\/a>VENEZIA <\/strong>Sono oltre 600 le richieste d\u2019intervento arrivate alle sale operative dei vigili del fuoco per la nuova ondata di maltempo che nel pomeriggio di sabato ha colpito il Veneto, in particolar modo la provincia di Vicenza e Verona, ma interessando anche Treviso, Belluno e Padova. Il dispositivo di soccorso \u00e8 stato rinforzato con il richiamo di personale libero dal servizio e l\u2019impiego di squadre dei comandi limitrofi non interessati dal maltempo. Vicenza, eseguiti dalle 15:30, 51 interventi eseguiti, 167 in attesa. Particolarmente colpita <a class=\"dt-pswp-item\" href=\"https:\/\/www.radiopiu.net\/wordpress\/wp-content\/uploads\/2020\/08\/e4283ceb-a368-42c4-abc2-59230913aafe.jpg\" data-dt-img-description=\"\" data-large_image_width=\"1280\" data-large_image_height=\"960\"><img loading=\"lazy\" decoding=\"async\" class=\"size-medium wp-image-158637 alignright\" src=\"https:\/\/www.radiopiu.net\/wordpress\/wp-content\/uploads\/2020\/08\/e4283ceb-a368-42c4-abc2-59230913aafe-300x225.jpg\" alt=\"\" width=\"300\" height=\"225\" srcset=\"https:\/\/www.radiopiu.net\/wordpress\/wp-content\/uploads\/2020\/08\/e4283ceb-a368-42c4-abc2-59230913aafe-300x225.jpg 300w, https:\/\/www.radiopiu.net\/wordpress\/wp-content\/uploads\/2020\/08\/e4283ceb-a368-42c4-abc2-59230913aafe-1024x768.jpg 1024w, https:\/\/www.radiopiu.net\/wordpress\/wp-content\/uploads\/2020\/08\/e4283ceb-a368-42c4-abc2-59230913aafe-768x576.jpg 768w, https:\/\/www.radiopiu.net\/wordpress\/wp-content\/uploads\/2020\/08\/e4283ceb-a368-42c4-abc2-59230913aafe-640x480.jpg 640w, https:\/\/www.radiopiu.net\/wordpress\/wp-content\/uploads\/2020\/08\/e4283ceb-a368-42c4-abc2-59230913aafe.jpg 1280w\" sizes=\"auto, (max-width: 300px) 100vw, 300px\" \/><\/a>dal maltempo la citt\u00e0 di Arzignano e Trissino con forti raffiche di vento, che hanno provocato la caduta di alberi, cartelloni stradali, antenne che hanno bloccato le strade e lo scoperchiamento di decine e decine di abitazioni e aziende. Al momento stanno operando 10 squadre con l\u2019utilizzo di 6 autoscale arrivate dai comandi limitrofi per coprire i tetti scoperchiati. Comuni interessati dal maltempo: isola Vicentina, Pianezze, Marostica, Montecchio Precalcino, Castelgomberto, Chiampo, Villaverla, Thiene, Valli del Pasubio, Montorso, Bassano del Grappa, Monte di Malo. Verona, continuazione ininterrotta delle squadre dei vigili del fuoco per il maltempo. Eseguiti nella giornata odierna 67 interventi di soccorso in attesa 167 chiamate, per alberi pericolanti, allagamenti, rimozione elementi pericolanti. Comuni interessati dal nubifragio nella giornata odierna: Verona, Trevenzuolo, Tregnago, Casalina, Montecchia di Crosara, Ronc\u00e0, Soave, Colognola ai Colli, Caldiero, Zevio, San Pietro in Cariano, Caldiero, Cazzano di Tramigna, San Martino Buon Albergo, Lavagno, Illasi, San Giovanni Lupatoto.<br \/>\n<a class=\"dt-pswp-item\" href=\"https:\/\/www.radiopiu.net\/wordpress\/wp-content\/uploads\/2020\/08\/f31fc476-baf8-4f4a-8138-b5043c124ce9.jpg\" data-dt-img-description=\"\" data-large_image_width=\"960\" data-large_image_height=\"1280\"><img loading=\"lazy\" decoding=\"async\" class=\" wp-image-158638 alignleft\" src=\"https:\/\/www.radiopiu.net\/wordpress\/wp-content\/uploads\/2020\/08\/f31fc476-baf8-4f4a-8138-b5043c124ce9-225x300.jpg\" alt=\"\" width=\"259\" height=\"345\" srcset=\"https:\/\/www.radiopiu.net\/wordpress\/wp-content\/uploads\/2020\/08\/f31fc476-baf8-4f4a-8138-b5043c124ce9-225x300.jpg 225w, https:\/\/www.radiopiu.net\/wordpress\/wp-content\/uploads\/2020\/08\/f31fc476-baf8-4f4a-8138-b5043c124ce9-768x1024.jpg 768w, https:\/\/www.radiopiu.net\/wordpress\/wp-content\/uploads\/2020\/08\/f31fc476-baf8-4f4a-8138-b5043c124ce9-360x480.jpg 360w, https:\/\/www.radiopiu.net\/wordpress\/wp-content\/uploads\/2020\/08\/f31fc476-baf8-4f4a-8138-b5043c124ce9.jpg 960w\" sizes=\"auto, (max-width: 259px) 100vw, 259px\" \/><\/a>Treviso: 16 interventi gi\u00e0 eseguiti dai vigili del fuoco per il maltempo che dal tardo pomeriggio ha interessato anche la provincia di Treviso. Rimangono in attesa 66 richieste per allagamenti rimozione rami piante e verifiche statiche. Comuni maggiormente colpiti: Vittorio Veneto, Conegliano, Paese, Cison Valmarino, Refrontolo, Farra di Soligo, Cordignano, Treviso, Fregona, Montebelluna, San Zenone degli Ezzelini, Pieve di Soligo. Belluno: 41 interventi gi\u00e0 eseguiti dai vigili del fuoco, 16 in attesa. Operazioni di soccorso per frane smottamenti, allagamenti rimozione piante ed elementi pericolanti. Comuni maggiormente interessati: Feltre, Quero, Feltre, Pieve D&#8217;Alpago, San Vito di Cadore, Auronzo di Cadore, Cortina d&#8217;Ampezzo, Borgo San Nicol\u00f2, Belluno, Limana, Borca di Cadore, Comelico, Agordo, Se dico, Sospirolo, Falcade, ponte nelle Alpi, Cesio Maggiore. Padova: 44 interventi gi\u00e0 eseguiti dai vigili del fuoco e 5 in corso di svolgimento per il taglio di piante la rimozione di elementi pericolanti e allagamenti. Comuni interessati: Este, Merlara, Fontaniva, Castelbaldo, San Piero in Gu, Cittadella, Teolo, Rovolon, Saccolongo, Conselve, Ospedaletto Euganeo, Carceri.<\/p>\n<p>&nbsp;<\/p>\n<p>&nbsp;<\/p>\n<p>&nbsp;<\/p>\n<hr \/>\n<p>&nbsp;<\/p>\n<blockquote>\n<h3>FULMINE SULL\u2019ABITAZIONE DI VIA LUNGO LAGO: \u201cQUANTA PAURA\u201d IL RACCONTO DI AMEDEO FRANCESCHINI<\/h3>\n<\/blockquote>\n<p><strong>ALLEGHE<\/strong> Il maltempo che ha interessato anche Alleghe ha allertato i pompieri volontari di Caprile, sabato sera sono infatti intervenuti sul lungo lago di Alleghe. Diversamente dagli interventi precedenti per il ripristino della viabilit\u00e0 gli uomini in rosso sono stati allertati per un pricipio d&#8217;incendio in un&#8217;abitazione. Alle 22.30 una casa \u00e8 stata colpita da un fulmine ma fortunatamente non si sono generate le temute fiamme. Vigili del fuoco In intervento con l&#8217; A.P.S. e una squadra, sul posto anche i colleghi permanenti di Agordo.<\/p>\n<p>&nbsp;<\/p>\n<p><strong>LA TESTIMONIANZA DI AMEDEO FRANCESCHINI<\/strong><\/p>\n<audio class=\"wp-audio-shortcode\" id=\"audio-158332-1\" preload=\"none\" style=\"width: 100%;\" controls=\"controls\"><source type=\"audio\/mpeg\" src=\"https:\/\/www.radiopiu.net\/wordpress\/wp-content\/uploads\/2020\/08\/AMEDEO-FRANCESCHINI-FULMINE.mp3?_=1\" \/><a href=\"https:\/\/www.radiopiu.net\/wordpress\/wp-content\/uploads\/2020\/08\/AMEDEO-FRANCESCHINI-FULMINE.mp3\">https:\/\/www.radiopiu.net\/wordpress\/wp-content\/uploads\/2020\/08\/AMEDEO-FRANCESCHINI-FULMINE.mp3<\/a><\/audio>\n<p>&nbsp;<\/p>\n<p>&nbsp;<\/p>\n\n\t\t\t<style type='text\/css'>\n\t\t\t\t#gallery-1 {\n\t\t\t\t\tmargin: auto;\n\t\t\t\t}\n\t\t\t\t#gallery-1 .gallery-item {\n\t\t\t\t\tfloat: left;\n\t\t\t\t\tmargin-top: 10px;\n\t\t\t\t\ttext-align: center;\n\t\t\t\t\twidth: 50%;\n\t\t\t\t}\n\t\t\t\t#gallery-1 img {\n\t\t\t\t\tborder: 2px solid #cfcfcf;\n\t\t\t\t}\n\t\t\t\t#gallery-1 .gallery-caption {\n\t\t\t\t\tmargin-left: 0;\n\t\t\t\t}\n\t\t\t\t\/* see gallery_shortcode() in wp-includes\/media.php *\/\n\t\t\t<\/style>\n\t\t<div id='gallery-1' class='dt-gallery-container gallery galleryid-158332 gallery-columns-2 gallery-size-medium'><dl class='gallery-item'>\n\t\t\t\t<dt class='gallery-icon portrait'>\n\t\t\t\t\t<a class=\"rollover\" href='https:\/\/www.radiopiu.net\/wordpress\/fulmine-in-casa\/b0826fc2-bcfd-4892-a62e-c269b707ec90\/'><img loading=\"lazy\" decoding=\"async\" width=\"225\" height=\"300\" src=\"https:\/\/www.radiopiu.net\/wordpress\/wp-content\/uploads\/2020\/08\/b0826fc2-bcfd-4892-a62e-c269b707ec90-225x300.jpg\" class=\"attachment-medium size-medium\" alt=\"\" srcset=\"https:\/\/www.radiopiu.net\/wordpress\/wp-content\/uploads\/2020\/08\/b0826fc2-bcfd-4892-a62e-c269b707ec90-225x300.jpg 225w, https:\/\/www.radiopiu.net\/wordpress\/wp-content\/uploads\/2020\/08\/b0826fc2-bcfd-4892-a62e-c269b707ec90-360x480.jpg 360w, https:\/\/www.radiopiu.net\/wordpress\/wp-content\/uploads\/2020\/08\/b0826fc2-bcfd-4892-a62e-c269b707ec90.jpg 720w\" sizes=\"auto, (max-width: 225px) 100vw, 225px\" \/><\/a>\n\t\t\t\t<\/dt><\/dl><dl class='gallery-item'>\n\t\t\t\t<dt class='gallery-icon landscape'>\n\t\t\t\t\t<a class=\"rollover\" href='https:\/\/www.radiopiu.net\/wordpress\/fulmine-in-casa\/36d53431-b3b3-4e59-9805-0400e951b47d\/'><img loading=\"lazy\" decoding=\"async\" width=\"300\" height=\"225\" src=\"https:\/\/www.radiopiu.net\/wordpress\/wp-content\/uploads\/2020\/08\/36d53431-b3b3-4e59-9805-0400e951b47d-300x225.jpg\" class=\"attachment-medium size-medium\" alt=\"\" srcset=\"https:\/\/www.radiopiu.net\/wordpress\/wp-content\/uploads\/2020\/08\/36d53431-b3b3-4e59-9805-0400e951b47d-300x225.jpg 300w, https:\/\/www.radiopiu.net\/wordpress\/wp-content\/uploads\/2020\/08\/36d53431-b3b3-4e59-9805-0400e951b47d-768x576.jpg 768w, https:\/\/www.radiopiu.net\/wordpress\/wp-content\/uploads\/2020\/08\/36d53431-b3b3-4e59-9805-0400e951b47d-640x480.jpg 640w, https:\/\/www.radiopiu.net\/wordpress\/wp-content\/uploads\/2020\/08\/36d53431-b3b3-4e59-9805-0400e951b47d.jpg 960w\" sizes=\"auto, (max-width: 300px) 100vw, 300px\" \/><\/a>\n\t\t\t\t<\/dt><\/dl><br style=\"clear: both\" \/>\n\t\t\t<\/div>\n\n<p>&nbsp;<\/p>\n<hr \/>\n<p>&nbsp;<\/p>\n<blockquote>\n<h3>STRADA PER IL CARESTIATO, PARLA IL GESTORE DEL RIFUGIO DIEGO FAVERO<\/h3>\n<\/blockquote>\n<p><strong>AGORDO <\/strong>La notizia \u00e8 di sabato sera. Le piogge delle ultime ore hanno creato danni notevoli alla strada che porta al Rifugio Carestiato. Abbiamo sentito il gestore del rifugio Diego Favero.<\/p>\n<audio class=\"wp-audio-shortcode\" id=\"audio-158332-2\" preload=\"none\" style=\"width: 100%;\" controls=\"controls\"><source type=\"audio\/mpeg\" src=\"https:\/\/www.radiopiu.net\/wordpress\/wp-content\/uploads\/2020\/08\/DIEGO-FAVERO-CARESTIATO-FRANA.mp3?_=2\" \/><a href=\"https:\/\/www.radiopiu.net\/wordpress\/wp-content\/uploads\/2020\/08\/DIEGO-FAVERO-CARESTIATO-FRANA.mp3\">https:\/\/www.radiopiu.net\/wordpress\/wp-content\/uploads\/2020\/08\/DIEGO-FAVERO-CARESTIATO-FRANA.mp3<\/a><\/audio>\n<p>I mezzi della Fratelli de Pr\u00e0 sede di Agordo in azione verso il Carestiato<\/p>\n\n\t\t\t<style type='text\/css'>\n\t\t\t\t#gallery-2 {\n\t\t\t\t\tmargin: auto;\n\t\t\t\t}\n\t\t\t\t#gallery-2 .gallery-item {\n\t\t\t\t\tfloat: left;\n\t\t\t\t\tmargin-top: 10px;\n\t\t\t\t\ttext-align: center;\n\t\t\t\t\twidth: 50%;\n\t\t\t\t}\n\t\t\t\t#gallery-2 img {\n\t\t\t\t\tborder: 2px solid #cfcfcf;\n\t\t\t\t}\n\t\t\t\t#gallery-2 .gallery-caption {\n\t\t\t\t\tmargin-left: 0;\n\t\t\t\t}\n\t\t\t\t\/* see gallery_shortcode() in wp-includes\/media.php *\/\n\t\t\t<\/style>\n\t\t<div id='gallery-2' class='dt-gallery-container gallery galleryid-158332 gallery-columns-2 gallery-size-medium'><dl class='gallery-item'>\n\t\t\t\t<dt class='gallery-icon landscape'>\n\t\t\t\t\t<a class=\"rollover rollover-zoom dt-pswp-item\" title=\"3390BB2B-C4AA-4AFB-8AC4-D206FF65DFB1\" data-dt-img-description=\"\" data-large_image_width=\"1600\" data-large_image_height=\"1200\"href='https:\/\/www.radiopiu.net\/wordpress\/wp-content\/uploads\/2020\/08\/3390BB2B-C4AA-4AFB-8AC4-D206FF65DFB1.jpeg'><img loading=\"lazy\" decoding=\"async\" width=\"300\" height=\"225\" src=\"https:\/\/www.radiopiu.net\/wordpress\/wp-content\/uploads\/2020\/08\/3390BB2B-C4AA-4AFB-8AC4-D206FF65DFB1-300x225.jpeg\" class=\"attachment-medium size-medium\" alt=\"\" srcset=\"https:\/\/www.radiopiu.net\/wordpress\/wp-content\/uploads\/2020\/08\/3390BB2B-C4AA-4AFB-8AC4-D206FF65DFB1-300x225.jpeg 300w, https:\/\/www.radiopiu.net\/wordpress\/wp-content\/uploads\/2020\/08\/3390BB2B-C4AA-4AFB-8AC4-D206FF65DFB1-1024x768.jpeg 1024w, https:\/\/www.radiopiu.net\/wordpress\/wp-content\/uploads\/2020\/08\/3390BB2B-C4AA-4AFB-8AC4-D206FF65DFB1-768x576.jpeg 768w, https:\/\/www.radiopiu.net\/wordpress\/wp-content\/uploads\/2020\/08\/3390BB2B-C4AA-4AFB-8AC4-D206FF65DFB1-1536x1152.jpeg 1536w, https:\/\/www.radiopiu.net\/wordpress\/wp-content\/uploads\/2020\/08\/3390BB2B-C4AA-4AFB-8AC4-D206FF65DFB1-640x480.jpeg 640w, https:\/\/www.radiopiu.net\/wordpress\/wp-content\/uploads\/2020\/08\/3390BB2B-C4AA-4AFB-8AC4-D206FF65DFB1.jpeg 1600w\" sizes=\"auto, (max-width: 300px) 100vw, 300px\" \/><\/a>\n\t\t\t\t<\/dt><\/dl><dl class='gallery-item'>\n\t\t\t\t<dt class='gallery-icon landscape'>\n\t\t\t\t\t<a class=\"rollover rollover-zoom dt-pswp-item\" title=\"8FAF0F43-929B-46AF-9A82-EEED60E544A1\" data-dt-img-description=\"\" data-large_image_width=\"1600\" data-large_image_height=\"900\"href='https:\/\/www.radiopiu.net\/wordpress\/wp-content\/uploads\/2020\/08\/8FAF0F43-929B-46AF-9A82-EEED60E544A1.jpeg'><img loading=\"lazy\" decoding=\"async\" width=\"300\" height=\"169\" src=\"https:\/\/www.radiopiu.net\/wordpress\/wp-content\/uploads\/2020\/08\/8FAF0F43-929B-46AF-9A82-EEED60E544A1-300x169.jpeg\" class=\"attachment-medium size-medium\" alt=\"\" srcset=\"https:\/\/www.radiopiu.net\/wordpress\/wp-content\/uploads\/2020\/08\/8FAF0F43-929B-46AF-9A82-EEED60E544A1-300x169.jpeg 300w, https:\/\/www.radiopiu.net\/wordpress\/wp-content\/uploads\/2020\/08\/8FAF0F43-929B-46AF-9A82-EEED60E544A1-1024x576.jpeg 1024w, https:\/\/www.radiopiu.net\/wordpress\/wp-content\/uploads\/2020\/08\/8FAF0F43-929B-46AF-9A82-EEED60E544A1-768x432.jpeg 768w, https:\/\/www.radiopiu.net\/wordpress\/wp-content\/uploads\/2020\/08\/8FAF0F43-929B-46AF-9A82-EEED60E544A1-1536x864.jpeg 1536w, https:\/\/www.radiopiu.net\/wordpress\/wp-content\/uploads\/2020\/08\/8FAF0F43-929B-46AF-9A82-EEED60E544A1-640x360.jpeg 640w, https:\/\/www.radiopiu.net\/wordpress\/wp-content\/uploads\/2020\/08\/8FAF0F43-929B-46AF-9A82-EEED60E544A1.jpeg 1600w\" sizes=\"auto, (max-width: 300px) 100vw, 300px\" \/><\/a>\n\t\t\t\t<\/dt><\/dl><br style=\"clear: both\" \/>\n\t\t\t<\/div>\n\n<p><strong><br \/>\nLA NOTIZIA\u00a0<\/strong><\/p>\n<blockquote class=\"wp-embedded-content\" data-secret=\"P2whgmZ692\"><p><a href=\"https:\/\/www.radiopiu.net\/wordpress\/franata-la-strada-che-porta-al-rifugio-carestiato\/\">FRANATA PARTE DELLA STRADA CHE PORTA AL RIFUGIO CARESTIATO<\/a><\/p><\/blockquote>\n<p><iframe loading=\"lazy\" class=\"wp-embedded-content\" sandbox=\"allow-scripts\" security=\"restricted\" style=\"position: absolute; clip: rect(1px, 1px, 1px, 1px);\" title=\"&#8220;FRANATA PARTE DELLA STRADA CHE PORTA AL RIFUGIO CARESTIATO&#8221; &#8212; Radio Pi\u00f9\" src=\"https:\/\/www.radiopiu.net\/wordpress\/franata-la-strada-che-porta-al-rifugio-carestiato\/embed\/#?secret=P2whgmZ692\" data-secret=\"P2whgmZ692\" width=\"600\" height=\"338\" frameborder=\"0\" marginwidth=\"0\" marginheight=\"0\" scrolling=\"no\"><\/iframe><\/p>\n<p>&nbsp;<\/p>\n<hr \/>\n<p>&nbsp;<\/p>\n<blockquote>\n<h2>MALTEMPO IN AGORDINO: IL SERVIZIO RIASSUNTIVO DI GIANNI SANTOMASO<\/h2>\n<\/blockquote>\n<audio class=\"wp-audio-shortcode\" id=\"audio-158332-3\" preload=\"none\" style=\"width: 100%;\" controls=\"controls\"><source type=\"audio\/mpeg\" src=\"https:\/\/www.radiopiu.net\/wordpress\/wp-content\/uploads\/2020\/08\/gianni-maltempo-agordino.mp3?_=3\" \/><a href=\"https:\/\/www.radiopiu.net\/wordpress\/wp-content\/uploads\/2020\/08\/gianni-maltempo-agordino.mp3\">https:\/\/www.radiopiu.net\/wordpress\/wp-content\/uploads\/2020\/08\/gianni-maltempo-agordino.mp3<\/a><\/audio>\n<p>&nbsp;<\/p>\n<hr \/>\n<p>&nbsp;<\/p>\n<blockquote class=\"wp-embedded-content\" data-secret=\"xZqulwBQu3\"><p><a href=\"https:\/\/www.radiopiu.net\/wordpress\/il-livello-del-lago-di-alleghe-si-sta-alzando\/\">GLI AGGIORNAMENTI DAL LAGO DI ALLEGHE<\/a><\/p><\/blockquote>\n<p><iframe loading=\"lazy\" class=\"wp-embedded-content\" sandbox=\"allow-scripts\" security=\"restricted\" style=\"position: absolute; clip: rect(1px, 1px, 1px, 1px);\" title=\"&#8220;GLI AGGIORNAMENTI DAL LAGO DI ALLEGHE&#8221; &#8212; Radio Pi\u00f9\" src=\"https:\/\/www.radiopiu.net\/wordpress\/il-livello-del-lago-di-alleghe-si-sta-alzando\/embed\/#?secret=xZqulwBQu3\" data-secret=\"xZqulwBQu3\" width=\"600\" height=\"338\" frameborder=\"0\" marginwidth=\"0\" marginheight=\"0\" scrolling=\"no\"><\/iframe><\/p>\n<p>&nbsp;<\/p>\n<hr \/>\n<p>&nbsp;<\/p>\n<blockquote class=\"wp-embedded-content\" data-secret=\"Kg7KJKtskk\"><p><a href=\"https:\/\/www.radiopiu.net\/wordpress\/il-biois-in-localita-molino-di-falcade\/\">IL BIOIS IN LOCALIT\u00e0 MOLINO DI FALCADE<\/a><\/p><\/blockquote>\n<p><iframe loading=\"lazy\" class=\"wp-embedded-content\" sandbox=\"allow-scripts\" security=\"restricted\" style=\"position: absolute; clip: rect(1px, 1px, 1px, 1px);\" title=\"&#8220;IL BIOIS IN LOCALIT\u00e0 MOLINO DI FALCADE&#8221; &#8212; Radio Pi\u00f9\" src=\"https:\/\/www.radiopiu.net\/wordpress\/il-biois-in-localita-molino-di-falcade\/embed\/#?secret=Kg7KJKtskk\" data-secret=\"Kg7KJKtskk\" width=\"600\" height=\"338\" frameborder=\"0\" marginwidth=\"0\" marginheight=\"0\" scrolling=\"no\"><\/iframe><\/p>\n<p>&nbsp;<\/p>\n<hr \/>\n<p>&nbsp;<\/p>\n<blockquote class=\"wp-embedded-content\" data-secret=\"NQsPmN4Wxg\"><p><a href=\"https:\/\/www.radiopiu.net\/wordpress\/il-cordevole-a-cencenighe-foto-e-video\/\">IL CORDEVOLE A CENCENIGHE &#8211; foto e video<\/a><\/p><\/blockquote>\n<p><iframe loading=\"lazy\" class=\"wp-embedded-content\" sandbox=\"allow-scripts\" security=\"restricted\" style=\"position: absolute; clip: rect(1px, 1px, 1px, 1px);\" title=\"&#8220;IL CORDEVOLE A CENCENIGHE &#8211; foto e video&#8221; &#8212; Radio Pi\u00f9\" src=\"https:\/\/www.radiopiu.net\/wordpress\/il-cordevole-a-cencenighe-foto-e-video\/embed\/#?secret=NQsPmN4Wxg\" data-secret=\"NQsPmN4Wxg\" width=\"600\" height=\"338\" frameborder=\"0\" marginwidth=\"0\" marginheight=\"0\" scrolling=\"no\"><\/iframe><\/p>\n<p>&nbsp;<\/p>\n<hr \/>\n<p>&nbsp;<\/p>\n<blockquote class=\"wp-embedded-content\" data-secret=\"nSIrcJMf5t\"><p><a href=\"https:\/\/www.radiopiu.net\/wordpress\/problemi-anche-in-valle-di-gares\/\">PROBLEMI ANCHE IN VALLE DI GARES<\/a><\/p><\/blockquote>\n<p><iframe loading=\"lazy\" class=\"wp-embedded-content\" sandbox=\"allow-scripts\" security=\"restricted\" style=\"position: absolute; clip: rect(1px, 1px, 1px, 1px);\" title=\"&#8220;PROBLEMI ANCHE IN VALLE DI GARES&#8221; &#8212; Radio Pi\u00f9\" src=\"https:\/\/www.radiopiu.net\/wordpress\/problemi-anche-in-valle-di-gares\/embed\/#?secret=nSIrcJMf5t\" data-secret=\"nSIrcJMf5t\" width=\"600\" height=\"338\" frameborder=\"0\" marginwidth=\"0\" marginheight=\"0\" scrolling=\"no\"><\/iframe><\/p>\n<p>&nbsp;<\/p>\n<hr \/>\n<p>&nbsp;<\/p>\n<blockquote class=\"wp-embedded-content\" data-secret=\"QV3qBjrgpd\"><p><a href=\"https:\/\/www.radiopiu.net\/wordpress\/taibon-la-situazione-del-cordevole\/\">TAIBON: LA SITUAZIONE DEL CORDEVOLE<\/a><\/p><\/blockquote>\n<p><iframe loading=\"lazy\" class=\"wp-embedded-content\" sandbox=\"allow-scripts\" security=\"restricted\" style=\"position: absolute; clip: rect(1px, 1px, 1px, 1px);\" title=\"&#8220;TAIBON: LA SITUAZIONE DEL CORDEVOLE&#8221; &#8212; Radio Pi\u00f9\" src=\"https:\/\/www.radiopiu.net\/wordpress\/taibon-la-situazione-del-cordevole\/embed\/#?secret=QV3qBjrgpd\" data-secret=\"QV3qBjrgpd\" width=\"600\" height=\"338\" frameborder=\"0\" marginwidth=\"0\" marginheight=\"0\" scrolling=\"no\"><\/iframe><\/p>\n<p>&nbsp;<\/p>\n<hr \/>\n<p>&nbsp;<\/p>\n<blockquote class=\"wp-embedded-content\" data-secret=\"gJY7LT8EyO\"><p><a href=\"https:\/\/www.radiopiu.net\/wordpress\/il-cordevole-a-ponte-mas\/\">IL CORDEVOLE A PONTE MAS<\/a><\/p><\/blockquote>\n<p><iframe loading=\"lazy\" class=\"wp-embedded-content\" sandbox=\"allow-scripts\" security=\"restricted\" style=\"position: absolute; clip: rect(1px, 1px, 1px, 1px);\" title=\"&#8220;IL CORDEVOLE A PONTE MAS&#8221; &#8212; Radio Pi\u00f9\" src=\"https:\/\/www.radiopiu.net\/wordpress\/il-cordevole-a-ponte-mas\/embed\/#?secret=gJY7LT8EyO\" data-secret=\"gJY7LT8EyO\" width=\"600\" height=\"338\" frameborder=\"0\" marginwidth=\"0\" marginheight=\"0\" scrolling=\"no\"><\/iframe><\/p>\n<p>&nbsp;<\/p>\n<hr \/>\n<h3><\/h3>\n<blockquote class=\"wp-embedded-content\" data-secret=\"KnbamDgYE5\"><p><a href=\"https:\/\/www.radiopiu.net\/wordpress\/le-immagini-della-protezione-civile-da-cortina-e-cadore-2\/\">LE IMMAGINI DELLA PROTEZIONE CIVILE DA CORTINA E CADORE<\/a><\/p><\/blockquote>\n<p><iframe loading=\"lazy\" class=\"wp-embedded-content\" sandbox=\"allow-scripts\" security=\"restricted\" style=\"position: absolute; clip: rect(1px, 1px, 1px, 1px);\" title=\"&#8220;LE IMMAGINI DELLA PROTEZIONE CIVILE DA CORTINA E CADORE&#8221; &#8212; Radio Pi\u00f9\" src=\"https:\/\/www.radiopiu.net\/wordpress\/le-immagini-della-protezione-civile-da-cortina-e-cadore-2\/embed\/#?secret=KnbamDgYE5\" data-secret=\"KnbamDgYE5\" width=\"600\" height=\"338\" frameborder=\"0\" marginwidth=\"0\" marginheight=\"0\" scrolling=\"no\"><\/iframe><\/p>\n<p>&nbsp;<\/p>\n<hr \/>\n<p>&nbsp;<\/p>\n<blockquote>\n<h3>VIGILI DEL FUOCO VOLONTARI DI CAPRILE IN AZIONE A SOTTOGUDA PER UNA COLATA DETRITICA<\/h3>\n<\/blockquote>\n<p><strong>ROCCA PIETORE<\/strong> Intervento dei Vigili del Fuoco Volontari di Caprile\/Rocca Pietore per pulizia piccola colata detritica sopra Sottoguda che non ha creato problemi alla viabilit\u00e0. Fortunatamente pochi e non gravi i problemi che queste intense piogge hanno creato sul territorio di Rocca Pietore. Eventi comunque emblematici riguardo agli innegabili cambiamenti climatici in corso.<\/p>\n\n\t\t\t<style type='text\/css'>\n\t\t\t\t#gallery-3 {\n\t\t\t\t\tmargin: auto;\n\t\t\t\t}\n\t\t\t\t#gallery-3 .gallery-item {\n\t\t\t\t\tfloat: left;\n\t\t\t\t\tmargin-top: 10px;\n\t\t\t\t\ttext-align: center;\n\t\t\t\t\twidth: 33%;\n\t\t\t\t}\n\t\t\t\t#gallery-3 img {\n\t\t\t\t\tborder: 2px solid #cfcfcf;\n\t\t\t\t}\n\t\t\t\t#gallery-3 .gallery-caption {\n\t\t\t\t\tmargin-left: 0;\n\t\t\t\t}\n\t\t\t\t\/* see gallery_shortcode() in wp-includes\/media.php *\/\n\t\t\t<\/style>\n\t\t<div id='gallery-3' class='dt-gallery-container gallery galleryid-158332 gallery-columns-3 gallery-size-thumbnail'><dl class='gallery-item'>\n\t\t\t\t<dt class='gallery-icon landscape'>\n\t\t\t\t\t<a class=\"rollover rollover-zoom dt-pswp-item\" title=\"c82ddf4c-8fc1-4df2-8180-a5a2fef734ae\" data-dt-img-description=\"\" data-large_image_width=\"1600\" data-large_image_height=\"903\"href='https:\/\/www.radiopiu.net\/wordpress\/wp-content\/uploads\/2020\/08\/c82ddf4c-8fc1-4df2-8180-a5a2fef734ae.jpg'><img loading=\"lazy\" decoding=\"async\" width=\"150\" height=\"150\" src=\"https:\/\/www.radiopiu.net\/wordpress\/wp-content\/uploads\/2020\/08\/c82ddf4c-8fc1-4df2-8180-a5a2fef734ae-150x150.jpg\" class=\"attachment-thumbnail size-thumbnail\" alt=\"\" srcset=\"https:\/\/www.radiopiu.net\/wordpress\/wp-content\/uploads\/2020\/08\/c82ddf4c-8fc1-4df2-8180-a5a2fef734ae-150x150.jpg 150w, https:\/\/www.radiopiu.net\/wordpress\/wp-content\/uploads\/2020\/08\/c82ddf4c-8fc1-4df2-8180-a5a2fef734ae-125x125.jpg 125w, https:\/\/www.radiopiu.net\/wordpress\/wp-content\/uploads\/2020\/08\/c82ddf4c-8fc1-4df2-8180-a5a2fef734ae-200x200.jpg 200w, https:\/\/www.radiopiu.net\/wordpress\/wp-content\/uploads\/2020\/08\/c82ddf4c-8fc1-4df2-8180-a5a2fef734ae-80x80.jpg 80w\" sizes=\"auto, (max-width: 150px) 100vw, 150px\" \/><\/a>\n\t\t\t\t<\/dt><\/dl><dl class='gallery-item'>\n\t\t\t\t<dt class='gallery-icon portrait'>\n\t\t\t\t\t<a class=\"rollover rollover-zoom dt-pswp-item\" title=\"78de65e0-7907-4a2b-8480-94b7a8327f1b\" data-dt-img-description=\"\" data-large_image_width=\"903\" data-large_image_height=\"1600\"href='https:\/\/www.radiopiu.net\/wordpress\/wp-content\/uploads\/2020\/08\/78de65e0-7907-4a2b-8480-94b7a8327f1b.jpg'><img loading=\"lazy\" decoding=\"async\" width=\"150\" height=\"150\" src=\"https:\/\/www.radiopiu.net\/wordpress\/wp-content\/uploads\/2020\/08\/78de65e0-7907-4a2b-8480-94b7a8327f1b-150x150.jpg\" class=\"attachment-thumbnail size-thumbnail\" alt=\"\" srcset=\"https:\/\/www.radiopiu.net\/wordpress\/wp-content\/uploads\/2020\/08\/78de65e0-7907-4a2b-8480-94b7a8327f1b-150x150.jpg 150w, https:\/\/www.radiopiu.net\/wordpress\/wp-content\/uploads\/2020\/08\/78de65e0-7907-4a2b-8480-94b7a8327f1b-125x125.jpg 125w, https:\/\/www.radiopiu.net\/wordpress\/wp-content\/uploads\/2020\/08\/78de65e0-7907-4a2b-8480-94b7a8327f1b-200x200.jpg 200w, https:\/\/www.radiopiu.net\/wordpress\/wp-content\/uploads\/2020\/08\/78de65e0-7907-4a2b-8480-94b7a8327f1b-80x80.jpg 80w\" sizes=\"auto, (max-width: 150px) 100vw, 150px\" \/><\/a>\n\t\t\t\t<\/dt><\/dl><dl class='gallery-item'>\n\t\t\t\t<dt class='gallery-icon landscape'>\n\t\t\t\t\t<a class=\"rollover rollover-zoom dt-pswp-item\" title=\"fd8c9101-6f4f-4355-aadd-bc76c8980d54\" data-dt-img-description=\"\" data-large_image_width=\"1600\" data-large_image_height=\"903\"href='https:\/\/www.radiopiu.net\/wordpress\/wp-content\/uploads\/2020\/08\/fd8c9101-6f4f-4355-aadd-bc76c8980d54.jpg'><img loading=\"lazy\" decoding=\"async\" width=\"150\" height=\"150\" src=\"https:\/\/www.radiopiu.net\/wordpress\/wp-content\/uploads\/2020\/08\/fd8c9101-6f4f-4355-aadd-bc76c8980d54-150x150.jpg\" class=\"attachment-thumbnail size-thumbnail\" alt=\"\" srcset=\"https:\/\/www.radiopiu.net\/wordpress\/wp-content\/uploads\/2020\/08\/fd8c9101-6f4f-4355-aadd-bc76c8980d54-150x150.jpg 150w, https:\/\/www.radiopiu.net\/wordpress\/wp-content\/uploads\/2020\/08\/fd8c9101-6f4f-4355-aadd-bc76c8980d54-125x125.jpg 125w, https:\/\/www.radiopiu.net\/wordpress\/wp-content\/uploads\/2020\/08\/fd8c9101-6f4f-4355-aadd-bc76c8980d54-200x200.jpg 200w, https:\/\/www.radiopiu.net\/wordpress\/wp-content\/uploads\/2020\/08\/fd8c9101-6f4f-4355-aadd-bc76c8980d54-80x80.jpg 80w\" sizes=\"auto, (max-width: 150px) 100vw, 150px\" \/><\/a>\n\t\t\t\t<\/dt><\/dl><br style=\"clear: both\" \/><dl class='gallery-item'>\n\t\t\t\t<dt class='gallery-icon landscape'>\n\t\t\t\t\t<a class=\"rollover rollover-zoom dt-pswp-item\" title=\"6822fa4b-21de-4317-a0a9-0fd71bd525c0\" data-dt-img-description=\"\" data-large_image_width=\"1600\" data-large_image_height=\"903\"href='https:\/\/www.radiopiu.net\/wordpress\/wp-content\/uploads\/2020\/08\/6822fa4b-21de-4317-a0a9-0fd71bd525c0.jpg'><img loading=\"lazy\" decoding=\"async\" width=\"150\" height=\"150\" src=\"https:\/\/www.radiopiu.net\/wordpress\/wp-content\/uploads\/2020\/08\/6822fa4b-21de-4317-a0a9-0fd71bd525c0-150x150.jpg\" class=\"attachment-thumbnail size-thumbnail\" alt=\"\" srcset=\"https:\/\/www.radiopiu.net\/wordpress\/wp-content\/uploads\/2020\/08\/6822fa4b-21de-4317-a0a9-0fd71bd525c0-150x150.jpg 150w, https:\/\/www.radiopiu.net\/wordpress\/wp-content\/uploads\/2020\/08\/6822fa4b-21de-4317-a0a9-0fd71bd525c0-125x125.jpg 125w, https:\/\/www.radiopiu.net\/wordpress\/wp-content\/uploads\/2020\/08\/6822fa4b-21de-4317-a0a9-0fd71bd525c0-200x200.jpg 200w, https:\/\/www.radiopiu.net\/wordpress\/wp-content\/uploads\/2020\/08\/6822fa4b-21de-4317-a0a9-0fd71bd525c0-80x80.jpg 80w\" sizes=\"auto, (max-width: 150px) 100vw, 150px\" \/><\/a>\n\t\t\t\t<\/dt><\/dl><dl class='gallery-item'>\n\t\t\t\t<dt class='gallery-icon landscape'>\n\t\t\t\t\t<a class=\"rollover rollover-zoom dt-pswp-item\" title=\"b8cabea5-dee4-46c4-872a-bf9cf6ada21e\" data-dt-img-description=\"\" data-large_image_width=\"1600\" data-large_image_height=\"1200\"href='https:\/\/www.radiopiu.net\/wordpress\/wp-content\/uploads\/2020\/08\/b8cabea5-dee4-46c4-872a-bf9cf6ada21e.jpg'><img loading=\"lazy\" decoding=\"async\" width=\"150\" height=\"150\" src=\"https:\/\/www.radiopiu.net\/wordpress\/wp-content\/uploads\/2020\/08\/b8cabea5-dee4-46c4-872a-bf9cf6ada21e-150x150.jpg\" class=\"attachment-thumbnail size-thumbnail\" alt=\"\" srcset=\"https:\/\/www.radiopiu.net\/wordpress\/wp-content\/uploads\/2020\/08\/b8cabea5-dee4-46c4-872a-bf9cf6ada21e-150x150.jpg 150w, https:\/\/www.radiopiu.net\/wordpress\/wp-content\/uploads\/2020\/08\/b8cabea5-dee4-46c4-872a-bf9cf6ada21e-125x125.jpg 125w, https:\/\/www.radiopiu.net\/wordpress\/wp-content\/uploads\/2020\/08\/b8cabea5-dee4-46c4-872a-bf9cf6ada21e-200x200.jpg 200w, https:\/\/www.radiopiu.net\/wordpress\/wp-content\/uploads\/2020\/08\/b8cabea5-dee4-46c4-872a-bf9cf6ada21e-80x80.jpg 80w\" sizes=\"auto, (max-width: 150px) 100vw, 150px\" \/><\/a>\n\t\t\t\t<\/dt><\/dl><dl class='gallery-item'>\n\t\t\t\t<dt class='gallery-icon landscape'>\n\t\t\t\t\t<a class=\"rollover rollover-zoom dt-pswp-item\" title=\"33d46f13-f709-4e9d-b6c1-bbefb8d5aba8\" data-dt-img-description=\"\" data-large_image_width=\"1600\" data-large_image_height=\"903\"href='https:\/\/www.radiopiu.net\/wordpress\/wp-content\/uploads\/2020\/08\/33d46f13-f709-4e9d-b6c1-bbefb8d5aba8.jpg'><img loading=\"lazy\" decoding=\"async\" width=\"150\" height=\"150\" src=\"https:\/\/www.radiopiu.net\/wordpress\/wp-content\/uploads\/2020\/08\/33d46f13-f709-4e9d-b6c1-bbefb8d5aba8-150x150.jpg\" class=\"attachment-thumbnail size-thumbnail\" alt=\"\" srcset=\"https:\/\/www.radiopiu.net\/wordpress\/wp-content\/uploads\/2020\/08\/33d46f13-f709-4e9d-b6c1-bbefb8d5aba8-150x150.jpg 150w, https:\/\/www.radiopiu.net\/wordpress\/wp-content\/uploads\/2020\/08\/33d46f13-f709-4e9d-b6c1-bbefb8d5aba8-125x125.jpg 125w, https:\/\/www.radiopiu.net\/wordpress\/wp-content\/uploads\/2020\/08\/33d46f13-f709-4e9d-b6c1-bbefb8d5aba8-200x200.jpg 200w, https:\/\/www.radiopiu.net\/wordpress\/wp-content\/uploads\/2020\/08\/33d46f13-f709-4e9d-b6c1-bbefb8d5aba8-80x80.jpg 80w\" sizes=\"auto, (max-width: 150px) 100vw, 150px\" \/><\/a>\n\t\t\t\t<\/dt><\/dl><br style=\"clear: both\" \/>\n\t\t\t<\/div>\n\n<p>&nbsp;<\/p>\n<hr \/>\n<p>&nbsp;<\/p>\n<blockquote>\n<h3>A CORTE DI LIVINALLONGO UN GROSSO MASSO PIOMBA IN STRADA<\/h3>\n<\/blockquote>\n<p><strong><a class=\"dt-pswp-item\" href=\"https:\/\/www.radiopiu.net\/wordpress\/wp-content\/uploads\/2020\/08\/626693c7-29ac-4013-a6a4-b5d5d0948f9d.jpg\" data-dt-img-description=\"\" data-large_image_width=\"1600\" data-large_image_height=\"1200\"><img loading=\"lazy\" decoding=\"async\" class=\"size-medium wp-image-158230 alignleft\" src=\"https:\/\/www.radiopiu.net\/wordpress\/wp-content\/uploads\/2020\/08\/626693c7-29ac-4013-a6a4-b5d5d0948f9d-300x225.jpg\" alt=\"\" width=\"300\" height=\"225\" srcset=\"https:\/\/www.radiopiu.net\/wordpress\/wp-content\/uploads\/2020\/08\/626693c7-29ac-4013-a6a4-b5d5d0948f9d-300x225.jpg 300w, https:\/\/www.radiopiu.net\/wordpress\/wp-content\/uploads\/2020\/08\/626693c7-29ac-4013-a6a4-b5d5d0948f9d-1024x768.jpg 1024w, https:\/\/www.radiopiu.net\/wordpress\/wp-content\/uploads\/2020\/08\/626693c7-29ac-4013-a6a4-b5d5d0948f9d-768x576.jpg 768w, https:\/\/www.radiopiu.net\/wordpress\/wp-content\/uploads\/2020\/08\/626693c7-29ac-4013-a6a4-b5d5d0948f9d-1536x1152.jpg 1536w, https:\/\/www.radiopiu.net\/wordpress\/wp-content\/uploads\/2020\/08\/626693c7-29ac-4013-a6a4-b5d5d0948f9d-640x480.jpg 640w, https:\/\/www.radiopiu.net\/wordpress\/wp-content\/uploads\/2020\/08\/626693c7-29ac-4013-a6a4-b5d5d0948f9d.jpg 1600w\" sizes=\"auto, (max-width: 300px) 100vw, 300px\" \/><\/a>LIVINALLONGO<\/strong> Sabato un masso di grosse dimensioni \u00e8 piombato sulla strada che porta a Corte di Livinallongo. Ne abbiamo parlato con il Sindaco di Livinallongo Del Col Di Lana, Leandro Grones.<\/p>\n<audio class=\"wp-audio-shortcode\" id=\"audio-158332-4\" preload=\"none\" style=\"width: 100%;\" controls=\"controls\"><source type=\"audio\/mpeg\" src=\"https:\/\/www.radiopiu.net\/wordpress\/wp-content\/uploads\/2020\/08\/LEANDRO-GRONES-SASSO-CORTE.mp3?_=4\" \/><a href=\"https:\/\/www.radiopiu.net\/wordpress\/wp-content\/uploads\/2020\/08\/LEANDRO-GRONES-SASSO-CORTE.mp3\">https:\/\/www.radiopiu.net\/wordpress\/wp-content\/uploads\/2020\/08\/LEANDRO-GRONES-SASSO-CORTE.mp3<\/a><\/audio>\n<p>&nbsp;<\/p>\n<hr \/>\n<p>&nbsp;<\/p>\n<blockquote>\n<h3>MALTEMPO IN VENETO, D&#8217;INC\u00c0: &#8220;PROTEZIONE CIVILE FAR\u00c0 STIMA DEI DANNI, IL GOVERNO PRONTO A RISPONDERE&#8221;<\/h3>\n<\/blockquote>\n<p><strong><a class=\"dt-pswp-item\" href=\"https:\/\/www.radiopiu.net\/wordpress\/wp-content\/uploads\/2020\/04\/FEDERICO-DINCA.png\" data-dt-img-description=\"\" data-large_image_width=\"1018\" data-large_image_height=\"1290\"><img loading=\"lazy\" decoding=\"async\" class=\"wp-image-132319 alignleft\" src=\"https:\/\/www.radiopiu.net\/wordpress\/wp-content\/uploads\/2020\/04\/FEDERICO-DINCA-237x300.png\" alt=\"\" width=\"153\" height=\"194\" srcset=\"https:\/\/www.radiopiu.net\/wordpress\/wp-content\/uploads\/2020\/04\/FEDERICO-DINCA-237x300.png 237w, https:\/\/www.radiopiu.net\/wordpress\/wp-content\/uploads\/2020\/04\/FEDERICO-DINCA-808x1024.png 808w, https:\/\/www.radiopiu.net\/wordpress\/wp-content\/uploads\/2020\/04\/FEDERICO-DINCA-768x973.png 768w, https:\/\/www.radiopiu.net\/wordpress\/wp-content\/uploads\/2020\/04\/FEDERICO-DINCA.png 1018w\" sizes=\"auto, (max-width: 153px) 100vw, 153px\" \/><\/a>ROMA\u00a0<\/strong>&#8220;Come gi\u00e0 annunciato nei giorni scorsi, il Governo \u00e8 in prima linea per rispondere ai danni legati all&#8217;emergenza maltempo in Veneto&#8221;.\u00a0Ad affermarlo in una nota \u00e8 Federico D&#8217;Inc\u00e0, Ministro per i Rapporti con il Parlamento che precisa:<br \/>\n&#8220;Stiamo monitorando con attenzione la situazione e proprio questa mattina ho parlato con i Prefetti di Belluno, Vicenza, Verona e Treviso. Sono anche in costante contatto con il Capo della Protezione Civile, Angelo Borrelli, con cui c&#8217;\u00e8 stato un confronto per comprendere la situazione dei territori pi\u00f9 colpiti. I tecnici che la prossima settimana saranno presenti a Verona e nelle zone limitrofe per la verifica dei danni, proseguiranno il lavoro in tutti i territori su cui si \u00e8 abbattuta l&#8217;ondata di maltempo&#8221;.\u00a0Il Ministro per i Rapporti con il Parlamento ribadisce che &#8220;la risposta alla ricognizione dei danni sar\u00e0 rapida e precisa. Il fascicolo arriver\u00e0 in Consiglio dei Ministri e si proceder\u00e0 con le opportune valutazioni. Nessuno dovr\u00e0 essere lasciato indietro e ancora una volta il Governo si far\u00e0 trovare pronto&#8221;.<\/p>\n<p>&nbsp;<\/p>\n<p>&nbsp;<\/p>\n<hr \/>\n<p>&nbsp;<\/p>\n<blockquote>\n<h3><strong>I DATI ARPAV CON I QUANTITATIVI DI PIOGGIA CADUTI<\/strong><\/h3>\n<\/blockquote>\n\n\t\t\t<style type='text\/css'>\n\t\t\t\t#gallery-4 {\n\t\t\t\t\tmargin: auto;\n\t\t\t\t}\n\t\t\t\t#gallery-4 .gallery-item {\n\t\t\t\t\tfloat: left;\n\t\t\t\t\tmargin-top: 10px;\n\t\t\t\t\ttext-align: center;\n\t\t\t\t\twidth: 50%;\n\t\t\t\t}\n\t\t\t\t#gallery-4 img {\n\t\t\t\t\tborder: 2px solid #cfcfcf;\n\t\t\t\t}\n\t\t\t\t#gallery-4 .gallery-caption {\n\t\t\t\t\tmargin-left: 0;\n\t\t\t\t}\n\t\t\t\t\/* see gallery_shortcode() in wp-includes\/media.php *\/\n\t\t\t<\/style>\n\t\t<div id='gallery-4' class='dt-gallery-container gallery galleryid-158332 gallery-columns-2 gallery-size-medium'><dl class='gallery-item'>\n\t\t\t\t<dt class='gallery-icon portrait'>\n\t\t\t\t\t<a class=\"rollover rollover-zoom dt-pswp-item\" title=\"31c98b7a-f867-4aa5-8145-0e08dcc27ee8\" data-dt-img-description=\"\" data-large_image_width=\"1080\" data-large_image_height=\"1563\"href='https:\/\/www.radiopiu.net\/wordpress\/wp-content\/uploads\/2020\/08\/31c98b7a-f867-4aa5-8145-0e08dcc27ee8.jpg'><img loading=\"lazy\" decoding=\"async\" width=\"207\" height=\"300\" src=\"https:\/\/www.radiopiu.net\/wordpress\/wp-content\/uploads\/2020\/08\/31c98b7a-f867-4aa5-8145-0e08dcc27ee8-207x300.jpg\" class=\"attachment-medium size-medium\" alt=\"\" srcset=\"https:\/\/www.radiopiu.net\/wordpress\/wp-content\/uploads\/2020\/08\/31c98b7a-f867-4aa5-8145-0e08dcc27ee8-207x300.jpg 207w, https:\/\/www.radiopiu.net\/wordpress\/wp-content\/uploads\/2020\/08\/31c98b7a-f867-4aa5-8145-0e08dcc27ee8-708x1024.jpg 708w, https:\/\/www.radiopiu.net\/wordpress\/wp-content\/uploads\/2020\/08\/31c98b7a-f867-4aa5-8145-0e08dcc27ee8-768x1111.jpg 768w, https:\/\/www.radiopiu.net\/wordpress\/wp-content\/uploads\/2020\/08\/31c98b7a-f867-4aa5-8145-0e08dcc27ee8-1061x1536.jpg 1061w, https:\/\/www.radiopiu.net\/wordpress\/wp-content\/uploads\/2020\/08\/31c98b7a-f867-4aa5-8145-0e08dcc27ee8-332x480.jpg 332w, https:\/\/www.radiopiu.net\/wordpress\/wp-content\/uploads\/2020\/08\/31c98b7a-f867-4aa5-8145-0e08dcc27ee8.jpg 1080w\" sizes=\"auto, (max-width: 207px) 100vw, 207px\" \/><\/a>\n\t\t\t\t<\/dt><\/dl><dl class='gallery-item'>\n\t\t\t\t<dt class='gallery-icon landscape'>\n\t\t\t\t\t<a class=\"rollover rollover-zoom dt-pswp-item\" title=\"1b28736f-9364-42d2-9a29-7e1ee344c3b7\" data-dt-img-description=\"\" data-large_image_width=\"1077\" data-large_image_height=\"933\"href='https:\/\/www.radiopiu.net\/wordpress\/wp-content\/uploads\/2020\/08\/1b28736f-9364-42d2-9a29-7e1ee344c3b7.jpg'><img loading=\"lazy\" decoding=\"async\" width=\"300\" height=\"260\" src=\"https:\/\/www.radiopiu.net\/wordpress\/wp-content\/uploads\/2020\/08\/1b28736f-9364-42d2-9a29-7e1ee344c3b7-300x260.jpg\" class=\"attachment-medium size-medium\" alt=\"\" srcset=\"https:\/\/www.radiopiu.net\/wordpress\/wp-content\/uploads\/2020\/08\/1b28736f-9364-42d2-9a29-7e1ee344c3b7-300x260.jpg 300w, https:\/\/www.radiopiu.net\/wordpress\/wp-content\/uploads\/2020\/08\/1b28736f-9364-42d2-9a29-7e1ee344c3b7-1024x887.jpg 1024w, https:\/\/www.radiopiu.net\/wordpress\/wp-content\/uploads\/2020\/08\/1b28736f-9364-42d2-9a29-7e1ee344c3b7-768x665.jpg 768w, https:\/\/www.radiopiu.net\/wordpress\/wp-content\/uploads\/2020\/08\/1b28736f-9364-42d2-9a29-7e1ee344c3b7-554x480.jpg 554w, https:\/\/www.radiopiu.net\/wordpress\/wp-content\/uploads\/2020\/08\/1b28736f-9364-42d2-9a29-7e1ee344c3b7.jpg 1077w\" sizes=\"auto, (max-width: 300px) 100vw, 300px\" \/><\/a>\n\t\t\t\t<\/dt><\/dl><br style=\"clear: both\" \/>\n\t\t\t<\/div>\n\n<p>&nbsp;<\/p>\n<p>&nbsp;<\/p>\n<hr \/>\n<p>&nbsp;<\/p>\n<blockquote class=\"wp-embedded-content\" data-secret=\"kpfvbTV3MZ\"><p><a href=\"https:\/\/www.radiopiu.net\/wordpress\/coronavirus-aggiornamento-nazionale-30-agosto\/\">CORONAVIRUS: AGGIORNAMENTO NAZIONALE 30 AGOSTO<\/a><\/p><\/blockquote>\n<p><iframe loading=\"lazy\" class=\"wp-embedded-content\" sandbox=\"allow-scripts\" security=\"restricted\" style=\"position: absolute; clip: rect(1px, 1px, 1px, 1px);\" title=\"&#8220;CORONAVIRUS: AGGIORNAMENTO NAZIONALE 30 AGOSTO&#8221; &#8212; Radio Pi\u00f9\" src=\"https:\/\/www.radiopiu.net\/wordpress\/coronavirus-aggiornamento-nazionale-30-agosto\/embed\/#?secret=kpfvbTV3MZ\" data-secret=\"kpfvbTV3MZ\" width=\"600\" height=\"338\" frameborder=\"0\" marginwidth=\"0\" marginheight=\"0\" scrolling=\"no\"><\/iframe><\/p>\n<p>&nbsp;<\/p>\n<hr \/>\n<p>&nbsp;<\/p>\n<blockquote class=\"wp-embedded-content\" data-secret=\"00NXskNV5C\"><p><a href=\"https:\/\/www.radiopiu.net\/wordpress\/in-veneto-93-positivi-in-piu-nelle-ultime-24-ore-156-i-negativizzati-e-nessun-decesso-a-belluno-3-nuovi-positivi\/\">IN VENETO 93 POSITIVI IN PI\u00d9 NELLE ULTIME 24 ORE. 156 I NEGATIVIZZATI E NESSUN DECESSO. A BELLUNO 3 NUOVI POSITIVI<\/a><\/p><\/blockquote>\n<p><iframe loading=\"lazy\" class=\"wp-embedded-content\" sandbox=\"allow-scripts\" security=\"restricted\" style=\"position: absolute; clip: rect(1px, 1px, 1px, 1px);\" title=\"&#8220;IN VENETO 93 POSITIVI IN PI\u00d9 NELLE ULTIME 24 ORE. 156 I NEGATIVIZZATI E NESSUN DECESSO. A BELLUNO 3 NUOVI POSITIVI&#8221; &#8212; Radio Pi\u00f9\" src=\"https:\/\/www.radiopiu.net\/wordpress\/in-veneto-93-positivi-in-piu-nelle-ultime-24-ore-156-i-negativizzati-e-nessun-decesso-a-belluno-3-nuovi-positivi\/embed\/#?secret=00NXskNV5C\" data-secret=\"00NXskNV5C\" width=\"600\" height=\"338\" frameborder=\"0\" marginwidth=\"0\" marginheight=\"0\" scrolling=\"no\"><\/iframe><\/p>\n<p>&nbsp;<\/p>\n<hr \/>\n<p>&nbsp;<\/p>\n<blockquote>\n<h3>DATI E GRAFICI DI TIZIANO DE COL<\/h3>\n<\/blockquote>\n\n\t\t\t<style type='text\/css'>\n\t\t\t\t#gallery-5 {\n\t\t\t\t\tmargin: auto;\n\t\t\t\t}\n\t\t\t\t#gallery-5 .gallery-item {\n\t\t\t\t\tfloat: left;\n\t\t\t\t\tmargin-top: 10px;\n\t\t\t\t\ttext-align: center;\n\t\t\t\t\twidth: 33%;\n\t\t\t\t}\n\t\t\t\t#gallery-5 img {\n\t\t\t\t\tborder: 2px solid #cfcfcf;\n\t\t\t\t}\n\t\t\t\t#gallery-5 .gallery-caption {\n\t\t\t\t\tmargin-left: 0;\n\t\t\t\t}\n\t\t\t\t\/* see gallery_shortcode() in wp-includes\/media.php *\/\n\t\t\t<\/style>\n\t\t<div id='gallery-5' class='dt-gallery-container gallery galleryid-158332 gallery-columns-3 gallery-size-medium'><dl class='gallery-item'>\n\t\t\t\t<dt class='gallery-icon landscape'>\n\t\t\t\t\t<a class=\"rollover rollover-zoom dt-pswp-item\" title=\"Schermata 2020-08-30 alle 19.42.10\" data-dt-img-description=\"\" data-large_image_width=\"812\" data-large_image_height=\"450\"href='https:\/\/www.radiopiu.net\/wordpress\/wp-content\/uploads\/2020\/08\/Schermata-2020-08-30-alle-19.42.10.png'><img loading=\"lazy\" decoding=\"async\" width=\"300\" height=\"166\" src=\"https:\/\/www.radiopiu.net\/wordpress\/wp-content\/uploads\/2020\/08\/Schermata-2020-08-30-alle-19.42.10-300x166.png\" class=\"attachment-medium size-medium\" alt=\"\" srcset=\"https:\/\/www.radiopiu.net\/wordpress\/wp-content\/uploads\/2020\/08\/Schermata-2020-08-30-alle-19.42.10-300x166.png 300w, https:\/\/www.radiopiu.net\/wordpress\/wp-content\/uploads\/2020\/08\/Schermata-2020-08-30-alle-19.42.10-768x426.png 768w, https:\/\/www.radiopiu.net\/wordpress\/wp-content\/uploads\/2020\/08\/Schermata-2020-08-30-alle-19.42.10-640x355.png 640w, https:\/\/www.radiopiu.net\/wordpress\/wp-content\/uploads\/2020\/08\/Schermata-2020-08-30-alle-19.42.10.png 812w\" sizes=\"auto, (max-width: 300px) 100vw, 300px\" \/><\/a>\n\t\t\t\t<\/dt><\/dl><dl class='gallery-item'>\n\t\t\t\t<dt class='gallery-icon landscape'>\n\t\t\t\t\t<a class=\"rollover rollover-zoom dt-pswp-item\" title=\"ad6c1567-80d8-4b09-9577-519a849e6d9e\" data-dt-img-description=\"\" data-large_image_width=\"662\" data-large_image_height=\"658\"href='https:\/\/www.radiopiu.net\/wordpress\/wp-content\/uploads\/2020\/08\/ad6c1567-80d8-4b09-9577-519a849e6d9e.jpg'><img loading=\"lazy\" decoding=\"async\" width=\"300\" height=\"298\" src=\"https:\/\/www.radiopiu.net\/wordpress\/wp-content\/uploads\/2020\/08\/ad6c1567-80d8-4b09-9577-519a849e6d9e-300x298.jpg\" class=\"attachment-medium size-medium\" alt=\"\" srcset=\"https:\/\/www.radiopiu.net\/wordpress\/wp-content\/uploads\/2020\/08\/ad6c1567-80d8-4b09-9577-519a849e6d9e-300x298.jpg 300w, https:\/\/www.radiopiu.net\/wordpress\/wp-content\/uploads\/2020\/08\/ad6c1567-80d8-4b09-9577-519a849e6d9e-150x150.jpg 150w, https:\/\/www.radiopiu.net\/wordpress\/wp-content\/uploads\/2020\/08\/ad6c1567-80d8-4b09-9577-519a849e6d9e-125x125.jpg 125w, https:\/\/www.radiopiu.net\/wordpress\/wp-content\/uploads\/2020\/08\/ad6c1567-80d8-4b09-9577-519a849e6d9e-200x200.jpg 200w, https:\/\/www.radiopiu.net\/wordpress\/wp-content\/uploads\/2020\/08\/ad6c1567-80d8-4b09-9577-519a849e6d9e-80x80.jpg 80w, https:\/\/www.radiopiu.net\/wordpress\/wp-content\/uploads\/2020\/08\/ad6c1567-80d8-4b09-9577-519a849e6d9e-483x480.jpg 483w, https:\/\/www.radiopiu.net\/wordpress\/wp-content\/uploads\/2020\/08\/ad6c1567-80d8-4b09-9577-519a849e6d9e.jpg 662w\" sizes=\"auto, (max-width: 300px) 100vw, 300px\" \/><\/a>\n\t\t\t\t<\/dt><\/dl><dl class='gallery-item'>\n\t\t\t\t<dt class='gallery-icon landscape'>\n\t\t\t\t\t<a class=\"rollover rollover-zoom dt-pswp-item\" title=\"b42993c4-9195-40fc-af03-c1039cd36e2c\" data-dt-img-description=\"\" data-large_image_width=\"480\" data-large_image_height=\"333\"href='https:\/\/www.radiopiu.net\/wordpress\/wp-content\/uploads\/2020\/08\/b42993c4-9195-40fc-af03-c1039cd36e2c.jpg'><img loading=\"lazy\" decoding=\"async\" width=\"300\" height=\"208\" src=\"https:\/\/www.radiopiu.net\/wordpress\/wp-content\/uploads\/2020\/08\/b42993c4-9195-40fc-af03-c1039cd36e2c-300x208.jpg\" class=\"attachment-medium size-medium\" alt=\"\" srcset=\"https:\/\/www.radiopiu.net\/wordpress\/wp-content\/uploads\/2020\/08\/b42993c4-9195-40fc-af03-c1039cd36e2c-300x208.jpg 300w, https:\/\/www.radiopiu.net\/wordpress\/wp-content\/uploads\/2020\/08\/b42993c4-9195-40fc-af03-c1039cd36e2c.jpg 480w\" sizes=\"auto, (max-width: 300px) 100vw, 300px\" \/><\/a>\n\t\t\t\t<\/dt><\/dl><br style=\"clear: both\" \/>\n\t\t\t<\/div>\n\n<p>&nbsp;<\/p>\n<hr \/>\n<p>&nbsp;<\/p>\n<blockquote>\n<h3>NELLE ULTIME ORE SONO 3 I NUOVI POSITIVI A BELLUNO<\/h3>\n<\/blockquote>\n<p><strong><a class=\"dt-pswp-item\" href=\"https:\/\/www.radiopiu.net\/wordpress\/wp-content\/uploads\/2020\/03\/covid-ulss.jpg\" data-dt-img-description=\"\" data-large_image_width=\"800\" data-large_image_height=\"600\"><img loading=\"lazy\" decoding=\"async\" class=\"size-medium wp-image-121260 alignleft\" src=\"https:\/\/www.radiopiu.net\/wordpress\/wp-content\/uploads\/2020\/03\/covid-ulss-300x225.jpg\" alt=\"\" width=\"300\" height=\"225\" srcset=\"https:\/\/www.radiopiu.net\/wordpress\/wp-content\/uploads\/2020\/03\/covid-ulss-300x225.jpg 300w, https:\/\/www.radiopiu.net\/wordpress\/wp-content\/uploads\/2020\/03\/covid-ulss-768x576.jpg 768w, https:\/\/www.radiopiu.net\/wordpress\/wp-content\/uploads\/2020\/03\/covid-ulss.jpg 800w\" sizes=\"auto, (max-width: 300px) 100vw, 300px\" \/><\/a>BELLUNO\u00a0<\/strong>Le ultime ore di lavoro laboratoristico hanno messo in evidenza le seguenti tre nuove positivit\u00e0:\u00a0Giovane donna gi\u00e0 isolata per sintomatologia simil covid;\u00a0Ragazzo di rientro dalla Sardegna, gi\u00e0 quarantenato in quanto contatto stretto di caso noto;\u00a0Minore componente di una famiglia con caso confermato (positiva la madre a sua volta contatto stretto di caso confermato, di rientro da vacanza in Campania).\u00a0Consueta attivit\u00e0 gestionale per sintomatologia simil covid (8 persone), ingressi da estero (5 persone), contatti di caso (5 persone).\u00a0Attivo anche il drive-in di Feltre con i seguenti tamponi eseguiti: 31 per rientri da Sardegna, 15 da Croazia, 2 Spagna, 2 Francia.\u00a0Conclusa l\u2019operazione \u201cSummer party Cortina\u201d con conferma definitiva della totale negativit\u00e0 dei soggetti sottoposti a tampone nel pomeriggio-sera di venerd\u00ec scorso.\u00a0Da oggi fino a luned\u00ec 7 settembre, il Dipartimento di Prevenzione, con squadre dedicate, affiancher\u00e0 i Medici di Medicina Generale nella somministrazione di test sierologici al personale della scuola. I test saranno offerti su base volontaria ad insegnanti e operatori delle scuole di ogni ordine e grado, pubbliche e private, nei quattro drive in di Belluno, Feltre, Tai di Cadore e Caprile, previo appuntamento (tel. 0439\/883805 dalle 9 alle 13 e mail screening.scuola@aulss1.veneto.it ) riservato al personale assistito da medici di famiglia non aderenti al progetto di screening nazionale.<\/p>\n<p>&nbsp;<\/p>\n<p>&nbsp;<\/p>\n<hr \/>\n<p>&nbsp;<\/p>\n<blockquote>\n<h3>TURISTA S&#8217;INFORTUNA SUL FALZAREGO<\/h3>\n<\/blockquote>\n<p><strong><a class=\"dt-pswp-item\" href=\"https:\/\/www.radiopiu.net\/wordpress\/wp-content\/uploads\/2018\/08\/soccorsoalpino.jpg\" data-dt-img-description=\"\" data-large_image_width=\"1200\" data-large_image_height=\"1200\"><img loading=\"lazy\" decoding=\"async\" class=\" wp-image-59164 alignleft\" src=\"https:\/\/www.radiopiu.net\/wordpress\/wp-content\/uploads\/2018\/08\/soccorsoalpino-300x300.jpg\" alt=\"\" width=\"114\" height=\"114\" srcset=\"https:\/\/www.radiopiu.net\/wordpress\/wp-content\/uploads\/2018\/08\/soccorsoalpino-300x300.jpg 300w, https:\/\/www.radiopiu.net\/wordpress\/wp-content\/uploads\/2018\/08\/soccorsoalpino-150x150.jpg 150w, https:\/\/www.radiopiu.net\/wordpress\/wp-content\/uploads\/2018\/08\/soccorsoalpino-768x768.jpg 768w, https:\/\/www.radiopiu.net\/wordpress\/wp-content\/uploads\/2018\/08\/soccorsoalpino-1024x1024.jpg 1024w, https:\/\/www.radiopiu.net\/wordpress\/wp-content\/uploads\/2018\/08\/soccorsoalpino.jpg 1200w\" sizes=\"auto, (max-width: 114px) 100vw, 114px\" \/><\/a>CORTINA\u00a0<\/strong>Attorno alle 17 il Soccorso alpino di Cortina \u00e8 stato allertato per una turista di Ancona, G.B., 48 anni, che era scivolata nei pressi del Forte di Valparola, zona Falzarego, riportando una sospetta distorsione alla caviglia. Raggiunta a piedi da una squadra del Sagf, l&#8217;infortunata \u00e8 stata stabilizzata e caricata in barella, per essere trasportata fino alla strada e affidata all&#8217;ambulanza di Livinallongo, partita in direzione dell&#8217;ospedale di Agordo.<\/p>\n<p>&nbsp;<\/p>\n<p>&nbsp;<\/p>\n<p>&nbsp;<\/p>\n<hr \/>\n<p>&nbsp;<\/p>\n<blockquote>\n<h3>IERI 90ESIMO DEL FORNO DI WILLIAM DA ROIT IL POETICO OMAGGIO DI JOHN FRANCIS DELLA PIETRA<\/h3>\n<\/blockquote>\n<p><strong><a class=\"dt-pswp-item\" href=\"https:\/\/www.radiopiu.net\/wordpress\/wp-content\/uploads\/2020\/08\/panificio-la-valle-foto-vecchia.jpg\" data-dt-img-description=\"\" data-large_image_width=\"960\" data-large_image_height=\"648\"><img loading=\"lazy\" decoding=\"async\" class=\"size-medium wp-image-158345 alignleft\" src=\"https:\/\/www.radiopiu.net\/wordpress\/wp-content\/uploads\/2020\/08\/panificio-la-valle-foto-vecchia-300x203.jpg\" alt=\"\" width=\"300\" height=\"203\" srcset=\"https:\/\/www.radiopiu.net\/wordpress\/wp-content\/uploads\/2020\/08\/panificio-la-valle-foto-vecchia-300x203.jpg 300w, https:\/\/www.radiopiu.net\/wordpress\/wp-content\/uploads\/2020\/08\/panificio-la-valle-foto-vecchia-768x518.jpg 768w, https:\/\/www.radiopiu.net\/wordpress\/wp-content\/uploads\/2020\/08\/panificio-la-valle-foto-vecchia-640x432.jpg 640w, https:\/\/www.radiopiu.net\/wordpress\/wp-content\/uploads\/2020\/08\/panificio-la-valle-foto-vecchia.jpg 960w\" sizes=\"auto, (max-width: 300px) 100vw, 300px\" \/><\/a>LA VALLE<\/strong> Una domenica di festa per William Da Roit. Ha compiuto 90 anni il panificio &#8220;El Forner&#8221; di La Valle Agordina. &#8220;Oggi, 90 anni fa, mio nonno accendeva per la prima volta il forno per il pane del nostro piccolo panificio. Nella foto c\u2019\u00e8 mio pap\u00e0 che sforn\u00f2 pagnotte per pi\u00f9 di 50 anni. Io sono qui in panificio ormai dalla notte dei tempi e i miei figli mi raccomandano di tener duro almeno per altri 10\/15 anni&#8221; il pensiero di William in questo giorno speciale.<\/p>\n<p>&nbsp;<\/p>\n<p>&nbsp;<\/p>\n<p><strong>L&#8217;OMAGGIO DI JOHN FRANCIS DELLA PIETRA\u00a0<\/strong><\/p>\n\n\t\t\t<style type='text\/css'>\n\t\t\t\t#gallery-6 {\n\t\t\t\t\tmargin: auto;\n\t\t\t\t}\n\t\t\t\t#gallery-6 .gallery-item {\n\t\t\t\t\tfloat: left;\n\t\t\t\t\tmargin-top: 10px;\n\t\t\t\t\ttext-align: center;\n\t\t\t\t\twidth: 25%;\n\t\t\t\t}\n\t\t\t\t#gallery-6 img {\n\t\t\t\t\tborder: 2px solid #cfcfcf;\n\t\t\t\t}\n\t\t\t\t#gallery-6 .gallery-caption {\n\t\t\t\t\tmargin-left: 0;\n\t\t\t\t}\n\t\t\t\t\/* see gallery_shortcode() in wp-includes\/media.php *\/\n\t\t\t<\/style>\n\t\t<div id='gallery-6' class='dt-gallery-container gallery galleryid-158332 gallery-columns-4 gallery-size-medium'><dl class='gallery-item'>\n\t\t\t\t<dt class='gallery-icon portrait'>\n\t\t\t\t\t<a class=\"rollover\" href='https:\/\/www.radiopiu.net\/wordpress\/oggi-90esimo-del-forno-di-william-da-roit-il-poetico-omaggio-di-john-francis-della-pietra\/8d00fdd4-6f85-443a-8c32-e24ed1a4c7ce\/'><img loading=\"lazy\" decoding=\"async\" width=\"217\" height=\"300\" src=\"https:\/\/www.radiopiu.net\/wordpress\/wp-content\/uploads\/2020\/08\/8d00fdd4-6f85-443a-8c32-e24ed1a4c7ce-217x300.jpg\" class=\"attachment-medium size-medium\" alt=\"\" srcset=\"https:\/\/www.radiopiu.net\/wordpress\/wp-content\/uploads\/2020\/08\/8d00fdd4-6f85-443a-8c32-e24ed1a4c7ce-217x300.jpg 217w, https:\/\/www.radiopiu.net\/wordpress\/wp-content\/uploads\/2020\/08\/8d00fdd4-6f85-443a-8c32-e24ed1a4c7ce-741x1024.jpg 741w, https:\/\/www.radiopiu.net\/wordpress\/wp-content\/uploads\/2020\/08\/8d00fdd4-6f85-443a-8c32-e24ed1a4c7ce-768x1061.jpg 768w, https:\/\/www.radiopiu.net\/wordpress\/wp-content\/uploads\/2020\/08\/8d00fdd4-6f85-443a-8c32-e24ed1a4c7ce-1112x1536.jpg 1112w, https:\/\/www.radiopiu.net\/wordpress\/wp-content\/uploads\/2020\/08\/8d00fdd4-6f85-443a-8c32-e24ed1a4c7ce-347x480.jpg 347w, https:\/\/www.radiopiu.net\/wordpress\/wp-content\/uploads\/2020\/08\/8d00fdd4-6f85-443a-8c32-e24ed1a4c7ce.jpg 1158w\" sizes=\"auto, (max-width: 217px) 100vw, 217px\" \/><\/a>\n\t\t\t\t<\/dt><\/dl><dl class='gallery-item'>\n\t\t\t\t<dt class='gallery-icon portrait'>\n\t\t\t\t\t<a class=\"rollover\" href='https:\/\/www.radiopiu.net\/wordpress\/oggi-90esimo-del-forno-di-william-da-roit-il-poetico-omaggio-di-john-francis-della-pietra\/8c840a50-b57b-4b6a-9345-51dac8f8f620\/'><img loading=\"lazy\" decoding=\"async\" width=\"236\" height=\"300\" src=\"https:\/\/www.radiopiu.net\/wordpress\/wp-content\/uploads\/2020\/08\/8c840a50-b57b-4b6a-9345-51dac8f8f620-236x300.jpg\" class=\"attachment-medium size-medium\" alt=\"\" srcset=\"https:\/\/www.radiopiu.net\/wordpress\/wp-content\/uploads\/2020\/08\/8c840a50-b57b-4b6a-9345-51dac8f8f620-236x300.jpg 236w, https:\/\/www.radiopiu.net\/wordpress\/wp-content\/uploads\/2020\/08\/8c840a50-b57b-4b6a-9345-51dac8f8f620-805x1024.jpg 805w, https:\/\/www.radiopiu.net\/wordpress\/wp-content\/uploads\/2020\/08\/8c840a50-b57b-4b6a-9345-51dac8f8f620-768x977.jpg 768w, https:\/\/www.radiopiu.net\/wordpress\/wp-content\/uploads\/2020\/08\/8c840a50-b57b-4b6a-9345-51dac8f8f620-1208x1536.jpg 1208w, https:\/\/www.radiopiu.net\/wordpress\/wp-content\/uploads\/2020\/08\/8c840a50-b57b-4b6a-9345-51dac8f8f620-377x480.jpg 377w, https:\/\/www.radiopiu.net\/wordpress\/wp-content\/uploads\/2020\/08\/8c840a50-b57b-4b6a-9345-51dac8f8f620.jpg 1258w\" sizes=\"auto, (max-width: 236px) 100vw, 236px\" \/><\/a>\n\t\t\t\t<\/dt><\/dl><dl class='gallery-item'>\n\t\t\t\t<dt class='gallery-icon portrait'>\n\t\t\t\t\t<a class=\"rollover\" href='https:\/\/www.radiopiu.net\/wordpress\/oggi-90esimo-del-forno-di-william-da-roit-il-poetico-omaggio-di-john-francis-della-pietra\/8fe57a26-6918-471a-bc1c-d7ac46a3f5c0\/'><img loading=\"lazy\" decoding=\"async\" width=\"222\" height=\"300\" src=\"https:\/\/www.radiopiu.net\/wordpress\/wp-content\/uploads\/2020\/08\/8fe57a26-6918-471a-bc1c-d7ac46a3f5c0-222x300.jpg\" class=\"attachment-medium size-medium\" alt=\"\" srcset=\"https:\/\/www.radiopiu.net\/wordpress\/wp-content\/uploads\/2020\/08\/8fe57a26-6918-471a-bc1c-d7ac46a3f5c0-222x300.jpg 222w, https:\/\/www.radiopiu.net\/wordpress\/wp-content\/uploads\/2020\/08\/8fe57a26-6918-471a-bc1c-d7ac46a3f5c0-759x1024.jpg 759w, https:\/\/www.radiopiu.net\/wordpress\/wp-content\/uploads\/2020\/08\/8fe57a26-6918-471a-bc1c-d7ac46a3f5c0-768x1036.jpg 768w, https:\/\/www.radiopiu.net\/wordpress\/wp-content\/uploads\/2020\/08\/8fe57a26-6918-471a-bc1c-d7ac46a3f5c0-1139x1536.jpg 1139w, https:\/\/www.radiopiu.net\/wordpress\/wp-content\/uploads\/2020\/08\/8fe57a26-6918-471a-bc1c-d7ac46a3f5c0-356x480.jpg 356w, https:\/\/www.radiopiu.net\/wordpress\/wp-content\/uploads\/2020\/08\/8fe57a26-6918-471a-bc1c-d7ac46a3f5c0.jpg 1186w\" sizes=\"auto, (max-width: 222px) 100vw, 222px\" \/><\/a>\n\t\t\t\t<\/dt><\/dl><dl class='gallery-item'>\n\t\t\t\t<dt class='gallery-icon portrait'>\n\t\t\t\t\t<a class=\"rollover\" href='https:\/\/www.radiopiu.net\/wordpress\/oggi-90esimo-del-forno-di-william-da-roit-il-poetico-omaggio-di-john-francis-della-pietra\/64550ec9-af8f-48d6-8df6-072a6d3a18c2\/'><img loading=\"lazy\" decoding=\"async\" width=\"221\" height=\"300\" src=\"https:\/\/www.radiopiu.net\/wordpress\/wp-content\/uploads\/2020\/08\/64550ec9-af8f-48d6-8df6-072a6d3a18c2-221x300.jpg\" class=\"attachment-medium size-medium\" alt=\"\" srcset=\"https:\/\/www.radiopiu.net\/wordpress\/wp-content\/uploads\/2020\/08\/64550ec9-af8f-48d6-8df6-072a6d3a18c2-221x300.jpg 221w, https:\/\/www.radiopiu.net\/wordpress\/wp-content\/uploads\/2020\/08\/64550ec9-af8f-48d6-8df6-072a6d3a18c2-754x1024.jpg 754w, https:\/\/www.radiopiu.net\/wordpress\/wp-content\/uploads\/2020\/08\/64550ec9-af8f-48d6-8df6-072a6d3a18c2-768x1043.jpg 768w, https:\/\/www.radiopiu.net\/wordpress\/wp-content\/uploads\/2020\/08\/64550ec9-af8f-48d6-8df6-072a6d3a18c2-1131x1536.jpg 1131w, https:\/\/www.radiopiu.net\/wordpress\/wp-content\/uploads\/2020\/08\/64550ec9-af8f-48d6-8df6-072a6d3a18c2-353x480.jpg 353w, https:\/\/www.radiopiu.net\/wordpress\/wp-content\/uploads\/2020\/08\/64550ec9-af8f-48d6-8df6-072a6d3a18c2.jpg 1178w\" sizes=\"auto, (max-width: 221px) 100vw, 221px\" \/><\/a>\n\t\t\t\t<\/dt><\/dl><br style=\"clear: both\" \/>\n\t\t\t<\/div>\n\n<p>&nbsp;<\/p>\n<hr \/>\n<p>&nbsp;<\/p>\n<blockquote>\n<h3><b>30 AGOSTO 1965. MATTMARK. MORTI SOTTO IL GHIACCIO, VIVI NELLA MEMORIA<\/b><\/h3>\n<\/blockquote>\n<p><strong><a class=\"dt-pswp-item\" href=\"https:\/\/www.radiopiu.net\/wordpress\/wp-content\/uploads\/2020\/08\/cerimonia_mattmark.jpeg\" data-dt-img-description=\"\" data-large_image_width=\"1599\" data-large_image_height=\"1200\"><img loading=\"lazy\" decoding=\"async\" class=\"size-medium wp-image-158512 alignleft\" src=\"https:\/\/www.radiopiu.net\/wordpress\/wp-content\/uploads\/2020\/08\/cerimonia_mattmark-300x225.jpeg\" alt=\"\" width=\"300\" height=\"225\" srcset=\"https:\/\/www.radiopiu.net\/wordpress\/wp-content\/uploads\/2020\/08\/cerimonia_mattmark-300x225.jpeg 300w, https:\/\/www.radiopiu.net\/wordpress\/wp-content\/uploads\/2020\/08\/cerimonia_mattmark-1024x768.jpeg 1024w, https:\/\/www.radiopiu.net\/wordpress\/wp-content\/uploads\/2020\/08\/cerimonia_mattmark-768x576.jpeg 768w, https:\/\/www.radiopiu.net\/wordpress\/wp-content\/uploads\/2020\/08\/cerimonia_mattmark-1536x1153.jpeg 1536w, https:\/\/www.radiopiu.net\/wordpress\/wp-content\/uploads\/2020\/08\/cerimonia_mattmark-640x480.jpeg 640w, https:\/\/www.radiopiu.net\/wordpress\/wp-content\/uploads\/2020\/08\/cerimonia_mattmark.jpeg 1599w\" sizes=\"auto, (max-width: 300px) 100vw, 300px\" \/><\/a>MAS DI SEDICO\u00a0<\/strong>La pioggia torrenziale, una corona d\u2019alloro, il rintocco di una campana che scandisce la lettura dei nomi delle 88 vittime. Sono trascorsi cinquantacinque anni esatti dal disastro di Mattmark. Una tragedia sul lavoro che colp\u00ec pesantemente la provincia di Belluno, all\u2019epoca segnata da un\u2019emigrazione di massa che ogni anno portava centinaia di bellunesi all\u2019estero in cerca di un futuro migliore. Siamo in Svizzera, nel Canton Vallese, a circa 2.200 metri di quota in una localit\u00e0 chiamata Mattmark. \u00c8 il 1965. Centinaia di operai, soprattutto stranieri, sono impegnati a costruire la diga in terra battuta pi\u00f9 grande d\u2019Europa. Un\u2019opera monumentale, modellata da faticosi turni di lavoro che vedono tra i protagonisti anche molti bellunesi giunti da tutta la provincia. Nulla farebbe presagire il disastro, se non un dettaglio: una parte delle officine e degli alloggi dei lavoratori \u00e8 posizionata sotto la lingua di un immenso ghiacciaio, l\u2019Allalin. E proprio il 30 agosto, alle 17.15 l\u2019Allalin si mette in moto. Un blocco di circa due milioni di metri cubi di materiale si stacca e comincia una letale discesa che travolge tutto ci\u00f2 che incontra sulla propria strada, compresi uomini e donne. Le vittime sono 88, di cui 56 italiane e tra queste 17 bellunesi.\u00a0In occasione dell\u2019anniversario della tragedia, la Famiglia Ex emigranti \u201cMonte Pizzocco\u201d, con il patrocinio dell\u2019Associazione Bellunesi nel Mondo e dei Comuni di Sedico, Santa Giustina, Cesiomaggiore, Sospirolo e San Gregorio nelle Alpi, ha organizzato un momento di ricordo per commemorare le vittime e i loro familiari. L\u2019evento si \u00e8 tenuto questa mattina presso il parco \u201cVittime di Mattmark\u201d, in via Dino Buzzati a Mas di Sedico.<\/p>\n<p>&nbsp;<\/p>\n<p>&nbsp;<\/p>\n<hr \/>\n<p>&nbsp;<\/p>\n<blockquote>\n<h3>OMAGGIO A ENNIO MORRICONE, 9 SETTEMBRE A COL MARGHERITA<\/h3>\n<\/blockquote>\n<p><strong><a class=\"dt-pswp-item\" href=\"https:\/\/www.radiopiu.net\/wordpress\/wp-content\/uploads\/2020\/08\/concerto-col-margherita-definitivo-01-1.jpg\" data-dt-img-description=\"\" data-large_image_width=\"2516\" data-large_image_height=\"1789\"><img loading=\"lazy\" decoding=\"async\" class=\"size-medium wp-image-158078 alignleft\" src=\"https:\/\/www.radiopiu.net\/wordpress\/wp-content\/uploads\/2020\/08\/concerto-col-margherita-definitivo-01-1-300x213.jpg\" alt=\"\" width=\"300\" height=\"213\" srcset=\"https:\/\/www.radiopiu.net\/wordpress\/wp-content\/uploads\/2020\/08\/concerto-col-margherita-definitivo-01-1-300x213.jpg 300w, https:\/\/www.radiopiu.net\/wordpress\/wp-content\/uploads\/2020\/08\/concerto-col-margherita-definitivo-01-1-1024x728.jpg 1024w, https:\/\/www.radiopiu.net\/wordpress\/wp-content\/uploads\/2020\/08\/concerto-col-margherita-definitivo-01-1-768x546.jpg 768w, https:\/\/www.radiopiu.net\/wordpress\/wp-content\/uploads\/2020\/08\/concerto-col-margherita-definitivo-01-1-1536x1092.jpg 1536w, https:\/\/www.radiopiu.net\/wordpress\/wp-content\/uploads\/2020\/08\/concerto-col-margherita-definitivo-01-1-2048x1456.jpg 2048w, https:\/\/www.radiopiu.net\/wordpress\/wp-content\/uploads\/2020\/08\/concerto-col-margherita-definitivo-01-1-640x455.jpg 640w\" sizes=\"auto, (max-width: 300px) 100vw, 300px\" \/><\/a>FALCADE<\/strong>\u00a0 Dopo il grande successo ottenuto nel concerto di Le Buse con l&#8217;orchestra diretta da Diego Basso il 9 settembre ecco un secondo appuntamento dove il protagonista principale sar\u00e0 Andrea Griminelli che gi\u00e0 ha suonato in alcuni brani nell&#8217;evento d&#8217;agosto &#8220;La mia terra&#8221;. Mercoledi 9 settembre alle 10.30 ai 2514 metri di Col Margheria (accesso libero con prenotazione obbligatoria (infomoena@fassa.com) sar\u00e0 presente L&#8217;Orchestra Ritmico Sinfonica Italiana diretta al maestro Diego Basso, il Coro Lirico Opera House, il Coro Art Voice Academy e lo speciale guest Andrea Griminelli.<\/p>\n<p>&nbsp;<\/p>\n<p>&nbsp;<\/p>\n<h2>IL CONCERTO D&#8217;AGOSTO A LE BUSE<\/h2>\n<blockquote class=\"wp-embedded-content\" data-secret=\"HTBhlrPzdn\"><p><a href=\"https:\/\/www.radiopiu.net\/wordpress\/la-mia-terra-un-grande-successo-lorchestra-di-diego-basso-ai-2000-metri-nella-ski-area-falcade-san-pellegrino\/\">LA MIA TERRA: UN GRANDE SUCCESSO L&#8217;ORCHESTRA DI DIEGO BASSO AI 2000 METRI NELLA SKI AREA FALCADE-SAN PELLEGRINO<\/a><\/p><\/blockquote>\n<p><iframe loading=\"lazy\" class=\"wp-embedded-content\" sandbox=\"allow-scripts\" security=\"restricted\" style=\"position: absolute; clip: rect(1px, 1px, 1px, 1px);\" title=\"&#8220;LA MIA TERRA: UN GRANDE SUCCESSO L&#8217;ORCHESTRA DI DIEGO BASSO AI 2000 METRI NELLA SKI AREA FALCADE-SAN PELLEGRINO&#8221; &#8212; Radio Pi\u00f9\" src=\"https:\/\/www.radiopiu.net\/wordpress\/la-mia-terra-un-grande-successo-lorchestra-di-diego-basso-ai-2000-metri-nella-ski-area-falcade-san-pellegrino\/embed\/#?secret=HTBhlrPzdn\" data-secret=\"HTBhlrPzdn\" width=\"600\" height=\"338\" frameborder=\"0\" marginwidth=\"0\" marginheight=\"0\" scrolling=\"no\"><\/iframe><\/p>\n<p>&nbsp;<\/p>\n<p>&nbsp;<\/p>\n<hr \/>\n<div class=\"page-title-head hgroup\">\n<h3><\/h3>\n<div class=\"page-title-head hgroup\">\n<blockquote>\n<h3 class=\"entry-title\">VAIA 2018: 150MILA EURO A DISPOSIZIONE DEI PRIVATI<\/h3>\n<\/blockquote>\n<\/div>\n<p><img loading=\"lazy\" decoding=\"async\" class=\"wp-image-69396 alignleft jetpack-lazy-image jetpack-lazy-image--handled\" src=\"https:\/\/i2.wp.com\/www.radiopiu.net\/wordpress\/wp-content\/uploads\/2018\/12\/rocca.jpg?resize=167%2C125&amp;ssl=1\" sizes=\"auto, (max-width: 167px) 100vw, 167px\" srcset=\"https:\/\/i2.wp.com\/www.radiopiu.net\/wordpress\/wp-content\/uploads\/2018\/12\/rocca.jpg?resize=300%2C225&amp;ssl=1 300w, https:\/\/i2.wp.com\/www.radiopiu.net\/wordpress\/wp-content\/uploads\/2018\/12\/rocca.jpg?resize=768%2C576&amp;ssl=1 768w, https:\/\/i2.wp.com\/www.radiopiu.net\/wordpress\/wp-content\/uploads\/2018\/12\/rocca.jpg?w=1024&amp;ssl=1 1024w\" alt=\"\" width=\"167\" height=\"125\" data-recalc-dims=\"1\" data-lazy-loaded=\"1\" \/><strong>ROCCA PIETORE<\/strong>\u00a0 Il Comune di Rocca Pietore ha comunicato la cifra a disposizione per ristorare i privati che hanno subito danni tra il 27 ottobre e il 5 novembre 2018. Si tratta di una somma complessiva di 150mila euro provenienti da donazioni di privati o associazioni. I beneficiari sono i proprietari di immobili residenti ell\u2019intero territorio comunale. Il termine della presentazione delle domande \u00e8 stato fissato al 15 ottobre. Le domande vanno presentate all\u2019ufficio protocollo del Comune, oppure per posta con raccomandata o tramite posta certificata.\u00a0 Tutta la documentazione per il bando \u00e8 disponibili sulla home Page del Comune di Rocca Pietore e nella Sezione Amministrazione Trasparente\/ Bandi di gara e contratti\/del sito del Comune di Rocca Pietore https:\/\/www.comune.roccapietore.bl.it\/<\/p>\n<p>&nbsp;<\/p>\n<p>&nbsp;<\/p>\n<hr \/>\n<p>&nbsp;<\/p>\n<blockquote>\n<h3>I COMITATI SANIT\u00c0 AGORDINO CADORE RISPONDONO ALLE ACCUSE<\/h3>\n<\/blockquote>\n<p><strong><a class=\"dt-pswp-item\" href=\"https:\/\/www.radiopiu.net\/wordpress\/wp-content\/uploads\/2015\/10\/Entrata-Agordo-300x225.jpg\" data-dt-img-description=\"\" data-large_image_width=\"300\" data-large_image_height=\"225\"><img loading=\"lazy\" decoding=\"async\" class=\"size-medium wp-image-11952 alignleft\" src=\"https:\/\/www.radiopiu.net\/wordpress\/wp-content\/uploads\/2015\/10\/Entrata-Agordo-300x225-300x225.jpg\" alt=\"\" width=\"300\" height=\"225\" \/><\/a>AGORDO<\/strong><\/p>\n<p>di Gianni Santomaso<\/p>\n<audio class=\"wp-audio-shortcode\" id=\"audio-158332-5\" preload=\"none\" style=\"width: 100%;\" controls=\"controls\"><source type=\"audio\/mpeg\" src=\"https:\/\/www.radiopiu.net\/wordpress\/wp-content\/uploads\/2020\/08\/gianni-comitato-sanita.mp3?_=5\" \/><a href=\"https:\/\/www.radiopiu.net\/wordpress\/wp-content\/uploads\/2020\/08\/gianni-comitato-sanita.mp3\">https:\/\/www.radiopiu.net\/wordpress\/wp-content\/uploads\/2020\/08\/gianni-comitato-sanita.mp3<\/a><\/audio>\n<p>&nbsp;<\/p>\n<hr \/>\n<p>&nbsp;<\/p>\n<blockquote>\n<h3>SABATO AL NOF FIL\u00d2 ARTE POESIA E LETTERARTURA AL FEMMINILE SULLE DOLOMITI<\/h3>\n<\/blockquote>\n<p><strong><a class=\"dt-pswp-item\" href=\"https:\/\/www.radiopiu.net\/wordpress\/wp-content\/uploads\/2020\/08\/4927e3d0-443b-4362-b274-db764a95b4ee.jpg\" data-dt-img-description=\"\" data-large_image_width=\"1600\" data-large_image_height=\"903\"><img loading=\"lazy\" decoding=\"async\" class=\"size-medium wp-image-158579 alignleft\" src=\"https:\/\/www.radiopiu.net\/wordpress\/wp-content\/uploads\/2020\/08\/4927e3d0-443b-4362-b274-db764a95b4ee-300x169.jpg\" alt=\"\" width=\"300\" height=\"169\" srcset=\"https:\/\/www.radiopiu.net\/wordpress\/wp-content\/uploads\/2020\/08\/4927e3d0-443b-4362-b274-db764a95b4ee-300x169.jpg 300w, https:\/\/www.radiopiu.net\/wordpress\/wp-content\/uploads\/2020\/08\/4927e3d0-443b-4362-b274-db764a95b4ee-1024x578.jpg 1024w, https:\/\/www.radiopiu.net\/wordpress\/wp-content\/uploads\/2020\/08\/4927e3d0-443b-4362-b274-db764a95b4ee-768x433.jpg 768w, https:\/\/www.radiopiu.net\/wordpress\/wp-content\/uploads\/2020\/08\/4927e3d0-443b-4362-b274-db764a95b4ee-1536x867.jpg 1536w, https:\/\/www.radiopiu.net\/wordpress\/wp-content\/uploads\/2020\/08\/4927e3d0-443b-4362-b274-db764a95b4ee-640x361.jpg 640w, https:\/\/www.radiopiu.net\/wordpress\/wp-content\/uploads\/2020\/08\/4927e3d0-443b-4362-b274-db764a95b4ee.jpg 1600w\" sizes=\"auto, (max-width: 300px) 100vw, 300px\" \/><\/a>CENCENIGHE<\/strong><\/p>\n<p>di Gianni Santomaso<\/p>\n<audio class=\"wp-audio-shortcode\" id=\"audio-158332-6\" preload=\"none\" style=\"width: 100%;\" controls=\"controls\"><source type=\"audio\/mpeg\" src=\"https:\/\/www.radiopiu.net\/wordpress\/wp-content\/uploads\/2020\/08\/gianni-letteratura-nof-filo.mp3?_=6\" \/><a href=\"https:\/\/www.radiopiu.net\/wordpress\/wp-content\/uploads\/2020\/08\/gianni-letteratura-nof-filo.mp3\">https:\/\/www.radiopiu.net\/wordpress\/wp-content\/uploads\/2020\/08\/gianni-letteratura-nof-filo.mp3<\/a><\/audio>\n<p>&nbsp;<\/p>\n<p><strong>LE FOTO<\/strong><\/p>\n\n\t\t\t<style type='text\/css'>\n\t\t\t\t#gallery-7 {\n\t\t\t\t\tmargin: auto;\n\t\t\t\t}\n\t\t\t\t#gallery-7 .gallery-item {\n\t\t\t\t\tfloat: left;\n\t\t\t\t\tmargin-top: 10px;\n\t\t\t\t\ttext-align: center;\n\t\t\t\t\twidth: 25%;\n\t\t\t\t}\n\t\t\t\t#gallery-7 img {\n\t\t\t\t\tborder: 2px solid #cfcfcf;\n\t\t\t\t}\n\t\t\t\t#gallery-7 .gallery-caption {\n\t\t\t\t\tmargin-left: 0;\n\t\t\t\t}\n\t\t\t\t\/* see gallery_shortcode() in wp-includes\/media.php *\/\n\t\t\t<\/style>\n\t\t<div id='gallery-7' class='dt-gallery-container gallery galleryid-158332 gallery-columns-4 gallery-size-thumbnail'><dl class='gallery-item'>\n\t\t\t\t<dt class='gallery-icon landscape'>\n\t\t\t\t\t<a class=\"rollover rollover-zoom dt-pswp-item\" title=\"b71acea8-fe2b-4abf-b21d-58fe79f88b7c\" data-dt-img-description=\"\" data-large_image_width=\"1600\" data-large_image_height=\"903\"href='https:\/\/www.radiopiu.net\/wordpress\/wp-content\/uploads\/2020\/08\/b71acea8-fe2b-4abf-b21d-58fe79f88b7c.jpg'><img loading=\"lazy\" decoding=\"async\" width=\"150\" height=\"150\" src=\"https:\/\/www.radiopiu.net\/wordpress\/wp-content\/uploads\/2020\/08\/b71acea8-fe2b-4abf-b21d-58fe79f88b7c-150x150.jpg\" class=\"attachment-thumbnail size-thumbnail\" alt=\"\" srcset=\"https:\/\/www.radiopiu.net\/wordpress\/wp-content\/uploads\/2020\/08\/b71acea8-fe2b-4abf-b21d-58fe79f88b7c-150x150.jpg 150w, https:\/\/www.radiopiu.net\/wordpress\/wp-content\/uploads\/2020\/08\/b71acea8-fe2b-4abf-b21d-58fe79f88b7c-125x125.jpg 125w, https:\/\/www.radiopiu.net\/wordpress\/wp-content\/uploads\/2020\/08\/b71acea8-fe2b-4abf-b21d-58fe79f88b7c-200x200.jpg 200w, https:\/\/www.radiopiu.net\/wordpress\/wp-content\/uploads\/2020\/08\/b71acea8-fe2b-4abf-b21d-58fe79f88b7c-80x80.jpg 80w\" sizes=\"auto, (max-width: 150px) 100vw, 150px\" \/><\/a>\n\t\t\t\t<\/dt><\/dl><dl class='gallery-item'>\n\t\t\t\t<dt class='gallery-icon landscape'>\n\t\t\t\t\t<a class=\"rollover rollover-zoom dt-pswp-item\" title=\"4927e3d0-443b-4362-b274-db764a95b4ee\" data-dt-img-description=\"\" data-large_image_width=\"1600\" data-large_image_height=\"903\"href='https:\/\/www.radiopiu.net\/wordpress\/wp-content\/uploads\/2020\/08\/4927e3d0-443b-4362-b274-db764a95b4ee.jpg'><img loading=\"lazy\" decoding=\"async\" width=\"150\" height=\"150\" src=\"https:\/\/www.radiopiu.net\/wordpress\/wp-content\/uploads\/2020\/08\/4927e3d0-443b-4362-b274-db764a95b4ee-150x150.jpg\" class=\"attachment-thumbnail size-thumbnail\" alt=\"\" srcset=\"https:\/\/www.radiopiu.net\/wordpress\/wp-content\/uploads\/2020\/08\/4927e3d0-443b-4362-b274-db764a95b4ee-150x150.jpg 150w, https:\/\/www.radiopiu.net\/wordpress\/wp-content\/uploads\/2020\/08\/4927e3d0-443b-4362-b274-db764a95b4ee-125x125.jpg 125w, https:\/\/www.radiopiu.net\/wordpress\/wp-content\/uploads\/2020\/08\/4927e3d0-443b-4362-b274-db764a95b4ee-200x200.jpg 200w, https:\/\/www.radiopiu.net\/wordpress\/wp-content\/uploads\/2020\/08\/4927e3d0-443b-4362-b274-db764a95b4ee-80x80.jpg 80w\" sizes=\"auto, (max-width: 150px) 100vw, 150px\" \/><\/a>\n\t\t\t\t<\/dt><\/dl><dl class='gallery-item'>\n\t\t\t\t<dt class='gallery-icon landscape'>\n\t\t\t\t\t<a class=\"rollover rollover-zoom dt-pswp-item\" title=\"4f84c189-1c2b-4982-864a-09d2fac0f2b6\" data-dt-img-description=\"\" data-large_image_width=\"1600\" data-large_image_height=\"903\"href='https:\/\/www.radiopiu.net\/wordpress\/wp-content\/uploads\/2020\/08\/4f84c189-1c2b-4982-864a-09d2fac0f2b6.jpg'><img loading=\"lazy\" decoding=\"async\" width=\"150\" height=\"150\" src=\"https:\/\/www.radiopiu.net\/wordpress\/wp-content\/uploads\/2020\/08\/4f84c189-1c2b-4982-864a-09d2fac0f2b6-150x150.jpg\" class=\"attachment-thumbnail size-thumbnail\" alt=\"\" srcset=\"https:\/\/www.radiopiu.net\/wordpress\/wp-content\/uploads\/2020\/08\/4f84c189-1c2b-4982-864a-09d2fac0f2b6-150x150.jpg 150w, https:\/\/www.radiopiu.net\/wordpress\/wp-content\/uploads\/2020\/08\/4f84c189-1c2b-4982-864a-09d2fac0f2b6-125x125.jpg 125w, https:\/\/www.radiopiu.net\/wordpress\/wp-content\/uploads\/2020\/08\/4f84c189-1c2b-4982-864a-09d2fac0f2b6-200x200.jpg 200w, https:\/\/www.radiopiu.net\/wordpress\/wp-content\/uploads\/2020\/08\/4f84c189-1c2b-4982-864a-09d2fac0f2b6-80x80.jpg 80w\" sizes=\"auto, (max-width: 150px) 100vw, 150px\" \/><\/a>\n\t\t\t\t<\/dt><\/dl><dl class='gallery-item'>\n\t\t\t\t<dt class='gallery-icon landscape'>\n\t\t\t\t\t<a class=\"rollover rollover-zoom dt-pswp-item\" title=\"43b6c8c5-c80b-47c5-a715-c621c0421dff\" data-dt-img-description=\"\" data-large_image_width=\"1600\" data-large_image_height=\"903\"href='https:\/\/www.radiopiu.net\/wordpress\/wp-content\/uploads\/2020\/08\/43b6c8c5-c80b-47c5-a715-c621c0421dff.jpg'><img loading=\"lazy\" decoding=\"async\" width=\"150\" height=\"150\" src=\"https:\/\/www.radiopiu.net\/wordpress\/wp-content\/uploads\/2020\/08\/43b6c8c5-c80b-47c5-a715-c621c0421dff-150x150.jpg\" class=\"attachment-thumbnail size-thumbnail\" alt=\"\" srcset=\"https:\/\/www.radiopiu.net\/wordpress\/wp-content\/uploads\/2020\/08\/43b6c8c5-c80b-47c5-a715-c621c0421dff-150x150.jpg 150w, https:\/\/www.radiopiu.net\/wordpress\/wp-content\/uploads\/2020\/08\/43b6c8c5-c80b-47c5-a715-c621c0421dff-125x125.jpg 125w, https:\/\/www.radiopiu.net\/wordpress\/wp-content\/uploads\/2020\/08\/43b6c8c5-c80b-47c5-a715-c621c0421dff-200x200.jpg 200w, https:\/\/www.radiopiu.net\/wordpress\/wp-content\/uploads\/2020\/08\/43b6c8c5-c80b-47c5-a715-c621c0421dff-80x80.jpg 80w\" sizes=\"auto, (max-width: 150px) 100vw, 150px\" \/><\/a>\n\t\t\t\t<\/dt><\/dl><br style=\"clear: both\" \/><dl class='gallery-item'>\n\t\t\t\t<dt class='gallery-icon landscape'>\n\t\t\t\t\t<a class=\"rollover rollover-zoom dt-pswp-item\" title=\"505e7a99-4cbd-4b4c-a4c6-bcb1617e54c8\" data-dt-img-description=\"\" data-large_image_width=\"1600\" data-large_image_height=\"903\"href='https:\/\/www.radiopiu.net\/wordpress\/wp-content\/uploads\/2020\/08\/505e7a99-4cbd-4b4c-a4c6-bcb1617e54c8.jpg'><img loading=\"lazy\" decoding=\"async\" width=\"150\" height=\"150\" src=\"https:\/\/www.radiopiu.net\/wordpress\/wp-content\/uploads\/2020\/08\/505e7a99-4cbd-4b4c-a4c6-bcb1617e54c8-150x150.jpg\" class=\"attachment-thumbnail size-thumbnail\" alt=\"\" srcset=\"https:\/\/www.radiopiu.net\/wordpress\/wp-content\/uploads\/2020\/08\/505e7a99-4cbd-4b4c-a4c6-bcb1617e54c8-150x150.jpg 150w, https:\/\/www.radiopiu.net\/wordpress\/wp-content\/uploads\/2020\/08\/505e7a99-4cbd-4b4c-a4c6-bcb1617e54c8-125x125.jpg 125w, https:\/\/www.radiopiu.net\/wordpress\/wp-content\/uploads\/2020\/08\/505e7a99-4cbd-4b4c-a4c6-bcb1617e54c8-200x200.jpg 200w, https:\/\/www.radiopiu.net\/wordpress\/wp-content\/uploads\/2020\/08\/505e7a99-4cbd-4b4c-a4c6-bcb1617e54c8-80x80.jpg 80w\" sizes=\"auto, (max-width: 150px) 100vw, 150px\" \/><\/a>\n\t\t\t\t<\/dt><\/dl><dl class='gallery-item'>\n\t\t\t\t<dt class='gallery-icon landscape'>\n\t\t\t\t\t<a class=\"rollover rollover-zoom dt-pswp-item\" title=\"ffb6cb53-dc85-425f-9679-c90f7731f3fa\" data-dt-img-description=\"\" data-large_image_width=\"1600\" data-large_image_height=\"903\"href='https:\/\/www.radiopiu.net\/wordpress\/wp-content\/uploads\/2020\/08\/ffb6cb53-dc85-425f-9679-c90f7731f3fa.jpg'><img loading=\"lazy\" decoding=\"async\" width=\"150\" height=\"150\" src=\"https:\/\/www.radiopiu.net\/wordpress\/wp-content\/uploads\/2020\/08\/ffb6cb53-dc85-425f-9679-c90f7731f3fa-150x150.jpg\" class=\"attachment-thumbnail size-thumbnail\" alt=\"\" srcset=\"https:\/\/www.radiopiu.net\/wordpress\/wp-content\/uploads\/2020\/08\/ffb6cb53-dc85-425f-9679-c90f7731f3fa-150x150.jpg 150w, https:\/\/www.radiopiu.net\/wordpress\/wp-content\/uploads\/2020\/08\/ffb6cb53-dc85-425f-9679-c90f7731f3fa-125x125.jpg 125w, https:\/\/www.radiopiu.net\/wordpress\/wp-content\/uploads\/2020\/08\/ffb6cb53-dc85-425f-9679-c90f7731f3fa-200x200.jpg 200w, https:\/\/www.radiopiu.net\/wordpress\/wp-content\/uploads\/2020\/08\/ffb6cb53-dc85-425f-9679-c90f7731f3fa-80x80.jpg 80w\" sizes=\"auto, (max-width: 150px) 100vw, 150px\" \/><\/a>\n\t\t\t\t<\/dt><\/dl><dl class='gallery-item'>\n\t\t\t\t<dt class='gallery-icon landscape'>\n\t\t\t\t\t<a class=\"rollover rollover-zoom dt-pswp-item\" title=\"51ebaf25-e74e-4256-895d-3f65c77337e6\" data-dt-img-description=\"\" data-large_image_width=\"1600\" data-large_image_height=\"903\"href='https:\/\/www.radiopiu.net\/wordpress\/wp-content\/uploads\/2020\/08\/51ebaf25-e74e-4256-895d-3f65c77337e6.jpg'><img loading=\"lazy\" decoding=\"async\" width=\"150\" height=\"150\" src=\"https:\/\/www.radiopiu.net\/wordpress\/wp-content\/uploads\/2020\/08\/51ebaf25-e74e-4256-895d-3f65c77337e6-150x150.jpg\" class=\"attachment-thumbnail size-thumbnail\" alt=\"\" srcset=\"https:\/\/www.radiopiu.net\/wordpress\/wp-content\/uploads\/2020\/08\/51ebaf25-e74e-4256-895d-3f65c77337e6-150x150.jpg 150w, https:\/\/www.radiopiu.net\/wordpress\/wp-content\/uploads\/2020\/08\/51ebaf25-e74e-4256-895d-3f65c77337e6-125x125.jpg 125w, https:\/\/www.radiopiu.net\/wordpress\/wp-content\/uploads\/2020\/08\/51ebaf25-e74e-4256-895d-3f65c77337e6-200x200.jpg 200w, https:\/\/www.radiopiu.net\/wordpress\/wp-content\/uploads\/2020\/08\/51ebaf25-e74e-4256-895d-3f65c77337e6-80x80.jpg 80w\" sizes=\"auto, (max-width: 150px) 100vw, 150px\" \/><\/a>\n\t\t\t\t<\/dt><\/dl><dl class='gallery-item'>\n\t\t\t\t<dt class='gallery-icon landscape'>\n\t\t\t\t\t<a class=\"rollover rollover-zoom dt-pswp-item\" title=\"79c1d6f8-b665-4b34-bfd1-8ba42328076c\" data-dt-img-description=\"\" data-large_image_width=\"1600\" data-large_image_height=\"903\"href='https:\/\/www.radiopiu.net\/wordpress\/wp-content\/uploads\/2020\/08\/79c1d6f8-b665-4b34-bfd1-8ba42328076c.jpg'><img loading=\"lazy\" decoding=\"async\" width=\"150\" height=\"150\" src=\"https:\/\/www.radiopiu.net\/wordpress\/wp-content\/uploads\/2020\/08\/79c1d6f8-b665-4b34-bfd1-8ba42328076c-150x150.jpg\" class=\"attachment-thumbnail size-thumbnail\" alt=\"\" srcset=\"https:\/\/www.radiopiu.net\/wordpress\/wp-content\/uploads\/2020\/08\/79c1d6f8-b665-4b34-bfd1-8ba42328076c-150x150.jpg 150w, https:\/\/www.radiopiu.net\/wordpress\/wp-content\/uploads\/2020\/08\/79c1d6f8-b665-4b34-bfd1-8ba42328076c-125x125.jpg 125w, https:\/\/www.radiopiu.net\/wordpress\/wp-content\/uploads\/2020\/08\/79c1d6f8-b665-4b34-bfd1-8ba42328076c-200x200.jpg 200w, https:\/\/www.radiopiu.net\/wordpress\/wp-content\/uploads\/2020\/08\/79c1d6f8-b665-4b34-bfd1-8ba42328076c-80x80.jpg 80w\" sizes=\"auto, (max-width: 150px) 100vw, 150px\" \/><\/a>\n\t\t\t\t<\/dt><\/dl><br style=\"clear: both\" \/>\n\t\t\t<\/div>\n\n<p>&nbsp;<\/p>\n<hr \/>\n<p>&nbsp;<\/p>\n<blockquote>\n<h3>INAUGURATO IL BALCONE PANORAMICO DEL NEVEGAL SULLE DOLOMITI UNESCO<\/h3>\n<\/blockquote>\n<p class=\"photoswipe-wrapper\"><strong class=\"photoswipe-wrapper\"><a class=\"dt-pswp-item pspw-wrap-ready\" href=\"https:\/\/i2.wp.com\/www.radiopiu.net\/wordpress\/wp-content\/uploads\/2020\/08\/IMG_8027.jpg?ssl=1\" data-dt-img-description=\"\" data-large_image_width=\"1632\" data-large_image_height=\"1224\"><img loading=\"lazy\" decoding=\"async\" class=\"size-medium wp-image-158255 alignleft\" src=\"https:\/\/i2.wp.com\/www.radiopiu.net\/wordpress\/wp-content\/uploads\/2020\/08\/IMG_8027.jpg?resize=300%2C225&amp;ssl=1\" sizes=\"auto, (max-width: 300px) 100vw, 300px\" srcset=\"https:\/\/i2.wp.com\/www.radiopiu.net\/wordpress\/wp-content\/uploads\/2020\/08\/IMG_8027.jpg?resize=300%2C225&amp;ssl=1 300w, https:\/\/i2.wp.com\/www.radiopiu.net\/wordpress\/wp-content\/uploads\/2020\/08\/IMG_8027.jpg?resize=1024%2C768&amp;ssl=1 1024w, https:\/\/i2.wp.com\/www.radiopiu.net\/wordpress\/wp-content\/uploads\/2020\/08\/IMG_8027.jpg?resize=768%2C576&amp;ssl=1 768w, https:\/\/i2.wp.com\/www.radiopiu.net\/wordpress\/wp-content\/uploads\/2020\/08\/IMG_8027.jpg?resize=1536%2C1152&amp;ssl=1 1536w, https:\/\/i2.wp.com\/www.radiopiu.net\/wordpress\/wp-content\/uploads\/2020\/08\/IMG_8027.jpg?resize=640%2C480&amp;ssl=1 640w, https:\/\/i2.wp.com\/www.radiopiu.net\/wordpress\/wp-content\/uploads\/2020\/08\/IMG_8027.jpg?w=1632&amp;ssl=1 1632w\" alt=\"\" width=\"300\" height=\"225\" data-recalc-dims=\"1\" \/><\/a>BELLUNO\u00a0<\/strong>\u00ab<em>Viviamo in un territorio splendido. Abbiamo il dovere di preservarlo, e questo \u00e8 possibile solo con le persone che abitano e vivono le nostre montagne. Ma abbiamo il dovere anche di condividere \u201cla grande bellezza\u201d con chi viene da fuori<\/em>\u00bb. Sono le parole con cui il presidente della Provincia di Belluno ha inaugurato questa mattina in Faverghera (Belluno) il balcone panoramico del Nevegal, affacciato sulle Dolomiti Patrimonio dell\u2019Umanit\u00e0. Si tratta del secondo balcone dopo quello del Monte Rite (il terzo, sul Monte Agudo, Auronzo, sar\u00e0 inaugurato nei prossimi mesi), un\u2019iniziativa del piano \u201cEsposizione Universale Expo 2015. Implementazione della prima parte del progetto \u2018Siti Unesco, Dolomiti Unesco, Laguna di Venezia, Parchi Regionali\u2019. Programmazione delle azioni a regia regionale relative alla valorizzazione del sito Dolomiti Unesco\u201d (Dgr n. 2759 del 29 dicembre 2014), che prevede iniziative per la valorizzazione e la promozione dei principali siti naturalistici regionali di particolare attrattiva, ponendo l\u2019accento sulle Dolomiti Unesco. Al taglio del nastro erano presenti, oltre all\u2019amministrazione provinciale, il presidente e il direttore della Fondazione Dolomiti Unesco, il questore di Belluno, il sindaco del capoluogo, il presidente del Parco Nazionale Dolomiti Bellunesi, il presidente del Fondo Comuni di confine e il Cai Veneto.\u00a0\u00ab<em>Con l\u2019inaugurazione di oggi concretizziamo un lavoro che \u00e8 partito da lontano, dal riconoscimento delle Dolomiti a Patrimonio dell\u2019Umanit\u00e0, fortemente voluto dall\u2019amministrazione provinciale di Sergio Reolon \u2013 ha ricordato il presidente della Provincia -. I balconi panoramici hanno l\u2019obiettivo di valorizzare alcuni dei luoghi pi\u00f9 significativi del nostro territorio. Questo del Nevegal offre una visuale favolosa sulla Valbelluna e su alcune vette delle Dolomiti. \u00c8 il coronamento di un bellissimo lavoro per cui ringrazio tutti coloro che hanno contribuito. Diamo il via a un elemento che ci consentir\u00e0 di promuovere la nostra montagna. Quest\u2019estate abbiamo visto le enormi potenzialit\u00e0 delle Dolomiti, un ambiente da preservare, ma anche da condividere. La gestione oculata dei flussi turistici deve essere uno dei motivi che spingono le nostre genti a rimanere a vivere e lavorare in provincia di Belluno, in questa \u201cgrande bellezza\u201d che ci circonda<\/em>\u00bb.\u00a0Dello stesso avviso anche il presidente della Fondazione Dolomiti Unesco, che ha sottolineato l\u2019importanza di diffondere cultura alpina e dolomitica.\u00a0<a class=\"dt-pswp-item pspw-wrap-ready\" href=\"https:\/\/i2.wp.com\/www.radiopiu.net\/wordpress\/wp-content\/uploads\/2020\/08\/IMG_8023.jpg?ssl=1\" data-dt-img-description=\"\" data-large_image_width=\"1632\" data-large_image_height=\"1224\"><img loading=\"lazy\" decoding=\"async\" class=\"size-medium wp-image-158257 alignright\" src=\"https:\/\/i2.wp.com\/www.radiopiu.net\/wordpress\/wp-content\/uploads\/2020\/08\/IMG_8023.jpg?resize=300%2C225&amp;ssl=1\" sizes=\"auto, (max-width: 300px) 100vw, 300px\" srcset=\"https:\/\/i2.wp.com\/www.radiopiu.net\/wordpress\/wp-content\/uploads\/2020\/08\/IMG_8023.jpg?resize=300%2C225&amp;ssl=1 300w, https:\/\/i2.wp.com\/www.radiopiu.net\/wordpress\/wp-content\/uploads\/2020\/08\/IMG_8023.jpg?resize=1024%2C768&amp;ssl=1 1024w, https:\/\/i2.wp.com\/www.radiopiu.net\/wordpress\/wp-content\/uploads\/2020\/08\/IMG_8023.jpg?resize=768%2C576&amp;ssl=1 768w, https:\/\/i2.wp.com\/www.radiopiu.net\/wordpress\/wp-content\/uploads\/2020\/08\/IMG_8023.jpg?resize=1536%2C1152&amp;ssl=1 1536w, https:\/\/i2.wp.com\/www.radiopiu.net\/wordpress\/wp-content\/uploads\/2020\/08\/IMG_8023.jpg?resize=640%2C480&amp;ssl=1 640w, https:\/\/i2.wp.com\/www.radiopiu.net\/wordpress\/wp-content\/uploads\/2020\/08\/IMG_8023.jpg?w=1632&amp;ssl=1 1632w\" alt=\"\" width=\"300\" height=\"225\" data-recalc-dims=\"1\" \/><\/a>\u00ab<em>Tutti siamo parte di questo territorio e dobbiamo promuoverne la cultura, anche e soprattutto a chi viene a visitare questi luoghi \u2013 ha detto al taglio del nastro -. I balconi panoramici sono uno dei mezzi con cui promuovere questa cultura. Le Dolomiti sono tali perch\u00e9 ci sono persone che presidiano il territorio, lo vivono e ci lavorano. Quest\u2019estate abbiamo visto afflussi grandissimi di turisti: dobbiamo garantire l\u2019accoglienza e un\u2019offerta turistica che vada nella stessa direzione, migliorando in alcuni aspetti che ci consentano di avere una montagna sostenibile<\/em>\u00bb.\u00a0Soddisfatto e orgoglioso il sindaco di Belluno: \u00ab<em>Siamo l\u2019unico Comune capoluogo ad avere all\u2019interno del\u00a0territorio comunale un sito delle Dolomiti Unesco e adesso anche un balcone panoramico sul Patrimonio dell\u2019Umanit\u00e0. Il Nevegal \u00e8 un colle stupendo ed \u00e8 tale per l\u2019ambiente naturale che lo circonda; per questo dobbiamo ragionare in chiave di attenzione ambientale e paesaggistica<\/em>\u00bb.<\/p>\n<p><strong>IL BALCONE<\/strong><\/p>\n<p class=\"photoswipe-wrapper\"><a class=\"dt-pswp-item pspw-wrap-ready\" href=\"https:\/\/i2.wp.com\/www.radiopiu.net\/wordpress\/wp-content\/uploads\/2020\/08\/IMG_8038.jpg?ssl=1\" data-dt-img-description=\"\" data-large_image_width=\"1632\" data-large_image_height=\"1224\"><img loading=\"lazy\" decoding=\"async\" class=\"size-medium wp-image-158256 alignleft\" src=\"https:\/\/i2.wp.com\/www.radiopiu.net\/wordpress\/wp-content\/uploads\/2020\/08\/IMG_8038.jpg?resize=300%2C225&amp;ssl=1\" sizes=\"auto, (max-width: 300px) 100vw, 300px\" srcset=\"https:\/\/i2.wp.com\/www.radiopiu.net\/wordpress\/wp-content\/uploads\/2020\/08\/IMG_8038.jpg?resize=300%2C225&amp;ssl=1 300w, https:\/\/i2.wp.com\/www.radiopiu.net\/wordpress\/wp-content\/uploads\/2020\/08\/IMG_8038.jpg?resize=1024%2C768&amp;ssl=1 1024w, https:\/\/i2.wp.com\/www.radiopiu.net\/wordpress\/wp-content\/uploads\/2020\/08\/IMG_8038.jpg?resize=768%2C576&amp;ssl=1 768w, https:\/\/i2.wp.com\/www.radiopiu.net\/wordpress\/wp-content\/uploads\/2020\/08\/IMG_8038.jpg?resize=1536%2C1152&amp;ssl=1 1536w, https:\/\/i2.wp.com\/www.radiopiu.net\/wordpress\/wp-content\/uploads\/2020\/08\/IMG_8038.jpg?resize=640%2C480&amp;ssl=1 640w, https:\/\/i2.wp.com\/www.radiopiu.net\/wordpress\/wp-content\/uploads\/2020\/08\/IMG_8038.jpg?w=1632&amp;ssl=1 1632w\" alt=\"\" width=\"300\" height=\"225\" data-recalc-dims=\"1\" \/><\/a>Il balcone panoramico del Nevegal \u2013 Faverghera, \u00e8 costituito da un semicerchio metallico. Il visitatore pu\u00f2 osservare il panorama, e contemporaneamente leggere i nomi delle creste tutt\u2019attorno, riproposti in bassorilievo sul semicerchio. La progettazione \u00e8 stata affidata al raggruppamento temporaneo di professionisti rappresentato dall\u2019architetto Tommaso Del Zenero. Il costo \u00e8 di 48mila euro. Nel dettaglio, \u00e8 stato realizzato in lamiera di acciaio corten e struttura in calcestruzzo armato. \u00c8 provvisto di bussola panoramica di 180 gradi, con intagliati al laser i profili su tre livelli delle montagne circostanti. Si raggiunge dalla strada silvo-pastorale che dal Nevegal prosegue verso il Visentin, poco distante dalla Malga Faverghera e dall\u2019ingresso del Giardino Botanico.<\/p>\n<p>&nbsp;<\/p>\n<p>&nbsp;<\/p>\n<hr \/>\n<p>&nbsp;<\/p>\n<blockquote>\n<h3>IL GHIACCIAIO DELLA MARMOLADA STA MORENDO: TRA IL 1905 E IL 2010 HA PERSO PI\u00d9 DELL\u201985% DEL SUO VOLUME, LO SPESSORE DELLA SUA FRONTE \u00c8 PASSATA DA 50 A POCHI METRI E POTREBBE SCOMPARIRE GI\u00c0 NEI PROSSIMI 20\/30 ANNI<\/h3>\n<\/blockquote>\n<p><a class=\"dt-pswp-item pspw-wrap-ready\" href=\"https:\/\/i1.wp.com\/www.radiopiu.net\/wordpress\/wp-content\/uploads\/2020\/08\/MARMOLADA-LEGAMBIENTE.jpg?ssl=1\" data-dt-img-description=\"\" data-large_image_width=\"1280\" data-large_image_height=\"853\"><img loading=\"lazy\" decoding=\"async\" class=\" wp-image-158233 alignleft\" src=\"https:\/\/i1.wp.com\/www.radiopiu.net\/wordpress\/wp-content\/uploads\/2020\/08\/MARMOLADA-LEGAMBIENTE.jpg?resize=401%2C267&amp;ssl=1\" sizes=\"auto, (max-width: 401px) 100vw, 401px\" srcset=\"https:\/\/i1.wp.com\/www.radiopiu.net\/wordpress\/wp-content\/uploads\/2020\/08\/MARMOLADA-LEGAMBIENTE.jpg?resize=300%2C200&amp;ssl=1 300w, https:\/\/i1.wp.com\/www.radiopiu.net\/wordpress\/wp-content\/uploads\/2020\/08\/MARMOLADA-LEGAMBIENTE.jpg?resize=1024%2C682&amp;ssl=1 1024w, https:\/\/i1.wp.com\/www.radiopiu.net\/wordpress\/wp-content\/uploads\/2020\/08\/MARMOLADA-LEGAMBIENTE.jpg?resize=768%2C512&amp;ssl=1 768w, https:\/\/i1.wp.com\/www.radiopiu.net\/wordpress\/wp-content\/uploads\/2020\/08\/MARMOLADA-LEGAMBIENTE.jpg?resize=640%2C427&amp;ssl=1 640w, https:\/\/i1.wp.com\/www.radiopiu.net\/wordpress\/wp-content\/uploads\/2020\/08\/MARMOLADA-LEGAMBIENTE.jpg?w=1280&amp;ssl=1 1280w\" alt=\"\" width=\"401\" height=\"267\" data-recalc-dims=\"1\" \/><\/a>Una riduzione del volume maggiore dell\u201985% avvenuta tra il 1905 ed il 2010 e uno spessore della fronte, passato dai quasi cinquanta metri dell\u2019inizio del secolo scorso ai pochi metri di oggi sono i segnali che il ghiacciaio della Marmolada sta morendo e lasciano presagire la sua definitiva scomparsa tra 20\/30 anni.\u00a0\u00c8 questo, in estrema sintesi, il risultato del monitoraggio effettuato nella quarta tappa della Carovana dei ghiacciai di Legambiente sul ghiacciaio della Marmolada tra Veneto e Trentino Alto Adige.\u00a0I risultati del monitoraggio sono stati presentati questa mattina a Malga Ciapela, nel Comune di Rocca Pietore (BL), nel corso di una conferenza stampa alla quale hanno partecipato Vanda Bonardo, Responsabile Alpi Legambiente, Marco Giardino, Segretario Comitato Glaciologico Italiano, Aldino Bondesan, Comitato Glaciologico Italiano, Luigi Lazzaro, Presidente Legambiente Veneto, Mauro Valt, Arpa Veneto.\u00a0La Carovana dei ghiacciai \u00e8 la nuova campagna di Legambiente, realizzata con il supporto del Comitato Glaciologico Italiano (CGI) e con partner principale Sammontana e partner sostenitore FRoSTA, che dal 17 agosto al 4 settembre monitora lo stato di salute dei pi\u00f9 importanti ghiacciai alpini per sensibilizzare le persone sugli effetti che i cambiamenti climatici stanno avendo sull\u2019ambiente glaciale alpino.\u00a0\u201cI teloni posizionati in abbondanza sul ghiacciaio, soprattutto in questo ultimo periodo, per una superficie che ammonta a circa 50mila metri quadrati allo scopo di conservare le piste da sci e non il ghiacciaio stesso, ripropongono il problema dell\u2019uso delle risorse naturali a scopo turistico\u201d dichiarano Vanda Bonardo, responsabile Alpi Legambiente, e Luigi Lazzaro, Presidente Legambiente Veneto. \u201cLe rigorose previsioni degli esperti sulla repentina scomparsa del ghiacciaio \u2013 continuano i due responsabili di Legambiente \u2013 ora pi\u00f9 che mai dovrebbero indurre a scelte innovative di sviluppo locale che contemplino nuove visioni per un turismo pi\u00f9 compatibile con gli eventi naturali e meno incentrato su forme di accanimento terapeutico come queste. Se\u00a0 quello della dichiarazione dell\u2019emergenza climatica da parte del nostro parlamento e dall\u2019Europa \u00e8 un passo importante, allo stesso modo \u00e8 indispensabile che la Regione Veneto faccia lo stesso e in tempi brevi avvii un piano di adattamento ai cambiamenti climatici. Piano che altres\u00ec auspichiamo venga prodotto a livello nazionale poich\u00e9 attualmente non ancora realizzato\u201d.\u00a0Tramite analisi di dati di cartografia storica e studi geofisici, attraverso il confronto di carte topografiche antiche e nuovi rilievi georadar, \u00e8 stato possibile ricostruire le riduzioni volumetriche del ghiacciaio della\u00a0 Marmolada, stabilendo che dal 1905 al 2010 ha perso pi\u00f9 dell\u201985% del suo volume. Nell\u2019ultimo decennio si \u00e8 assistito ad una accelerazione dei fenomeni della fusione glaciale. La linea di tendenza che sino al 2000 consentiva di prevedere un esaurimento nell\u2019arco di un secolo si \u00e8 successivamente modificata tanto da far presagire la scomparsa del ghiacciaio entro i prossimi 20\/30 anni. Inoltre gli spessori alla fronte che agli inizi del secolo scorso raggiungevano quasi i 50 metri oggi sono ridotti a pochi metri.\u00a0\u201cLa tappa della Marmolada \u2013 dichiara Marco Giardino, Segretario del Comitato Glaciologico Italiano \u2013 ha dimostrato l\u2019importanza dell\u2019integrazione fra documentazione cartografica storica e nuovi dati scientifici per l\u2019accurata ricostruzione delle variazioni volumetriche dei ghiacciai. Questo ghiacciaio \u00e8 un prezioso testimone della storia dell\u2019uomo e sensibile indicatore dei cambiamenti climatici\u201d.\u00a0Nel corso delle osservazioni si sono riscontratiosservati gli effetti delle valanghe, crolli e colate detritiche rapide, risultato\u00a0 della recente denudazione dei versanti e dei fenomeni atmosferici estremi che hanno colpito\u00a0 la regione dolomitica\u00a0\u201cIl ritiro del ghiaccio ha determinato la scomparsa della \u201ccitt\u00e0 di ghiaccio\u201d ricorda Aldino Bondesan del Comitato Glaciologico Italiano \u2013 costruita dagli austroungarici durante la prima guerra mondiale all\u2019interno del ghiacciaio. All\u2019epoca era costantemente minacciata dalle spinte del ghiacciaio stesso che allora si muoveva a diverse decine di metri l\u2019anno, mentre oggi \u00e8 fermo. La particolare natura di ghiacciaio di pendio fa poi s\u00ec che il corpo glaciale reagisca con estrema rapidit\u00e0 alle piccole mutazioni climatiche, tanto da essere utilizzato come termometro naturale, anche rispetto alle pi\u00f9 piccole variazioni di temperatura e precipitazioni\u201d.\u00a0La storia di questo ghiacciaio si \u00e8 pi\u00f9 volte intersecata con la storia dell\u2019uomo. A partire dalla seconda met\u00e0 dell\u2019Ottocento la Marmolada fu teatro di alcune tra le prime grandi sfide alpinistiche richiamando scalatori ed esploratori da tutta Europa. La Grande Guerra vide i\u00a0 contendenti combattere sulle cime pi\u00f9 alte e dentro le viscere del ghiacciaio che conteneva alloggi, magazzini e camminamenti, unici nel contesto della guerra bianca. Negli anni Cinquanta nasce il lago artificiale di Fedaia, come esito degli studi condotti per soddisfare i bisogni energetici di un paese in crescente sviluppo e per il fatto che il ghiacciaio costituiva un\u2019importante riserva di acqua dolce per alimentare la rete idrografica e le falde di pianura. A partire dagli anni 70 la realizzazione degli impianti di risalita ha consentito una grande frequentazione di sciatori, anche nel periodo estivo, sino a che l\u2019aumento delle temperature ha impedito tale pratica.\u00a0Particolarmente suggestivo e emozionante il brano \u201cpastorale\u201d per viola pensato per il Saluto al ghiacciaio svoltosi il 28 agosto a Pian dei Fiacconi. Un testo scritto e interpretato dal musicista Vittorio Demarin che cos\u00ec ha voluto unirsi alle urla silenziose del ghiaccio morente, un urlo di disperazione e di allarme che ha come epilogo un inevitabile silenzio. L\u2019\u201cUrlo\u201d\u00a0 dai ghiacciai delle Alpi ha raggiunto lo SPONZ FEST di Vinicio Capossela, nelle valli dell\u2019Alta Irpinia generando un gemellaggio tra i due eventi.\u00a0La Carovana dei Ghiacciai di Legambiente ringrazia per questa quarta tappa il Museo di Geografia dell\u2019Universit\u00e0 di Padova per la realizzazione e la collaborazione degli eventi, le funivie della Marmolada, il rifugio Ghiacciaio Marmolada-Pian dei Fiacconi, l\u2019hotel Principe di Marmolada e l\u2019Amministrazione di Rocca Pietore per il supporto all\u2019organizzazione degli eventi.<\/p>\n<p>&nbsp;<\/p>\n<p>&nbsp;<\/p>\n<hr \/>\n<p>&nbsp;<\/p>\n<blockquote>\n<h3>AL VIA IL CONCORSO &#8220;TRAZIONE E CULTURA IN VAL DEL BIOIS&#8221;<\/h3>\n<\/blockquote>\n<p><strong>FALCADE\u00a0<\/strong>E&#8217; partito il concorso fotografico &#8220;Tradizione e Cultura in Val del Biois&#8221;, promosso da PromoFalcade Dolomiti in collaborazione con Gruppo Folk Val Biois e Union ladina Val Biois, per Se Desmonteghea 2020. Il concorso \u00e8 aperto a tutti gli appassionati oltre i 18 anni, che dovranno rappresentare tramite le proprie foto i colori, gli angoli, i vestiti, gli animali di Falcade e di tutta la Valle del Biois. Vi invitiamo a leggere il regolamento su <span role=\"gridcell\"><a class=\"oajrlxb2 g5ia77u1 qu0x051f esr5mh6w e9989ue4 r7d6kgcz rq0escxv nhd2j8a9 nc684nl6 p7hjln8o kvgmc6g5 cxmmr5t8 oygrvhab hcukyx3x jb3vyjys rz4wbd8a qt6c0cv9 a8nywdso i1ao9s8h oo483o9r f1sip0of lzcic4wl pipptul6 gpro0wi8\" tabindex=\"0\" role=\"link\" href=\"https:\/\/l.facebook.com\/l.php?u=https%3A%2F%2Ftap.bio%2F%40falcade_dolomiti%3Ffbclid%3DIwAR37I8zIsOS0DoBb1Ao9jVHG1VYjooYKl6qPLTlDzKCN4osmEoRhtR-KtUY&amp;h=AT0X5y7yv71lRixq4bQlWkrt0VpzdP85QfaCsnU6JWLe1MTzTujy6md3s8SEWEajsam9XfNDuh7_YHKuwwSJcZ7jsbRO4umXM6EETMXwrhNjcGLxgsSGN22dUQ3GtqR5XAoEASa5\" target=\"_blank\" rel=\"nofollow noopener noreferrer\">https:\/\/tap.bio\/@falcade_dolomiti<\/a><\/span> e vi auguriamo buona fortuna. Info e regolamento: <span role=\"gridcell\"><a class=\"oajrlxb2 g5ia77u1 qu0x051f esr5mh6w e9989ue4 r7d6kgcz rq0escxv nhd2j8a9 nc684nl6 p7hjln8o kvgmc6g5 cxmmr5t8 oygrvhab hcukyx3x jb3vyjys rz4wbd8a qt6c0cv9 a8nywdso i1ao9s8h oo483o9r f1sip0of lzcic4wl pipptul6 gpro0wi8\" tabindex=\"0\" role=\"link\" href=\"https:\/\/l.facebook.com\/l.php?u=https%3A%2F%2Ftap.bio%2F%40falcade_dolomiti%3Ffbclid%3DIwAR1bz6pGSZFGmz95s2-QKDHIRBjeUXSL1ED5banaduf1gsSVaO4VocaCLNs&amp;h=AT0X5y7yv71lRixq4bQlWkrt0VpzdP85QfaCsnU6JWLe1MTzTujy6md3s8SEWEajsam9XfNDuh7_YHKuwwSJcZ7jsbRO4umXM6EETMXwrhNjcGLxgsSGN22dUQ3GtqR5XAoEASa5\" target=\"_blank\" rel=\"nofollow noopener noreferrer\">https:\/\/tap.bio\/@falcade_dolomiti<\/a><\/span><\/p>\n<p>&nbsp;<\/p>\n<p>&nbsp;<\/p>\n<hr \/>\n<p>&nbsp;<\/p>\n<blockquote>\n<h3>LA \u201cMOVIMENTATA\u201d STORIA DI CAPRILE CON LE VICENDE DEI PRA E DEL \u201cPOSTA\u201d<\/h3>\n<\/blockquote>\n<p><strong><a class=\"dt-pswp-item\" href=\"https:\/\/www.radiopiu.net\/wordpress\/wp-content\/uploads\/2019\/08\/553085_385905871470280_1626001170_n.jpg\" data-dt-img-description=\"\" data-large_image_width=\"855\" data-large_image_height=\"569\"><img loading=\"lazy\" decoding=\"async\" class=\" wp-image-94070 alignleft\" src=\"https:\/\/www.radiopiu.net\/wordpress\/wp-content\/uploads\/2019\/08\/553085_385905871470280_1626001170_n-300x200.jpg\" alt=\"\" width=\"189\" height=\"126\" \/><\/a>di\u00a0Renato\u00a0Bona\u00a0<\/strong><\/p>\n<p>\u201cA Renato Bona con un affettuoso pensiero\u201d. Cos\u00ec il 14 marzo 1977 lo storico Giuseppe Sorge, mio apprezzato collaboratore a Il Gazzettino, mi dedicava una copia del libro \u201cCaprile\u201d, stampato dalla bellunese tipografia Piave nel dicembre del 1976 per Nuovi sentieri editore di Bepi Pellegrinon. In quasi 150 pagine Sorge &#8211; che in apertura ospita una lettera di Giuseppe Mazzotti &#8211; tracciava \u201cuna breve storia di Caprile con le vicende della famiglia Pra e dell\u2019albergo Posta\u201d. Nella lettera indirizzata all\u2019autore Mazzotti scrive: \u201cLo studio che lei ha dedicato a Caprile mi fa ricordare, con una certa soddisfazione, che uno dei miei primi scritti sulla montagna (pubblicato poi su una rivista) \u00e8 dedicato all\u2019Agordino dove la bellezza &#8211; dicevo &#8211; non \u00e8 catalogata, privilegio inestimabile dei luoghi sempre pi\u00f9 rari che ai nostri tempi ci possono consentire ancora la gioia della scoperta\u2026 lei, caro Sorge, ci ha offerto un sacco di notizie se non inedite certo poco note della storia di Caprile, specie di quando era l\u2019estrema punta d\u2019Italia, sotto la sorveglianza diretta di Livinallongo e di Colle Santa Lucia, governate da stranieri che agevolmente potevano dall\u2019alto guardare in casa nostra; ci ha rappresentato le contese a non finire fra confinanti, sostenute dal Vescovo di Bressanone da una parte e dalla Repubblica Veneta dall\u2019altra; ci ha descritto le antiche costumanze paesane, principalmente della fiera di novembre, delle feste e dei balli di carnevale, che si svolgevano secondo una tradizione codificata, mai trasgredita (delicata e poetica la conclusione dei festeggiamenti, coi giovani che portavano alle ragazze fiori dai lunghi steli, fabbricati con foglie di granturco ripiegate, secondo l\u2019usanza di Livinallongo); ci ha fatto conoscere qualche parte degli antichi statuti, di cui piace ricordare la prescrizione che si facesse il pane giustamente: \u2018che sia per\u00f2 anco bianco, buono e ben fatto, a beneficio di tutti, e massime della povert\u00e0\u2019 e la severit\u00e0 dell\u2019obbligo morale di conservare usanze e leggi quali erano state \u2018osservate da mille anni in qua e pi\u00f9\u2019. Ci ha ricordato i villaggi di Caracoi (Cimai e Agoin) alti sulle montagne sopra Caprile, dove si dice che la Repubblica Veneta confinasse i prigionieri turchi. Ci ha ricordato le sciagure, le alluvioni, gli incendi che nei secoli hanno devastato Caprile; e ha dato ampio meritato spazio al diario che ricorda il tempo della prima guerra mondiale, combattuta sui ghiacciai della Marmolada, sul Col di Lana, su altre cime d\u2019intorno\u2026\u201d. Sorge ha articolato il suo lavoro nei seguenti capitoli: \u201cCaprile nella tradizione\u201d: cenni introduttivi, il paese, la chiesa di san Bartolomeo, personaggi caprilesi, feste civili e religiose, il turismo; \u201cPagine di storia antica\u201d: le origini, gli antichi statuti, contese di confine e situazione religiosa, Scipione Benzoni e la colonna di san Marco, attivit\u00e0 artigianali e lavorazione del ferro, dalla fine della Serenissima alla annessione del Veneto all\u2019Italia; \u201cDal 1866 al 1966\u201d: la famiglia Pra e l\u2019albergo Posta, cavalli e carrozze, le alluvioni del 1882 e del 1885 e la \u201cboa\u201d di Rucav\u00e0, un ospite illustre, primo ampliamento dell\u2019albergo, la Grande guerra nel ricordo del caprilese Antonio Soia: il 24 maggio 1915, primo attacco, mobilitazione generale, verso il Col di Lana, bombardamento di Saviner e Alleghe, il cinema muto, una fucilazione sul Cordevole, la ritirata, la occupazione austriaca, il 4 novembre 1918; dalla prima alla seconda guerra mondiale, dopo il 1945, il centenario dell\u2019albergo; \u201cAi nostri giorni\u201d: la rinascita del paese, due fratelli nella gestione di un albergo, la conquista della Marmolada, iniziative della famiglia Pra, prospettive di Caprile e della zona; \u201cIl turismo nell\u2019Alto Agordino\u201d: la stazione di soggiorno di Arabba, la funivia di Porta Vescovo, il nuovo albergo della famiglia Pra ad Arabba; \u201cGastronomia caprilese\u201d: il tempo rinnovato, rito gastronomico al \u2018Posta\u2019, virt\u00f9 della buona tavola, dal ricettario di casa Pra. Nella conclusione l\u2019autore scrive: \u201cLa storia di Caprile e dell\u2019albergo \u2018Posta\u2019 non vuol essere una storia singolare perch\u00e9 essa, invece, simbolicamente riproduce la storia di tanti paesi ed alberghi della vallata agordina e della provincia di Belluno dove tenacia ed intraprendenza (unite ad estro e spirito di iniziativa) hanno dato vita ad altre valide attivit\u00e0. Il turismo caprilese, come quello agordino bellunese, cadorino o ampezzano, ha iniziato a muovere i suoi passi in questo modo, con gente del luogo che, malgrado la lontananza dai centri di vita, non ha mai avuto n\u00e9 subito il complesso dell\u2019emarginazione. Quella di Caprile e dell\u2019albergo \u2018Posta\u2019 resta quindi una storia emblematica che, nel sottolineare gli aspetti positivi e concreti della gente bellunese, insegna anche come si possano costruire in patria e altrove, le proprie e le altrui fortune. Sia nel turismo come negli altri campi dell\u2019attivit\u00e0 umana\u201d. Fra i tanti capitoli ci soffermiamo in questa occasione su quello che si occupa di Scipione Benzoni e la colonna di san Marco. Ricordato con \u201cBepi\u201d Sorge che \u201cCaprile si trov\u00f2 pi\u00f9 volte al centro di scontri armati tanto che il Cadore dovette intervenire ripetutamente in sua difesa, unita alla Repubblica Veneta interessata a mantenere l\u2019integrit\u00e0 del proprio territorio\u2026 e la pi\u00f9 lunga contesa ebbe luogo fra Livinallongo e Caprile per ragioni di confine e nascondeva grossi interessi di carattere economico: dur\u00f2 oltre un secolo e mezzo e fu sostenuta dalla parte di Livinallongo dal Vescovo di Bressanone, mentre la Repubblica Veneta difendeva la propria terra di Caprile\u201d! Va sottolineato che \u201cLa lunga controversia si conclude nel primo decennio del 1600 per opera del patrizio veneto Scipione Benzoni che\u2026 nell\u2019adempimento dell\u2019incarico ricevuto dalla Serenissima di ricercare una soluzione della controversia, si dimostra diplomatico di sperimentate capacit\u00e0 e riesce a destreggiarsi non soltanto su numerosi problemi di diversa natura, ma anche di fronte alla sottigliezza levantina della controparte e sulle continue riserve che la stessa veniva ponendo\u2026\u201d. Nel novembre 1608 annuncia soddisfatto al suo governo l\u2019accordo che sar\u00e0 firmato qualche mese dopo (nel frattempo era stata scoperta nella localit\u00e0 Pian di Sala una miniera d\u2019argento e di piombo ed il Vescovo di Bressanone aveva avanzato ulteriori pretese\u2026), il 27 giugno 1609! In onore del patrizio veneto i caprilesi innalzarono la colonna con il leone di san Marco che si trova nella piazza interna del paese. Questo monumento testimonia &#8211; sottolinea Sorge &#8211; non solo la particolare gratitudine degli abitanti di Caprile per chi aveva finalmente posto termine alla lunga contesa e ridato serenit\u00e0 e tranquillit\u00e0 alla gente, ma anche l\u2019influenza economica e la fedelt\u00e0 che la popolazione di Caprile e della valle ebbe per Venezia, simbolo di civilt\u00e0 e di italianit\u00e0.<\/p>\n\n\t\t\t<style type='text\/css'>\n\t\t\t\t#gallery-8 {\n\t\t\t\t\tmargin: auto;\n\t\t\t\t}\n\t\t\t\t#gallery-8 .gallery-item {\n\t\t\t\t\tfloat: left;\n\t\t\t\t\tmargin-top: 10px;\n\t\t\t\t\ttext-align: center;\n\t\t\t\t\twidth: 14%;\n\t\t\t\t}\n\t\t\t\t#gallery-8 img {\n\t\t\t\t\tborder: 2px solid #cfcfcf;\n\t\t\t\t}\n\t\t\t\t#gallery-8 .gallery-caption {\n\t\t\t\t\tmargin-left: 0;\n\t\t\t\t}\n\t\t\t\t\/* see gallery_shortcode() in wp-includes\/media.php *\/\n\t\t\t<\/style>\n\t\t<div id='gallery-8' class='dt-gallery-container gallery galleryid-158332 gallery-columns-7 gallery-size-thumbnail'><dl class='gallery-item'>\n\t\t\t\t<dt class='gallery-icon portrait'>\n\t\t\t\t\t<a class=\"rollover rollover-zoom dt-pswp-item\" title=\"118625671_2761233710777323_5956299323296545435_n\" data-dt-img-description=\"\" data-large_image_width=\"186\" data-large_image_height=\"349\"href='https:\/\/www.radiopiu.net\/wordpress\/wp-content\/uploads\/2020\/08\/118625671_2761233710777323_5956299323296545435_n.jpg'><img loading=\"lazy\" decoding=\"async\" width=\"150\" height=\"150\" src=\"https:\/\/www.radiopiu.net\/wordpress\/wp-content\/uploads\/2020\/08\/118625671_2761233710777323_5956299323296545435_n-150x150.jpg\" class=\"attachment-thumbnail size-thumbnail\" alt=\"\" srcset=\"https:\/\/www.radiopiu.net\/wordpress\/wp-content\/uploads\/2020\/08\/118625671_2761233710777323_5956299323296545435_n-150x150.jpg 150w, https:\/\/www.radiopiu.net\/wordpress\/wp-content\/uploads\/2020\/08\/118625671_2761233710777323_5956299323296545435_n-125x125.jpg 125w, https:\/\/www.radiopiu.net\/wordpress\/wp-content\/uploads\/2020\/08\/118625671_2761233710777323_5956299323296545435_n-80x80.jpg 80w\" sizes=\"auto, (max-width: 150px) 100vw, 150px\" \/><\/a>\n\t\t\t\t<\/dt><\/dl><dl class='gallery-item'>\n\t\t\t\t<dt class='gallery-icon portrait'>\n\t\t\t\t\t<a class=\"rollover rollover-zoom dt-pswp-item\" title=\"118651034_306307957267779_8101581388691630178_n\" data-dt-img-description=\"\" data-large_image_width=\"1429\" data-large_image_height=\"2560\"href='https:\/\/www.radiopiu.net\/wordpress\/wp-content\/uploads\/2020\/08\/118651034_306307957267779_8101581388691630178_n-scaled.jpg'><img loading=\"lazy\" decoding=\"async\" width=\"150\" height=\"150\" src=\"https:\/\/www.radiopiu.net\/wordpress\/wp-content\/uploads\/2020\/08\/118651034_306307957267779_8101581388691630178_n-150x150.jpg\" class=\"attachment-thumbnail size-thumbnail\" alt=\"\" srcset=\"https:\/\/www.radiopiu.net\/wordpress\/wp-content\/uploads\/2020\/08\/118651034_306307957267779_8101581388691630178_n-150x150.jpg 150w, https:\/\/www.radiopiu.net\/wordpress\/wp-content\/uploads\/2020\/08\/118651034_306307957267779_8101581388691630178_n-125x125.jpg 125w, https:\/\/www.radiopiu.net\/wordpress\/wp-content\/uploads\/2020\/08\/118651034_306307957267779_8101581388691630178_n-200x200.jpg 200w, https:\/\/www.radiopiu.net\/wordpress\/wp-content\/uploads\/2020\/08\/118651034_306307957267779_8101581388691630178_n-80x80.jpg 80w\" sizes=\"auto, (max-width: 150px) 100vw, 150px\" \/><\/a>\n\t\t\t\t<\/dt><\/dl><dl class='gallery-item'>\n\t\t\t\t<dt class='gallery-icon landscape'>\n\t\t\t\t\t<a class=\"rollover rollover-zoom dt-pswp-item\" title=\"118656740_1429105224146504_1218118928751786380_n\" data-dt-img-description=\"\" data-large_image_width=\"2000\" data-large_image_height=\"1641\"href='https:\/\/www.radiopiu.net\/wordpress\/wp-content\/uploads\/2020\/08\/118656740_1429105224146504_1218118928751786380_n.jpg'><img loading=\"lazy\" decoding=\"async\" width=\"150\" height=\"150\" src=\"https:\/\/www.radiopiu.net\/wordpress\/wp-content\/uploads\/2020\/08\/118656740_1429105224146504_1218118928751786380_n-150x150.jpg\" class=\"attachment-thumbnail size-thumbnail\" alt=\"\" srcset=\"https:\/\/www.radiopiu.net\/wordpress\/wp-content\/uploads\/2020\/08\/118656740_1429105224146504_1218118928751786380_n-150x150.jpg 150w, https:\/\/www.radiopiu.net\/wordpress\/wp-content\/uploads\/2020\/08\/118656740_1429105224146504_1218118928751786380_n-125x125.jpg 125w, https:\/\/www.radiopiu.net\/wordpress\/wp-content\/uploads\/2020\/08\/118656740_1429105224146504_1218118928751786380_n-200x200.jpg 200w, https:\/\/www.radiopiu.net\/wordpress\/wp-content\/uploads\/2020\/08\/118656740_1429105224146504_1218118928751786380_n-80x80.jpg 80w\" sizes=\"auto, (max-width: 150px) 100vw, 150px\" \/><\/a>\n\t\t\t\t<\/dt><\/dl><dl class='gallery-item'>\n\t\t\t\t<dt class='gallery-icon portrait'>\n\t\t\t\t\t<a class=\"rollover rollover-zoom dt-pswp-item\" title=\"118620590_3405348163022922_7001324993257384660_n\" data-dt-img-description=\"\" data-large_image_width=\"1698\" data-large_image_height=\"2560\"href='https:\/\/www.radiopiu.net\/wordpress\/wp-content\/uploads\/2020\/08\/118620590_3405348163022922_7001324993257384660_n-scaled.jpg'><img loading=\"lazy\" decoding=\"async\" width=\"150\" height=\"150\" src=\"https:\/\/www.radiopiu.net\/wordpress\/wp-content\/uploads\/2020\/08\/118620590_3405348163022922_7001324993257384660_n-150x150.jpg\" class=\"attachment-thumbnail size-thumbnail\" alt=\"\" srcset=\"https:\/\/www.radiopiu.net\/wordpress\/wp-content\/uploads\/2020\/08\/118620590_3405348163022922_7001324993257384660_n-150x150.jpg 150w, https:\/\/www.radiopiu.net\/wordpress\/wp-content\/uploads\/2020\/08\/118620590_3405348163022922_7001324993257384660_n-125x125.jpg 125w, https:\/\/www.radiopiu.net\/wordpress\/wp-content\/uploads\/2020\/08\/118620590_3405348163022922_7001324993257384660_n-200x200.jpg 200w, https:\/\/www.radiopiu.net\/wordpress\/wp-content\/uploads\/2020\/08\/118620590_3405348163022922_7001324993257384660_n-80x80.jpg 80w\" sizes=\"auto, (max-width: 150px) 100vw, 150px\" \/><\/a>\n\t\t\t\t<\/dt><\/dl><dl class='gallery-item'>\n\t\t\t\t<dt class='gallery-icon portrait'>\n\t\t\t\t\t<a class=\"rollover rollover-zoom dt-pswp-item\" title=\"118677525_2754499631538754_5756840732316445561_n\" data-dt-img-description=\"\" data-large_image_width=\"1911\" data-large_image_height=\"2560\"href='https:\/\/www.radiopiu.net\/wordpress\/wp-content\/uploads\/2020\/08\/118677525_2754499631538754_5756840732316445561_n-scaled.jpg'><img loading=\"lazy\" decoding=\"async\" width=\"150\" height=\"150\" src=\"https:\/\/www.radiopiu.net\/wordpress\/wp-content\/uploads\/2020\/08\/118677525_2754499631538754_5756840732316445561_n-150x150.jpg\" class=\"attachment-thumbnail size-thumbnail\" alt=\"\" srcset=\"https:\/\/www.radiopiu.net\/wordpress\/wp-content\/uploads\/2020\/08\/118677525_2754499631538754_5756840732316445561_n-150x150.jpg 150w, https:\/\/www.radiopiu.net\/wordpress\/wp-content\/uploads\/2020\/08\/118677525_2754499631538754_5756840732316445561_n-125x125.jpg 125w, https:\/\/www.radiopiu.net\/wordpress\/wp-content\/uploads\/2020\/08\/118677525_2754499631538754_5756840732316445561_n-200x200.jpg 200w, https:\/\/www.radiopiu.net\/wordpress\/wp-content\/uploads\/2020\/08\/118677525_2754499631538754_5756840732316445561_n-80x80.jpg 80w\" sizes=\"auto, (max-width: 150px) 100vw, 150px\" \/><\/a>\n\t\t\t\t<\/dt><\/dl><dl class='gallery-item'>\n\t\t\t\t<dt class='gallery-icon landscape'>\n\t\t\t\t\t<a class=\"rollover rollover-zoom dt-pswp-item\" title=\"118651894_1001602033597138_4122654355391392837_n\" data-dt-img-description=\"\" data-large_image_width=\"2560\" data-large_image_height=\"2261\"href='https:\/\/www.radiopiu.net\/wordpress\/wp-content\/uploads\/2020\/08\/118651894_1001602033597138_4122654355391392837_n-scaled.jpg'><img loading=\"lazy\" decoding=\"async\" width=\"150\" height=\"150\" src=\"https:\/\/www.radiopiu.net\/wordpress\/wp-content\/uploads\/2020\/08\/118651894_1001602033597138_4122654355391392837_n-150x150.jpg\" class=\"attachment-thumbnail size-thumbnail\" alt=\"\" srcset=\"https:\/\/www.radiopiu.net\/wordpress\/wp-content\/uploads\/2020\/08\/118651894_1001602033597138_4122654355391392837_n-150x150.jpg 150w, https:\/\/www.radiopiu.net\/wordpress\/wp-content\/uploads\/2020\/08\/118651894_1001602033597138_4122654355391392837_n-125x125.jpg 125w, https:\/\/www.radiopiu.net\/wordpress\/wp-content\/uploads\/2020\/08\/118651894_1001602033597138_4122654355391392837_n-200x200.jpg 200w, https:\/\/www.radiopiu.net\/wordpress\/wp-content\/uploads\/2020\/08\/118651894_1001602033597138_4122654355391392837_n-80x80.jpg 80w\" sizes=\"auto, (max-width: 150px) 100vw, 150px\" \/><\/a>\n\t\t\t\t<\/dt><\/dl><dl class='gallery-item'>\n\t\t\t\t<dt class='gallery-icon portrait'>\n\t\t\t\t\t<a class=\"rollover rollover-zoom dt-pswp-item\" title=\"118695254_1644607872364452_1181260837984357525_n\" data-dt-img-description=\"\" data-large_image_width=\"1161\" data-large_image_height=\"1801\"href='https:\/\/www.radiopiu.net\/wordpress\/wp-content\/uploads\/2020\/08\/118695254_1644607872364452_1181260837984357525_n.jpg'><img loading=\"lazy\" decoding=\"async\" width=\"150\" height=\"150\" src=\"https:\/\/www.radiopiu.net\/wordpress\/wp-content\/uploads\/2020\/08\/118695254_1644607872364452_1181260837984357525_n-150x150.jpg\" class=\"attachment-thumbnail size-thumbnail\" alt=\"\" srcset=\"https:\/\/www.radiopiu.net\/wordpress\/wp-content\/uploads\/2020\/08\/118695254_1644607872364452_1181260837984357525_n-150x150.jpg 150w, https:\/\/www.radiopiu.net\/wordpress\/wp-content\/uploads\/2020\/08\/118695254_1644607872364452_1181260837984357525_n-125x125.jpg 125w, https:\/\/www.radiopiu.net\/wordpress\/wp-content\/uploads\/2020\/08\/118695254_1644607872364452_1181260837984357525_n-200x200.jpg 200w, https:\/\/www.radiopiu.net\/wordpress\/wp-content\/uploads\/2020\/08\/118695254_1644607872364452_1181260837984357525_n-80x80.jpg 80w\" sizes=\"auto, (max-width: 150px) 100vw, 150px\" \/><\/a>\n\t\t\t\t<\/dt><\/dl><br style=\"clear: both\" \/><dl class='gallery-item'>\n\t\t\t\t<dt class='gallery-icon portrait'>\n\t\t\t\t\t<a class=\"rollover rollover-zoom dt-pswp-item\" title=\"118682375_653095215603358_4305123900418925057_n\" data-dt-img-description=\"\" data-large_image_width=\"640\" data-large_image_height=\"1138\"href='https:\/\/www.radiopiu.net\/wordpress\/wp-content\/uploads\/2020\/08\/118682375_653095215603358_4305123900418925057_n.jpg'><img loading=\"lazy\" decoding=\"async\" width=\"150\" height=\"150\" src=\"https:\/\/www.radiopiu.net\/wordpress\/wp-content\/uploads\/2020\/08\/118682375_653095215603358_4305123900418925057_n-150x150.jpg\" class=\"attachment-thumbnail size-thumbnail\" alt=\"\" srcset=\"https:\/\/www.radiopiu.net\/wordpress\/wp-content\/uploads\/2020\/08\/118682375_653095215603358_4305123900418925057_n-150x150.jpg 150w, https:\/\/www.radiopiu.net\/wordpress\/wp-content\/uploads\/2020\/08\/118682375_653095215603358_4305123900418925057_n-125x125.jpg 125w, https:\/\/www.radiopiu.net\/wordpress\/wp-content\/uploads\/2020\/08\/118682375_653095215603358_4305123900418925057_n-200x200.jpg 200w, https:\/\/www.radiopiu.net\/wordpress\/wp-content\/uploads\/2020\/08\/118682375_653095215603358_4305123900418925057_n-80x80.jpg 80w\" sizes=\"auto, (max-width: 150px) 100vw, 150px\" \/><\/a>\n\t\t\t\t<\/dt><\/dl><dl class='gallery-item'>\n\t\t\t\t<dt class='gallery-icon landscape'>\n\t\t\t\t\t<a class=\"rollover rollover-zoom dt-pswp-item\" title=\"118608009_309644803466057_7875223894178881640_n\" data-dt-img-description=\"\" data-large_image_width=\"284\" data-large_image_height=\"177\"href='https:\/\/www.radiopiu.net\/wordpress\/wp-content\/uploads\/2020\/08\/118608009_309644803466057_7875223894178881640_n.jpg'><img loading=\"lazy\" decoding=\"async\" width=\"150\" height=\"150\" src=\"https:\/\/www.radiopiu.net\/wordpress\/wp-content\/uploads\/2020\/08\/118608009_309644803466057_7875223894178881640_n-150x150.jpg\" class=\"attachment-thumbnail size-thumbnail\" alt=\"\" srcset=\"https:\/\/www.radiopiu.net\/wordpress\/wp-content\/uploads\/2020\/08\/118608009_309644803466057_7875223894178881640_n-150x150.jpg 150w, https:\/\/www.radiopiu.net\/wordpress\/wp-content\/uploads\/2020\/08\/118608009_309644803466057_7875223894178881640_n-125x125.jpg 125w, https:\/\/www.radiopiu.net\/wordpress\/wp-content\/uploads\/2020\/08\/118608009_309644803466057_7875223894178881640_n-80x80.jpg 80w\" sizes=\"auto, (max-width: 150px) 100vw, 150px\" \/><\/a>\n\t\t\t\t<\/dt><\/dl><dl class='gallery-item'>\n\t\t\t\t<dt class='gallery-icon portrait'>\n\t\t\t\t\t<a class=\"rollover rollover-zoom dt-pswp-item\" title=\"118649083_228876808529098_7767482219075861075_n\" data-dt-img-description=\"\" data-large_image_width=\"1468\" data-large_image_height=\"1933\"href='https:\/\/www.radiopiu.net\/wordpress\/wp-content\/uploads\/2020\/08\/118649083_228876808529098_7767482219075861075_n.jpg'><img loading=\"lazy\" decoding=\"async\" width=\"150\" height=\"150\" src=\"https:\/\/www.radiopiu.net\/wordpress\/wp-content\/uploads\/2020\/08\/118649083_228876808529098_7767482219075861075_n-150x150.jpg\" class=\"attachment-thumbnail size-thumbnail\" alt=\"\" srcset=\"https:\/\/www.radiopiu.net\/wordpress\/wp-content\/uploads\/2020\/08\/118649083_228876808529098_7767482219075861075_n-150x150.jpg 150w, https:\/\/www.radiopiu.net\/wordpress\/wp-content\/uploads\/2020\/08\/118649083_228876808529098_7767482219075861075_n-125x125.jpg 125w, https:\/\/www.radiopiu.net\/wordpress\/wp-content\/uploads\/2020\/08\/118649083_228876808529098_7767482219075861075_n-200x200.jpg 200w, https:\/\/www.radiopiu.net\/wordpress\/wp-content\/uploads\/2020\/08\/118649083_228876808529098_7767482219075861075_n-80x80.jpg 80w\" sizes=\"auto, (max-width: 150px) 100vw, 150px\" \/><\/a>\n\t\t\t\t<\/dt><\/dl><dl class='gallery-item'>\n\t\t\t\t<dt class='gallery-icon landscape'>\n\t\t\t\t\t<a class=\"rollover rollover-zoom dt-pswp-item\" title=\"118653861_744835822962569_8111215953743888812_n\" data-dt-img-description=\"\" data-large_image_width=\"1947\" data-large_image_height=\"1221\"href='https:\/\/www.radiopiu.net\/wordpress\/wp-content\/uploads\/2020\/08\/118653861_744835822962569_8111215953743888812_n.jpg'><img loading=\"lazy\" decoding=\"async\" width=\"150\" height=\"150\" src=\"https:\/\/www.radiopiu.net\/wordpress\/wp-content\/uploads\/2020\/08\/118653861_744835822962569_8111215953743888812_n-150x150.jpg\" class=\"attachment-thumbnail size-thumbnail\" alt=\"\" srcset=\"https:\/\/www.radiopiu.net\/wordpress\/wp-content\/uploads\/2020\/08\/118653861_744835822962569_8111215953743888812_n-150x150.jpg 150w, https:\/\/www.radiopiu.net\/wordpress\/wp-content\/uploads\/2020\/08\/118653861_744835822962569_8111215953743888812_n-125x125.jpg 125w, https:\/\/www.radiopiu.net\/wordpress\/wp-content\/uploads\/2020\/08\/118653861_744835822962569_8111215953743888812_n-200x200.jpg 200w, https:\/\/www.radiopiu.net\/wordpress\/wp-content\/uploads\/2020\/08\/118653861_744835822962569_8111215953743888812_n-80x80.jpg 80w\" sizes=\"auto, (max-width: 150px) 100vw, 150px\" \/><\/a>\n\t\t\t\t<\/dt><\/dl><dl class='gallery-item'>\n\t\t\t\t<dt class='gallery-icon landscape'>\n\t\t\t\t\t<a class=\"rollover rollover-zoom dt-pswp-item\" title=\"118653861_400783390907300_2442621469647926964_n\" data-dt-img-description=\"\" data-large_image_width=\"2560\" data-large_image_height=\"1623\"href='https:\/\/www.radiopiu.net\/wordpress\/wp-content\/uploads\/2020\/08\/118653861_400783390907300_2442621469647926964_n-scaled.jpg'><img loading=\"lazy\" decoding=\"async\" width=\"150\" height=\"150\" src=\"https:\/\/www.radiopiu.net\/wordpress\/wp-content\/uploads\/2020\/08\/118653861_400783390907300_2442621469647926964_n-150x150.jpg\" class=\"attachment-thumbnail size-thumbnail\" alt=\"\" srcset=\"https:\/\/www.radiopiu.net\/wordpress\/wp-content\/uploads\/2020\/08\/118653861_400783390907300_2442621469647926964_n-150x150.jpg 150w, https:\/\/www.radiopiu.net\/wordpress\/wp-content\/uploads\/2020\/08\/118653861_400783390907300_2442621469647926964_n-125x125.jpg 125w, https:\/\/www.radiopiu.net\/wordpress\/wp-content\/uploads\/2020\/08\/118653861_400783390907300_2442621469647926964_n-200x200.jpg 200w, https:\/\/www.radiopiu.net\/wordpress\/wp-content\/uploads\/2020\/08\/118653861_400783390907300_2442621469647926964_n-80x80.jpg 80w\" sizes=\"auto, (max-width: 150px) 100vw, 150px\" \/><\/a>\n\t\t\t\t<\/dt><\/dl><dl class='gallery-item'>\n\t\t\t\t<dt class='gallery-icon landscape'>\n\t\t\t\t\t<a class=\"rollover rollover-zoom dt-pswp-item\" title=\"118652954_686721188599324_2333789820167192578_n\" data-dt-img-description=\"\" data-large_image_width=\"1794\" data-large_image_height=\"1386\"href='https:\/\/www.radiopiu.net\/wordpress\/wp-content\/uploads\/2020\/08\/118652954_686721188599324_2333789820167192578_n.jpg'><img loading=\"lazy\" decoding=\"async\" width=\"150\" height=\"150\" src=\"https:\/\/www.radiopiu.net\/wordpress\/wp-content\/uploads\/2020\/08\/118652954_686721188599324_2333789820167192578_n-150x150.jpg\" class=\"attachment-thumbnail size-thumbnail\" alt=\"\" srcset=\"https:\/\/www.radiopiu.net\/wordpress\/wp-content\/uploads\/2020\/08\/118652954_686721188599324_2333789820167192578_n-150x150.jpg 150w, https:\/\/www.radiopiu.net\/wordpress\/wp-content\/uploads\/2020\/08\/118652954_686721188599324_2333789820167192578_n-125x125.jpg 125w, https:\/\/www.radiopiu.net\/wordpress\/wp-content\/uploads\/2020\/08\/118652954_686721188599324_2333789820167192578_n-200x200.jpg 200w, https:\/\/www.radiopiu.net\/wordpress\/wp-content\/uploads\/2020\/08\/118652954_686721188599324_2333789820167192578_n-80x80.jpg 80w\" sizes=\"auto, (max-width: 150px) 100vw, 150px\" \/><\/a>\n\t\t\t\t<\/dt><\/dl>\n\t\t\t\t<br style='clear: both' \/>\n\t\t\t<\/div>\n\n<p>NELLE FOTO (Zanfron, Eddy, A. Simoni, Bortolon, Soia, Caprile nelle Dolomiti, riproduzioni dal libro \u201cCaprile\u201d): Giuseppe Sorge; la copertina del suo prezioso volume; Caprile e la Civetta (da The Dolomite Mountain di J. Gilbert e G.C. Churcill, Londra 1864); il Palazzo Pezz\u00e8un tempo sede dell\u2019albergo \u201cAlle Marmolade\u201d; dall\u2019album di disegni di Miss. L.Tuckett, 1870: Giovanna Pezz\u00e8 la prima albergatrice; panoramica del paese della stessa autrice; la colonna dedicata al patrizio veneto Scipione Benzoni come era prima dell\u2019alluvione del 1966; la targa che ne ricorda le benemerenze posta dai caprilesi nel 1609; ai tempi della Serenissima\u2026; incendio del 2 settembre 1895: il parroco dirige le operazioni di abbattimento di edifici pericolanti; effetto del rovinoso incendio; abitazioni della via San Marco distrutte durante la Grande guerra; giovani con il fiore dal lungo stelo: \u00e8 il 1925<\/p>\n<p>&nbsp;<\/p>\n<p>&nbsp;<\/p>\n<hr \/>\n<p>&nbsp;<\/p>\n<p><a class=\"dt-pswp-item\" href=\"https:\/\/www.radiopiu.net\/wordpress\/wp-content\/uploads\/2018\/09\/appuntamenti.jpeg\" data-dt-img-description=\"\" data-large_image_width=\"800\" data-large_image_height=\"100\"><img loading=\"lazy\" decoding=\"async\" class=\"aligncenter wp-image-61958 size-full\" src=\"https:\/\/www.radiopiu.net\/wordpress\/wp-content\/uploads\/2018\/09\/appuntamenti.jpeg\" alt=\"\" width=\"800\" height=\"100\" srcset=\"https:\/\/www.radiopiu.net\/wordpress\/wp-content\/uploads\/2018\/09\/appuntamenti.jpeg 800w, https:\/\/www.radiopiu.net\/wordpress\/wp-content\/uploads\/2018\/09\/appuntamenti-300x38.jpeg 300w, https:\/\/www.radiopiu.net\/wordpress\/wp-content\/uploads\/2018\/09\/appuntamenti-768x96.jpeg 768w\" sizes=\"auto, (max-width: 800px) 100vw, 800px\" \/><\/a><\/p>\n<p>&nbsp;<\/p>\n<blockquote>\n<h3>NUOVI ORARI PER LE VISTE AL CASTELLO DI ANDRAZ<\/h3>\n<\/blockquote>\n<p>Il Castello di Andraz, fino al 13 settembre, sar\u00e0 visitabile dal mercoled\u00ec alla domenica dalle 10 alle 12:30 e dalle 14:30 alle 18. Le visite guidate o libere vanno prenotate al 334 33 46 680 o via mail a info@castellodiandraz.it<\/p>\n<p>&nbsp;<\/p>\n<p>&nbsp;<\/p>\n<hr \/>\n<p>&nbsp;<\/p>\n<blockquote>\n<h3>ARTIGIANI IN MOSTRA AI CADINI DEL BRENTON<\/h3>\n<\/blockquote>\n<p><strong>SOSPIROLO<\/strong> Nei fine settimana di agosto e settembre i visitatori potranno vedere all\u2019opera un artigiano. Alterneranno la loro presenza nell\u2019area dei Cadini: Dario Sogmaister, che realizza mosaici utilizzando sassi colorati raccolti dal greto del Piave; Ilenia Gaio, che produce saponi artigianali, ottenuti con materie prime naturali e rivestiti con lana infeltrita e colorata; Luciano De Barba, che crea sculture in legno e terracotta e produce complementi di arredo utilizzando legno vecchio. A settembre \u00e8 prevista la partecipazione di altri artigiani del circuito Carta Qualit\u00e0.<\/p>\n<p>&nbsp;<\/p>\n<hr \/>\n<div>\n<h3><\/h3>\n<blockquote>\n<h3>&#8220;Letture d&#8217;estate&#8221;, organizzata in collaborazione con le Biblioteche della Valle del Biois:<\/h3>\n<\/blockquote>\n<div><b><i>Venerd\u00ec 4 settembre, alle ore 20.30 presso la Sala agli Emigranti di via Lotta a Canale d&#8217;Agordo <\/i><\/b>Diego Baroni con &#8220;Ester delle montagne&#8221;. Presenter\u00e0 la serata e dialogher\u00e0 con l&#8217;autore Marilisa Luchetta.<\/div>\n<div><b><i>Sabato 12 settembre, alle ore 20.30 presso la Sala agli Emigranti di via Lotta a Canale d&#8217;Agordo <\/i><\/b>Nicola Scodro con &#8220;Naufragi di un&#8217;illusione&#8221;. Letture dell&#8217;autore ed intervento di Althea Ronzani<\/div>\n<blockquote>\n<div><em>Per la partecipazione agli eventi si raccomanda la<u> prenotazione allo 0437 1948030 <\/u>(e-mail: info@prolococanale.it) oppure direttamente alla reception dell&#8217;ufficio informazioni presso il Museo Albino Luciani di Canale d&#8217;Agordo.<\/em><\/div>\n<\/blockquote>\n<\/div>\n<p>&nbsp;<\/p>\n<hr \/>\n<p>&nbsp;<\/p>\n<blockquote>\n<h3>OTTAVIO ROSSI PROPHETA IN PATRIA<\/h3>\n<\/blockquote>\n<p><strong>SAN TOMASO<\/strong> \u201cEn giro per Zelat\u201d:\u00a0 riproduzioni artistiche tra le architetture di montagna. Le tappe con partenza ed arrivo a Celat. Organizzazione della Pro Loco di San Tomaso con il contributo della Cassa Rurale Dolomiti di Fassa Primiero e Belluno.<\/p>\n<p>&nbsp;<\/p>\n<hr \/>\n<p>&nbsp;<\/p>\n<blockquote>\n<h3>IL CIRCO PATUF A\u00a0 CESIOMAGGIORE FINO AL 5 SETTEMBRE<\/h3>\n<\/blockquote>\n<p><b>CESIOMAGGIORE <\/b>La carovana \u00e8 a Cesiomaggiore dove proporr\u00e0 gli spettacoli alle 21.15, la domenica anche alle 18.30<\/p>\n<p>&nbsp;<\/p>\n<hr \/>\n<blockquote>\n<h3><\/h3>\n<\/blockquote>\n<blockquote>\n<h3>EL CANAL DE AGORDO<\/h3>\n<\/blockquote>\n<p><strong>AGORDO<\/strong> Scavare nel passato, storia ed archeologia da San Gottardo a Pont del Cristo. La mostra \u00e8 allestita al Museo mineralogico e paleontologico di via 5 maggio con ingresso libero. Fino al 6 settembre il venerdi, sabato e domenica dalle 10 alle 12.30 e dalle 16 alle 19. Info: archeoagordo.arca@gmail.com<\/p>\n<p>&nbsp;<\/p>\n<hr \/>\n<p>&nbsp;<\/p>\n<blockquote>\n<h3>A CANALE E VALLADA MOSTRE INCONTRI\u00a0 E MUSEI<\/h3>\n<\/blockquote>\n<p><strong><span style=\"font-family: Arial, sans-serif;\"><span style=\"font-size: small;\">Fino al 31 agosto<\/span><\/span><\/strong><span style=\"font-family: Arial, sans-serif;\"><span style=\"font-size: small;\">presso la Casa delle Regole di Canale d&#8217;Agordo<\/span><\/span><span style=\"font-family: Arial, sans-serif;\"><span style=\"font-size: small;\">, \u00e8 visitabile la mostra <\/span><\/span><span style=\"color: #000000;\"><span style=\"font-family: Arial, sans-serif;\"><span style=\"font-size: small;\"><span lang=\"it-IT\"><i>Le Regole della Valle del Biois<\/i><\/span><\/span><\/span><\/span><\/p>\n<p><strong><span style=\"color: #000000;\"><span style=\"font-family: Arial, sans-serif;\"><span style=\"font-size: small;\"><span lang=\"it-IT\">Fino al 31 agosto <\/span><\/span><\/span><\/span><\/strong><span style=\"color: #000000;\"><span style=\"font-family: Arial, sans-serif;\"><span style=\"font-size: small;\"><span lang=\"it-IT\">\u00e8 possibile visitare <\/span><\/span><\/span><\/span><span style=\"color: #000000;\"><span style=\"font-family: Arial, sans-serif;\"><span style=\"font-size: small;\"><span lang=\"it-IT\">uno dei gioielli artistici pi\u00f9 importanti della zona<\/span><\/span><\/span><\/span><span style=\"color: #000000;\"><span style=\"font-family: Arial, sans-serif;\"><span style=\"font-size: small;\"><span lang=\"it-IT\">, a <\/span><\/span><\/span><\/span><span style=\"color: #000000;\"><span style=\"font-family: Arial, sans-serif;\"><span style=\"font-size: small;\"><span lang=\"it-IT\">Chiesa Monumentale di San Simon a Vallada Agordina<\/span><\/span><\/span><\/span><span style=\"color: #000000;\"><span style=\"font-family: Arial, sans-serif;\"><span style=\"font-size: small;\"><span lang=\"it-IT\">.<\/span><\/span><\/span><\/span><\/p>\n<p><strong><span style=\"color: #000000;\"><span style=\"font-family: Arial, sans-serif;\"><span style=\"font-size: small;\"><span lang=\"it-IT\">Presso il Musal<\/span><\/span><\/span><\/span><span style=\"color: #000000;\"><span style=\"font-family: Arial, sans-serif;\"><span style=\"font-size: small;\"><span lang=\"it-IT\">,<\/span><\/span><\/span><\/span><\/strong> <span style=\"color: #000000;\"><span style=\"font-family: Arial, sans-serif;\"><span style=\"font-size: small;\"><span lang=\"it-IT\">fino al 28 settembre <\/span><\/span><\/span><\/span><span style=\"color: #000000;\"><span style=\"font-family: Arial, sans-serif;\"><span style=\"font-size: small;\"><span lang=\"it-IT\">(fino al 13 settembre tutti i giorni 9.30-12.30; 15.30-18.30; dal 14 settembre: venerd\u00ec, sabato e domenica 9.00-12.00; 15.00-18.00), \u00e8 visitabile la mostra <\/span><\/span><\/span><\/span><span style=\"color: #000000;\"><span style=\"font-family: Arial, sans-serif;\"><span style=\"font-size: small;\"><span lang=\"it-IT\"><i>Gli ultimi papi europei: itinerari tra i paesi natali degli ultimi pontefici<\/i><\/span><\/span><\/span><\/span><span style=\"color: #000000;\"><span style=\"font-family: Arial, sans-serif;\"><span style=\"font-size: small;\"><span lang=\"it-IT\"><i>. <\/i><\/span><\/span><\/span><\/span><\/p>\n<p>&nbsp;<\/p>\n<hr \/>\n<blockquote>\n<h2 class=\"tw-data-text tw-text-large XcVN5d tw-ta\" dir=\"ltr\" data-placeholder=\"Traduzione\"><span lang=\"en\">appointments recommended by radio pi\u00f9<\/span><\/h2>\n<\/blockquote>\n\n\t\t\t<style type='text\/css'>\n\t\t\t\t#gallery-9 {\n\t\t\t\t\tmargin: auto;\n\t\t\t\t}\n\t\t\t\t#gallery-9 .gallery-item {\n\t\t\t\t\tfloat: left;\n\t\t\t\t\tmargin-top: 10px;\n\t\t\t\t\ttext-align: center;\n\t\t\t\t\twidth: 25%;\n\t\t\t\t}\n\t\t\t\t#gallery-9 img {\n\t\t\t\t\tborder: 2px solid #cfcfcf;\n\t\t\t\t}\n\t\t\t\t#gallery-9 .gallery-caption {\n\t\t\t\t\tmargin-left: 0;\n\t\t\t\t}\n\t\t\t\t\/* see gallery_shortcode() in wp-includes\/media.php *\/\n\t\t\t<\/style>\n\t\t<div id='gallery-9' class='dt-gallery-container gallery galleryid-158332 gallery-columns-4 gallery-size-thumbnail'><dl class='gallery-item'>\n\t\t\t\t<dt class='gallery-icon portrait'>\n\t\t\t\t\t<a class=\"rollover rollover-zoom dt-pswp-item\" title=\"446199a0-ccb6-4daa-88f9-ee34f5a4944a\" data-dt-img-description=\"\" data-large_image_width=\"1080\" data-large_image_height=\"1350\"href='https:\/\/www.radiopiu.net\/wordpress\/wp-content\/uploads\/2020\/07\/446199a0-ccb6-4daa-88f9-ee34f5a4944a.jpg'><img loading=\"lazy\" decoding=\"async\" width=\"150\" height=\"150\" src=\"https:\/\/www.radiopiu.net\/wordpress\/wp-content\/uploads\/2020\/07\/446199a0-ccb6-4daa-88f9-ee34f5a4944a-150x150.jpg\" class=\"attachment-thumbnail size-thumbnail\" alt=\"\" \/><\/a>\n\t\t\t\t<\/dt><\/dl><dl class='gallery-item'>\n\t\t\t\t<dt class='gallery-icon portrait'>\n\t\t\t\t\t<a class=\"rollover rollover-zoom dt-pswp-item\" title=\"LOCANDINA_MOSTRA andraz\" data-dt-img-description=\"\" data-large_image_width=\"1753\" data-large_image_height=\"2480\"href='https:\/\/www.radiopiu.net\/wordpress\/wp-content\/uploads\/2020\/08\/LOCANDINA_MOSTRA-andraz.jpg'><img loading=\"lazy\" decoding=\"async\" width=\"150\" height=\"150\" src=\"https:\/\/www.radiopiu.net\/wordpress\/wp-content\/uploads\/2020\/08\/LOCANDINA_MOSTRA-andraz-150x150.jpg\" class=\"attachment-thumbnail size-thumbnail\" alt=\"\" \/><\/a>\n\t\t\t\t<\/dt><\/dl><dl class='gallery-item'>\n\t\t\t\t<dt class='gallery-icon portrait'>\n\t\t\t\t\t<a class=\"rollover rollover-zoom dt-pswp-item\" title=\"890a4078-1eac-4e06-bfd3-59033f51722d\" data-dt-img-description=\"\" data-large_image_width=\"640\" data-large_image_height=\"1600\"href='https:\/\/www.radiopiu.net\/wordpress\/wp-content\/uploads\/2020\/08\/890a4078-1eac-4e06-bfd3-59033f51722d.jpg'><img loading=\"lazy\" decoding=\"async\" width=\"150\" height=\"150\" src=\"https:\/\/www.radiopiu.net\/wordpress\/wp-content\/uploads\/2020\/08\/890a4078-1eac-4e06-bfd3-59033f51722d-150x150.jpg\" class=\"attachment-thumbnail size-thumbnail\" alt=\"\" \/><\/a>\n\t\t\t\t<\/dt><\/dl><dl class='gallery-item'>\n\t\t\t\t<dt class='gallery-icon portrait'>\n\t\t\t\t\t<a class=\"rollover rollover-zoom dt-pswp-item\" title=\"VERTICAL 107 RINVIATA 5 SETTEMBRE\" data-dt-img-description=\"\" data-large_image_width=\"748\" data-large_image_height=\"1074\"href='https:\/\/www.radiopiu.net\/wordpress\/wp-content\/uploads\/2020\/08\/VERTICAL-107-RINVIATA-5-SETTEMBRE.jpg'><img loading=\"lazy\" decoding=\"async\" width=\"150\" height=\"150\" src=\"https:\/\/www.radiopiu.net\/wordpress\/wp-content\/uploads\/2020\/08\/VERTICAL-107-RINVIATA-5-SETTEMBRE-150x150.jpg\" class=\"attachment-thumbnail size-thumbnail\" alt=\"\" srcset=\"https:\/\/www.radiopiu.net\/wordpress\/wp-content\/uploads\/2020\/08\/VERTICAL-107-RINVIATA-5-SETTEMBRE-150x150.jpg 150w, https:\/\/www.radiopiu.net\/wordpress\/wp-content\/uploads\/2020\/08\/VERTICAL-107-RINVIATA-5-SETTEMBRE-125x125.jpg 125w, https:\/\/www.radiopiu.net\/wordpress\/wp-content\/uploads\/2020\/08\/VERTICAL-107-RINVIATA-5-SETTEMBRE-200x200.jpg 200w, https:\/\/www.radiopiu.net\/wordpress\/wp-content\/uploads\/2020\/08\/VERTICAL-107-RINVIATA-5-SETTEMBRE-80x80.jpg 80w\" sizes=\"auto, (max-width: 150px) 100vw, 150px\" \/><\/a>\n\t\t\t\t<\/dt><\/dl><br style=\"clear: both\" \/><dl class='gallery-item'>\n\t\t\t\t<dt class='gallery-icon landscape'>\n\t\t\t\t\t<a class=\"rollover rollover-zoom dt-pswp-item\" title=\"castello andraz autunno2020\" data-dt-img-description=\"\" data-large_image_width=\"2000\" data-large_image_height=\"1414\"href='https:\/\/www.radiopiu.net\/wordpress\/wp-content\/uploads\/2020\/08\/castello-andraz-autunno2020.png'><img loading=\"lazy\" decoding=\"async\" width=\"150\" height=\"150\" src=\"https:\/\/www.radiopiu.net\/wordpress\/wp-content\/uploads\/2020\/08\/castello-andraz-autunno2020-150x150.png\" class=\"attachment-thumbnail size-thumbnail\" alt=\"\" srcset=\"https:\/\/www.radiopiu.net\/wordpress\/wp-content\/uploads\/2020\/08\/castello-andraz-autunno2020-150x150.png 150w, https:\/\/www.radiopiu.net\/wordpress\/wp-content\/uploads\/2020\/08\/castello-andraz-autunno2020-125x125.png 125w, https:\/\/www.radiopiu.net\/wordpress\/wp-content\/uploads\/2020\/08\/castello-andraz-autunno2020-200x200.png 200w, https:\/\/www.radiopiu.net\/wordpress\/wp-content\/uploads\/2020\/08\/castello-andraz-autunno2020-80x80.png 80w\" sizes=\"auto, (max-width: 150px) 100vw, 150px\" \/><\/a>\n\t\t\t\t<\/dt><\/dl><dl class='gallery-item'>\n\t\t\t\t<dt class='gallery-icon portrait'>\n\t\t\t\t\t<a class=\"rollover rollover-zoom dt-pswp-item\" title=\"0cd20cf4-01a6-400d-845e-6747cefb3782\" data-dt-img-description=\"\" data-large_image_width=\"1131\" data-large_image_height=\"1600\"href='https:\/\/www.radiopiu.net\/wordpress\/wp-content\/uploads\/2020\/08\/0cd20cf4-01a6-400d-845e-6747cefb3782.jpg'><img loading=\"lazy\" decoding=\"async\" width=\"150\" height=\"150\" src=\"https:\/\/www.radiopiu.net\/wordpress\/wp-content\/uploads\/2020\/08\/0cd20cf4-01a6-400d-845e-6747cefb3782-150x150.jpg\" class=\"attachment-thumbnail size-thumbnail\" alt=\"\" srcset=\"https:\/\/www.radiopiu.net\/wordpress\/wp-content\/uploads\/2020\/08\/0cd20cf4-01a6-400d-845e-6747cefb3782-150x150.jpg 150w, https:\/\/www.radiopiu.net\/wordpress\/wp-content\/uploads\/2020\/08\/0cd20cf4-01a6-400d-845e-6747cefb3782-125x125.jpg 125w, https:\/\/www.radiopiu.net\/wordpress\/wp-content\/uploads\/2020\/08\/0cd20cf4-01a6-400d-845e-6747cefb3782-200x200.jpg 200w, https:\/\/www.radiopiu.net\/wordpress\/wp-content\/uploads\/2020\/08\/0cd20cf4-01a6-400d-845e-6747cefb3782-80x80.jpg 80w\" sizes=\"auto, (max-width: 150px) 100vw, 150px\" \/><\/a>\n\t\t\t\t<\/dt><\/dl>\n\t\t\t\t<br style='clear: both' \/>\n\t\t\t<\/div>\n\n<hr \/>\n<p>&nbsp;<\/p>\n<h2>IERI ALLA RADIO<\/h2>\n<h2><span style=\"color: #333399;\">LA RASSEGNA STAMPA DALL&#8217;AMICO DEL POPOLO di Gianni Santomaso\u00a0<\/span><\/h2>\n<p><strong><a class=\"dt-pswp-item\" href=\"https:\/\/www.radiopiu.net\/wordpress\/wp-content\/uploads\/2020\/01\/CHICCO-CATTADORI.jpg\" data-dt-img-description=\"\" data-large_image_width=\"1280\" data-large_image_height=\"738\"><img loading=\"lazy\" decoding=\"async\" class=\"size-medium wp-image-158210 alignleft\" src=\"https:\/\/www.radiopiu.net\/wordpress\/wp-content\/uploads\/2020\/01\/CHICCO-CATTADORI-300x173.jpg\" alt=\"\" width=\"300\" height=\"173\" \/><\/a>OSPITE: Corrado &#8220;Chicco&#8221; Cattadori<\/strong><\/p>\n<audio class=\"wp-audio-shortcode\" id=\"audio-158332-7\" preload=\"none\" style=\"width: 100%;\" controls=\"controls\"><source type=\"audio\/mpeg\" src=\"https:\/\/www.radiopiu.net\/wordpress\/wp-content\/uploads\/2020\/08\/RASSEGNA-GIANNI-29-agosto-2020.mp3?_=7\" \/><a href=\"https:\/\/www.radiopiu.net\/wordpress\/wp-content\/uploads\/2020\/08\/RASSEGNA-GIANNI-29-agosto-2020.mp3\">https:\/\/www.radiopiu.net\/wordpress\/wp-content\/uploads\/2020\/08\/RASSEGNA-GIANNI-29-agosto-2020.mp3<\/a><\/audio>\n<p>&nbsp;<\/p>\n<hr \/>\n<p>&nbsp;<\/p>\n<h2><span style=\"color: #ff0000;\">DUE MINUTI UN LIBRO LA RACCOLTA<\/span><\/h2>\n<blockquote class=\"wp-embedded-content\" data-secret=\"av1DrfAlt9\"><p><a href=\"https:\/\/www.radiopiu.net\/wordpress\/due-minuti-un-libro\/\">Due minuti un libro<\/a><\/p><\/blockquote>\n<p><iframe loading=\"lazy\" class=\"wp-embedded-content\" sandbox=\"allow-scripts\" security=\"restricted\" style=\"position: absolute; clip: rect(1px, 1px, 1px, 1px);\" title=\"&#8220;Due minuti un libro&#8221; &#8212; Radio Pi\u00f9\" src=\"https:\/\/www.radiopiu.net\/wordpress\/due-minuti-un-libro\/embed\/#?secret=av1DrfAlt9\" data-secret=\"av1DrfAlt9\" width=\"600\" height=\"338\" frameborder=\"0\" marginwidth=\"0\" marginheight=\"0\" scrolling=\"no\"><\/iframe><\/p>\n<p>&nbsp;<\/p>\n<hr \/>\n<p>&nbsp;<\/p>\n<div>\n<h2><span style=\"color: #000080;\">DON CESARE, IL PENSIERO DEL GIORNO. ALLA RADIO ALLE 7 DEL MATTINO E ALLE 19.30 DELLA SERA.<\/span><\/h2>\n<audio class=\"wp-audio-shortcode\" id=\"audio-158332-8\" preload=\"none\" style=\"width: 100%;\" controls=\"controls\"><source type=\"audio\/mpeg\" src=\"https:\/\/www.radiopiu.net\/wordpress\/wp-content\/uploads\/2020\/08\/CESARE-31-AGO.mp3?_=8\" \/><a href=\"https:\/\/www.radiopiu.net\/wordpress\/wp-content\/uploads\/2020\/08\/CESARE-31-AGO.mp3\">https:\/\/www.radiopiu.net\/wordpress\/wp-content\/uploads\/2020\/08\/CESARE-31-AGO.mp3<\/a><\/audio>\n<p>&nbsp;<\/p>\n<hr \/>\n<p>&nbsp;<\/p>\n<h2><span style=\"color: #008000;\">AGORDINOMERON&#8230;LA RACCOLTA<\/span><\/h2>\n<blockquote class=\"wp-embedded-content\" data-secret=\"SDe3GiEIyJ\"><p><a href=\"https:\/\/www.radiopiu.net\/wordpress\/agordinomeron\/\">AGORDINOMERON, IL TERRITORIO SI RACCONTA Da un&#8217;idea di Gianni Santomaso<\/a><\/p><\/blockquote>\n<p><iframe loading=\"lazy\" class=\"wp-embedded-content\" sandbox=\"allow-scripts\" security=\"restricted\" style=\"position: absolute; clip: rect(1px, 1px, 1px, 1px);\" title=\"&#8220;AGORDINOMERON, IL TERRITORIO SI RACCONTA Da un&#8217;idea di Gianni Santomaso&#8221; &#8212; Radio Pi\u00f9\" src=\"https:\/\/www.radiopiu.net\/wordpress\/agordinomeron\/embed\/#?secret=SDe3GiEIyJ\" data-secret=\"SDe3GiEIyJ\" width=\"600\" height=\"338\" frameborder=\"0\" marginwidth=\"0\" marginheight=\"0\" scrolling=\"no\"><\/iframe><\/p>\n<p>&nbsp;<\/p>\n<hr \/>\n<p>&nbsp;<\/p>\n<p>&nbsp;<\/p>\n<h2><span style=\"color: #ff00ff;\">ZAINO DA VIAGGIO AL FEMMINILE DI PAOLA LANCIATO il martedi alle 10.30 e 1900 la domenica alle 11<\/span><\/h2>\n<h1>LA RACCOLTA COMPLETA<\/h1>\n<blockquote class=\"wp-embedded-content\" data-secret=\"a5KDX8wv0l\"><p><a href=\"https:\/\/www.radiopiu.net\/wordpress\/zaino-femminile-lanciato\/\">Zaino da viaggio al femminile<\/a><\/p><\/blockquote>\n<p><iframe loading=\"lazy\" class=\"wp-embedded-content\" sandbox=\"allow-scripts\" security=\"restricted\" style=\"position: absolute; clip: rect(1px, 1px, 1px, 1px);\" title=\"&#8220;Zaino da viaggio al femminile&#8221; &#8212; Radio Pi\u00f9\" src=\"https:\/\/www.radiopiu.net\/wordpress\/zaino-femminile-lanciato\/embed\/#?secret=a5KDX8wv0l\" data-secret=\"a5KDX8wv0l\" width=\"600\" height=\"338\" frameborder=\"0\" marginwidth=\"0\" marginheight=\"0\" scrolling=\"no\"><\/iframe><\/p>\n<hr \/>\n<p>&nbsp;<\/p>\n<h2><span style=\"color: #33cccc;\">I RACCONTI DI PAOLO SOPPELSA il lunedi alle 9.30 e 18.30<\/span><\/h2>\n<h2><span style=\"color: #33cccc;\"><strong>LA RACCOLTA COMPLETA<\/strong><\/span><\/h2>\n<blockquote class=\"wp-embedded-content\" data-secret=\"7LvBbC5a59\"><p><a href=\"https:\/\/www.radiopiu.net\/wordpress\/i-racconti-di-paolo-soppelsa\/\">I racconti di Paolo Soppelsa<\/a><\/p><\/blockquote>\n<p><iframe loading=\"lazy\" class=\"wp-embedded-content\" sandbox=\"allow-scripts\" security=\"restricted\" style=\"position: absolute; clip: rect(1px, 1px, 1px, 1px);\" title=\"&#8220;I racconti di Paolo Soppelsa&#8221; &#8212; Radio Pi\u00f9\" src=\"https:\/\/www.radiopiu.net\/wordpress\/i-racconti-di-paolo-soppelsa\/embed\/#?secret=7LvBbC5a59\" data-secret=\"7LvBbC5a59\" width=\"600\" height=\"338\" frameborder=\"0\" marginwidth=\"0\" marginheight=\"0\" scrolling=\"no\"><\/iframe><\/p>\n<p>&nbsp;<\/p>\n<hr \/>\n<p>&nbsp;<\/p>\n<h2><span style=\"color: #99cc00;\">SUL SITO DI RADIO PIU&#8217; LA VIDEO GALLERY<\/span><\/h2>\n<blockquote class=\"wp-embedded-content\" data-secret=\"scNFsWajY5\"><p><a href=\"https:\/\/www.radiopiu.net\/wordpress\/ep-center-video-gallery\/\">EP CENTER video gallery<\/a><\/p><\/blockquote>\n<p><iframe loading=\"lazy\" class=\"wp-embedded-content\" sandbox=\"allow-scripts\" security=\"restricted\" style=\"position: absolute; clip: rect(1px, 1px, 1px, 1px);\" title=\"&#8220;EP CENTER video gallery&#8221; &#8212; Radio Pi\u00f9\" src=\"https:\/\/www.radiopiu.net\/wordpress\/ep-center-video-gallery\/embed\/#?secret=scNFsWajY5\" data-secret=\"scNFsWajY5\" width=\"600\" height=\"338\" frameborder=\"0\" marginwidth=\"0\" marginheight=\"0\" scrolling=\"no\"><\/iframe><\/p>\n<p>&nbsp;<\/p>\n<hr \/>\n<p>&nbsp;<\/p>\n<p><a class=\"dt-pswp-item\" href=\"https:\/\/www.radiopiu.net\/wordpress\/wp-content\/uploads\/2018\/09\/viabilita.jpeg\" data-dt-img-description=\"\" data-large_image_width=\"800\" data-large_image_height=\"100\"><img loading=\"lazy\" decoding=\"async\" class=\"aligncenter wp-image-61954 size-full\" src=\"https:\/\/www.radiopiu.net\/wordpress\/wp-content\/uploads\/2018\/09\/viabilita.jpeg\" alt=\"\" width=\"800\" height=\"100\" srcset=\"https:\/\/www.radiopiu.net\/wordpress\/wp-content\/uploads\/2018\/09\/viabilita.jpeg 800w, https:\/\/www.radiopiu.net\/wordpress\/wp-content\/uploads\/2018\/09\/viabilita-300x38.jpeg 300w, https:\/\/www.radiopiu.net\/wordpress\/wp-content\/uploads\/2018\/09\/viabilita-768x96.jpeg 768w\" sizes=\"auto, (max-width: 800px) 100vw, 800px\" \/><\/a><\/p>\n<\/div>\n<p>&nbsp;<\/p>\n<p><strong>PROVINCIALE 473 CROCE D&#8217;AUNE<\/strong> Dal 31 agosto al 12 settembre interidizione totale alla transtiabilit\u00e0 nell&#8217;abitato di Pedavena inclusi sabato e domenica<\/p>\n<p><strong>SP473 CROCE D&#8217;AUNE<\/strong>\u00a0 In localit\u00e0 Gorna di Sovramonte dal 1 al 10 settembre interruzioni temporanee fino a 30 minuti dalle 8 alle 12 e dalle 13.30 alle 17.30 eclusi sabato e domenica<\/p>\n<p><strong>SP1 SINISTRA PIAVE<\/strong>\u00a0 Dal 31 agosto al 4 settembre, rotatoria Bardies-rotatoria Lentiai deviazione della corrente di traffico con direzione Feltre-Belluno lungo la vecchia SP1 in sinistra Piave per l&#8217;abitato di Lentiai e Bardies<\/p>\n<p><strong>SP 3 VALLE IMPERINA<\/strong> Tra Corde Mole e Vallasin dalle 8 alle 11.45 e dalle 13.30 alle 17.30 dal 1 settembre all&#8217;11 settembre (esclusi sabato e domenica) temporanee<strong> interruzioni<\/strong> alla viabilit\u00e0 massimo 30 minuti per esbosco.<\/p>\n<p><strong>SP 29 COL FALCON<\/strong>\u00a0 Tra Col Falcon e innesto strada del Servo dal 1 all&#8217;11 settembre (sabato e domenica escluso)\u00a0 dalle 7 alle 18 <strong>interdizione<\/strong> totale alla viabilit\u00e0 per asfaltatura.<\/p>\n<p><strong>SP 641 PASSO FEDAIA<\/strong> A\u00a0 Capanna Bill e\u00a0 a Col di Rocca dal 1 al 30 settembre senso unico alternato regolato da semaforo.<\/p>\n<p><strong>SP 251 VA CELLINA<\/strong> Da Pescul a Selva di Cadore dal 1 all&#8217;11 settembre (sabato e domenica esclusi) senso unico alternato per posa fibre ottiche<\/p>\n<p><strong>REGIONALE 203<\/strong> AGORDINA IL 1 SETTEMBRE ED IL 4 SETTEMBRE\u00a0 ALLE 8 ALLE 18 A LA MUDA SENSO UNICO ALTERNATO PER RIFACIMENTO LINEA AEREA FIBRE OTTICHE<\/p>\n<p><strong>REGIONALE 203 AGORDINA<\/strong> Dal 1 al 30 settembre (sabato e domenica esclusi) tra Candaten e La Stanga dalle 7.30 alle 9 e dalle 16.30 alle 18 con movieri e negli altri orari con semaforo, senso unico alternato.<\/p>\n<p><strong>S<\/strong><strong>P 347 DEL PASSO CEREDA E DURAN<\/strong> DAL 27 AGOSTO AL 4 SETTEMBRE, DALLE 8 ALLE 12 E DALLE 13 ALLE 17, TEMPORANEE INTERRUZIONI DELLA DURATA MASSIMA DI 20 MINUTI IN LOCALITA GAVAZ DEL COMUNE DI VAL DI ZOLDO PER DEMOLIZIONI PARTI PERICOLANTI DI UN EDIFICIO<\/p>\n<div>\n<p><strong>SR 48 DELLE DOLOMITI<\/strong> FINO\u00a0 AL 31 AGOSTO, DALLE 7 ALLE 17, ESCLUSI SABATO E DOMENICA, SALTUARIA ISTITUZIONE DI SENSO UNICO ALTERNATO REGOLATO DA MOVIERI PER PERIODI CONTINUATIVI NON SUPERIORI A 10 MINUTI NEI COMUNI DI CORTINA ED AURONZO DI CADORE PER CARICO SCARICO MATERIALI NECESSARI PER LA POSA DELL&#8217;ELTRODOTTO INTERRATO<\/p>\n<p><strong>SR 48 DELLE DOLOMITI<\/strong> DAL 1 AL 30 settembre in localit\u00e0 Pocol (Cortina) senso unico alternato, esclusi sabato e domenica<\/p>\n<p><strong>SR 48 DELLE DOLOMITI<\/strong> Dal 1 settembre al 9 ottobre senso unico alternato in localit\u00e0 Cernadoi, escluso sabato e domeniche<\/p>\n<p><strong>SR 48 DELLE DOLOMITI<\/strong> dal 1 al 30 settembre esclusi sabato e domenica senso unico alternato tra Cernadoi e Pian Falzarego<\/p>\n<p><strong>Provinciale 40, Val Senaiga-Arina,<\/strong> Comune di Lamon. Dal 1 all&#8217;11 settembre (sabato e domenica esclusi) per asfaltatura di tratti stradali INTERRUZIONE alla transitabilit\u00e0 dalle 8 alle 12 e dalle 14 alle 18. Nei periodi non interessati da chiusure \u00e8 previsto il senso unico alternato<\/p>\n<p><strong>SP 7 DI ZOPPE&#8217; DI CADORE,<\/strong> SENSO UNICO ALTERNATO REGOLATO DA MOVIERI CON BREVI INTERRUZIONI DI MASSIMO 10 MINUTI FINO\u00a0 AL 18 SETTEMBRE, DALLE 7:30 ALLE 17:30 ESCLUSI SABATI, DOMENICHE E FESTIVI INFRASETTIMANALI, PER MESSA IN SICUREZZA DELLA SEDE STRADALE<\/p>\n<p><strong>SP 40, COMUNE DI LAMON.<\/strong>\u00a0 FINO ALL&#8217;11 SETTEMBRE, ESCLUSI SABATO E DOMENICA, POSSIBILI INTERRUZIONI AL TRAFFICO DELLA DURATA MASSIMA DI 30 MINUTI DALLE 8 ALLE 12 E DALLE 13 ALLE 17 PER REALIZZAZIONE NUOVA TOMBINATURA. NEGLI ALTRI ORARI ISTITUZIONE DI SENSO UNICO ALTERNATO REGOLATO DA IMPIANTO SEMAFORICO O MOVIERI<\/p>\n<p>&nbsp;<\/p>\n<hr \/>\n<p>&nbsp;<\/p>\n<p class=\"photoswipe-wrapper\"><a class=\"dt-pswp-item pspw-wrap-ready\" href=\"https:\/\/i0.wp.com\/www.radiopiu.net\/wordpress\/wp-content\/uploads\/2018\/09\/WhatsApp-Image-2018-09-20-at-16.04.06.jpeg?ssl=1\" data-dt-img-description=\"\" data-large_image_width=\"800\" data-large_image_height=\"100\"><img loading=\"lazy\" decoding=\"async\" class=\"aligncenter wp-image-61378 size-full jetpack-lazy-image jetpack-lazy-image--handled\" src=\"https:\/\/i0.wp.com\/www.radiopiu.net\/wordpress\/wp-content\/uploads\/2018\/09\/WhatsApp-Image-2018-09-20-at-16.04.06.jpeg?resize=800%2C100&amp;ssl=1\" sizes=\"auto, (max-width: 800px) 100vw, 800px\" srcset=\"https:\/\/i0.wp.com\/www.radiopiu.net\/wordpress\/wp-content\/uploads\/2018\/09\/WhatsApp-Image-2018-09-20-at-16.04.06.jpeg?w=800&amp;ssl=1 800w, https:\/\/i0.wp.com\/www.radiopiu.net\/wordpress\/wp-content\/uploads\/2018\/09\/WhatsApp-Image-2018-09-20-at-16.04.06.jpeg?resize=300%2C38&amp;ssl=1 300w, https:\/\/i0.wp.com\/www.radiopiu.net\/wordpress\/wp-content\/uploads\/2018\/09\/WhatsApp-Image-2018-09-20-at-16.04.06.jpeg?resize=768%2C96&amp;ssl=1 768w\" alt=\"\" width=\"800\" height=\"100\" data-lazy-loaded=\"1\" \/><\/a><\/p>\n<p>&nbsp;<\/p>\n<p><center><b>Lunedi 31<\/b><\/center><b>Tempo atteso:\u00a0<\/b>Al mattino tempo variabile con rasserenamenti e annuvolamenti irregolari, anche per nubi basse su alcuni settori prealpini, dove potrebbero essere estese. Al pomeriggio crescente nuvolosit\u00e0 con cielo di nuovo molto nuvoloso associato a una ripresa delle precipitazioni a partire dai settori orientali, in estensione verso ovest. Clima sempre pi\u00f9 fresco.<br \/>\n<b>Precipitazioni:\u00a0<\/b>Fino al primo pomeriggio generalmente assenti (0\/10%), poi crescente probabilit\u00e0 di nuove deboli precipitazioni (60\/80%), non escluso possano essere localmente temporalesche sulle Prealpi (20\/30%), specie in caso di qualche tratto soleggiato precedente. Con l&#8217;arrivo dell&#8217;aria fredda in quota un po&#8217; di neve scender\u00e0 fino sui 2600\/2700 m.<br \/>\n<b>Temperature:\u00a0<\/b>In generale lieve calo. Sono previste punte di 17\/19\u00b0C nei fondovalle prealpini e di 13\/16\u00b0C a 1000\/1200 m. Su Prealpi a 1500 m min 8\u00b0C max 11\u00b0C, a 2000 m min 5\u00b0C max 8\u00b0C. Su Dolomiti a 2000 m min 4\u00b0C max 6\u00b0C, a 3000 m min -2\u00b0C max 0\u00b0C.<br \/>\n<b>Venti:\u00a0<\/b>Nelle valli deboli, a tratti moderati, di direzione variabile; in quota deboli dai quadranti meridionali, disponendosi da nord nord-est dal tardo pomeriggio in poi, a 5-15 km\/h a 2000 m e 10-20 km\/h a 3000 m.<\/p>\n<hr \/>\n<p><center><b>Martedi 1<\/b><\/center><b>Tempo atteso:\u00a0<\/b>Nottetempo e parte del mattino residuo maltempo. Poi variabilit\u00e0 con diradamento della nuvolosit\u00e0 e rasserenamenti, pi\u00f9 frequenti nelle ore centrali. Questoa stituazione riattiver\u00e0 l&#8217;attivit\u00e0 cumuliforme, assieme al rischio di qualche rovescio. Alla sera miglioramento del tempo, in estensione a tutti i settori. Clima particolarmente fresco per il periodo.<br \/>\n<b>Precipitazioni:\u00a0<\/b>Nottetempo e parte del mattino residui fenomeni a carattere di rovescio. Il calo termico porter\u00e0 la neve fino sui 2500\/2600 m. Esauirrmento dei fenomeni gi\u00e0 in mattinata e soprattutto nelle prime ore del pomeriggio, prima che riprendano i rovesci sparsi (40\/60%). Alla sera cessazione dei fenomeni.<br \/>\n<b>Temperature:\u00a0<\/b>Minime senza notevoli variazioni e massime in leggero calo. Sono previste punte di 16\/18\u00b0C nei fondovalle prealpini e di 12\/14\u00b0C a 1000\/1200 m. Su Prealpi a 1500 m min 7\u00b0C max 9\u00b0C, a 2000 m min 4\u00b0C max 6\u00b0C. Su Dolomiti a 2000 m min 3\u00b0C max 5\u00b0C, a 3000 m min -2\u00b0C max -1\u00b0C.<br \/>\n<b>Venti:\u00a0<\/b>Nelle valli leggera ventilazione dai quadranti settentrionali; in quota venti deboli da nord-est al mattino, poi perlopi\u00f9 occidentali, a 5\/10 km\/h a 2000 m e 10\/15 km\/h a 3000 m.<\/p>\n<hr \/>\n<p><center><b>Mercoledi 2<\/b><\/center>Tempo piuttosto soleggiato al mattino. Poi graduale aumento della nuvolosit\u00e0 al pomeriggio, assieme al rischio di qualche rovescio, pi\u00f9 probabile sulle Prealpi. Temperature minime in diminuzione (brinate\/gelate sopra i 2000\/2200 m) e massime stazionarie o in ulteriore lieve calo. Venti deboli a regime di brezza nelle valli, localmente, a tratti moderati; in quota deboli sud-occidentali.<\/p>\n<hr \/>\n<p><center><b>Giovedi 3<\/b><\/center>Tempo buono e ben soleggiato al mattino. Poi graduale aumento della nuvolosit\u00e0 cumuliforme al pomeriggio, assieme al rischio di rovesci sparsi, eventualmente temporaleschi sulla fascia prealpina. Limite neve sopra i 2700\/2800 m. Temperature minime in calo nelle valli ed in aumento in quota, massime in generale leggera ripresa. Venti deboli a regime di brezza nelle valli, localmente e a tratti moderati; in quota deboli nord occidentali. Previsore: R.L.Th.<\/p>\n<\/div>\n<p><center><\/center><center><\/center>&nbsp;<\/p>\n<hr \/>\n<p>&nbsp;<\/p>\n<p><iframe loading=\"lazy\" title=\"Spot Buttalibene TV\" width=\"1200\" height=\"675\" src=\"https:\/\/www.youtube.com\/embed\/fjHWpfyAevE?feature=oembed\" frameborder=\"0\" allow=\"accelerometer; autoplay; clipboard-write; encrypted-media; gyroscope; picture-in-picture\" allowfullscreen><\/iframe><\/p>\n<hr \/>\n<p>&nbsp;<\/p>\n<p><a class=\"dt-pswp-item\" href=\"https:\/\/www.radiopiu.net\/wordpress\/wp-content\/uploads\/2018\/09\/sport.jpg\" data-dt-img-description=\"\" data-large_image_width=\"800\" data-large_image_height=\"100\"><img loading=\"lazy\" decoding=\"async\" class=\"aligncenter wp-image-60761 size-full\" src=\"https:\/\/www.radiopiu.net\/wordpress\/wp-content\/uploads\/2018\/09\/sport.jpg\" alt=\"\" width=\"800\" height=\"100\" srcset=\"https:\/\/www.radiopiu.net\/wordpress\/wp-content\/uploads\/2018\/09\/sport.jpg 800w, https:\/\/www.radiopiu.net\/wordpress\/wp-content\/uploads\/2018\/09\/sport-300x38.jpg 300w, https:\/\/www.radiopiu.net\/wordpress\/wp-content\/uploads\/2018\/09\/sport-768x96.jpg 768w\" sizes=\"auto, (max-width: 800px) 100vw, 800px\" \/><\/a><\/p>\n<p>&nbsp;<\/p>\n<blockquote>\n<h3>IL BELLUNO CALCIO AD AGORDO PER UNA GIORNATA<\/h3>\n<\/blockquote>\n<p><strong>AGORDO<\/strong><\/p>\n<p>di Matteo Manfroi<\/p>\n<audio class=\"wp-audio-shortcode\" id=\"audio-158332-9\" preload=\"none\" style=\"width: 100%;\" controls=\"controls\"><source type=\"audio\/mpeg\" src=\"https:\/\/www.radiopiu.net\/wordpress\/wp-content\/uploads\/2020\/08\/MATTEO-MANFROI-AGORDINA-BELLUNO.mp3?_=9\" \/><a href=\"https:\/\/www.radiopiu.net\/wordpress\/wp-content\/uploads\/2020\/08\/MATTEO-MANFROI-AGORDINA-BELLUNO.mp3\">https:\/\/www.radiopiu.net\/wordpress\/wp-content\/uploads\/2020\/08\/MATTEO-MANFROI-AGORDINA-BELLUNO.mp3<\/a><\/audio>\n<p>&nbsp;<\/p>\n\n\t\t\t<style type='text\/css'>\n\t\t\t\t#gallery-10 {\n\t\t\t\t\tmargin: auto;\n\t\t\t\t}\n\t\t\t\t#gallery-10 .gallery-item {\n\t\t\t\t\tfloat: left;\n\t\t\t\t\tmargin-top: 10px;\n\t\t\t\t\ttext-align: center;\n\t\t\t\t\twidth: 50%;\n\t\t\t\t}\n\t\t\t\t#gallery-10 img {\n\t\t\t\t\tborder: 2px solid #cfcfcf;\n\t\t\t\t}\n\t\t\t\t#gallery-10 .gallery-caption {\n\t\t\t\t\tmargin-left: 0;\n\t\t\t\t}\n\t\t\t\t\/* see gallery_shortcode() in wp-includes\/media.php *\/\n\t\t\t<\/style>\n\t\t<div id='gallery-10' class='dt-gallery-container gallery galleryid-158332 gallery-columns-2 gallery-size-thumbnail'><dl class='gallery-item'>\n\t\t\t\t<dt class='gallery-icon landscape'>\n\t\t\t\t\t<a class=\"rollover rollover-zoom dt-pswp-item\" title=\"3753bcb6-4ed3-4376-9cd3-1071d808c115\" data-dt-img-description=\"\" data-large_image_width=\"1600\" data-large_image_height=\"900\"href='https:\/\/www.radiopiu.net\/wordpress\/wp-content\/uploads\/2020\/08\/3753bcb6-4ed3-4376-9cd3-1071d808c115.jpg'><img loading=\"lazy\" decoding=\"async\" width=\"150\" height=\"150\" src=\"https:\/\/www.radiopiu.net\/wordpress\/wp-content\/uploads\/2020\/08\/3753bcb6-4ed3-4376-9cd3-1071d808c115-150x150.jpg\" class=\"attachment-thumbnail size-thumbnail\" alt=\"\" srcset=\"https:\/\/www.radiopiu.net\/wordpress\/wp-content\/uploads\/2020\/08\/3753bcb6-4ed3-4376-9cd3-1071d808c115-150x150.jpg 150w, https:\/\/www.radiopiu.net\/wordpress\/wp-content\/uploads\/2020\/08\/3753bcb6-4ed3-4376-9cd3-1071d808c115-125x125.jpg 125w, https:\/\/www.radiopiu.net\/wordpress\/wp-content\/uploads\/2020\/08\/3753bcb6-4ed3-4376-9cd3-1071d808c115-200x200.jpg 200w, https:\/\/www.radiopiu.net\/wordpress\/wp-content\/uploads\/2020\/08\/3753bcb6-4ed3-4376-9cd3-1071d808c115-80x80.jpg 80w\" sizes=\"auto, (max-width: 150px) 100vw, 150px\" \/><\/a>\n\t\t\t\t<\/dt><\/dl><dl class='gallery-item'>\n\t\t\t\t<dt class='gallery-icon portrait'>\n\t\t\t\t\t<a class=\"rollover rollover-zoom dt-pswp-item\" title=\"Schermata 2020-08-30 alle 13.57.14\" data-dt-img-description=\"\" data-large_image_width=\"932\" data-large_image_height=\"1272\"href='https:\/\/www.radiopiu.net\/wordpress\/wp-content\/uploads\/2020\/08\/Schermata-2020-08-30-alle-13.57.14.png'><img loading=\"lazy\" decoding=\"async\" width=\"150\" height=\"150\" src=\"https:\/\/www.radiopiu.net\/wordpress\/wp-content\/uploads\/2020\/08\/Schermata-2020-08-30-alle-13.57.14-150x150.png\" class=\"attachment-thumbnail size-thumbnail\" alt=\"\" srcset=\"https:\/\/www.radiopiu.net\/wordpress\/wp-content\/uploads\/2020\/08\/Schermata-2020-08-30-alle-13.57.14-150x150.png 150w, https:\/\/www.radiopiu.net\/wordpress\/wp-content\/uploads\/2020\/08\/Schermata-2020-08-30-alle-13.57.14-125x125.png 125w, https:\/\/www.radiopiu.net\/wordpress\/wp-content\/uploads\/2020\/08\/Schermata-2020-08-30-alle-13.57.14-200x200.png 200w, https:\/\/www.radiopiu.net\/wordpress\/wp-content\/uploads\/2020\/08\/Schermata-2020-08-30-alle-13.57.14-80x80.png 80w\" sizes=\"auto, (max-width: 150px) 100vw, 150px\" \/><\/a>\n\t\t\t\t<\/dt><\/dl><br style=\"clear: both\" \/>\n\t\t\t<\/div>\n\n<p>&nbsp;<\/p>\n<\/div>\n","protected":false},"excerpt":{"rendered":"<p>PER RICEVERE QUESTO NOTIZIARIO DIRETTAMENTE SUL TUO CELLULARE ISCRIVITI AL CANALE TELEGRAM\u00a0\u201cRADIO PIU\u00a0 INFORMAZIONE ATTENZIONE: LA NUOVA APP PER IOS-IPHONE https:\/\/apps.apple.com\/it\/app\/radio-pi%C3%B9-emittente-agordina\/id1515939845 ATTENZIONE: LA NUOVA APP RADIO\u00a0 PER ANDROID https:\/\/play.google.com\/store\/apps\/details?id=net.radiopiu.iniko &nbsp; &nbsp; SAN TOMASO AGORDINO nelle localit\u00e0 ROI E PIANEZZE l\u2019acqua erogata dall\u2019acquedotto non \u00e8 potabile e non pu\u00f2 essere usata per scopi alimentari nemmeno mediante&hellip;<\/p>\n","protected":false},"author":4,"featured_media":158469,"comment_status":"closed","ping_status":"closed","sticky":false,"template":"","format":"standard","meta":{"_monsterinsights_skip_tracking":false,"_monsterinsights_sitenote_active":false,"_monsterinsights_sitenote_note":"","_monsterinsights_sitenote_category":0,"footnotes":""},"categories":[1,86,49],"tags":[],"class_list":["post-158332","post","type-post","status-publish","format-standard","has-post-thumbnail","hentry","category-senza-categoria","category-gr","category-news-18","category-1","category-86","category-49","description-off"],"img_url":"https:\/\/www.radiopiu.net\/wordpress\/wp-content\/uploads\/2020\/08\/9c593000-bc34-4c4e-bde1-10d29636735b-1.jpg","_links":{"self":[{"href":"https:\/\/www.radiopiu.net\/wordpress\/wp-json\/wp\/v2\/posts\/158332","targetHints":{"allow":["GET"]}}],"collection":[{"href":"https:\/\/www.radiopiu.net\/wordpress\/wp-json\/wp\/v2\/posts"}],"about":[{"href":"https:\/\/www.radiopiu.net\/wordpress\/wp-json\/wp\/v2\/types\/post"}],"author":[{"embeddable":true,"href":"https:\/\/www.radiopiu.net\/wordpress\/wp-json\/wp\/v2\/users\/4"}],"replies":[{"embeddable":true,"href":"https:\/\/www.radiopiu.net\/wordpress\/wp-json\/wp\/v2\/comments?post=158332"}],"version-history":[{"count":0,"href":"https:\/\/www.radiopiu.net\/wordpress\/wp-json\/wp\/v2\/posts\/158332\/revisions"}],"wp:featuredmedia":[{"embeddable":true,"href":"https:\/\/www.radiopiu.net\/wordpress\/wp-json\/wp\/v2\/media\/158469"}],"wp:attachment":[{"href":"https:\/\/www.radiopiu.net\/wordpress\/wp-json\/wp\/v2\/media?parent=158332"}],"wp:term":[{"taxonomy":"category","embeddable":true,"href":"https:\/\/www.radiopiu.net\/wordpress\/wp-json\/wp\/v2\/categories?post=158332"},{"taxonomy":"post_tag","embeddable":true,"href":"https:\/\/www.radiopiu.net\/wordpress\/wp-json\/wp\/v2\/tags?post=158332"}],"curies":[{"name":"wp","href":"https:\/\/api.w.org\/{rel}","templated":true}]}}