{"id":158367,"date":"2020-08-30T10:42:45","date_gmt":"2020-08-30T08:42:45","guid":{"rendered":"https:\/\/www.radiopiu.net\/wordpress\/?p=158367"},"modified":"2020-08-30T10:42:45","modified_gmt":"2020-08-30T08:42:45","slug":"piu-di-500-persone-escono-dallisolamento-domiciliare-in-veneto-69-positivi-in-piu-nelle-ultime-ore-nessun-decesso-e-tanti-negativizzati-a-belluno-nessuna-nuova-positivita","status":"publish","type":"post","link":"https:\/\/www.radiopiu.net\/wordpress\/piu-di-500-persone-escono-dallisolamento-domiciliare-in-veneto-69-positivi-in-piu-nelle-ultime-ore-nessun-decesso-e-tanti-negativizzati-a-belluno-nessuna-nuova-positivita\/","title":{"rendered":"PI\u00d9 DI 500 PERSONE ESCONO DALL&#8217;ISOLAMENTO DOMICILIARE. IN VENETO 69 POSITIVI IN PI\u00d9 NELLE ULTIME ORE. NESSUN DECESSO E TANTI NEGATIVIZZATI. A BELLUNO NESSUNA NUOVA POSITIVIT\u00c0"},"content":{"rendered":"<p><strong>IN ISOLAMENTO:<\/strong>\u00a0VENETO 8529 (87 con sintomi),\u00a0 PADOVA 1439 (8), BELLUNO 396 (24), ROVIGO 414 (2), TREVISO 1460 (3), VENEZIA 1256 (4), VERONA 1595 (15), VICENZA 969 (31)<\/p>\n<h2>DA IERI SERA<\/h2>\n<p><strong>I NUMERI\u00a0 IN VENETO:<\/strong>\u00a0TOTALE POSITIVI\u00a0 \u00a022864 (+69)\u00a0 ATTUALMENTE POSITIVI \u00a02285 \u00a0(+60)\u00a0 DECESSI 2120 (0) NEGATIVIZZATI 18399 (+149) RICOVERATI\u00a0 136 (-1 \u2013 52 POSITIVI 84 NEGATIVIZZATI), NEGLI OSPEDALI DI COMUNITA\u2019 RICOVERATI 14 \u00a0(0 \u2013 0 POSITIVI, \u00a014 NEGATIVIZZATI), IN TERAPIA INTENSIVA 10 \u00a0(0 \u2013 7 POSITIVI, \u00a03 NEGATIVIZZATI). DIMESSI 3853 (0) NEGLI OSPEDALI AREA NON CRITICA 339 (0) \u00a0<strong>I NUMERI IN PROVINCIA:<\/strong>\u00a0TOTALE CONTAGI 1264 (0) , ATTUALMENTE POSITIVI 52 (0) , DECEDUTI 113 (0), NEGATIVIZZATI 1099 (+7) RICOVERATI IN OSPEDALE AL SAN MARTINO 2 (0) TERAPIA INTENSIVA 1 (0)<\/p>\n<p>&nbsp;<\/p>\n<a href=\"https:\/\/www.radiopiu.net\/wordpress\/wp-content\/uploads\/2020\/08\/Report-informatizzato_20200830_ore8_30092128.pdf\" class=\"pdfemb-viewer\" style=\"\" data-width=\"max\" data-height=\"max\" data-toolbar=\"top\" data-toolbar-fixed=\"on\">Report informatizzato_20200830_ore8_30092128<\/a>\n<p>&nbsp;<\/p>\n<a href=\"https:\/\/www.radiopiu.net\/wordpress\/wp-content\/uploads\/2020\/08\/Report-2020.08.30-ore-8.00.pdf\" class=\"pdfemb-viewer\" style=\"\" data-width=\"max\" data-height=\"max\" data-toolbar=\"top\" data-toolbar-fixed=\"on\">Report 2020.08.30 ore 8.00<\/a>\n","protected":false},"excerpt":{"rendered":"<p>IN ISOLAMENTO:\u00a0VENETO 8529 (87 con sintomi),\u00a0 PADOVA 1439 (8), BELLUNO 396 (24), ROVIGO 414 (2), TREVISO 1460 (3), VENEZIA 1256 (4), VERONA 1595 (15), VICENZA 969 (31) DA IERI SERA I NUMERI\u00a0 IN VENETO:\u00a0TOTALE POSITIVI\u00a0 \u00a022864 (+69)\u00a0 ATTUALMENTE POSITIVI \u00a02285 \u00a0(+60)\u00a0 DECESSI 2120 (0) NEGATIVIZZATI 18399 (+149) RICOVERATI\u00a0 136 (-1 \u2013 52 POSITIVI 84 NEGATIVIZZATI),&hellip;<\/p>\n","protected":false},"author":4,"featured_media":121952,"comment_status":"closed","ping_status":"closed","sticky":false,"template":"","format":"standard","meta":{"_monsterinsights_skip_tracking":false,"_monsterinsights_sitenote_active":false,"_monsterinsights_sitenote_note":"","_monsterinsights_sitenote_category":0,"footnotes":""},"categories":[49],"tags":[],"class_list":["post-158367","post","type-post","status-publish","format-standard","has-post-thumbnail","hentry","category-news-18","category-49","description-off"],"img_url":"https:\/\/www.radiopiu.net\/wordpress\/wp-content\/uploads\/2020\/03\/covid-azienda-zero-1.jpg","_links":{"self":[{"href":"https:\/\/www.radiopiu.net\/wordpress\/wp-json\/wp\/v2\/posts\/158367","targetHints":{"allow":["GET"]}}],"collection":[{"href":"https:\/\/www.radiopiu.net\/wordpress\/wp-json\/wp\/v2\/posts"}],"about":[{"href":"https:\/\/www.radiopiu.net\/wordpress\/wp-json\/wp\/v2\/types\/post"}],"author":[{"embeddable":true,"href":"https:\/\/www.radiopiu.net\/wordpress\/wp-json\/wp\/v2\/users\/4"}],"replies":[{"embeddable":true,"href":"https:\/\/www.radiopiu.net\/wordpress\/wp-json\/wp\/v2\/comments?post=158367"}],"version-history":[{"count":0,"href":"https:\/\/www.radiopiu.net\/wordpress\/wp-json\/wp\/v2\/posts\/158367\/revisions"}],"wp:featuredmedia":[{"embeddable":true,"href":"https:\/\/www.radiopiu.net\/wordpress\/wp-json\/wp\/v2\/media\/121952"}],"wp:attachment":[{"href":"https:\/\/www.radiopiu.net\/wordpress\/wp-json\/wp\/v2\/media?parent=158367"}],"wp:term":[{"taxonomy":"category","embeddable":true,"href":"https:\/\/www.radiopiu.net\/wordpress\/wp-json\/wp\/v2\/categories?post=158367"},{"taxonomy":"post_tag","embeddable":true,"href":"https:\/\/www.radiopiu.net\/wordpress\/wp-json\/wp\/v2\/tags?post=158367"}],"curies":[{"name":"wp","href":"https:\/\/api.w.org\/{rel}","templated":true}]}}