{"id":158724,"date":"2020-08-31T15:37:28","date_gmt":"2020-08-31T13:37:28","guid":{"rendered":"https:\/\/www.radiopiu.net\/wordpress\/?p=158724"},"modified":"2020-08-31T15:37:28","modified_gmt":"2020-08-31T13:37:28","slug":"meteo-fino-a-domani-tempo-instabile-con-precipitazioni-sulle-zone-pedemontane-sulla-pianura-e-costa","status":"publish","type":"post","link":"https:\/\/www.radiopiu.net\/wordpress\/meteo-fino-a-domani-tempo-instabile-con-precipitazioni-sulle-zone-pedemontane-sulla-pianura-e-costa\/","title":{"rendered":"METEO. FINO A DOMANI TEMPO INSTABILE CON PRECIPITAZIONI SULLE ZONE PEDEMONTANE, SULLA PIANURA E COSTA"},"content":{"rendered":"<p>La perturbazione che ha interessato la regione nel fine settimana non \u00e8 ancora transitata del tutto e nella giornata di oggi, luned\u00ec 31 agosto, approfondisce in quota un nucleo ciclonico chiuso sull\u2019Italia nordorientale. <\/p>\n<p>Questo determina ancora condizioni di instabilit\u00e0 dal pomeriggio di oggi fino alle prime ore di domani, marted\u00ec 1 settembre, con precipitazioni, anche a carattere di rovescio e temporale, pi\u00f9 significative sulle zone pedemontane e sulla pianura\/costa. <\/p>\n<p>Saranno possibili fenomeni localmente intensi (forti rovesci, locali grandinate, raffiche di vento) specie su zone pedemontane e pianura centro-orientali, nonch\u00e9 sulla costa, con fenomeni pi\u00f9 intensi o dei rovesci persistenti\/ripetuti.<\/p>\n<p>Visti i fenomeni meteorologici previsti la criticit\u00e0 idrogeologica attesa \u00e8 riferita allo scenario per temporali forti.<\/p>\n<p>Il Centro funzionale decentrato della Protezione Civile del Veneto, visti i fenomeni meteorologici previsti, segnala possibili disagi al sistema di drenaggio urbano e lungo la rete idrografica minore e l\u2019innesco di fenomeni franosi superficiali sui versanti e la possibilit\u00e0 di innesco di colate rapide, specie nelle zone di allertamento del Piave-Pedemontano, Alto Brenta-Bacchiglione-Alpone, Adige-Garda e Monti Lessini.<\/p>\n<p>La criticit\u00e0 idraulica nelle zone Adige-Garda, Monti Lessini, Po,Fissero-Tartaro-CanalBianco e Basso Adige, Basso Brenta\u2013Bacchiglione \u00e8 riferita al fiume Adige, interessato da un evento di piena con livelli idrometrici in aumento lungo l&#8217;asta fluviale a valle di Verona. I livelli attesi potranno superare la seconda soglia di allerta.<\/p>\n<p>Le prescrizioni sono valide dalle ore 14.00 di oggi, 31 agosto, fino alle ore 14.00 di domani, marted\u00ec 1 settembre. <\/p>\n","protected":false},"excerpt":{"rendered":"<p>La perturbazione che ha interessato la regione nel fine settimana non \u00e8 ancora transitata del tutto e nella giornata di oggi, luned\u00ec 31 agosto, approfondisce in quota un nucleo ciclonico chiuso sull\u2019Italia nordorientale. Questo determina ancora condizioni di instabilit\u00e0 dal pomeriggio di oggi fino alle prime ore di domani, marted\u00ec 1 settembre, con precipitazioni, anche&hellip;<\/p>\n","protected":false},"author":2,"featured_media":57488,"comment_status":"closed","ping_status":"closed","sticky":false,"template":"","format":"standard","meta":{"_monsterinsights_skip_tracking":false,"_monsterinsights_sitenote_active":false,"_monsterinsights_sitenote_note":"","_monsterinsights_sitenote_category":0,"footnotes":""},"categories":[49],"tags":[],"class_list":["post-158724","post","type-post","status-publish","format-standard","has-post-thumbnail","hentry","category-news-18","category-49","description-off"],"img_url":"https:\/\/www.radiopiu.net\/wordpress\/wp-content\/uploads\/2018\/08\/instabilita.jpg","_links":{"self":[{"href":"https:\/\/www.radiopiu.net\/wordpress\/wp-json\/wp\/v2\/posts\/158724","targetHints":{"allow":["GET"]}}],"collection":[{"href":"https:\/\/www.radiopiu.net\/wordpress\/wp-json\/wp\/v2\/posts"}],"about":[{"href":"https:\/\/www.radiopiu.net\/wordpress\/wp-json\/wp\/v2\/types\/post"}],"author":[{"embeddable":true,"href":"https:\/\/www.radiopiu.net\/wordpress\/wp-json\/wp\/v2\/users\/2"}],"replies":[{"embeddable":true,"href":"https:\/\/www.radiopiu.net\/wordpress\/wp-json\/wp\/v2\/comments?post=158724"}],"version-history":[{"count":0,"href":"https:\/\/www.radiopiu.net\/wordpress\/wp-json\/wp\/v2\/posts\/158724\/revisions"}],"wp:featuredmedia":[{"embeddable":true,"href":"https:\/\/www.radiopiu.net\/wordpress\/wp-json\/wp\/v2\/media\/57488"}],"wp:attachment":[{"href":"https:\/\/www.radiopiu.net\/wordpress\/wp-json\/wp\/v2\/media?parent=158724"}],"wp:term":[{"taxonomy":"category","embeddable":true,"href":"https:\/\/www.radiopiu.net\/wordpress\/wp-json\/wp\/v2\/categories?post=158724"},{"taxonomy":"post_tag","embeddable":true,"href":"https:\/\/www.radiopiu.net\/wordpress\/wp-json\/wp\/v2\/tags?post=158724"}],"curies":[{"name":"wp","href":"https:\/\/api.w.org\/{rel}","templated":true}]}}